{"id":7484,"date":"2024-06-20T16:27:36","date_gmt":"2024-06-20T16:27:36","guid":{"rendered":"https:\/\/dypall.com\/?p=7484"},"modified":"2024-06-20T16:27:37","modified_gmt":"2024-06-20T16:27:37","slug":"study-visit-to-ghent-youth-policies-for-better-local-democracies","status":"publish","type":"post","link":"https:\/\/dypall.com\/hr\/activity\/study-visit-to-ghent-youth-policies-for-better-local-democracies\/","title":{"rendered":"Studijski posjet Gentu \u201ePolitike za mlade za bolje lokalne demokracije\u201d"},"content":{"rendered":"<p>Studijski posjet Gentu \u201ePolitike mladih za bolje lokalne demokracije\u201d, koji je organizirala mre\u017ea DYPALL u suradnji s Bataljongom i Odjelom za mlade grada Genta, odr\u017ean je od 27. svibnja do 1. lipnja 2024. u Gentu (Belgija).&nbsp;<\/p>\n\n\n\n<p>Tijekom aktivnosti sudionici su u\u010dili o sudjelovanju mladih u <a href=\"https:\/\/stad.gent\/en\/city-governance-organisation\/city-policy\/ghent-child-and-youth-friendly-city\/ghent-european-youth-capital-2024\">Gentu<\/a>, Europska prijestolnica mladih 2024. i upoznavanje s drugim europskim organizacijama koje djeluju u podru\u010dju sudjelovanja mladih u postupcima dono\u0161enja odluka na lokalnoj razini.<\/p>\n\n\n\n<p>Program studijskog posjeta sudionicima je pru\u017eio priliku da u\u010de od <a href=\"https:\/\/bataljong.be\/\">Bataljong<\/a>\u201enajbolja praksa. S naglaskom na ja\u010danju demokratskih procesa, Bataljong pru\u017ea stalnu potporu lokalnim vlastima u Flandriji (Belgija) u uspostavi i odr\u017eavanju platformi za sudjelovanje mladih u dono\u0161enju odluka. Sudionici su upoznati s inicijativama kao \u0161to su Debattle, Jonge Wegweters i Plan. Sura\u0111ivali su i s lokalnim vije\u0107em mladih u Gentu. Ovo Vije\u0107e, koje se sastoji od 20 \u010dlanova u dobi od 16 do 30 godina, savjetuje o politici, odr\u017eava izbore i izra\u0111uje memorandum o prioritetima za mlade koji \u0107e se uklju\u010diti u politi\u010dke programe za lokalne izbore te ga predstavlja politi\u010dkim strankama.<\/p>\n\n\n\n<p>Posjeti <a href=\"https:\/\/www.larf.be\/\">LARF!<\/a> i <a href=\"https:\/\/www.broei.be\/\">BROEI<\/a> sudionicima je omogu\u0107eno da iz prve ruke otkriju prakse uklju\u010divanja mladih. LARF! je neprofitna organizacija i kulturna obrazovna organizacija u kojoj su djeca i mladi u sredi\u0161tu, bez obzira na njihovo podrijetlo, pozadinu ili talent, a BROEI je kreativni prostor koji podr\u017eava EYC aktivnostima, gdje 25 organizacija orijentiranih na mlade koristi prostor i program. BROEI laboratorij se sastoji od 60 ljudi koji odr\u017eavaju radionice jedni drugima i u\u010de zajedni\u010dki.<\/p>\n\n\n\n<p>Nadalje, sudjelovanje na zavr\u0161noj konferenciji Platforme C, koju je organizirao Bataljong, dodatno je obogatilo posjet uspje\u0161nim modelima sudjelovanja mladih na lokalnoj razini u dono\u0161enju odluka. Platforma C nagla\u0161ava stvaranje lokalne politike zajedno s mladima, smatraju\u0107i ih dijelom ekosustava. U klju\u010dnim raspravama istaknuta je va\u017enost glasa mladih u oblikovanju politika, potreba za boljim informacijama o tome kako politika funkcionira i strategije za uklju\u010divanje mladih i politi\u010dara u dijalog.<\/p>\n\n\n\n<p>Studijski posjet financiran je u okviru programa Erasmus+ putem nacionalne agencije JINT.<\/p>\n\n\n\n<figure class=\"wp-block-gallery has-nested-images columns-default is-cropped wp-block-gallery-1 is-layout-flex wp-block-gallery-is-layout-flex\">\n<figure class=\"wp-block-image size-large\"><img loading=\"lazy\" decoding=\"async\" width=\"2000\" height=\"1500\" data-id=\"7485\" src=\"https:\/\/dypall.com\/wp-content\/uploads\/2024\/06\/SV-Ghent_1.jpeg\" alt=\"\" class=\"wp-image-7485\" srcset=\"https:\/\/dypall.com\/wp-content\/uploads\/2024\/06\/SV-Ghent_1.jpeg 2000w, https:\/\/dypall.com\/wp-content\/uploads\/2024\/06\/SV-Ghent_1-768x576.jpeg 768w, https:\/\/dypall.com\/wp-content\/uploads\/2024\/06\/SV-Ghent_1-1536x1152.jpeg 1536w, https:\/\/dypall.com\/wp-content\/uploads\/2024\/06\/SV-Ghent_1-1568x1176.jpeg 1568w\" sizes=\"auto, (max-width: 2000px) 100vw, 2000px\" \/><\/figure>\n\n\n\n<figure class=\"wp-block-image size-large\"><img loading=\"lazy\" decoding=\"async\" width=\"1600\" height=\"1200\" data-id=\"7492\" src=\"https:\/\/dypall.com\/wp-content\/uploads\/2024\/06\/SV-Ghent-9.jpeg\" alt=\"\" class=\"wp-image-7492\" srcset=\"https:\/\/dypall.com\/wp-content\/uploads\/2024\/06\/SV-Ghent-9.jpeg 1600w, https:\/\/dypall.com\/wp-content\/uploads\/2024\/06\/SV-Ghent-9-768x576.jpeg 768w, https:\/\/dypall.com\/wp-content\/uploads\/2024\/06\/SV-Ghent-9-1536x1152.jpeg 1536w, https:\/\/dypall.com\/wp-content\/uploads\/2024\/06\/SV-Ghent-9-1568x1176.jpeg 1568w\" sizes=\"auto, (max-width: 1600px) 100vw, 1600px\" \/><\/figure>\n\n\n\n<figure class=\"wp-block-image size-large\"><img loading=\"lazy\" decoding=\"async\" width=\"1600\" height=\"1200\" data-id=\"7487\" src=\"https:\/\/dypall.com\/wp-content\/uploads\/2024\/06\/SV-Ghent-3.jpeg\" alt=\"\" class=\"wp-image-7487\" srcset=\"https:\/\/dypall.com\/wp-content\/uploads\/2024\/06\/SV-Ghent-3.jpeg 1600w, https:\/\/dypall.com\/wp-content\/uploads\/2024\/06\/SV-Ghent-3-768x576.jpeg 768w, https:\/\/dypall.com\/wp-content\/uploads\/2024\/06\/SV-Ghent-3-1536x1152.jpeg 1536w, https:\/\/dypall.com\/wp-content\/uploads\/2024\/06\/SV-Ghent-3-1568x1176.jpeg 1568w\" sizes=\"auto, (max-width: 1600px) 100vw, 1600px\" \/><\/figure>\n\n\n\n<figure class=\"wp-block-image size-large\"><img loading=\"lazy\" decoding=\"async\" width=\"1500\" height=\"2000\" data-id=\"7488\" src=\"https:\/\/dypall.com\/wp-content\/uploads\/2024\/06\/SV-Ghent-4.jpeg\" alt=\"\" class=\"wp-image-7488\" srcset=\"https:\/\/dypall.com\/wp-content\/uploads\/2024\/06\/SV-Ghent-4.jpeg 1500w, https:\/\/dypall.com\/wp-content\/uploads\/2024\/06\/SV-Ghent-4-768x1024.jpeg 768w, https:\/\/dypall.com\/wp-content\/uploads\/2024\/06\/SV-Ghent-4-1152x1536.jpeg 1152w\" sizes=\"auto, (max-width: 1500px) 100vw, 1500px\" \/><\/figure>\n\n\n\n<figure class=\"wp-block-image size-large\"><img loading=\"lazy\" decoding=\"async\" width=\"2000\" height=\"1500\" data-id=\"7490\" src=\"https:\/\/dypall.com\/wp-content\/uploads\/2024\/06\/SV-Ghent-6.jpeg\" alt=\"\" class=\"wp-image-7490\" srcset=\"https:\/\/dypall.com\/wp-content\/uploads\/2024\/06\/SV-Ghent-6.jpeg 2000w, https:\/\/dypall.com\/wp-content\/uploads\/2024\/06\/SV-Ghent-6-768x576.jpeg 768w, https:\/\/dypall.com\/wp-content\/uploads\/2024\/06\/SV-Ghent-6-1536x1152.jpeg 1536w, https:\/\/dypall.com\/wp-content\/uploads\/2024\/06\/SV-Ghent-6-1568x1176.jpeg 1568w\" sizes=\"auto, (max-width: 2000px) 100vw, 2000px\" \/><\/figure>\n\n\n\n<figure class=\"wp-block-image size-large\"><img loading=\"lazy\" decoding=\"async\" width=\"1500\" height=\"2000\" data-id=\"7491\" src=\"https:\/\/dypall.com\/wp-content\/uploads\/2024\/06\/SV-Ghent-7.jpeg\" alt=\"\" class=\"wp-image-7491\" srcset=\"https:\/\/dypall.com\/wp-content\/uploads\/2024\/06\/SV-Ghent-7.jpeg 1500w, https:\/\/dypall.com\/wp-content\/uploads\/2024\/06\/SV-Ghent-7-768x1024.jpeg 768w, https:\/\/dypall.com\/wp-content\/uploads\/2024\/06\/SV-Ghent-7-1152x1536.jpeg 1152w\" sizes=\"auto, (max-width: 1500px) 100vw, 1500px\" \/><\/figure>\n<\/figure>","protected":false},"excerpt":{"rendered":"<p>Studijski posjet Gentu \u201ePolitike mladih za bolje lokalne demokracije\u201d, koji je organizirala mre\u017ea DYPALL u suradnji s Bataljongom i Odjelom za mlade grada Genta, odr\u017ean je od 27. svibnja do 1. lipnja 2024. u Gentu (Belgija).\u00a0 Tijekom aktivnosti sudionici su u\u010dili o sudjelovanju mladih u Gentu, Europskoj prijestolnici mladih... <a class=\"more-link\" href=\"https:\/\/dypall.com\/hr\/activity\/study-visit-to-ghent-youth-policies-for-better-local-democracies\/\">Nastavi \u010ditati <span class=\"screen-reader-text\">Studijski posjet Gentu \u201ePolitike za mlade za bolje lokalne demokracije\u201d<\/span><\/a><\/p>","protected":false},"author":1,"featured_media":7486,"comment_status":"open","ping_status":"open","sticky":false,"template":"","format":"standard","meta":{"_acf_changed":false,"_jetpack_memberships_contains_paid_content":false,"footnotes":""},"categories":[111,152],"tags":[116,129],"class_list":["post-7484","post","type-post","status-publish","format-standard","has-post-thumbnail","hentry","category-activity","category-study-visits","tag-dypall-network","tag-study-visit","entry"],"acf":[],"yoast_head":"<!-- This site is optimized with the Yoast SEO plugin v22.8 - https:\/\/yoast.com\/wordpress\/plugins\/seo\/ -->\n<title>Study visit to Ghent \u201cYouth policies for better local democracies\u201d - DYPALL Network<\/title>\n<meta name=\"description\" content=\"The Study visit to Ghent \u201cYouth policies for better local democracies\u201d, organised by DYPALL Network in cooperation with Bataljong and the Youth Department of the City of Ghent, took place from 27th May \u2013 1st June 2024 in Ghent, Belgium.\u00a0\" \/>\n<meta name=\"robots\" content=\"index, follow, max-snippet:-1, max-image-preview:large, max-video-preview:-1\" \/>\n<link rel=\"canonical\" href=\"https:\/\/dypall.com\/hr\/activity\/study-visit-to-ghent-youth-policies-for-better-local-democracies\/\" \/>\n<meta property=\"og:locale\" content=\"hr_HR\" \/>\n<meta property=\"og:type\" content=\"article\" \/>\n<meta property=\"og:title\" content=\"Study visit to Ghent \u201cYouth policies for better local democracies\u201d - DYPALL Network\" \/>\n<meta property=\"og:description\" content=\"The Study visit to Ghent \u201cYouth policies for better local democracies\u201d, organised by DYPALL Network in cooperation with Bataljong and the Youth Department of the City of Ghent, took place from 27th May \u2013 1st June 2024 in Ghent, Belgium.\u00a0\" \/>\n<meta property=\"og:url\" content=\"https:\/\/dypall.com\/hr\/activity\/study-visit-to-ghent-youth-policies-for-better-local-democracies\/\" \/>\n<meta property=\"og:site_name\" content=\"DYPALL Network\" \/>\n<meta property=\"article:published_time\" content=\"2024-06-20T16:27:36+00:00\" \/>\n<meta property=\"article:modified_time\" content=\"2024-06-20T16:27:37+00:00\" \/>\n<meta property=\"og:image\" content=\"https:\/\/dypall.com\/wp-content\/uploads\/2024\/06\/SV-Ghent-2.jpeg\" \/>\n\t<meta property=\"og:image:width\" content=\"1600\" \/>\n\t<meta property=\"og:image:height\" content=\"1200\" \/>\n\t<meta property=\"og:image:type\" content=\"image\/jpeg\" \/>\n<meta name=\"author\" content=\"DYPALL Network\" \/>\n<meta name=\"twitter:card\" content=\"summary_large_image\" \/>\n<meta name=\"twitter:label1\" content=\"Written by\" \/>\n\t<meta name=\"twitter:data1\" content=\"DYPALL Network\" \/>\n\t<meta name=\"twitter:label2\" content=\"Est. reading time\" \/>\n\t<meta name=\"twitter:data2\" content=\"3 minute\" \/>\n<script type=\"application\/ld+json\" class=\"yoast-schema-graph\">{\"@context\":\"https:\/\/schema.org\",\"@graph\":[{\"@type\":\"WebPage\",\"@id\":\"https:\/\/dypall.com\/activity\/study-visit-to-ghent-youth-policies-for-better-local-democracies\/\",\"url\":\"https:\/\/dypall.com\/activity\/study-visit-to-ghent-youth-policies-for-better-local-democracies\/\",\"name\":\"Study visit to Ghent \u201cYouth policies for better local democracies\u201d - DYPALL Network\",\"isPartOf\":{\"@id\":\"https:\/\/dypall.com\/#website\"},\"primaryImageOfPage\":{\"@id\":\"https:\/\/dypall.com\/activity\/study-visit-to-ghent-youth-policies-for-better-local-democracies\/#primaryimage\"},\"image\":{\"@id\":\"https:\/\/dypall.com\/activity\/study-visit-to-ghent-youth-policies-for-better-local-democracies\/#primaryimage\"},\"thumbnailUrl\":\"https:\/\/dypall.com\/wp-content\/uploads\/2024\/06\/SV-Ghent-2.jpeg\",\"datePublished\":\"2024-06-20T16:27:36+00:00\",\"dateModified\":\"2024-06-20T16:27:37+00:00\",\"author\":{\"@id\":\"https:\/\/dypall.com\/#\/schema\/person\/f92e08aa15c8ba711a9d153129f03377\"},\"description\":\"The Study visit to Ghent \u201cYouth policies for better local democracies\u201d, organised by DYPALL Network in cooperation with Bataljong and the Youth Department of the City of Ghent, took place from 27th May \u2013 1st June 2024 in Ghent, Belgium.\u00a0\",\"breadcrumb\":{\"@id\":\"https:\/\/dypall.com\/activity\/study-visit-to-ghent-youth-policies-for-better-local-democracies\/#breadcrumb\"},\"inLanguage\":\"hr\",\"potentialAction\":[{\"@type\":\"ReadAction\",\"target\":[\"https:\/\/dypall.com\/activity\/study-visit-to-ghent-youth-policies-for-better-local-democracies\/\"]}]},{\"@type\":\"ImageObject\",\"inLanguage\":\"hr\",\"@id\":\"https:\/\/dypall.com\/activity\/study-visit-to-ghent-youth-policies-for-better-local-democracies\/#primaryimage\",\"url\":\"https:\/\/dypall.com\/wp-content\/uploads\/2024\/06\/SV-Ghent-2.jpeg\",\"contentUrl\":\"https:\/\/dypall.com\/wp-content\/uploads\/2024\/06\/SV-Ghent-2.jpeg\",\"width\":1600,\"height\":1200},{\"@type\":\"BreadcrumbList\",\"@id\":\"https:\/\/dypall.com\/activity\/study-visit-to-ghent-youth-policies-for-better-local-democracies\/#breadcrumb\",\"itemListElement\":[{\"@type\":\"ListItem\",\"position\":1,\"name\":\"Home\",\"item\":\"https:\/\/dypall.com\/\"},{\"@type\":\"ListItem\",\"position\":2,\"name\":\"Study visit to Ghent \u201cYouth policies for better local democracies\u201d\"}]},{\"@type\":\"WebSite\",\"@id\":\"https:\/\/dypall.com\/#website\",\"url\":\"https:\/\/dypall.com\/\",\"name\":\"DYPALL Network\",\"description\":\"We are a European network of civil society organisations, municipalities and research institutions dedicated to improving democracy through youth participation.\",\"potentialAction\":[{\"@type\":\"SearchAction\",\"target\":{\"@type\":\"EntryPoint\",\"urlTemplate\":\"https:\/\/dypall.com\/?s={search_term_string}\"},\"query-input\":\"required name=search_term_string\"}],\"inLanguage\":\"hr\"},{\"@type\":\"Person\",\"@id\":\"https:\/\/dypall.com\/#\/schema\/person\/f92e08aa15c8ba711a9d153129f03377\",\"name\":\"DYPALL Network\",\"image\":{\"@type\":\"ImageObject\",\"inLanguage\":\"hr\",\"@id\":\"https:\/\/dypall.com\/#\/schema\/person\/image\/\",\"url\":\"https:\/\/secure.gravatar.com\/avatar\/9c39e299279800c6d69c5e02cf613e7bab060889f373052a03d7ac399e8f0d3c?s=96&d=mm&r=g\",\"contentUrl\":\"https:\/\/secure.gravatar.com\/avatar\/9c39e299279800c6d69c5e02cf613e7bab060889f373052a03d7ac399e8f0d3c?s=96&d=mm&r=g\",\"caption\":\"DYPALL Network\"},\"sameAs\":[\"https:\/\/dypall.com\"],\"url\":\"https:\/\/dypall.com\/hr\/author\/dypall\/\"}]}<\/script>\n<!-- \/ Yoast SEO plugin. -->","yoast_head_json":{"title":"Study visit to Ghent \u201cYouth policies for better local democracies\u201d - DYPALL Network","description":"The Study visit to Ghent \u201cYouth policies for better local democracies\u201d, organised by DYPALL Network in cooperation with Bataljong and the Youth Department of the City of Ghent, took place from 27th May \u2013 1st June 2024 in Ghent, Belgium.\u00a0","robots":{"index":"index","follow":"follow","max-snippet":"max-snippet:-1","max-image-preview":"max-image-preview:large","max-video-preview":"max-video-preview:-1"},"canonical":"https:\/\/dypall.com\/hr\/activity\/study-visit-to-ghent-youth-policies-for-better-local-democracies\/","og_locale":"hr_HR","og_type":"article","og_title":"Study visit to Ghent \u201cYouth policies for better local democracies\u201d - DYPALL Network","og_description":"The Study visit to Ghent \u201cYouth policies for better local democracies\u201d, organised by DYPALL Network in cooperation with Bataljong and the Youth Department of the City of Ghent, took place from 27th May \u2013 1st June 2024 in Ghent, Belgium.\u00a0","og_url":"https:\/\/dypall.com\/hr\/activity\/study-visit-to-ghent-youth-policies-for-better-local-democracies\/","og_site_name":"DYPALL Network","article_published_time":"2024-06-20T16:27:36+00:00","article_modified_time":"2024-06-20T16:27:37+00:00","og_image":[{"width":1600,"height":1200,"url":"https:\/\/dypall.com\/wp-content\/uploads\/2024\/06\/SV-Ghent-2.jpeg","type":"image\/jpeg"}],"author":"DYPALL Network","twitter_card":"summary_large_image","twitter_misc":{"Written by":"DYPALL Network","Est. reading time":"3 minute"},"schema":{"@context":"https:\/\/schema.org","@graph":[{"@type":"WebPage","@id":"https:\/\/dypall.com\/activity\/study-visit-to-ghent-youth-policies-for-better-local-democracies\/","url":"https:\/\/dypall.com\/activity\/study-visit-to-ghent-youth-policies-for-better-local-democracies\/","name":"Study visit to Ghent \u201cYouth policies for better local democracies\u201d - DYPALL Network","isPartOf":{"@id":"https:\/\/dypall.com\/#website"},"primaryImageOfPage":{"@id":"https:\/\/dypall.com\/activity\/study-visit-to-ghent-youth-policies-for-better-local-democracies\/#primaryimage"},"image":{"@id":"https:\/\/dypall.com\/activity\/study-visit-to-ghent-youth-policies-for-better-local-democracies\/#primaryimage"},"thumbnailUrl":"https:\/\/dypall.com\/wp-content\/uploads\/2024\/06\/SV-Ghent-2.jpeg","datePublished":"2024-06-20T16:27:36+00:00","dateModified":"2024-06-20T16:27:37+00:00","author":{"@id":"https:\/\/dypall.com\/#\/schema\/person\/f92e08aa15c8ba711a9d153129f03377"},"description":"The Study visit to Ghent \u201cYouth policies for better local democracies\u201d, organised by DYPALL Network in cooperation with Bataljong and the Youth Department of the City of Ghent, took place from 27th May \u2013 1st June 2024 in Ghent, Belgium.\u00a0","breadcrumb":{"@id":"https:\/\/dypall.com\/activity\/study-visit-to-ghent-youth-policies-for-better-local-democracies\/#breadcrumb"},"inLanguage":"hr","potentialAction":[{"@type":"ReadAction","target":["https:\/\/dypall.com\/activity\/study-visit-to-ghent-youth-policies-for-better-local-democracies\/"]}]},{"@type":"ImageObject","inLanguage":"hr","@id":"https:\/\/dypall.com\/activity\/study-visit-to-ghent-youth-policies-for-better-local-democracies\/#primaryimage","url":"https:\/\/dypall.com\/wp-content\/uploads\/2024\/06\/SV-Ghent-2.jpeg","contentUrl":"https:\/\/dypall.com\/wp-content\/uploads\/2024\/06\/SV-Ghent-2.jpeg","width":1600,"height":1200},{"@type":"BreadcrumbList","@id":"https:\/\/dypall.com\/activity\/study-visit-to-ghent-youth-policies-for-better-local-democracies\/#breadcrumb","itemListElement":[{"@type":"ListItem","position":1,"name":"Home","item":"https:\/\/dypall.com\/"},{"@type":"ListItem","position":2,"name":"Study visit to Ghent \u201cYouth policies for better local democracies\u201d"}]},{"@type":"WebSite","@id":"https:\/\/dypall.com\/#website","url":"https:\/\/dypall.com\/","name":"DYPALL Network","description":"We are a European network of civil society organisations, municipalities and research institutions dedicated to improving democracy through youth participation.","potentialAction":[{"@type":"SearchAction","target":{"@type":"EntryPoint","urlTemplate":"https:\/\/dypall.com\/?s={search_term_string}"},"query-input":"required name=search_term_string"}],"inLanguage":"hr"},{"@type":"Person","@id":"https:\/\/dypall.com\/#\/schema\/person\/f92e08aa15c8ba711a9d153129f03377","name":"DYPALL Network","image":{"@type":"ImageObject","inLanguage":"hr","@id":"https:\/\/dypall.com\/#\/schema\/person\/image\/","url":"https:\/\/secure.gravatar.com\/avatar\/9c39e299279800c6d69c5e02cf613e7bab060889f373052a03d7ac399e8f0d3c?s=96&d=mm&r=g","contentUrl":"https:\/\/secure.gravatar.com\/avatar\/9c39e299279800c6d69c5e02cf613e7bab060889f373052a03d7ac399e8f0d3c?s=96&d=mm&r=g","caption":"DYPALL Network"},"sameAs":["https:\/\/dypall.com"],"url":"https:\/\/dypall.com\/hr\/author\/dypall\/"}]}},"jetpack_featured_media_url":"https:\/\/dypall.com\/wp-content\/uploads\/2024\/06\/SV-Ghent-2.jpeg","jetpack_sharing_enabled":true,"_links":{"self":[{"href":"https:\/\/dypall.com\/hr\/wp-json\/wp\/v2\/posts\/7484","targetHints":{"allow":["GET"]}}],"collection":[{"href":"https:\/\/dypall.com\/hr\/wp-json\/wp\/v2\/posts"}],"about":[{"href":"https:\/\/dypall.com\/hr\/wp-json\/wp\/v2\/types\/post"}],"author":[{"embeddable":true,"href":"https:\/\/dypall.com\/hr\/wp-json\/wp\/v2\/users\/1"}],"replies":[{"embeddable":true,"href":"https:\/\/dypall.com\/hr\/wp-json\/wp\/v2\/comments?post=7484"}],"version-history":[{"count":1,"href":"https:\/\/dypall.com\/hr\/wp-json\/wp\/v2\/posts\/7484\/revisions"}],"predecessor-version":[{"id":7494,"href":"https:\/\/dypall.com\/hr\/wp-json\/wp\/v2\/posts\/7484\/revisions\/7494"}],"wp:featuredmedia":[{"embeddable":true,"href":"https:\/\/dypall.com\/hr\/wp-json\/wp\/v2\/media\/7486"}],"wp:attachment":[{"href":"https:\/\/dypall.com\/hr\/wp-json\/wp\/v2\/media?parent=7484"}],"wp:term":[{"taxonomy":"category","embeddable":true,"href":"https:\/\/dypall.com\/hr\/wp-json\/wp\/v2\/categories?post=7484"},{"taxonomy":"post_tag","embeddable":true,"href":"https:\/\/dypall.com\/hr\/wp-json\/wp\/v2\/tags?post=7484"}],"curies":[{"name":"wp","href":"https:\/\/api.w.org\/{rel}","templated":true}]}}