{"id":7056,"date":"2024-04-05T14:28:49","date_gmt":"2024-04-05T13:28:49","guid":{"rendered":"https:\/\/dypall.com\/?p=7056"},"modified":"2024-06-06T08:43:29","modified_gmt":"2024-06-06T08:43:29","slug":"job-shadowing-activities-within-the-lycis-project-2","status":"publish","type":"post","link":"https:\/\/dypall.com\/hr\/activity\/job-shadowing-activities-within-the-lycis-project-2\/","title":{"rendered":"Aktivnosti pra\u0107enja rada u okviru projekta LYCIS"},"content":{"rendered":"<p>U okviru projekta <em><strong>\u201eLokalna vije\u0107a mladih na me\u0111unarodnoj razini\u201d<\/strong><\/em>, projektni partneri organizirali su nekoliko <strong>aktivnosti pra\u0107enja rada<\/strong> za osobe koje rade s mladima zaposlene u lokalnim vije\u0107ima mladih. \u0160est sudionika iz zemalja partnera u projektu sudjelovalo je u 14-dnevnom programu pra\u0107enja rada izme\u0111u velja\u010de i o\u017eujka 2024.<\/p>\n<p>Te su aktivnosti bile usmjerene na omogu\u0107ivanje bilateralnih razmjena osoba koje rade s mladima koje \u0107e pomo\u0107i u izgradnji njihovih kapaciteta za potporu <strong>Lokalna vije\u0107a mladih.<\/strong> Aktivnosti pra\u0107enja rada uklju\u010divale su \u0161est sudionika koji su oti\u0161li u drugu partnersku zemlju projekta, gdje su iz prve ruke nau\u010dili o najboljim praksama za uspostavu i odr\u017eavanje kvalitetnog lokalnog vije\u0107a mladih i njegovu ve\u0107u uklju\u010divost, pove\u0107anje dosega me\u0111u mladima te osiguravanje ili pobolj\u0161anje suradnje izme\u0111u lokalnog vije\u0107a mladih i lokalnih vlasti.<\/p>\n<p>Italija i Maroko sudjelovali su u bilateralnoj razmjeni, \u0161to zna\u010di da je sudionik iz Italije oti\u0161ao na posao u sjeni u Maroku, a sudionik iz Maroka oti\u0161ao je u Italiju. Drugi par za bilateralnu razmjenu bili su Tunis i Sjeverna Makedonija, \u0161to zna\u010di da je sudionik iz Tunisa oti\u0161ao na posao u sjeni u Sjevernoj Makedoniji, a sudionik iz Sjeverne Makedonije oti\u0161ao je u Tunis. Naposljetku, Portugal i Palestina sudjelovali su i u bilateralnim razmjenama, ali zbog te\u0161ke situacije i nesigurnih uvjeta u Palestini, umjesto slanja jednog sudionika iz Portugala u Palestinu, dva sudionika iz Palestine bila su doma\u0107ini u Portugalu.<\/p>\n<p>Tijekom aktivnosti pra\u0107enja rada sudionici su sudjelovali u kreativnim trenucima kako bi razumjeli kako osnovati ili pobolj\u0161ati svoja lokalna vije\u0107a mladih i kako ih u\u010diniti uklju\u010divijima, osiguravaju\u0107i da zaista predstavljaju razli\u010dite skupine mladih i da zapravo utje\u010du na oblikovanje politika na op\u0107inskoj razini.<\/p>\n<p>The\u00a0<strong>\u201eLokalna vije\u0107a mladih na me\u0111unarodnoj razini (LYCIS)\u201d<\/strong>\u00a0Projekt koordinira DYPALL Network u partnerstvu s\u00a0\u00a0<a href=\"https:\/\/www.europiamo.org\/\">ETS Europeamo<\/a>\u00a0\u00a0(Italija),\u00a0<a href=\"https:\/\/youthonboard.com.mk\/\">Mladi na brodu<\/a>\u00a0(Sjeverna Makedonija),\u00a0<a href=\"https:\/\/ysfi.ps\/En\/index.php\/en\/\">Institut Studentskog foruma<\/a>\u00a0(Palestina),\u00a0<a href=\"https:\/\/www.facebook.com\/fjmtm\">Forum mladih Marokanaca za tre\u0107e tisu\u0107lje\u0107e<\/a>\u00a0(Maroko),\u00a0<a href=\"https:\/\/www.facebook.com\/Fhird.tn\/\">Farhat Hached Institut za istra\u017eivanje i demokraciju<\/a>\u00a0(Tunis) Financira ga Europska izvr\u0161na agencija za obrazovanje i kulturu u okviru programa Erasmus+ Izgradnja kapaciteta u podru\u010dju mladih.<\/p>\n<p><a href=\"https:\/\/dypall.com\/hr\/2024\/04\/05\/job-shadowing-activities-within-the-lycis-project\/schermata-2024-04-05-alle-14-18-36\/#main\" rel=\"attachment wp-att-7068\"><img loading=\"lazy\" decoding=\"async\" class=\"wp-image-7068 aligncenter\" src=\"https:\/\/dypall.com\/wp-content\/uploads\/2024\/04\/Schermata-2024-04-05-alle-14.18.36.png\" alt=\"\" width=\"935\" height=\"698\" \/><\/a><a href=\"https:\/\/dypall.com\/hr\/2024\/04\/05\/job-shadowing-activities-within-the-lycis-project\/schermata-2024-04-05-alle-14-19-59\/#main\" rel=\"attachment wp-att-7071\"><img loading=\"lazy\" decoding=\"async\" class=\"aligncenter wp-image-7071\" src=\"https:\/\/dypall.com\/wp-content\/uploads\/2024\/04\/Schermata-2024-04-05-alle-14.19.59.png\" alt=\"\" width=\"938\" height=\"1089\" \/><\/a>\u00a0<a href=\"https:\/\/dypall.com\/hr\/2024\/04\/05\/job-shadowing-activities-within-the-lycis-project\/copia-di-img_3196\/#main\" rel=\"attachment wp-att-7060\"><img decoding=\"async\" class=\"alignnone size-full wp-image-7060\" src=\"https:\/\/dypall.com\/wp-content\/uploads\/2024\/04\/Copia-di-IMG_3196.heic\" alt=\"\" \/><\/a> <a href=\"https:\/\/dypall.com\/hr\/2024\/04\/05\/job-shadowing-activities-within-the-lycis-project\/img_0876\/#main\" rel=\"attachment wp-att-7061\"><img decoding=\"async\" class=\"alignnone size-full wp-image-7061\" src=\"https:\/\/dypall.com\/wp-content\/uploads\/2024\/04\/IMG_0876.heic\" alt=\"\" \/><\/a> <a href=\"https:\/\/dypall.com\/hr\/2024\/04\/05\/job-shadowing-activities-within-the-lycis-project\/img_0807\/#main\" rel=\"attachment wp-att-7062\"><img decoding=\"async\" class=\"alignnone size-full wp-image-7062\" src=\"https:\/\/dypall.com\/wp-content\/uploads\/2024\/04\/IMG_0807.heic\" alt=\"\" \/><\/a> <a href=\"https:\/\/dypall.com\/hr\/2024\/04\/05\/job-shadowing-activities-within-the-lycis-project\/img_0606\/#main\" rel=\"attachment wp-att-7065\"><img decoding=\"async\" class=\"alignnone size-full wp-image-7065\" src=\"https:\/\/dypall.com\/wp-content\/uploads\/2024\/04\/IMG_0606.heic\" alt=\"\" \/><\/a> <a href=\"https:\/\/dypall.com\/hr\/2024\/04\/05\/job-shadowing-activities-within-the-lycis-project\/whatsapp-image-2024-02-24-a-21-31-26_a23fe001\/#main\" rel=\"attachment wp-att-7066\"><img loading=\"lazy\" decoding=\"async\" class=\"wp-image-7066 aligncenter\" src=\"https:\/\/dypall.com\/wp-content\/uploads\/2024\/04\/WhatsApp-Image-2024-02-24-a-21.31.26_a23fe001.jpg\" alt=\"\" width=\"932\" height=\"699\" \/><\/a><\/p>\n<p><a href=\"https:\/\/dypall.com\/hr\/2024\/04\/05\/job-shadowing-activities-within-the-lycis-project\/schermata-2024-04-05-alle-14-19-08\/#main\" rel=\"attachment wp-att-7070\"><img loading=\"lazy\" decoding=\"async\" class=\"wp-image-7070 aligncenter\" src=\"https:\/\/dypall.com\/wp-content\/uploads\/2024\/04\/Schermata-2024-04-05-alle-14.19.08.png\" alt=\"\" width=\"930\" height=\"698\" \/><\/a><\/p>\n<p><a href=\"https:\/\/dypall.com\/hr\/2024\/04\/05\/job-shadowing-activities-within-the-lycis-project\/schermata-2024-04-05-alle-14-21-41\/#main\" rel=\"attachment wp-att-7072\"><img loading=\"lazy\" decoding=\"async\" class=\"wp-image-7072 aligncenter\" src=\"https:\/\/dypall.com\/wp-content\/uploads\/2024\/04\/Schermata-2024-04-05-alle-14.21.41.png\" alt=\"\" width=\"933\" height=\"615\" \/><\/a><\/p>\n<p><a href=\"https:\/\/dypall.com\/hr\/2024\/04\/05\/job-shadowing-activities-within-the-lycis-project\/1149260a-9b4c-4137-ae9f-4d53804a160b\/#main\" rel=\"attachment wp-att-7057\"><img loading=\"lazy\" decoding=\"async\" class=\"wp-image-7057 aligncenter\" src=\"https:\/\/dypall.com\/wp-content\/uploads\/2024\/04\/1149260a-9b4c-4137-ae9f-4d53804a160b.jpg\" alt=\"\" width=\"932\" height=\"524\" \/><\/a><\/p>\n<p><img loading=\"lazy\" decoding=\"async\" class=\"wp-image-7058 aligncenter\" src=\"https:\/\/dypall.com\/wp-content\/uploads\/2024\/04\/Copia-di-8E5E51DB-63BF-4DB0-A73E-F5C3DEE5E161_1_201_a-scaled.jpeg\" alt=\"\" width=\"932\" height=\"621\" \/><\/p>\n<p><a href=\"https:\/\/dypall.com\/hr\/2024\/04\/05\/job-shadowing-activities-within-the-lycis-project\/schermata-2024-04-05-alle-14-21-30\/#main\" rel=\"attachment wp-att-7073\"><img loading=\"lazy\" decoding=\"async\" class=\"wp-image-7073 aligncenter\" src=\"https:\/\/dypall.com\/wp-content\/uploads\/2024\/04\/Schermata-2024-04-05-alle-14.21.30.png\" alt=\"\" width=\"932\" height=\"615\" \/><\/a><\/p>","protected":false},"excerpt":{"rendered":"<p>U okviru projekta \u201eLokalna vije\u0107a mladih na me\u0111unarodnoj razini\u201d projektni partneri organizirali su nekoliko aktivnosti pra\u0107enja rada osoba koje rade s mladima uklju\u010denih u lokalna vije\u0107a mladih. \u0160est sudionika iz zemalja partnera u projektu sudjelovalo je u 14-dnevnom programu pra\u0107enja rada izme\u0111u velja\u010de i o\u017eujka 2024. Cilj tih aktivnosti bio je omogu\u0107iti bilateralne razmjene... <a class=\"more-link\" href=\"https:\/\/dypall.com\/hr\/activity\/job-shadowing-activities-within-the-lycis-project-2\/\">Nastavi \u010ditati <span class=\"screen-reader-text\">Aktivnosti pra\u0107enja rada u okviru projekta LYCIS<\/span><\/a><\/p>","protected":false},"author":1,"featured_media":341,"comment_status":"closed","ping_status":"open","sticky":false,"template":"","format":"standard","meta":{"_acf_changed":false,"_jetpack_memberships_contains_paid_content":false,"footnotes":""},"categories":[111],"tags":[],"class_list":["post-7056","post","type-post","status-publish","format-standard","has-post-thumbnail","hentry","category-activity","entry"],"acf":[],"yoast_head":"<!-- This site is optimized with the Yoast SEO plugin v22.8 - https:\/\/yoast.com\/wordpress\/plugins\/seo\/ -->\n<title>Job shadowing activities within the LYCIS project - DYPALL Network<\/title>\n<meta name=\"robots\" content=\"index, follow, max-snippet:-1, max-image-preview:large, max-video-preview:-1\" \/>\n<link rel=\"canonical\" href=\"https:\/\/dypall.com\/hr\/activity\/job-shadowing-activities-within-the-lycis-project-2\/\" \/>\n<meta property=\"og:locale\" content=\"hr_HR\" \/>\n<meta property=\"og:type\" content=\"article\" \/>\n<meta property=\"og:title\" content=\"Job shadowing activities within the LYCIS project - DYPALL Network\" \/>\n<meta property=\"og:description\" content=\"Within the framework of the project \u201cLocal Youth Councils at International Scale\u201d, the project partners organised several job shadowing activities for youth workers engaged in Local Youth Councils. Six participants from the project partner countries participated in a 14-day job shadowing program between February and March 2024. These activities were aimed at allowing bilateral exchanges&hellip; Nastavi \u010ditati Job shadowing activities within the LYCIS project\" \/>\n<meta property=\"og:url\" content=\"https:\/\/dypall.com\/hr\/activity\/job-shadowing-activities-within-the-lycis-project-2\/\" \/>\n<meta property=\"og:site_name\" content=\"DYPALL Network\" \/>\n<meta property=\"article:published_time\" content=\"2024-04-05T13:28:49+00:00\" \/>\n<meta property=\"article:modified_time\" content=\"2024-06-06T08:43:29+00:00\" \/>\n<meta property=\"og:image\" content=\"https:\/\/dypall.com\/wp-content\/uploads\/2024\/05\/Schermata-2024-04-05-alle-14.19.59-e1712323822755-570x342-1.png\" \/>\n\t<meta property=\"og:image:width\" content=\"570\" \/>\n\t<meta property=\"og:image:height\" content=\"342\" \/>\n\t<meta property=\"og:image:type\" content=\"image\/png\" \/>\n<meta name=\"author\" content=\"DYPALL Network\" \/>\n<meta name=\"twitter:card\" content=\"summary_large_image\" \/>\n<meta name=\"twitter:label1\" content=\"Written by\" \/>\n\t<meta name=\"twitter:data1\" content=\"DYPALL Network\" \/>\n\t<meta name=\"twitter:label2\" content=\"Est. reading time\" \/>\n\t<meta name=\"twitter:data2\" content=\"2 minute\" \/>\n<script type=\"application\/ld+json\" class=\"yoast-schema-graph\">{\"@context\":\"https:\/\/schema.org\",\"@graph\":[{\"@type\":\"WebPage\",\"@id\":\"https:\/\/dypall.com\/activity\/job-shadowing-activities-within-the-lycis-project-2\/\",\"url\":\"https:\/\/dypall.com\/activity\/job-shadowing-activities-within-the-lycis-project-2\/\",\"name\":\"Job shadowing activities within the LYCIS project - DYPALL Network\",\"isPartOf\":{\"@id\":\"https:\/\/dypall.com\/#website\"},\"primaryImageOfPage\":{\"@id\":\"https:\/\/dypall.com\/activity\/job-shadowing-activities-within-the-lycis-project-2\/#primaryimage\"},\"image\":{\"@id\":\"https:\/\/dypall.com\/activity\/job-shadowing-activities-within-the-lycis-project-2\/#primaryimage\"},\"thumbnailUrl\":\"https:\/\/dypall.com\/wp-content\/uploads\/2024\/05\/Schermata-2024-04-05-alle-14.19.59-e1712323822755-570x342-1.png\",\"datePublished\":\"2024-04-05T13:28:49+00:00\",\"dateModified\":\"2024-06-06T08:43:29+00:00\",\"author\":{\"@id\":\"https:\/\/dypall.com\/#\/schema\/person\/f92e08aa15c8ba711a9d153129f03377\"},\"breadcrumb\":{\"@id\":\"https:\/\/dypall.com\/activity\/job-shadowing-activities-within-the-lycis-project-2\/#breadcrumb\"},\"inLanguage\":\"hr\",\"potentialAction\":[{\"@type\":\"ReadAction\",\"target\":[\"https:\/\/dypall.com\/activity\/job-shadowing-activities-within-the-lycis-project-2\/\"]}]},{\"@type\":\"ImageObject\",\"inLanguage\":\"hr\",\"@id\":\"https:\/\/dypall.com\/activity\/job-shadowing-activities-within-the-lycis-project-2\/#primaryimage\",\"url\":\"https:\/\/dypall.com\/wp-content\/uploads\/2024\/05\/Schermata-2024-04-05-alle-14.19.59-e1712323822755-570x342-1.png\",\"contentUrl\":\"https:\/\/dypall.com\/wp-content\/uploads\/2024\/05\/Schermata-2024-04-05-alle-14.19.59-e1712323822755-570x342-1.png\",\"width\":570,\"height\":342},{\"@type\":\"BreadcrumbList\",\"@id\":\"https:\/\/dypall.com\/activity\/job-shadowing-activities-within-the-lycis-project-2\/#breadcrumb\",\"itemListElement\":[{\"@type\":\"ListItem\",\"position\":1,\"name\":\"Home\",\"item\":\"https:\/\/dypall.com\/\"},{\"@type\":\"ListItem\",\"position\":2,\"name\":\"Job shadowing activities within the LYCIS project\"}]},{\"@type\":\"WebSite\",\"@id\":\"https:\/\/dypall.com\/#website\",\"url\":\"https:\/\/dypall.com\/\",\"name\":\"DYPALL Network\",\"description\":\"We are a European network of civil society organisations, municipalities and research institutions dedicated to improving democracy through youth participation.\",\"potentialAction\":[{\"@type\":\"SearchAction\",\"target\":{\"@type\":\"EntryPoint\",\"urlTemplate\":\"https:\/\/dypall.com\/?s={search_term_string}\"},\"query-input\":\"required name=search_term_string\"}],\"inLanguage\":\"hr\"},{\"@type\":\"Person\",\"@id\":\"https:\/\/dypall.com\/#\/schema\/person\/f92e08aa15c8ba711a9d153129f03377\",\"name\":\"DYPALL Network\",\"image\":{\"@type\":\"ImageObject\",\"inLanguage\":\"hr\",\"@id\":\"https:\/\/dypall.com\/#\/schema\/person\/image\/\",\"url\":\"https:\/\/secure.gravatar.com\/avatar\/9c39e299279800c6d69c5e02cf613e7bab060889f373052a03d7ac399e8f0d3c?s=96&d=mm&r=g\",\"contentUrl\":\"https:\/\/secure.gravatar.com\/avatar\/9c39e299279800c6d69c5e02cf613e7bab060889f373052a03d7ac399e8f0d3c?s=96&d=mm&r=g\",\"caption\":\"DYPALL Network\"},\"sameAs\":[\"https:\/\/dypall.com\"],\"url\":\"https:\/\/dypall.com\/hr\/author\/dypall\/\"}]}<\/script>\n<!-- \/ Yoast SEO plugin. -->","yoast_head_json":{"title":"Job shadowing activities within the LYCIS project - DYPALL Network","robots":{"index":"index","follow":"follow","max-snippet":"max-snippet:-1","max-image-preview":"max-image-preview:large","max-video-preview":"max-video-preview:-1"},"canonical":"https:\/\/dypall.com\/hr\/activity\/job-shadowing-activities-within-the-lycis-project-2\/","og_locale":"hr_HR","og_type":"article","og_title":"Job shadowing activities within the LYCIS project - DYPALL Network","og_description":"Within the framework of the project \u201cLocal Youth Councils at International Scale\u201d, the project partners organised several job shadowing activities for youth workers engaged in Local Youth Councils. Six participants from the project partner countries participated in a 14-day job shadowing program between February and March 2024. These activities were aimed at allowing bilateral exchanges&hellip; Nastavi \u010ditati Job shadowing activities within the LYCIS project","og_url":"https:\/\/dypall.com\/hr\/activity\/job-shadowing-activities-within-the-lycis-project-2\/","og_site_name":"DYPALL Network","article_published_time":"2024-04-05T13:28:49+00:00","article_modified_time":"2024-06-06T08:43:29+00:00","og_image":[{"width":570,"height":342,"url":"https:\/\/dypall.com\/wp-content\/uploads\/2024\/05\/Schermata-2024-04-05-alle-14.19.59-e1712323822755-570x342-1.png","type":"image\/png"}],"author":"DYPALL Network","twitter_card":"summary_large_image","twitter_misc":{"Written by":"DYPALL Network","Est. reading time":"2 minute"},"schema":{"@context":"https:\/\/schema.org","@graph":[{"@type":"WebPage","@id":"https:\/\/dypall.com\/activity\/job-shadowing-activities-within-the-lycis-project-2\/","url":"https:\/\/dypall.com\/activity\/job-shadowing-activities-within-the-lycis-project-2\/","name":"Job shadowing activities within the LYCIS project - DYPALL Network","isPartOf":{"@id":"https:\/\/dypall.com\/#website"},"primaryImageOfPage":{"@id":"https:\/\/dypall.com\/activity\/job-shadowing-activities-within-the-lycis-project-2\/#primaryimage"},"image":{"@id":"https:\/\/dypall.com\/activity\/job-shadowing-activities-within-the-lycis-project-2\/#primaryimage"},"thumbnailUrl":"https:\/\/dypall.com\/wp-content\/uploads\/2024\/05\/Schermata-2024-04-05-alle-14.19.59-e1712323822755-570x342-1.png","datePublished":"2024-04-05T13:28:49+00:00","dateModified":"2024-06-06T08:43:29+00:00","author":{"@id":"https:\/\/dypall.com\/#\/schema\/person\/f92e08aa15c8ba711a9d153129f03377"},"breadcrumb":{"@id":"https:\/\/dypall.com\/activity\/job-shadowing-activities-within-the-lycis-project-2\/#breadcrumb"},"inLanguage":"hr","potentialAction":[{"@type":"ReadAction","target":["https:\/\/dypall.com\/activity\/job-shadowing-activities-within-the-lycis-project-2\/"]}]},{"@type":"ImageObject","inLanguage":"hr","@id":"https:\/\/dypall.com\/activity\/job-shadowing-activities-within-the-lycis-project-2\/#primaryimage","url":"https:\/\/dypall.com\/wp-content\/uploads\/2024\/05\/Schermata-2024-04-05-alle-14.19.59-e1712323822755-570x342-1.png","contentUrl":"https:\/\/dypall.com\/wp-content\/uploads\/2024\/05\/Schermata-2024-04-05-alle-14.19.59-e1712323822755-570x342-1.png","width":570,"height":342},{"@type":"BreadcrumbList","@id":"https:\/\/dypall.com\/activity\/job-shadowing-activities-within-the-lycis-project-2\/#breadcrumb","itemListElement":[{"@type":"ListItem","position":1,"name":"Home","item":"https:\/\/dypall.com\/"},{"@type":"ListItem","position":2,"name":"Job shadowing activities within the LYCIS project"}]},{"@type":"WebSite","@id":"https:\/\/dypall.com\/#website","url":"https:\/\/dypall.com\/","name":"DYPALL Network","description":"We are a European network of civil society organisations, municipalities and research institutions dedicated to improving democracy through youth participation.","potentialAction":[{"@type":"SearchAction","target":{"@type":"EntryPoint","urlTemplate":"https:\/\/dypall.com\/?s={search_term_string}"},"query-input":"required name=search_term_string"}],"inLanguage":"hr"},{"@type":"Person","@id":"https:\/\/dypall.com\/#\/schema\/person\/f92e08aa15c8ba711a9d153129f03377","name":"DYPALL Network","image":{"@type":"ImageObject","inLanguage":"hr","@id":"https:\/\/dypall.com\/#\/schema\/person\/image\/","url":"https:\/\/secure.gravatar.com\/avatar\/9c39e299279800c6d69c5e02cf613e7bab060889f373052a03d7ac399e8f0d3c?s=96&d=mm&r=g","contentUrl":"https:\/\/secure.gravatar.com\/avatar\/9c39e299279800c6d69c5e02cf613e7bab060889f373052a03d7ac399e8f0d3c?s=96&d=mm&r=g","caption":"DYPALL Network"},"sameAs":["https:\/\/dypall.com"],"url":"https:\/\/dypall.com\/hr\/author\/dypall\/"}]}},"jetpack_featured_media_url":"https:\/\/dypall.com\/wp-content\/uploads\/2024\/05\/Schermata-2024-04-05-alle-14.19.59-e1712323822755-570x342-1.png","jetpack_sharing_enabled":true,"_links":{"self":[{"href":"https:\/\/dypall.com\/hr\/wp-json\/wp\/v2\/posts\/7056","targetHints":{"allow":["GET"]}}],"collection":[{"href":"https:\/\/dypall.com\/hr\/wp-json\/wp\/v2\/posts"}],"about":[{"href":"https:\/\/dypall.com\/hr\/wp-json\/wp\/v2\/types\/post"}],"author":[{"embeddable":true,"href":"https:\/\/dypall.com\/hr\/wp-json\/wp\/v2\/users\/1"}],"replies":[{"embeddable":true,"href":"https:\/\/dypall.com\/hr\/wp-json\/wp\/v2\/comments?post=7056"}],"version-history":[{"count":3,"href":"https:\/\/dypall.com\/hr\/wp-json\/wp\/v2\/posts\/7056\/revisions"}],"predecessor-version":[{"id":7122,"href":"https:\/\/dypall.com\/hr\/wp-json\/wp\/v2\/posts\/7056\/revisions\/7122"}],"wp:featuredmedia":[{"embeddable":true,"href":"https:\/\/dypall.com\/hr\/wp-json\/wp\/v2\/media\/341"}],"wp:attachment":[{"href":"https:\/\/dypall.com\/hr\/wp-json\/wp\/v2\/media?parent=7056"}],"wp:term":[{"taxonomy":"category","embeddable":true,"href":"https:\/\/dypall.com\/hr\/wp-json\/wp\/v2\/categories?post=7056"},{"taxonomy":"post_tag","embeddable":true,"href":"https:\/\/dypall.com\/hr\/wp-json\/wp\/v2\/tags?post=7056"}],"curies":[{"name":"wp","href":"https:\/\/api.w.org\/{rel}","templated":true}]}}