{"id":3130,"date":"2018-11-08T17:56:37","date_gmt":"2018-11-08T16:56:37","guid":{"rendered":"http:\/\/dypall.com\/?p=3130"},"modified":"2018-11-08T17:56:37","modified_gmt":"2018-11-08T16:56:37","slug":"training-course-youth-takes-the-floor","status":"publish","type":"post","link":"https:\/\/dypall.com\/hr\/activity\/training-course-youth-takes-the-floor\/","title":{"rendered":"Youth Takes the Floor \u2013 Te\u010daj osposobljavanja"},"content":{"rendered":"<p><span style=\"font-weight: 400;\"><img loading=\"lazy\" decoding=\"async\" class=\"alignnone size-thumbnail wp-image-3137\" src=\"http:\/\/dypall.com\/wp-content\/uploads\/2018\/11\/IMG_7693.jpg\" alt=\"\" width=\"1\" height=\"1\" \/>Te\u010daj podnog osposobljavanja za mlade, koji je organizirala mre\u017ea DYPALL, odr\u017ean je od 28. listopada do 4. studenoga u Fund\u00e3u i Lisabonu (Portugal).<\/span><\/p>\n<p><span style=\"font-weight: 400;\">Te\u010daj je osmi\u0161ljen za op\u0107inske slu\u017ebenike, osobe koje rade s mladima i \u010dlanove vije\u0107a mladih ili drugih mehanizama sudjelovanja unutar op\u0107ine (lokalno upravljanje). Osposobljavanje je okupilo 23 sudionika iz Danske, Portugala, Italije, Makedonije, Poljske, Slovenije, Slova\u010dke, Litve i Ma\u0111arske kako bi istra\u017eili najnovija dostignu\u0107a sudjelovanja mladih u Europi u pogledu struktura, instrumenata i mehanizama sudjelovanja mladih. Tehni\u010dka komisija donijela je i uvide i iskustva u pogledu razvoja odr\u017eivog i uklju\u010divog anga\u017emana mladih u postupcima dono\u0161enja odluka uklju\u010divanjem razli\u010ditih dionika. <\/span><\/p>\n<p><span style=\"font-weight: 400;\">Op\u0107i je cilj Tehni\u010dke komisije \u201eMladi preuzimaju rije\u010d\u201d razvoj struktura i instrumenata za sudjelovanje mladih koji mladima omogu\u0107uju da se kao aktivni akteri uklju\u010de u osmi\u0161ljavanje rje\u0161enja za izazove u svojim lokalnim zajednicama te istodobno omogu\u0107uju lokalnim i regionalnim vlastima da se bolje pozabave potrebama i interesima mladih. Do kraja Tehni\u010dke komisije sudionici bi mogli razviti lokalne akcijske planove i strategije za ja\u010danje sudjelovanja mladih u njihovim razli\u010ditim kontekstima i zajednicama te temeljito znanje o tome kako na odr\u017eiv na\u010din stvoriti i voditi strukture za sudjelovanje mladih. \u00a0<\/span><\/p>\n<p><span style=\"font-weight: 400;\">Tijekom te\u010daja sudionici su imali priliku posjetiti op\u0107inu Fund\u00e3o i sudjelovali u zanimljivim raspravama o tome kako izgleda idealno lokalno vije\u0107e mladih. Posjetili su i Cascais \u2013 Europsku prijestolnicu mladih i Odjel za gra\u0111anstvo i sudjelovanje te nau\u010dili o impresivnim praksama sudjelovanja mladih u dono\u0161enju odluka na lokalnoj razini, kao \u0161to je participativni prora\u010dun.<\/span><\/p>\n<p>Djelatnost je bila<span style=\"font-weight: 400;\"> organizira DYPALL, Ung Egedal i Op\u0107ina Fund\u00e3o uz potporu programa Erasmus+.<\/span><\/p>\n<p><img loading=\"lazy\" decoding=\"async\" class=\"aligncenter wp-image-3154 size-large\" src=\"http:\/\/dypall.com\/wp-content\/uploads\/2018\/11\/WhatsApp-Image-2018-11-02-at-21.56.43-768x1024.jpeg\" alt=\"\" width=\"768\" height=\"1024\" \/><\/p>\n<p><img loading=\"lazy\" decoding=\"async\" class=\"aligncenter wp-image-3144 size-large\" src=\"http:\/\/dypall.com\/wp-content\/uploads\/2018\/11\/45395822_2514222365259833_5258861921200766976_o-1024x683.jpg\" alt=\"\" width=\"960\" height=\"640\" \/><\/p>\n<p><img loading=\"lazy\" decoding=\"async\" class=\"aligncenter wp-image-3147 size-large\" src=\"http:\/\/dypall.com\/wp-content\/uploads\/2018\/11\/45430378_2514221685259901_5565674275790127104_o-1024x683.jpg\" alt=\"\" width=\"960\" height=\"640\" \/><\/p>\n<p><img loading=\"lazy\" decoding=\"async\" class=\"aligncenter wp-image-3148 size-large\" src=\"http:\/\/dypall.com\/wp-content\/uploads\/2018\/11\/45443432_2514221268593276_177746070493724672_o-1024x683.jpg\" alt=\"\" width=\"960\" height=\"640\" \/><\/p>\n<p><img loading=\"lazy\" decoding=\"async\" class=\"aligncenter wp-image-3149 size-large\" src=\"http:\/\/dypall.com\/wp-content\/uploads\/2018\/11\/45482591_2514221938593209_4858428913170251776_o-1024x683.jpg\" alt=\"\" width=\"960\" height=\"640\" \/><\/p>\n<p><img loading=\"lazy\" decoding=\"async\" class=\"aligncenter wp-image-3153 size-large\" src=\"http:\/\/dypall.com\/wp-content\/uploads\/2018\/11\/45657486_2514221511926585_6251022379011538944_o-1024x683.jpg\" alt=\"\" width=\"960\" height=\"640\" \/><\/p>\n<p><img loading=\"lazy\" decoding=\"async\" class=\"aligncenter wp-image-3151 size-large\" src=\"http:\/\/dypall.com\/wp-content\/uploads\/2018\/11\/45490526_2514222191926517_8379173588938260480_o-1024x683.jpg\" alt=\"\" width=\"960\" height=\"640\" \/><\/p>\n<p><img loading=\"lazy\" decoding=\"async\" class=\"aligncenter wp-image-3150 size-large\" src=\"http:\/\/dypall.com\/wp-content\/uploads\/2018\/11\/45487241_2514221615259908_3388640956440903680_o-1024x683.jpg\" alt=\"\" width=\"960\" height=\"640\" \/><\/p>\n<p><img loading=\"lazy\" decoding=\"async\" class=\"aligncenter wp-image-3146 size-large\" src=\"http:\/\/dypall.com\/wp-content\/uploads\/2018\/11\/45414766_2514220948593308_3188803987948175360_o-1024x683.jpg\" alt=\"\" width=\"960\" height=\"640\" \/><\/p>\n<p><img loading=\"lazy\" decoding=\"async\" class=\"aligncenter wp-image-3152 size-large\" src=\"http:\/\/dypall.com\/wp-content\/uploads\/2018\/11\/45493682_2514222051926531_3426761655936090112_o-1024x683.jpg\" alt=\"\" width=\"960\" height=\"640\" \/><\/p>\n<p>&nbsp;<\/p>\n<p>&nbsp;<\/p>","protected":false},"excerpt":{"rendered":"<p>Te\u010daj podnog osposobljavanja za mlade, koji je organizirala mre\u017ea DYPALL, odr\u017ean je od 28. listopada do 4. studenoga u Fund\u00e3u i Lisabonu (Portugal). Te\u010daj je osmi\u0161ljen za op\u0107inske slu\u017ebenike, osobe koje rade s mladima i \u010dlanove vije\u0107a mladih ili drugih mehanizama sudjelovanja unutar op\u0107ine (lokalno upravljanje). Edukacija je okupila 23 polaznika iz Danske... <a class=\"more-link\" href=\"https:\/\/dypall.com\/hr\/activity\/training-course-youth-takes-the-floor\/\">Nastavi \u010ditati <span class=\"screen-reader-text\">Youth Takes the Floor \u2013 Te\u010daj osposobljavanja<\/span><\/a><\/p>","protected":false},"author":2,"featured_media":3144,"comment_status":"closed","ping_status":"open","sticky":false,"template":"","format":"standard","meta":{"_acf_changed":false,"_jetpack_memberships_contains_paid_content":false,"footnotes":""},"categories":[111,141],"tags":[136],"class_list":["post-3130","post","type-post","status-publish","format-standard","has-post-thumbnail","hentry","category-activity","category-training-course","tag-training-course","entry"],"acf":[],"yoast_head":"<!-- This site is optimized with the Yoast SEO plugin v22.8 - https:\/\/yoast.com\/wordpress\/plugins\/seo\/ -->\n<title>Youth Takes the Floor - Training Course - DYPALL Network<\/title>\n<meta name=\"robots\" content=\"index, follow, max-snippet:-1, max-image-preview:large, max-video-preview:-1\" \/>\n<link rel=\"canonical\" href=\"https:\/\/dypall.com\/hr\/activity\/training-course-youth-takes-the-floor\/\" \/>\n<meta property=\"og:locale\" content=\"hr_HR\" \/>\n<meta property=\"og:type\" content=\"article\" \/>\n<meta property=\"og:title\" content=\"Youth Takes the Floor - Training Course - DYPALL Network\" \/>\n<meta property=\"og:description\" content=\"The Youth Takes the Floor Training Course, organized by DYPALL Network, took place from 28th October &#8211; 4th November in Fund\u00e3o and Lisbon (Portugal). The Training Course was designed for municipality officers, youth workers and members of youth councils or other participation mechanisms within the municipality (local governance). The training gathered 23 participants from Denmark,&hellip; Nastavi \u010ditati Youth Takes the Floor &#8211; Training Course\" \/>\n<meta property=\"og:url\" content=\"https:\/\/dypall.com\/hr\/activity\/training-course-youth-takes-the-floor\/\" \/>\n<meta property=\"og:site_name\" content=\"DYPALL Network\" \/>\n<meta property=\"article:published_time\" content=\"2018-11-08T16:56:37+00:00\" \/>\n<meta name=\"author\" content=\"dypall\" \/>\n<meta name=\"twitter:card\" content=\"summary_large_image\" \/>\n<meta name=\"twitter:label1\" content=\"Written by\" \/>\n\t<meta name=\"twitter:data1\" content=\"dypall\" \/>\n\t<meta name=\"twitter:label2\" content=\"Est. reading time\" \/>\n\t<meta name=\"twitter:data2\" content=\"1 minuta\" \/>\n<script type=\"application\/ld+json\" class=\"yoast-schema-graph\">{\"@context\":\"https:\/\/schema.org\",\"@graph\":[{\"@type\":\"WebPage\",\"@id\":\"https:\/\/dypall.com\/activity\/training-course-youth-takes-the-floor\/\",\"url\":\"https:\/\/dypall.com\/activity\/training-course-youth-takes-the-floor\/\",\"name\":\"Youth Takes the Floor - Training Course - DYPALL Network\",\"isPartOf\":{\"@id\":\"https:\/\/dypall.com\/#website\"},\"primaryImageOfPage\":{\"@id\":\"https:\/\/dypall.com\/activity\/training-course-youth-takes-the-floor\/#primaryimage\"},\"image\":{\"@id\":\"https:\/\/dypall.com\/activity\/training-course-youth-takes-the-floor\/#primaryimage\"},\"thumbnailUrl\":\"\",\"datePublished\":\"2018-11-08T16:56:37+00:00\",\"dateModified\":\"2018-11-08T16:56:37+00:00\",\"author\":{\"@id\":\"https:\/\/dypall.com\/#\/schema\/person\/206350efe851997fcdedef75d118766b\"},\"breadcrumb\":{\"@id\":\"https:\/\/dypall.com\/activity\/training-course-youth-takes-the-floor\/#breadcrumb\"},\"inLanguage\":\"hr\",\"potentialAction\":[{\"@type\":\"ReadAction\",\"target\":[\"https:\/\/dypall.com\/activity\/training-course-youth-takes-the-floor\/\"]}]},{\"@type\":\"ImageObject\",\"inLanguage\":\"hr\",\"@id\":\"https:\/\/dypall.com\/activity\/training-course-youth-takes-the-floor\/#primaryimage\",\"url\":\"\",\"contentUrl\":\"\"},{\"@type\":\"BreadcrumbList\",\"@id\":\"https:\/\/dypall.com\/activity\/training-course-youth-takes-the-floor\/#breadcrumb\",\"itemListElement\":[{\"@type\":\"ListItem\",\"position\":1,\"name\":\"Home\",\"item\":\"https:\/\/dypall.com\/\"},{\"@type\":\"ListItem\",\"position\":2,\"name\":\"Youth Takes the Floor &#8211; Training Course\"}]},{\"@type\":\"WebSite\",\"@id\":\"https:\/\/dypall.com\/#website\",\"url\":\"https:\/\/dypall.com\/\",\"name\":\"DYPALL Network\",\"description\":\"We are a European network of civil society organisations, municipalities and research institutions dedicated to improving democracy through youth participation.\",\"potentialAction\":[{\"@type\":\"SearchAction\",\"target\":{\"@type\":\"EntryPoint\",\"urlTemplate\":\"https:\/\/dypall.com\/?s={search_term_string}\"},\"query-input\":\"required name=search_term_string\"}],\"inLanguage\":\"hr\"},{\"@type\":\"Person\",\"@id\":\"https:\/\/dypall.com\/#\/schema\/person\/206350efe851997fcdedef75d118766b\",\"name\":\"dypall\",\"image\":{\"@type\":\"ImageObject\",\"inLanguage\":\"hr\",\"@id\":\"https:\/\/dypall.com\/#\/schema\/person\/image\/\",\"url\":\"https:\/\/secure.gravatar.com\/avatar\/14e8d3d8841cd0bdf69915120bcf9fcfac1567f1dc7035664907322ac47efe29?s=96&d=mm&r=g\",\"contentUrl\":\"https:\/\/secure.gravatar.com\/avatar\/14e8d3d8841cd0bdf69915120bcf9fcfac1567f1dc7035664907322ac47efe29?s=96&d=mm&r=g\",\"caption\":\"dypall\"},\"url\":\"https:\/\/dypall.com\/hr\/author\/dypall_info\/\"}]}<\/script>\n<!-- \/ Yoast SEO plugin. -->","yoast_head_json":{"title":"Youth Takes the Floor - Training Course - DYPALL Network","robots":{"index":"index","follow":"follow","max-snippet":"max-snippet:-1","max-image-preview":"max-image-preview:large","max-video-preview":"max-video-preview:-1"},"canonical":"https:\/\/dypall.com\/hr\/activity\/training-course-youth-takes-the-floor\/","og_locale":"hr_HR","og_type":"article","og_title":"Youth Takes the Floor - Training Course - DYPALL Network","og_description":"The Youth Takes the Floor Training Course, organized by DYPALL Network, took place from 28th October &#8211; 4th November in Fund\u00e3o and Lisbon (Portugal). The Training Course was designed for municipality officers, youth workers and members of youth councils or other participation mechanisms within the municipality (local governance). The training gathered 23 participants from Denmark,&hellip; Nastavi \u010ditati Youth Takes the Floor &#8211; Training Course","og_url":"https:\/\/dypall.com\/hr\/activity\/training-course-youth-takes-the-floor\/","og_site_name":"DYPALL Network","article_published_time":"2018-11-08T16:56:37+00:00","author":"dypall","twitter_card":"summary_large_image","twitter_misc":{"Written by":"dypall","Est. reading time":"1 minuta"},"schema":{"@context":"https:\/\/schema.org","@graph":[{"@type":"WebPage","@id":"https:\/\/dypall.com\/activity\/training-course-youth-takes-the-floor\/","url":"https:\/\/dypall.com\/activity\/training-course-youth-takes-the-floor\/","name":"Youth Takes the Floor - Training Course - DYPALL Network","isPartOf":{"@id":"https:\/\/dypall.com\/#website"},"primaryImageOfPage":{"@id":"https:\/\/dypall.com\/activity\/training-course-youth-takes-the-floor\/#primaryimage"},"image":{"@id":"https:\/\/dypall.com\/activity\/training-course-youth-takes-the-floor\/#primaryimage"},"thumbnailUrl":"","datePublished":"2018-11-08T16:56:37+00:00","dateModified":"2018-11-08T16:56:37+00:00","author":{"@id":"https:\/\/dypall.com\/#\/schema\/person\/206350efe851997fcdedef75d118766b"},"breadcrumb":{"@id":"https:\/\/dypall.com\/activity\/training-course-youth-takes-the-floor\/#breadcrumb"},"inLanguage":"hr","potentialAction":[{"@type":"ReadAction","target":["https:\/\/dypall.com\/activity\/training-course-youth-takes-the-floor\/"]}]},{"@type":"ImageObject","inLanguage":"hr","@id":"https:\/\/dypall.com\/activity\/training-course-youth-takes-the-floor\/#primaryimage","url":"","contentUrl":""},{"@type":"BreadcrumbList","@id":"https:\/\/dypall.com\/activity\/training-course-youth-takes-the-floor\/#breadcrumb","itemListElement":[{"@type":"ListItem","position":1,"name":"Home","item":"https:\/\/dypall.com\/"},{"@type":"ListItem","position":2,"name":"Youth Takes the Floor &#8211; Training Course"}]},{"@type":"WebSite","@id":"https:\/\/dypall.com\/#website","url":"https:\/\/dypall.com\/","name":"DYPALL Network","description":"We are a European network of civil society organisations, municipalities and research institutions dedicated to improving democracy through youth participation.","potentialAction":[{"@type":"SearchAction","target":{"@type":"EntryPoint","urlTemplate":"https:\/\/dypall.com\/?s={search_term_string}"},"query-input":"required name=search_term_string"}],"inLanguage":"hr"},{"@type":"Person","@id":"https:\/\/dypall.com\/#\/schema\/person\/206350efe851997fcdedef75d118766b","name":"dypall","image":{"@type":"ImageObject","inLanguage":"hr","@id":"https:\/\/dypall.com\/#\/schema\/person\/image\/","url":"https:\/\/secure.gravatar.com\/avatar\/14e8d3d8841cd0bdf69915120bcf9fcfac1567f1dc7035664907322ac47efe29?s=96&d=mm&r=g","contentUrl":"https:\/\/secure.gravatar.com\/avatar\/14e8d3d8841cd0bdf69915120bcf9fcfac1567f1dc7035664907322ac47efe29?s=96&d=mm&r=g","caption":"dypall"},"url":"https:\/\/dypall.com\/hr\/author\/dypall_info\/"}]}},"jetpack_featured_media_url":"","jetpack_sharing_enabled":true,"_links":{"self":[{"href":"https:\/\/dypall.com\/hr\/wp-json\/wp\/v2\/posts\/3130","targetHints":{"allow":["GET"]}}],"collection":[{"href":"https:\/\/dypall.com\/hr\/wp-json\/wp\/v2\/posts"}],"about":[{"href":"https:\/\/dypall.com\/hr\/wp-json\/wp\/v2\/types\/post"}],"author":[{"embeddable":true,"href":"https:\/\/dypall.com\/hr\/wp-json\/wp\/v2\/users\/2"}],"replies":[{"embeddable":true,"href":"https:\/\/dypall.com\/hr\/wp-json\/wp\/v2\/comments?post=3130"}],"version-history":[{"count":0,"href":"https:\/\/dypall.com\/hr\/wp-json\/wp\/v2\/posts\/3130\/revisions"}],"wp:featuredmedia":[{"embeddable":true,"href":"https:\/\/dypall.com\/hr\/wp-json\/"}],"wp:attachment":[{"href":"https:\/\/dypall.com\/hr\/wp-json\/wp\/v2\/media?parent=3130"}],"wp:term":[{"taxonomy":"category","embeddable":true,"href":"https:\/\/dypall.com\/hr\/wp-json\/wp\/v2\/categories?post=3130"},{"taxonomy":"post_tag","embeddable":true,"href":"https:\/\/dypall.com\/hr\/wp-json\/wp\/v2\/tags?post=3130"}],"curies":[{"name":"wp","href":"https:\/\/api.w.org\/{rel}","templated":true}]}}