{"id":2730,"date":"2017-12-13T15:04:15","date_gmt":"2017-12-13T14:04:15","guid":{"rendered":"http:\/\/dypall.com\/?p=2730"},"modified":"2017-12-13T15:04:15","modified_gmt":"2017-12-13T14:04:15","slug":"training-course-young-migrant-voices","status":"publish","type":"post","link":"https:\/\/dypall.com\/hr\/activity\/training-course-young-migrant-voices\/","title":{"rendered":"Te\u010daj osposobljavanja \u201eGlasovi mladih migranata\u201d"},"content":{"rendered":"<p>\u201eGlasovi mladih migranata: te\u010daj osposobljavanja za poticanje sudjelovanja mladih migranata u postupcima dono\u0161enja odluka na lokalnoj razini\u201d odr\u017ean je od 3. do 9. prosinca 2017. u Lisabonu u Portugalu. Okupila je 30 osoba koje rade s mladima iz deset razli\u010ditih zemalja (Njema\u010dka, Nizozemska, Turska, Makedonija, Finska, Malta, Rumunjska, Italija, Slova\u010dka i Portugal) kako bi istra\u017eila va\u017enost i izazove sudjelovanja mladih migranata i mladih migrantskog podrijetla na lokalnoj razini.<\/p>\n<p>Tijekom osposobljavanja sudionici su imali priliku razmjenjivati i promicati stvarnost i dobre prakse u pogledu suradnje izme\u0111u lokalnih vlasti i organizacija civilnog dru\u0161tva radi uklju\u010divanja mladih migranata u postupke dono\u0161enja odluka; da pobolj\u0161aju svoje vje\u0161tine u pogledu motiviranja i aktivnog uklju\u010divanja mladih migranata i mladih migrantskog podrijetla u pobolj\u0161anje zajednica u kojima \u017eive; kako pove\u0107ati uklju\u010denost svih dionika u proces integracije mladih migranata u postupke dono\u0161enja odluka i kako poduprijeti integraciju mladih migranata i me\u0111u njima razviti osje\u0107aj pripadnosti u zajednicama doma\u0107inima.<\/p>\n<p>U sklopu programa obuke posjetili smo\u00a0<span style=\"color: #3366ff;\"><a style=\"color: #3366ff;\" href=\"http:\/\/www.acm.gov.pt\/acm\">Visoki povjerenik za migracije<\/a><\/span>\u00a0kao i dva projekta unutar <span style=\"color: #3366ff;\"><a style=\"color: #3366ff;\" href=\"http:\/\/www.programaescolhas.pt\/\">Program \u201eIzbori\u201d\u00a0<\/a><\/span>, vladin program kojim se podupire socijalna uklju\u010denost ranjivih mladih osoba u \u010detvrtima Apela\u00e7\u00e3o i Quinta do Mocho u Lisabonu.<\/p>\n<p>Jedan dio osposobljavanja, integriran u \u201eOtvoreni tjedan\u201d u Centru za mlade u Lisabonu, na kojem je odr\u017eano osposobljavanje, bio je okrugli stol \u201eSuradnja za uklju\u010divo sudjelovanje mladih\u201d koji se pridru\u017eio sudionicima osposobljavanja zajedno s lokalnim aktivistima za mlade, sudionicima Boot kampa za volontiranje u organizaciji organizacije Youth Coop.\u00a0 Gostuju\u0107i govornici Luisa Magnano (program \u201eChoices\u201d), Cristina Silva (voditeljica Odjela za mlade op\u0107ine Almada), Ana Morgado (radnica mladih), Nuno Loureiro (Nacionalno vije\u0107e mladih u Pragu) i Ludgero Teixeira predstavili su svoj rad na promi\u0161ljanju o uklju\u010divanju mladih migranata i mladih migrantskog podrijetla te va\u017enosti njihova aktivnog sudjelovanja u stvaranju osje\u0107aja pripadnosti zajednici, a time i izgradnji sna\u017enog i uklju\u010divog demokratskog dru\u0161tva.<\/p>\n<p>To je bilo drugo izdanje te\u010daja \u201eMladi migranti\u201d koji je organizirala mre\u017ea DYPALL u partnerstvu s Migrafricom uz potporu programa Erasmus+.<\/p>\n<p><img loading=\"lazy\" decoding=\"async\" class=\"alignnone size-full wp-image-2756\" src=\"http:\/\/dypall.com\/wp-content\/uploads\/2017\/12\/IMG_0558-1.jpg\" alt=\"\" width=\"1920\" height=\"1280\" \/><\/p>\n<p><img loading=\"lazy\" decoding=\"async\" class=\"alignnone size-full wp-image-2755\" src=\"http:\/\/dypall.com\/wp-content\/uploads\/2017\/12\/IMG_0514.jpg\" alt=\"\" width=\"1920\" height=\"1280\" \/><\/p>\n<p><img loading=\"lazy\" decoding=\"async\" class=\"alignnone size-full wp-image-2751\" src=\"http:\/\/dypall.com\/wp-content\/uploads\/2017\/12\/IMG_0554-1.jpg\" alt=\"\" width=\"1920\" height=\"1280\" \/><\/p>\n<p><img loading=\"lazy\" decoding=\"async\" class=\"alignnone size-full wp-image-2750\" src=\"http:\/\/dypall.com\/wp-content\/uploads\/2017\/12\/IMG_0513.jpg\" alt=\"\" width=\"1920\" height=\"1280\" \/><\/p>\n<p><img loading=\"lazy\" decoding=\"async\" class=\"alignnone size-full wp-image-2748\" src=\"http:\/\/dypall.com\/wp-content\/uploads\/2017\/12\/IMG_0466-1-1.jpg\" alt=\"\" width=\"1920\" height=\"1280\" \/><\/p>\n<p><img loading=\"lazy\" decoding=\"async\" class=\"alignnone size-full wp-image-2747\" src=\"http:\/\/dypall.com\/wp-content\/uploads\/2017\/12\/IMG_0447-1.jpg\" alt=\"\" width=\"1920\" height=\"1280\" \/><\/p>\n<p><img loading=\"lazy\" decoding=\"async\" class=\"alignnone size-full wp-image-2744\" src=\"http:\/\/dypall.com\/wp-content\/uploads\/2017\/12\/IMG_0508-1.jpg\" alt=\"\" width=\"1920\" height=\"1280\" \/><\/p>\n<p><img loading=\"lazy\" decoding=\"async\" class=\"alignnone size-full wp-image-2743\" src=\"http:\/\/dypall.com\/wp-content\/uploads\/2017\/12\/IMG_0491-1.jpg\" alt=\"\" width=\"1920\" height=\"1280\" \/><\/p>\n<p><img loading=\"lazy\" decoding=\"async\" class=\"alignnone size-full wp-image-2738\" src=\"http:\/\/dypall.com\/wp-content\/uploads\/2017\/12\/YMVK-2-page-001.jpg\" alt=\"\" width=\"3508\" height=\"4961\" \/><\/p>","protected":false},"excerpt":{"rendered":"<p>\u201eGlasovi mladih migranata: te\u010daj osposobljavanja za poticanje sudjelovanja mladih migranata u postupcima dono\u0161enja odluka na lokalnoj razini\u201d odr\u017ean je od 3. do 9. prosinca 2017. u Lisabonu u Portugalu. Okupila je 30 osoba koje rade s mladima iz deset razli\u010ditih zemalja (Njema\u010dka, Nizozemska, Turska, Makedonija, Finska, Malta, Rumunjska, Italija, Slova\u010dka i Portugal) kako bi istra\u017eila va\u017enost... <a class=\"more-link\" href=\"https:\/\/dypall.com\/hr\/activity\/training-course-young-migrant-voices\/\">Nastavi \u010ditati <span class=\"screen-reader-text\">Te\u010daj osposobljavanja \u201eGlasovi mladih migranata\u201d<\/span><\/a><\/p>","protected":false},"author":1,"featured_media":2747,"comment_status":"closed","ping_status":"open","sticky":false,"template":"","format":"standard","meta":{"_acf_changed":false,"_jetpack_memberships_contains_paid_content":false,"footnotes":""},"categories":[111,141],"tags":[136],"class_list":["post-2730","post","type-post","status-publish","format-standard","has-post-thumbnail","hentry","category-activity","category-training-course","tag-training-course","entry"],"acf":[],"yoast_head":"<!-- This site is optimized with the Yoast SEO plugin v22.8 - https:\/\/yoast.com\/wordpress\/plugins\/seo\/ -->\n<title>Training Course &quot;Young Migrant Voices&quot; - DYPALL Network<\/title>\n<meta name=\"robots\" content=\"index, follow, max-snippet:-1, max-image-preview:large, max-video-preview:-1\" \/>\n<link rel=\"canonical\" href=\"https:\/\/dypall.com\/hr\/activity\/training-course-young-migrant-voices\/\" \/>\n<meta property=\"og:locale\" content=\"hr_HR\" \/>\n<meta property=\"og:type\" content=\"article\" \/>\n<meta property=\"og:title\" content=\"Training Course &quot;Young Migrant Voices&quot; - DYPALL Network\" \/>\n<meta property=\"og:description\" content=\"&#8220;Young Migrant Voices: a training course for boosting participation of young migrants in decision-making processes at local level&#8221; took place from 3rd &#8211; 9th December 2017 in in Lisbon, Portugal. It brought together 30 youth workers from ten different countries (Germany, Netherlands, Turkey, Macedonia, Finland, Malta, Romania, Italy, Slovakia and Portugal) to explore the importance&hellip; Nastavi \u010ditati Training Course &#8220;Young Migrant Voices&#8221;\" \/>\n<meta property=\"og:url\" content=\"https:\/\/dypall.com\/hr\/activity\/training-course-young-migrant-voices\/\" \/>\n<meta property=\"og:site_name\" content=\"DYPALL Network\" \/>\n<meta property=\"article:published_time\" content=\"2017-12-13T14:04:15+00:00\" \/>\n<meta name=\"author\" content=\"DYPALL Network\" \/>\n<meta name=\"twitter:card\" content=\"summary_large_image\" \/>\n<meta name=\"twitter:label1\" content=\"Written by\" \/>\n\t<meta name=\"twitter:data1\" content=\"DYPALL Network\" \/>\n\t<meta name=\"twitter:label2\" content=\"Est. reading time\" \/>\n\t<meta name=\"twitter:data2\" content=\"2 minute\" \/>\n<script type=\"application\/ld+json\" class=\"yoast-schema-graph\">{\"@context\":\"https:\/\/schema.org\",\"@graph\":[{\"@type\":\"WebPage\",\"@id\":\"https:\/\/dypall.com\/activity\/training-course-young-migrant-voices\/\",\"url\":\"https:\/\/dypall.com\/activity\/training-course-young-migrant-voices\/\",\"name\":\"Training Course \\\"Young Migrant Voices\\\" - DYPALL Network\",\"isPartOf\":{\"@id\":\"https:\/\/dypall.com\/#website\"},\"primaryImageOfPage\":{\"@id\":\"https:\/\/dypall.com\/activity\/training-course-young-migrant-voices\/#primaryimage\"},\"image\":{\"@id\":\"https:\/\/dypall.com\/activity\/training-course-young-migrant-voices\/#primaryimage\"},\"thumbnailUrl\":\"\",\"datePublished\":\"2017-12-13T14:04:15+00:00\",\"dateModified\":\"2017-12-13T14:04:15+00:00\",\"author\":{\"@id\":\"https:\/\/dypall.com\/#\/schema\/person\/f92e08aa15c8ba711a9d153129f03377\"},\"breadcrumb\":{\"@id\":\"https:\/\/dypall.com\/activity\/training-course-young-migrant-voices\/#breadcrumb\"},\"inLanguage\":\"hr\",\"potentialAction\":[{\"@type\":\"ReadAction\",\"target\":[\"https:\/\/dypall.com\/activity\/training-course-young-migrant-voices\/\"]}]},{\"@type\":\"ImageObject\",\"inLanguage\":\"hr\",\"@id\":\"https:\/\/dypall.com\/activity\/training-course-young-migrant-voices\/#primaryimage\",\"url\":\"\",\"contentUrl\":\"\"},{\"@type\":\"BreadcrumbList\",\"@id\":\"https:\/\/dypall.com\/activity\/training-course-young-migrant-voices\/#breadcrumb\",\"itemListElement\":[{\"@type\":\"ListItem\",\"position\":1,\"name\":\"Home\",\"item\":\"https:\/\/dypall.com\/\"},{\"@type\":\"ListItem\",\"position\":2,\"name\":\"Training Course &#8220;Young Migrant Voices&#8221;\"}]},{\"@type\":\"WebSite\",\"@id\":\"https:\/\/dypall.com\/#website\",\"url\":\"https:\/\/dypall.com\/\",\"name\":\"DYPALL Network\",\"description\":\"We are a European network of civil society organisations, municipalities and research institutions dedicated to improving democracy through youth participation.\",\"potentialAction\":[{\"@type\":\"SearchAction\",\"target\":{\"@type\":\"EntryPoint\",\"urlTemplate\":\"https:\/\/dypall.com\/?s={search_term_string}\"},\"query-input\":\"required name=search_term_string\"}],\"inLanguage\":\"hr\"},{\"@type\":\"Person\",\"@id\":\"https:\/\/dypall.com\/#\/schema\/person\/f92e08aa15c8ba711a9d153129f03377\",\"name\":\"DYPALL Network\",\"image\":{\"@type\":\"ImageObject\",\"inLanguage\":\"hr\",\"@id\":\"https:\/\/dypall.com\/#\/schema\/person\/image\/\",\"url\":\"https:\/\/secure.gravatar.com\/avatar\/9c39e299279800c6d69c5e02cf613e7bab060889f373052a03d7ac399e8f0d3c?s=96&d=mm&r=g\",\"contentUrl\":\"https:\/\/secure.gravatar.com\/avatar\/9c39e299279800c6d69c5e02cf613e7bab060889f373052a03d7ac399e8f0d3c?s=96&d=mm&r=g\",\"caption\":\"DYPALL Network\"},\"sameAs\":[\"https:\/\/dypall.com\"],\"url\":\"https:\/\/dypall.com\/hr\/author\/dypall\/\"}]}<\/script>\n<!-- \/ Yoast SEO plugin. -->","yoast_head_json":{"title":"Training Course \"Young Migrant Voices\" - DYPALL Network","robots":{"index":"index","follow":"follow","max-snippet":"max-snippet:-1","max-image-preview":"max-image-preview:large","max-video-preview":"max-video-preview:-1"},"canonical":"https:\/\/dypall.com\/hr\/activity\/training-course-young-migrant-voices\/","og_locale":"hr_HR","og_type":"article","og_title":"Training Course \"Young Migrant Voices\" - DYPALL Network","og_description":"&#8220;Young Migrant Voices: a training course for boosting participation of young migrants in decision-making processes at local level&#8221; took place from 3rd &#8211; 9th December 2017 in in Lisbon, Portugal. It brought together 30 youth workers from ten different countries (Germany, Netherlands, Turkey, Macedonia, Finland, Malta, Romania, Italy, Slovakia and Portugal) to explore the importance&hellip; Nastavi \u010ditati Training Course &#8220;Young Migrant Voices&#8221;","og_url":"https:\/\/dypall.com\/hr\/activity\/training-course-young-migrant-voices\/","og_site_name":"DYPALL Network","article_published_time":"2017-12-13T14:04:15+00:00","author":"DYPALL Network","twitter_card":"summary_large_image","twitter_misc":{"Written by":"DYPALL Network","Est. reading time":"2 minute"},"schema":{"@context":"https:\/\/schema.org","@graph":[{"@type":"WebPage","@id":"https:\/\/dypall.com\/activity\/training-course-young-migrant-voices\/","url":"https:\/\/dypall.com\/activity\/training-course-young-migrant-voices\/","name":"Training Course \"Young Migrant Voices\" - DYPALL Network","isPartOf":{"@id":"https:\/\/dypall.com\/#website"},"primaryImageOfPage":{"@id":"https:\/\/dypall.com\/activity\/training-course-young-migrant-voices\/#primaryimage"},"image":{"@id":"https:\/\/dypall.com\/activity\/training-course-young-migrant-voices\/#primaryimage"},"thumbnailUrl":"","datePublished":"2017-12-13T14:04:15+00:00","dateModified":"2017-12-13T14:04:15+00:00","author":{"@id":"https:\/\/dypall.com\/#\/schema\/person\/f92e08aa15c8ba711a9d153129f03377"},"breadcrumb":{"@id":"https:\/\/dypall.com\/activity\/training-course-young-migrant-voices\/#breadcrumb"},"inLanguage":"hr","potentialAction":[{"@type":"ReadAction","target":["https:\/\/dypall.com\/activity\/training-course-young-migrant-voices\/"]}]},{"@type":"ImageObject","inLanguage":"hr","@id":"https:\/\/dypall.com\/activity\/training-course-young-migrant-voices\/#primaryimage","url":"","contentUrl":""},{"@type":"BreadcrumbList","@id":"https:\/\/dypall.com\/activity\/training-course-young-migrant-voices\/#breadcrumb","itemListElement":[{"@type":"ListItem","position":1,"name":"Home","item":"https:\/\/dypall.com\/"},{"@type":"ListItem","position":2,"name":"Training Course &#8220;Young Migrant Voices&#8221;"}]},{"@type":"WebSite","@id":"https:\/\/dypall.com\/#website","url":"https:\/\/dypall.com\/","name":"DYPALL Network","description":"We are a European network of civil society organisations, municipalities and research institutions dedicated to improving democracy through youth participation.","potentialAction":[{"@type":"SearchAction","target":{"@type":"EntryPoint","urlTemplate":"https:\/\/dypall.com\/?s={search_term_string}"},"query-input":"required name=search_term_string"}],"inLanguage":"hr"},{"@type":"Person","@id":"https:\/\/dypall.com\/#\/schema\/person\/f92e08aa15c8ba711a9d153129f03377","name":"DYPALL Network","image":{"@type":"ImageObject","inLanguage":"hr","@id":"https:\/\/dypall.com\/#\/schema\/person\/image\/","url":"https:\/\/secure.gravatar.com\/avatar\/9c39e299279800c6d69c5e02cf613e7bab060889f373052a03d7ac399e8f0d3c?s=96&d=mm&r=g","contentUrl":"https:\/\/secure.gravatar.com\/avatar\/9c39e299279800c6d69c5e02cf613e7bab060889f373052a03d7ac399e8f0d3c?s=96&d=mm&r=g","caption":"DYPALL Network"},"sameAs":["https:\/\/dypall.com"],"url":"https:\/\/dypall.com\/hr\/author\/dypall\/"}]}},"jetpack_featured_media_url":"","jetpack_sharing_enabled":true,"_links":{"self":[{"href":"https:\/\/dypall.com\/hr\/wp-json\/wp\/v2\/posts\/2730","targetHints":{"allow":["GET"]}}],"collection":[{"href":"https:\/\/dypall.com\/hr\/wp-json\/wp\/v2\/posts"}],"about":[{"href":"https:\/\/dypall.com\/hr\/wp-json\/wp\/v2\/types\/post"}],"author":[{"embeddable":true,"href":"https:\/\/dypall.com\/hr\/wp-json\/wp\/v2\/users\/1"}],"replies":[{"embeddable":true,"href":"https:\/\/dypall.com\/hr\/wp-json\/wp\/v2\/comments?post=2730"}],"version-history":[{"count":0,"href":"https:\/\/dypall.com\/hr\/wp-json\/wp\/v2\/posts\/2730\/revisions"}],"wp:featuredmedia":[{"embeddable":true,"href":"https:\/\/dypall.com\/hr\/wp-json\/"}],"wp:attachment":[{"href":"https:\/\/dypall.com\/hr\/wp-json\/wp\/v2\/media?parent=2730"}],"wp:term":[{"taxonomy":"category","embeddable":true,"href":"https:\/\/dypall.com\/hr\/wp-json\/wp\/v2\/categories?post=2730"},{"taxonomy":"post_tag","embeddable":true,"href":"https:\/\/dypall.com\/hr\/wp-json\/wp\/v2\/tags?post=2730"}],"curies":[{"name":"wp","href":"https:\/\/api.w.org\/{rel}","templated":true}]}}