{"id":8313,"date":"2025-05-28T14:58:58","date_gmt":"2025-05-28T14:58:58","guid":{"rendered":"https:\/\/dypall.com\/?p=8313"},"modified":"2025-05-28T14:58:59","modified_gmt":"2025-05-28T14:58:59","slug":"partnership-building-activity-building-synergies-for-quality-local-democracies-and-study-visit-youth-participation-for-quality-local-democracies-in-braga-portugal","status":"publish","type":"post","link":"https:\/\/dypall.com\/fr\/activity\/partnership-building-activity-building-synergies-for-quality-local-democracies-and-study-visit-youth-participation-for-quality-local-democracies-in-braga-portugal\/","title":{"rendered":"Activit\u00e9 de renforcement des partenariats \u00abConstruire des synergies pour des d\u00e9mocraties locales de qualit\u00e9\u00bb et visite d\u2019\u00e9tude \u00abParticipation des jeunes \u00e0 des d\u00e9mocraties locales de qualit\u00e9\u00bb \u00e0 Braga, au Portugal."},"content":{"rendered":"<p>L\u2019activit\u00e9 de renforcement des partenariats <strong><em>\u00abConstruire des synergies pour des d\u00e9mocraties locales de qualit\u00e9\u00bb<\/em><\/strong> et la visite d'\u00e9tude <strong><em>\u00abLa participation des jeunes pour des d\u00e9mocraties locales de qualit\u00e9\u00bb<\/em><\/strong>, deux \u00e9v\u00e9nements parall\u00e8les organis\u00e9s par le r\u00e9seau DYPALL en coop\u00e9ration avec la municipalit\u00e9 de Braga, ont eu lieu du 12 au 17 mai \u00e0 Braga, au Portugal.<\/p>\n\n\n\n<p><br>Au cours de la semaine, des participants de 18 pays se sont r\u00e9unis pour explorer les cadres de la politique europ\u00e9enne de la jeunesse. La visite d'\u00e9tude visait \u00e0 construire <strong>des partenariats solides<\/strong> entre <strong>organisations de jeunesse<\/strong> et <strong>animateurs socio-\u00e9ducatifs<\/strong> tout en ouvrant un espace pour de nouveaux projets, tandis que le PBA visait \u00e0 cr\u00e9er un espace d\u2019\u00e9change de diff\u00e9rentes r\u00e9alit\u00e9s, \u00e0 promouvoir les bonnes pratiques, les m\u00e9thodologies et les outils et \u00e0 d\u00e9velopper des projets de coop\u00e9ration sur le th\u00e8me de la participation des jeunes \u00e0 la prise de d\u00e9cision au niveau local dans le cadre de l\u2019alignement de la politique de l\u2019emploi. <strong>Strat\u00e9gie de l\u2019UE en faveur de la jeunesse pour la p\u00e9riode 2019-2027<\/strong> et la <strong>Programme Erasmus+<\/strong>.<\/p>\n\n\n\n<p><br>La visite d'\u00e9tude a permis aux participants de d\u00e9couvrir <strong>Synergia<\/strong>, une organisation qui soutient les enfants handicap\u00e9s et les personnes \u00e2g\u00e9es en leur offrant des espaces de loisirs et d\u2019activit\u00e9s. Il s\u2019agit de l\u2019une des plus grandes organisations de Braga, qui g\u00e8re plusieurs espaces publics, y compris un espace m\u00e9dical utilis\u00e9 pour diff\u00e9rentes activit\u00e9s.<br><\/p>\n\n\n\n<p>Une autre organisation qu'ils ont visit\u00e9e est l'\u00e9cole <strong>radio Dona<\/strong>, l'un des plus grands de Braga. Ils ont un projet de radio inclusif qui aide \u00e0 rendre les vacances scolaires plus amusantes en jouant de la musique et en faisant des annonces. Dans le cadre d'un projet d'inclusion, ils utilisent ces t\u00e9l\u00e9viseurs pour afficher du contenu pour les \u00e9tudiants sourds.<\/p>\n\n\n\n<p><br>Enfin, la visite du <strong>Croix-Rouge Braga<\/strong> nous a montr\u00e9 comment ils aident les Roms \u00e0 s\u2019int\u00e9grer dans la communaut\u00e9, en les encourageant \u00e0 trouver un emploi, \u00e0 s\u2019impliquer et \u00e0 participer \u00e0 des activit\u00e9s culturelles. Ils travaillent \u00e9galement avec les jeunes, en promouvant le volontariat et la participation politique, et collaborent avec des associations \u00e9tudiantes.<\/p>\n\n\n\n<p><br>Sp\u00e9cifiquement con\u00e7ue pour les membres du r\u00e9seau DYPALL, l'activit\u00e9 PBA a servi de plate-forme pour la mise en r\u00e9seau et la connaissance d'autres organisations europ\u00e9ennes travaillant sur le terrain afin de d\u00e9velopper des projets susceptibles de promouvoir la participation des jeunes \u00e0 la conception des politiques locales et de r\u00e9fl\u00e9chir \u00e0 l'\u00e9tat de la d\u00e9mocratie. Les participants ont explor\u00e9 le cadre du soutien fourni dans le cadre du programme Erasmus+ et ont examin\u00e9 de plus pr\u00e8s les priorit\u00e9s qu\u2019il promeut et les actions cl\u00e9s qu\u2019il propose en tant qu\u2019outils pour soutenir leurs id\u00e9es de projet.<\/p>\n\n\n\n<p><br>Les activit\u00e9s ont \u00e9t\u00e9 cofinanc\u00e9es par le programme Erasmus+ de l\u2019Union europ\u00e9enne par l\u2019interm\u00e9diaire de l\u2019Agence nationale portugaise et ont vu la participation des organisations suivantes:<br>Association des conseils locaux de Malte, Centar E8, Youth Horizon, CARE Caucasus, INEDNET Information and Education Development Network Armenia, Association pour l\u2019habitat, Agenzia per la Promozione dei Giovani APS, Jeunesse pour la d\u00e9mocratie (G\u00e9orgie), Asociatia Nuclee, Democracy and Law Youth Association, R\u00e9seau danois des conseils locaux de la jeunesse, Donum Animus, Fondation pour le d\u00e9veloppement rural, Fondation d\u00e9sINFORM\u00c9E, National Jeugdraad (Conseil national n\u00e9erlandais de la jeunesse), Municipalit\u00e9 de Mitrovica, Acad\u00e9mie d\u2019\u00e9tudes techniques et pr\u00e9scolaires appliqu\u00e9es, Euro-Med Jugendverband e.V., Institut de communication non violente de Berlin, Level-Up Ukraine: Open Hub for Development and Initiatives, Conseil de la jeunesse de Paris, Fondation pour la d\u00e9mocratie locale et le d\u00e9veloppement, Focus and Youth Center Veles, Mouvement pour une Europe coop\u00e9rative.<\/p>\n\n\n\n<figure class=\"wp-block-gallery has-nested-images columns-default is-cropped wp-block-gallery-1 is-layout-flex wp-block-gallery-is-layout-flex\">\n<figure class=\"wp-block-image size-large\"><img loading=\"lazy\" decoding=\"async\" width=\"2560\" height=\"1707\" data-id=\"8321\" src=\"https:\/\/dypall.com\/wp-content\/uploads\/2025\/05\/DSC_0020-scaled.jpg\" alt=\"\" class=\"wp-image-8321\" srcset=\"https:\/\/dypall.com\/wp-content\/uploads\/2025\/05\/DSC_0020-scaled.jpg 2560w, https:\/\/dypall.com\/wp-content\/uploads\/2025\/05\/DSC_0020-768x512.jpg 768w, https:\/\/dypall.com\/wp-content\/uploads\/2025\/05\/DSC_0020-1536x1024.jpg 1536w, https:\/\/dypall.com\/wp-content\/uploads\/2025\/05\/DSC_0020-2048x1365.jpg 2048w, https:\/\/dypall.com\/wp-content\/uploads\/2025\/05\/DSC_0020-1568x1045.jpg 1568w\" sizes=\"auto, (max-width: 2560px) 100vw, 2560px\" \/><\/figure>\n\n\n\n<figure class=\"wp-block-image size-large\"><img loading=\"lazy\" decoding=\"async\" width=\"2560\" height=\"1707\" data-id=\"8320\" src=\"https:\/\/dypall.com\/wp-content\/uploads\/2025\/05\/DSC_0992-scaled.jpg\" alt=\"\" class=\"wp-image-8320\" srcset=\"https:\/\/dypall.com\/wp-content\/uploads\/2025\/05\/DSC_0992-scaled.jpg 2560w, https:\/\/dypall.com\/wp-content\/uploads\/2025\/05\/DSC_0992-768x512.jpg 768w, https:\/\/dypall.com\/wp-content\/uploads\/2025\/05\/DSC_0992-1536x1024.jpg 1536w, https:\/\/dypall.com\/wp-content\/uploads\/2025\/05\/DSC_0992-2048x1365.jpg 2048w, https:\/\/dypall.com\/wp-content\/uploads\/2025\/05\/DSC_0992-1568x1045.jpg 1568w\" sizes=\"auto, (max-width: 2560px) 100vw, 2560px\" \/><\/figure>\n\n\n\n<figure class=\"wp-block-image size-large\"><img loading=\"lazy\" decoding=\"async\" width=\"2560\" height=\"1707\" data-id=\"8319\" src=\"https:\/\/dypall.com\/wp-content\/uploads\/2025\/05\/DSC_1017-scaled.jpg\" alt=\"\" class=\"wp-image-8319\" srcset=\"https:\/\/dypall.com\/wp-content\/uploads\/2025\/05\/DSC_1017-scaled.jpg 2560w, https:\/\/dypall.com\/wp-content\/uploads\/2025\/05\/DSC_1017-768x512.jpg 768w, https:\/\/dypall.com\/wp-content\/uploads\/2025\/05\/DSC_1017-1536x1024.jpg 1536w, https:\/\/dypall.com\/wp-content\/uploads\/2025\/05\/DSC_1017-2048x1365.jpg 2048w, https:\/\/dypall.com\/wp-content\/uploads\/2025\/05\/DSC_1017-1568x1045.jpg 1568w\" sizes=\"auto, (max-width: 2560px) 100vw, 2560px\" \/><\/figure>\n\n\n\n<figure class=\"wp-block-image size-large\"><img loading=\"lazy\" decoding=\"async\" width=\"2560\" height=\"1707\" data-id=\"8318\" src=\"https:\/\/dypall.com\/wp-content\/uploads\/2025\/05\/DSC_1034-scaled.jpg\" alt=\"\" class=\"wp-image-8318\" srcset=\"https:\/\/dypall.com\/wp-content\/uploads\/2025\/05\/DSC_1034-scaled.jpg 2560w, https:\/\/dypall.com\/wp-content\/uploads\/2025\/05\/DSC_1034-768x512.jpg 768w, https:\/\/dypall.com\/wp-content\/uploads\/2025\/05\/DSC_1034-1536x1024.jpg 1536w, https:\/\/dypall.com\/wp-content\/uploads\/2025\/05\/DSC_1034-2048x1365.jpg 2048w, https:\/\/dypall.com\/wp-content\/uploads\/2025\/05\/DSC_1034-1568x1045.jpg 1568w\" sizes=\"auto, (max-width: 2560px) 100vw, 2560px\" \/><\/figure>\n\n\n\n<figure class=\"wp-block-image size-large\"><img loading=\"lazy\" decoding=\"async\" width=\"2560\" height=\"1707\" data-id=\"8317\" src=\"https:\/\/dypall.com\/wp-content\/uploads\/2025\/05\/DSC09157-scaled.jpg\" alt=\"\" class=\"wp-image-8317\" srcset=\"https:\/\/dypall.com\/wp-content\/uploads\/2025\/05\/DSC09157-scaled.jpg 2560w, https:\/\/dypall.com\/wp-content\/uploads\/2025\/05\/DSC09157-768x512.jpg 768w, https:\/\/dypall.com\/wp-content\/uploads\/2025\/05\/DSC09157-1536x1024.jpg 1536w, https:\/\/dypall.com\/wp-content\/uploads\/2025\/05\/DSC09157-2048x1365.jpg 2048w, https:\/\/dypall.com\/wp-content\/uploads\/2025\/05\/DSC09157-1568x1045.jpg 1568w\" sizes=\"auto, (max-width: 2560px) 100vw, 2560px\" \/><\/figure>\n\n\n\n<figure class=\"wp-block-image size-large\"><img loading=\"lazy\" decoding=\"async\" width=\"2560\" height=\"1707\" data-id=\"8316\" src=\"https:\/\/dypall.com\/wp-content\/uploads\/2025\/05\/DSC09189-scaled.jpg\" alt=\"\" class=\"wp-image-8316\" srcset=\"https:\/\/dypall.com\/wp-content\/uploads\/2025\/05\/DSC09189-scaled.jpg 2560w, https:\/\/dypall.com\/wp-content\/uploads\/2025\/05\/DSC09189-768x512.jpg 768w, https:\/\/dypall.com\/wp-content\/uploads\/2025\/05\/DSC09189-1536x1024.jpg 1536w, https:\/\/dypall.com\/wp-content\/uploads\/2025\/05\/DSC09189-2048x1365.jpg 2048w, https:\/\/dypall.com\/wp-content\/uploads\/2025\/05\/DSC09189-1568x1045.jpg 1568w\" sizes=\"auto, (max-width: 2560px) 100vw, 2560px\" \/><\/figure>\n\n\n\n<figure class=\"wp-block-image size-large\"><img loading=\"lazy\" decoding=\"async\" width=\"2560\" height=\"1707\" data-id=\"8315\" src=\"https:\/\/dypall.com\/wp-content\/uploads\/2025\/05\/DSC09227-scaled.jpg\" alt=\"\" class=\"wp-image-8315\" srcset=\"https:\/\/dypall.com\/wp-content\/uploads\/2025\/05\/DSC09227-scaled.jpg 2560w, https:\/\/dypall.com\/wp-content\/uploads\/2025\/05\/DSC09227-768x512.jpg 768w, https:\/\/dypall.com\/wp-content\/uploads\/2025\/05\/DSC09227-1536x1024.jpg 1536w, https:\/\/dypall.com\/wp-content\/uploads\/2025\/05\/DSC09227-2048x1365.jpg 2048w, https:\/\/dypall.com\/wp-content\/uploads\/2025\/05\/DSC09227-1568x1045.jpg 1568w\" sizes=\"auto, (max-width: 2560px) 100vw, 2560px\" \/><\/figure>\n\n\n\n<figure class=\"wp-block-image size-large\"><img loading=\"lazy\" decoding=\"async\" width=\"2560\" height=\"1920\" data-id=\"8314\" src=\"https:\/\/dypall.com\/wp-content\/uploads\/2025\/05\/IMG_1280-scaled.jpg\" alt=\"\" class=\"wp-image-8314\" srcset=\"https:\/\/dypall.com\/wp-content\/uploads\/2025\/05\/IMG_1280-scaled.jpg 2560w, https:\/\/dypall.com\/wp-content\/uploads\/2025\/05\/IMG_1280-768x576.jpg 768w, https:\/\/dypall.com\/wp-content\/uploads\/2025\/05\/IMG_1280-1536x1152.jpg 1536w, https:\/\/dypall.com\/wp-content\/uploads\/2025\/05\/IMG_1280-2048x1536.jpg 2048w, https:\/\/dypall.com\/wp-content\/uploads\/2025\/05\/IMG_1280-1568x1176.jpg 1568w\" sizes=\"auto, (max-width: 2560px) 100vw, 2560px\" \/><\/figure>\n<\/figure>","protected":false},"excerpt":{"rendered":"<p>L\u2019activit\u00e9 de renforcement des partenariats \u00abConstruire des synergies pour des d\u00e9mocraties locales de qualit\u00e9\u00bb et la visite d\u2019\u00e9tude \u00abParticipation des jeunes \u00e0 des d\u00e9mocraties locales de qualit\u00e9\u00bb, deux \u00e9v\u00e9nements parall\u00e8les organis\u00e9s par le r\u00e9seau DYPALL en coop\u00e9ration avec la municipalit\u00e9 de Braga, ont eu lieu du 12 au 17 mai \u00e0 Braga, au Portugal. Au cours de la semaine, des participants de 18 pays se sont r\u00e9unis pour explorer... <a class=\"more-link\" href=\"https:\/\/dypall.com\/fr\/activity\/partnership-building-activity-building-synergies-for-quality-local-democracies-and-study-visit-youth-participation-for-quality-local-democracies-in-braga-portugal\/\">Poursuivre la lecture <span class=\"screen-reader-text\">Activit\u00e9 de renforcement des partenariats \u00abConstruire des synergies pour des d\u00e9mocraties locales de qualit\u00e9\u00bb et visite d\u2019\u00e9tude \u00abParticipation des jeunes \u00e0 des d\u00e9mocraties locales de qualit\u00e9\u00bb \u00e0 Braga, au Portugal.<\/span><\/a><\/p>","protected":false},"author":5,"featured_media":8319,"comment_status":"closed","ping_status":"open","sticky":false,"template":"","format":"standard","meta":{"_acf_changed":false,"_jetpack_memberships_contains_paid_content":false,"footnotes":""},"categories":[111,152],"tags":[],"class_list":["post-8313","post","type-post","status-publish","format-standard","has-post-thumbnail","hentry","category-activity","category-study-visits","entry"],"acf":[],"yoast_head":"<!-- This site is optimized with the Yoast SEO plugin v22.8 - https:\/\/yoast.com\/wordpress\/plugins\/seo\/ -->\n<title>Partnership building activity \u201cBuilding synergies for quality local democracies\u201d and Study visit \u201cYouth participation for quality local democracies\u201d in Braga, Portugal. - DYPALL Network<\/title>\n<meta name=\"robots\" content=\"index, follow, max-snippet:-1, max-image-preview:large, max-video-preview:-1\" \/>\n<link rel=\"canonical\" href=\"https:\/\/dypall.com\/fr\/activity\/partnership-building-activity-building-synergies-for-quality-local-democracies-and-study-visit-youth-participation-for-quality-local-democracies-in-braga-portugal\/\" \/>\n<meta property=\"og:locale\" content=\"fr_FR\" \/>\n<meta property=\"og:type\" content=\"article\" \/>\n<meta property=\"og:title\" content=\"Partnership building activity \u201cBuilding synergies for quality local democracies\u201d and Study visit \u201cYouth participation for quality local democracies\u201d in Braga, Portugal. - DYPALL Network\" \/>\n<meta property=\"og:description\" content=\"The Partnership building activity \u201cBuilding synergies for quality local democracies\u201d and the Study visit \u201cYouth participation for quality local democracies\u201d, two parallel events organised by DYPALL Network in cooperation with Braga municipality, took place from 12th to 17th May in Braga, Portugal. Over the week, participants from 18 countries came together to explore the European&hellip; Poursuivre la lecture Partnership building activity \u201cBuilding synergies for quality local democracies\u201d and Study visit \u201cYouth participation for quality local democracies\u201d in Braga, Portugal.\" \/>\n<meta property=\"og:url\" content=\"https:\/\/dypall.com\/fr\/activity\/partnership-building-activity-building-synergies-for-quality-local-democracies-and-study-visit-youth-participation-for-quality-local-democracies-in-braga-portugal\/\" \/>\n<meta property=\"og:site_name\" content=\"DYPALL Network\" \/>\n<meta property=\"article:published_time\" content=\"2025-05-28T14:58:58+00:00\" \/>\n<meta property=\"article:modified_time\" content=\"2025-05-28T14:58:59+00:00\" \/>\n<meta property=\"og:image\" content=\"https:\/\/dypall.com\/wp-content\/uploads\/2025\/05\/DSC_1017-scaled.jpg\" \/>\n\t<meta property=\"og:image:width\" content=\"2560\" \/>\n\t<meta property=\"og:image:height\" content=\"1707\" \/>\n\t<meta property=\"og:image:type\" content=\"image\/jpeg\" \/>\n<meta name=\"author\" content=\"DYPALL Network\" \/>\n<meta name=\"twitter:card\" content=\"summary_large_image\" \/>\n<meta name=\"twitter:label1\" content=\"Written by\" \/>\n\t<meta name=\"twitter:data1\" content=\"DYPALL Network\" \/>\n\t<meta name=\"twitter:label2\" content=\"Est. reading time\" \/>\n\t<meta name=\"twitter:data2\" content=\"4 minutes\" \/>\n<script type=\"application\/ld+json\" class=\"yoast-schema-graph\">{\"@context\":\"https:\/\/schema.org\",\"@graph\":[{\"@type\":\"WebPage\",\"@id\":\"https:\/\/dypall.com\/activity\/partnership-building-activity-building-synergies-for-quality-local-democracies-and-study-visit-youth-participation-for-quality-local-democracies-in-braga-portugal\/\",\"url\":\"https:\/\/dypall.com\/activity\/partnership-building-activity-building-synergies-for-quality-local-democracies-and-study-visit-youth-participation-for-quality-local-democracies-in-braga-portugal\/\",\"name\":\"Partnership building activity \u201cBuilding synergies for quality local democracies\u201d and Study visit \u201cYouth participation for quality local democracies\u201d in Braga, Portugal. - DYPALL Network\",\"isPartOf\":{\"@id\":\"https:\/\/dypall.com\/#website\"},\"primaryImageOfPage\":{\"@id\":\"https:\/\/dypall.com\/activity\/partnership-building-activity-building-synergies-for-quality-local-democracies-and-study-visit-youth-participation-for-quality-local-democracies-in-braga-portugal\/#primaryimage\"},\"image\":{\"@id\":\"https:\/\/dypall.com\/activity\/partnership-building-activity-building-synergies-for-quality-local-democracies-and-study-visit-youth-participation-for-quality-local-democracies-in-braga-portugal\/#primaryimage\"},\"thumbnailUrl\":\"https:\/\/dypall.com\/wp-content\/uploads\/2025\/05\/DSC_1017-scaled.jpg\",\"datePublished\":\"2025-05-28T14:58:58+00:00\",\"dateModified\":\"2025-05-28T14:58:59+00:00\",\"author\":{\"@id\":\"https:\/\/dypall.com\/#\/schema\/person\/e87206094ce8bcf88449b35f00e40fb1\"},\"breadcrumb\":{\"@id\":\"https:\/\/dypall.com\/activity\/partnership-building-activity-building-synergies-for-quality-local-democracies-and-study-visit-youth-participation-for-quality-local-democracies-in-braga-portugal\/#breadcrumb\"},\"inLanguage\":\"fr-FR\",\"potentialAction\":[{\"@type\":\"ReadAction\",\"target\":[\"https:\/\/dypall.com\/activity\/partnership-building-activity-building-synergies-for-quality-local-democracies-and-study-visit-youth-participation-for-quality-local-democracies-in-braga-portugal\/\"]}]},{\"@type\":\"ImageObject\",\"inLanguage\":\"fr-FR\",\"@id\":\"https:\/\/dypall.com\/activity\/partnership-building-activity-building-synergies-for-quality-local-democracies-and-study-visit-youth-participation-for-quality-local-democracies-in-braga-portugal\/#primaryimage\",\"url\":\"https:\/\/dypall.com\/wp-content\/uploads\/2025\/05\/DSC_1017-scaled.jpg\",\"contentUrl\":\"https:\/\/dypall.com\/wp-content\/uploads\/2025\/05\/DSC_1017-scaled.jpg\",\"width\":2560,\"height\":1707},{\"@type\":\"BreadcrumbList\",\"@id\":\"https:\/\/dypall.com\/activity\/partnership-building-activity-building-synergies-for-quality-local-democracies-and-study-visit-youth-participation-for-quality-local-democracies-in-braga-portugal\/#breadcrumb\",\"itemListElement\":[{\"@type\":\"ListItem\",\"position\":1,\"name\":\"Home\",\"item\":\"https:\/\/dypall.com\/\"},{\"@type\":\"ListItem\",\"position\":2,\"name\":\"Partnership building activity \u201cBuilding synergies for quality local democracies\u201d and Study visit \u201cYouth participation for quality local democracies\u201d in Braga, Portugal.\"}]},{\"@type\":\"WebSite\",\"@id\":\"https:\/\/dypall.com\/#website\",\"url\":\"https:\/\/dypall.com\/\",\"name\":\"DYPALL Network\",\"description\":\"We are a European network of civil society organisations, municipalities and research institutions dedicated to improving democracy through youth participation.\",\"potentialAction\":[{\"@type\":\"SearchAction\",\"target\":{\"@type\":\"EntryPoint\",\"urlTemplate\":\"https:\/\/dypall.com\/?s={search_term_string}\"},\"query-input\":\"required name=search_term_string\"}],\"inLanguage\":\"fr-FR\"},{\"@type\":\"Person\",\"@id\":\"https:\/\/dypall.com\/#\/schema\/person\/e87206094ce8bcf88449b35f00e40fb1\",\"name\":\"DYPALL Network\",\"image\":{\"@type\":\"ImageObject\",\"inLanguage\":\"fr-FR\",\"@id\":\"https:\/\/dypall.com\/#\/schema\/person\/image\/\",\"url\":\"https:\/\/secure.gravatar.com\/avatar\/1061d2d4c9b4f1a9b496774795b5deac1200dfd1d3abecb8f85cf8b580e6963b?s=96&d=mm&r=g\",\"contentUrl\":\"https:\/\/secure.gravatar.com\/avatar\/1061d2d4c9b4f1a9b496774795b5deac1200dfd1d3abecb8f85cf8b580e6963b?s=96&d=mm&r=g\",\"caption\":\"DYPALL Network\"},\"sameAs\":[\"https:\/\/dypall.com\/\"],\"url\":\"https:\/\/dypall.com\/fr\/author\/dypallonsteroids\/\"}]}<\/script>\n<!-- \/ Yoast SEO plugin. -->","yoast_head_json":{"title":"Partnership building activity \u201cBuilding synergies for quality local democracies\u201d and Study visit \u201cYouth participation for quality local democracies\u201d in Braga, Portugal. - DYPALL Network","robots":{"index":"index","follow":"follow","max-snippet":"max-snippet:-1","max-image-preview":"max-image-preview:large","max-video-preview":"max-video-preview:-1"},"canonical":"https:\/\/dypall.com\/fr\/activity\/partnership-building-activity-building-synergies-for-quality-local-democracies-and-study-visit-youth-participation-for-quality-local-democracies-in-braga-portugal\/","og_locale":"fr_FR","og_type":"article","og_title":"Partnership building activity \u201cBuilding synergies for quality local democracies\u201d and Study visit \u201cYouth participation for quality local democracies\u201d in Braga, Portugal. - DYPALL Network","og_description":"The Partnership building activity \u201cBuilding synergies for quality local democracies\u201d and the Study visit \u201cYouth participation for quality local democracies\u201d, two parallel events organised by DYPALL Network in cooperation with Braga municipality, took place from 12th to 17th May in Braga, Portugal. Over the week, participants from 18 countries came together to explore the European&hellip; Poursuivre la lecture Partnership building activity \u201cBuilding synergies for quality local democracies\u201d and Study visit \u201cYouth participation for quality local democracies\u201d in Braga, Portugal.","og_url":"https:\/\/dypall.com\/fr\/activity\/partnership-building-activity-building-synergies-for-quality-local-democracies-and-study-visit-youth-participation-for-quality-local-democracies-in-braga-portugal\/","og_site_name":"DYPALL Network","article_published_time":"2025-05-28T14:58:58+00:00","article_modified_time":"2025-05-28T14:58:59+00:00","og_image":[{"width":2560,"height":1707,"url":"https:\/\/dypall.com\/wp-content\/uploads\/2025\/05\/DSC_1017-scaled.jpg","type":"image\/jpeg"}],"author":"DYPALL Network","twitter_card":"summary_large_image","twitter_misc":{"Written by":"DYPALL Network","Est. reading time":"4 minutes"},"schema":{"@context":"https:\/\/schema.org","@graph":[{"@type":"WebPage","@id":"https:\/\/dypall.com\/activity\/partnership-building-activity-building-synergies-for-quality-local-democracies-and-study-visit-youth-participation-for-quality-local-democracies-in-braga-portugal\/","url":"https:\/\/dypall.com\/activity\/partnership-building-activity-building-synergies-for-quality-local-democracies-and-study-visit-youth-participation-for-quality-local-democracies-in-braga-portugal\/","name":"Partnership building activity \u201cBuilding synergies for quality local democracies\u201d and Study visit \u201cYouth participation for quality local democracies\u201d in Braga, Portugal. - DYPALL Network","isPartOf":{"@id":"https:\/\/dypall.com\/#website"},"primaryImageOfPage":{"@id":"https:\/\/dypall.com\/activity\/partnership-building-activity-building-synergies-for-quality-local-democracies-and-study-visit-youth-participation-for-quality-local-democracies-in-braga-portugal\/#primaryimage"},"image":{"@id":"https:\/\/dypall.com\/activity\/partnership-building-activity-building-synergies-for-quality-local-democracies-and-study-visit-youth-participation-for-quality-local-democracies-in-braga-portugal\/#primaryimage"},"thumbnailUrl":"https:\/\/dypall.com\/wp-content\/uploads\/2025\/05\/DSC_1017-scaled.jpg","datePublished":"2025-05-28T14:58:58+00:00","dateModified":"2025-05-28T14:58:59+00:00","author":{"@id":"https:\/\/dypall.com\/#\/schema\/person\/e87206094ce8bcf88449b35f00e40fb1"},"breadcrumb":{"@id":"https:\/\/dypall.com\/activity\/partnership-building-activity-building-synergies-for-quality-local-democracies-and-study-visit-youth-participation-for-quality-local-democracies-in-braga-portugal\/#breadcrumb"},"inLanguage":"fr-FR","potentialAction":[{"@type":"ReadAction","target":["https:\/\/dypall.com\/activity\/partnership-building-activity-building-synergies-for-quality-local-democracies-and-study-visit-youth-participation-for-quality-local-democracies-in-braga-portugal\/"]}]},{"@type":"ImageObject","inLanguage":"fr-FR","@id":"https:\/\/dypall.com\/activity\/partnership-building-activity-building-synergies-for-quality-local-democracies-and-study-visit-youth-participation-for-quality-local-democracies-in-braga-portugal\/#primaryimage","url":"https:\/\/dypall.com\/wp-content\/uploads\/2025\/05\/DSC_1017-scaled.jpg","contentUrl":"https:\/\/dypall.com\/wp-content\/uploads\/2025\/05\/DSC_1017-scaled.jpg","width":2560,"height":1707},{"@type":"BreadcrumbList","@id":"https:\/\/dypall.com\/activity\/partnership-building-activity-building-synergies-for-quality-local-democracies-and-study-visit-youth-participation-for-quality-local-democracies-in-braga-portugal\/#breadcrumb","itemListElement":[{"@type":"ListItem","position":1,"name":"Home","item":"https:\/\/dypall.com\/"},{"@type":"ListItem","position":2,"name":"Partnership building activity \u201cBuilding synergies for quality local democracies\u201d and Study visit \u201cYouth participation for quality local democracies\u201d in Braga, Portugal."}]},{"@type":"WebSite","@id":"https:\/\/dypall.com\/#website","url":"https:\/\/dypall.com\/","name":"DYPALL Network","description":"We are a European network of civil society organisations, municipalities and research institutions dedicated to improving democracy through youth participation.","potentialAction":[{"@type":"SearchAction","target":{"@type":"EntryPoint","urlTemplate":"https:\/\/dypall.com\/?s={search_term_string}"},"query-input":"required name=search_term_string"}],"inLanguage":"fr-FR"},{"@type":"Person","@id":"https:\/\/dypall.com\/#\/schema\/person\/e87206094ce8bcf88449b35f00e40fb1","name":"DYPALL Network","image":{"@type":"ImageObject","inLanguage":"fr-FR","@id":"https:\/\/dypall.com\/#\/schema\/person\/image\/","url":"https:\/\/secure.gravatar.com\/avatar\/1061d2d4c9b4f1a9b496774795b5deac1200dfd1d3abecb8f85cf8b580e6963b?s=96&d=mm&r=g","contentUrl":"https:\/\/secure.gravatar.com\/avatar\/1061d2d4c9b4f1a9b496774795b5deac1200dfd1d3abecb8f85cf8b580e6963b?s=96&d=mm&r=g","caption":"DYPALL Network"},"sameAs":["https:\/\/dypall.com\/"],"url":"https:\/\/dypall.com\/fr\/author\/dypallonsteroids\/"}]}},"jetpack_featured_media_url":"https:\/\/dypall.com\/wp-content\/uploads\/2025\/05\/DSC_1017-scaled.jpg","jetpack_sharing_enabled":true,"_links":{"self":[{"href":"https:\/\/dypall.com\/fr\/wp-json\/wp\/v2\/posts\/8313","targetHints":{"allow":["GET"]}}],"collection":[{"href":"https:\/\/dypall.com\/fr\/wp-json\/wp\/v2\/posts"}],"about":[{"href":"https:\/\/dypall.com\/fr\/wp-json\/wp\/v2\/types\/post"}],"author":[{"embeddable":true,"href":"https:\/\/dypall.com\/fr\/wp-json\/wp\/v2\/users\/5"}],"replies":[{"embeddable":true,"href":"https:\/\/dypall.com\/fr\/wp-json\/wp\/v2\/comments?post=8313"}],"version-history":[{"count":1,"href":"https:\/\/dypall.com\/fr\/wp-json\/wp\/v2\/posts\/8313\/revisions"}],"predecessor-version":[{"id":8322,"href":"https:\/\/dypall.com\/fr\/wp-json\/wp\/v2\/posts\/8313\/revisions\/8322"}],"wp:featuredmedia":[{"embeddable":true,"href":"https:\/\/dypall.com\/fr\/wp-json\/wp\/v2\/media\/8319"}],"wp:attachment":[{"href":"https:\/\/dypall.com\/fr\/wp-json\/wp\/v2\/media?parent=8313"}],"wp:term":[{"taxonomy":"category","embeddable":true,"href":"https:\/\/dypall.com\/fr\/wp-json\/wp\/v2\/categories?post=8313"},{"taxonomy":"post_tag","embeddable":true,"href":"https:\/\/dypall.com\/fr\/wp-json\/wp\/v2\/tags?post=8313"}],"curies":[{"name":"wp","href":"https:\/\/api.w.org\/{rel}","templated":true}]}}