{"id":8196,"date":"2025-01-24T11:12:33","date_gmt":"2025-01-24T11:12:33","guid":{"rendered":"https:\/\/dypall.com\/?p=8196"},"modified":"2025-01-24T11:12:33","modified_gmt":"2025-01-24T11:12:33","slug":"winter-democracy-academy-2nd-editionyouth-and-democracy-bridging-the-gap","status":"publish","type":"post","link":"https:\/\/dypall.com\/fr\/activity\/winter-democracy-academy-2nd-editionyouth-and-democracy-bridging-the-gap\/","title":{"rendered":"Winter Democracy Academy \u2013 2e \u00e9dition \u00abYouth and Democracy, Bridging the Gap\u00bb (Jeunesse et d\u00e9mocratie, combler le foss\u00e9)"},"content":{"rendered":"<p>La deuxi\u00e8me \u00e9dition du <strong>Winder Democracy Academy (WDA)<\/strong> a eu lieu du 8 au 15 d\u00e9cembre 2024 \u00e0 Lisbonne, au Portugal. Il a \u00e9t\u00e9 coorganis\u00e9 par le r\u00e9seau DYPALL, l\u2019Institut portugais des sports et de la jeunesse, le Centre de la jeunesse de Lisbonne, le bureau de liaison du Parlement europ\u00e9en au Portugal et la repr\u00e9sentation de la Commission europ\u00e9enne au Portugal. C'\u00e9tait un espace pour discuter, coop\u00e9rer et engager un dialogue sur la participation des jeunes \u00e0 la d\u00e9mocratie locale. L\u2019AMD comprend plusieurs activit\u00e9s organis\u00e9es en parall\u00e8le tout au long de la semaine et ci-dessous sont quelques-uns des points forts de l\u2019\u00e9dition de cette ann\u00e9e.<\/p>\n\n\n\n<p>A l'occasion du 10 d\u00e9cembre, Journ\u00e9e internationale des droits de l'homme, la conf\u00e9rence <strong>\u00abJeunesse et d\u00e9mocratie, combler le foss\u00e9\u00bb<\/strong> \u00e9tait le point culminant de l'Acad\u00e9mie de la d\u00e9mocratie d'hiver, en tant que moment commun, rassemblant les participants de toutes les activit\u00e9s. Apr\u00e8s les mots de bienvenue de Bruno Antonio, directeur ex\u00e9cutif du r\u00e9seau DYPALL, Sofia Moreira de Sousa, cheffe de la repr\u00e9sentation de la Commission europ\u00e9enne au Portugal, a ouvert la conf\u00e9rence par un discours dans lequel elle a soulign\u00e9 l\u2019importance de la participation des jeunes et de leur engagement en faveur de la d\u00e9mocratie. Elle mentionne les \u00e9lections europ\u00e9ennes de 2024, au cours desquelles 30 millions de jeunes ont vot\u00e9 pour la premi\u00e8re fois, ainsi que l\u2019objectif du dialogue sur la politique de la jeunesse consistant \u00e0 promouvoir l\u2019interaction entre les jeunes et les d\u00e9cideurs politiques.&nbsp;<\/p>\n\n\n\n<p>Filipe Silva Fernandes du Centre de recherche en sciences politiques de l'Universit\u00e9 de Minho (Portugal) a soulign\u00e9 l'attention n\u00e9cessaire pour l'engagement des jeunes et ses pr\u00e9occupations concernant le d\u00e9clin de la participation institutionnelle. La table ronde intitul\u00e9e \u00abYouth-Driven Change: Bridging the Gap\u00bb (Combler le foss\u00e9) comprenait des id\u00e9es d\u2019intervenants tels qu\u2019Aida Clarke Stavdal, pr\u00e9sidente du conseil de la jeunesse de la municipalit\u00e9 de Kristiansand, de Norv\u00e8ge, et Dimitris Manoukas, de l\u2019universit\u00e9 Panteion d\u2019Ath\u00e8nes, de Gr\u00e8ce. Les participants ont soulign\u00e9 la n\u00e9cessit\u00e9 pour les institutions de nouer des liens avec les jeunes, en particulier dans les zones recul\u00e9es, et de cr\u00e9er des espaces accessibles et des possibilit\u00e9s de participation. Les th\u00e8mes cl\u00e9s comprenaient les m\u00e9thodes alternatives de participation, le respect et l'informalit\u00e9 dans l'engagement des jeunes. Le programme comprenait \u00e9galement une pr\u00e9sentation du prix Sakharov 2024 et pr\u00e9sentait des pratiques innovantes en mati\u00e8re d\u2019engagement des jeunes, telles que le projet \u00abOs 230\u00bb, le projet Phygital et des id\u00e9es pr\u00e9cieuses du Conseil de la jeunesse de Paris.<\/p>\n\n\n\n<p>Le <strong>Cours de formation \u00abConseils locaux de la jeunesse pour des d\u00e9mocraties locales de qualit\u00e9\u00bb<\/strong>, a r\u00e9uni 30 participants de sept pays (Norv\u00e8ge, Finlande, France, Croatie, Portugal, Estonie et Turquie). Son objectif \u00e9tait de renforcer les conseils locaux de la jeunesse (CJE) en favorisant la r\u00e9silience, l'inclusivit\u00e9 et les normes de qualit\u00e9 afin de mieux r\u00e9pondre aux besoins des jeunes dans leurs communaut\u00e9s.<\/p>\n\n\n\n<p>Les participants ont \u00e9valu\u00e9 leurs LYC \u00e0 l\u2019aide de DYPALL <a href=\"https:\/\/drive.google.com\/file\/d\/1wmZgWujqUUvix5NTesulcZt8h4w9IHRY\/view\">\u00abCharte de qualit\u00e9 sur les conseils locaux de la jeunesse participatifs et inclusifs\u00bb<\/a> et a recens\u00e9 les domaines \u00e0 am\u00e9liorer tout en partageant les meilleures pratiques. Ils se sont \u00e9galement pench\u00e9s sur les menaces qui p\u00e8sent sur la d\u00e9mocratie et ont \u00e9labor\u00e9 des strat\u00e9gies r\u00e9alisables pour am\u00e9liorer leurs CLJ, en mettant l'accent sur l'impact \u00e0 court et \u00e0 long terme. Parmi les principaux r\u00e9sultats, citons le d\u00e9veloppement du r\u00e9seau europ\u00e9en des conseils locaux de la jeunesse, qui vise \u00e0 am\u00e9liorer l\u2019engagement des jeunes dans la gouvernance locale dans toute l\u2019Europe. La formation a fourni des outils, des connaissances et des possibilit\u00e9s de collaboration pour responsabiliser les participants en tant que d\u00e9fenseurs d'une participation d\u00e9mocratique et significative des jeunes. Les participants ont \u00e9galement eu la chance de visiter la municipalit\u00e9 de Cascais ainsi que la repr\u00e9sentation de la Commission europ\u00e9enne au Portugal et le bureau de liaison du Parlement europ\u00e9en \u00e0 Lisbonne, o\u00f9 ils se sont activement engag\u00e9s dans un jeu de simulation de jeu de r\u00f4le qui leur a permis de comprendre le processus d\u00e9cisionnel d\u00e9mocratique de l\u2019UE. Par la suite, ils en ont appris davantage sur l\u2019Union gr\u00e2ce \u00e0 \u00abValues that Move Me\u00bb, un jeu de soci\u00e9t\u00e9 amusant et interactif cr\u00e9\u00e9 par le bureau de liaison du Parlement europ\u00e9en au Portugal. Cette visite a permis d'acqu\u00e9rir une exp\u00e9rience \u00e9ducative significative sur l'Union europ\u00e9enne et ses principes. Vers la fin de l'activit\u00e9, les participants ont r\u00e9fl\u00e9chi aux menaces actuelles pour la d\u00e9mocratie et ont explor\u00e9 comment ils peuvent s'engager activement en tant que d\u00e9fenseurs inform\u00e9s dans leurs communaut\u00e9s locales pour relever ces d\u00e9fis, en d\u00e9crivant ces menaces du niveau local au niveau mondial et en en discutant \u00e0 travers une simulation de d\u00e9bat.<\/p>\n\n\n\n<p>Le cours de formation a \u00e9t\u00e9 organis\u00e9 par le r\u00e9seau DYPALL en coop\u00e9ration avec la municipalit\u00e9 de Kristiansand, financ\u00e9 par le programme Erasmus + par l'interm\u00e9diaire de l'Agence nationale norv\u00e9gienne.<\/p>\n\n\n\n<p>Une autre activit\u00e9 coordonn\u00e9e par le r\u00e9seau DYPALL au cours de la WDA a \u00e9t\u00e9 le cours de formation <strong>\u00abParticipation physique des jeunes \u2013 L\u2019innovation num\u00e9rique au service de d\u00e9mocraties locales plus fortes\u00bb <\/strong>qui a r\u00e9uni des animateurs socio-\u00e9ducatifs de municipalit\u00e9s de Belgique, de Slov\u00e9nie et du Portugal afin d\u2019explorer l\u2019outil \u00abphygital\u00bb qui combine des \u00e9l\u00e9ments num\u00e9riques avec des activit\u00e9s en personne, con\u00e7u pour associer les jeunes \u00e0 l\u2019\u00e9laboration des politiques locales.<\/p>\n\n\n\n<p>Les participants ont partag\u00e9 les exp\u00e9riences de la premi\u00e8re phase de test, au cours de laquelle l\u2019outil a \u00e9t\u00e9 utilis\u00e9 lors des \u00e9lections europ\u00e9ennes de 2024. Ils ont \u00e9galement \u00e9labor\u00e9 des plans d\u2019action pour mettre en \u0153uvre l\u2019outil dans leurs municipalit\u00e9s dans le cadre du processus de \u00abdialogue des jeunes 2.0\u00bb, qui doit avoir lieu en 2025. Les discussions ont port\u00e9 sur les le\u00e7ons apprises, la garantie d'une participation de qualit\u00e9 des jeunes et le d\u00e9veloppement des comp\u00e9tences et des valeurs n\u00e9cessaires \u00e0 l'efficacit\u00e9 de l'animation socio-\u00e9ducative.<\/p>\n\n\n\n<p>Cette formation faisait partie d'un projet Erasmus+ KA2 de deux ans, coordonn\u00e9 par Tree Company (Belgique) et DYPALL Network, en partenariat avec Levuur (Belgique) Danes Je Nov Dan (Slov\u00e9nie) et la municipalit\u00e9 de Sint-Niklaas (Belgique) financ\u00e9 par l'Agence nationale belge JINT. Le projet a \u00e9t\u00e9 pr\u00e9sent\u00e9 lors de la conf\u00e9rence de l\u2019AMD intitul\u00e9e \u00abJeunesse et d\u00e9mocratie, combler le foss\u00e9\u00bb en tant que pratique innovante de l\u2019animation socio-\u00e9ducative europ\u00e9enne.<\/p>\n\n\n\n<p>R\u00e9seau DYPALL <strong>Groupe de pilotage<\/strong> se sont r\u00e9unis le 8 d\u00e9cembre \u00e0 Lisbonne pour partager les mises \u00e0 jour et discuter des plans futurs. Les membres soulignent les activit\u00e9s r\u00e9centes telles que la participation \u00e0 des conf\u00e9rences internationales et la repr\u00e9sentation du r\u00e9seau dans les espaces europ\u00e9ens pertinents. Nombre d\u2019entre elles ont contribu\u00e9 \u00e0 l\u2019organisation d\u2019\u00e9v\u00e9nements et \u00e0 la conduite de projets visant \u00e0 promouvoir la participation et l\u2019int\u00e9gration des jeunes.&nbsp;<\/p>\n\n\n\n<p>Les crit\u00e8res d'adh\u00e9sion r\u00e9vis\u00e9s introduits plus t\u00f4t dans l'ann\u00e9e ont constitu\u00e9 un point cl\u00e9 de la discussion. L\u2019inclusion des instituts de recherche en tant que nouvelle cat\u00e9gorie a \u00e9t\u00e9 particuli\u00e8rement importante dans le but de renforcer les partenariats et de renforcer les capacit\u00e9s du r\u00e9seau. Le groupe de pilotage a \u00e9galement examin\u00e9 le plan d\u2019activit\u00e9 2025 et certains membres se sont avanc\u00e9s pour animer diverses sessions au cours de l\u2019assembl\u00e9e des membres, en mettant l\u2019accent sur les strat\u00e9gies de mise en r\u00e9seau et de communication. Des \u00e9v\u00e9nements et des possibilit\u00e9s \u00e0 venir ont \u00e9t\u00e9 mis en \u00e9vidence, tels que la deuxi\u00e8me conf\u00e9rence sur le pacte rural et la Semaine europ\u00e9enne des r\u00e9gions. La r\u00e9union visait \u00e0 offrir une plate-forme qui favorise la collaboration, partage l'expertise et fournit une feuille de route claire pour les initiatives futures au sein du r\u00e9seau DYPALL.<\/p>\n\n\n\n<p>R\u00e9seau DYPALL <strong>Assembl\u00e9e des membres<\/strong> a eu lieu le 9 d\u00e9cembre, r\u00e9unissant les membres afin de r\u00e9pondre aux principales priorit\u00e9s du r\u00e9seau et de renforcer leur collaboration. L\u2019\u00e9v\u00e9nement comprenait des mises \u00e0 jour sur les plans de travail 2024-2025 et un aper\u00e7u des projets en cours du r\u00e9seau DYPALL dans les quatre domaines de programme.&nbsp;<\/p>\n\n\n\n<p>Les participants ont particip\u00e9 \u00e0 des groupes de travail pour d\u00e9velopper la strat\u00e9gie de communication et les priorit\u00e9s strat\u00e9giques du r\u00e9seau DYPALL pour 2026-2030. Ces discussions ont soulign\u00e9 la n\u00e9cessit\u00e9 d'une campagne de plaidoyer unifi\u00e9e, d'une meilleure communication interne, du renforcement des capacit\u00e9s et de mesures de viabilit\u00e9 financi\u00e8re telles que le financement des subventions et des programmes de mentorat pour les nouveaux membres. Une s\u00e9ance de r\u00e9seautage a permis de partager des id\u00e9es de projet, d'explorer des collaborations et d'\u00e9tablir des liens plus solides renfor\u00e7ant un sentiment de communaut\u00e9 au sein du r\u00e9seau.<\/p>\n\n\n\n<p>L'Assembl\u00e9e a soulign\u00e9 la valeur de la collaboration continue et a \u00e9tabli une feuille de route pour les activit\u00e9s futures, y compris les sessions d'\u00e9tude et les cours de formation. Il a servi de plateforme pour \u00e9changer des id\u00e9es, \u00e9laborer des strat\u00e9gies et renforcer l\u2019engagement du r\u00e9seau en faveur de la participation des jeunes et de la d\u00e9mocratie.<\/p>\n\n\n\n<p>L'Acad\u00e9mie de la d\u00e9mocratie d'hiver, qui a dur\u00e9 une semaine, a propos\u00e9 un large \u00e9ventail d'activit\u00e9s, soulignant l'importance d'impliquer les jeunes dans les processus d\u00e9mocratiques et de promouvoir des d\u00e9mocraties durables en renfor\u00e7ant les politiques locales en faveur de la jeunesse. \u00c9dition de cette ann\u00e9e<strong> <\/strong>a \u00e9t\u00e9 organis\u00e9e en collaboration avec l\u2019Institut portugais du sport et de la jeunesse, le Centre de la jeunesse de Lisbonne (CJL), le bureau de liaison du Parlement europ\u00e9en au Portugal et la repr\u00e9sentation de la Commission europ\u00e9enne au Portugal, avec le soutien du programme Erasmus+ par l\u2019interm\u00e9diaire de l\u2019Agence nationale portugaise et de la Commission europ\u00e9enne.<\/p>\n\n\n\n<figure class=\"wp-block-gallery has-nested-images columns-default is-cropped wp-block-gallery-1 is-layout-flex wp-block-gallery-is-layout-flex\">\n<figure class=\"wp-block-image size-large\"><img loading=\"lazy\" decoding=\"async\" width=\"2560\" height=\"1703\" data-id=\"8208\" src=\"https:\/\/dypall.com\/wp-content\/uploads\/2025\/01\/DSC_5659-scaled.jpg\" alt=\"\" class=\"wp-image-8208\" srcset=\"https:\/\/dypall.com\/wp-content\/uploads\/2025\/01\/DSC_5659-scaled.jpg 2560w, https:\/\/dypall.com\/wp-content\/uploads\/2025\/01\/DSC_5659-768x511.jpg 768w, https:\/\/dypall.com\/wp-content\/uploads\/2025\/01\/DSC_5659-1536x1022.jpg 1536w, https:\/\/dypall.com\/wp-content\/uploads\/2025\/01\/DSC_5659-2048x1363.jpg 2048w, https:\/\/dypall.com\/wp-content\/uploads\/2025\/01\/DSC_5659-1568x1043.jpg 1568w\" sizes=\"auto, (max-width: 2560px) 100vw, 2560px\" \/><\/figure>\n\n\n\n<figure class=\"wp-block-image size-large\"><img loading=\"lazy\" decoding=\"async\" width=\"2560\" height=\"1703\" data-id=\"8213\" src=\"https:\/\/dypall.com\/wp-content\/uploads\/2025\/01\/DSC_5540-1-scaled.jpg\" alt=\"\" class=\"wp-image-8213\" srcset=\"https:\/\/dypall.com\/wp-content\/uploads\/2025\/01\/DSC_5540-1-scaled.jpg 2560w, https:\/\/dypall.com\/wp-content\/uploads\/2025\/01\/DSC_5540-1-768x511.jpg 768w, https:\/\/dypall.com\/wp-content\/uploads\/2025\/01\/DSC_5540-1-1536x1022.jpg 1536w, https:\/\/dypall.com\/wp-content\/uploads\/2025\/01\/DSC_5540-1-2048x1363.jpg 2048w, https:\/\/dypall.com\/wp-content\/uploads\/2025\/01\/DSC_5540-1-1568x1043.jpg 1568w\" sizes=\"auto, (max-width: 2560px) 100vw, 2560px\" \/><\/figure>\n\n\n\n<figure class=\"wp-block-image size-large\"><img loading=\"lazy\" decoding=\"async\" width=\"2560\" height=\"1703\" data-id=\"8214\" src=\"https:\/\/dypall.com\/wp-content\/uploads\/2025\/01\/DSC_5679-1-scaled.jpg\" alt=\"\" class=\"wp-image-8214\" srcset=\"https:\/\/dypall.com\/wp-content\/uploads\/2025\/01\/DSC_5679-1-scaled.jpg 2560w, https:\/\/dypall.com\/wp-content\/uploads\/2025\/01\/DSC_5679-1-768x511.jpg 768w, https:\/\/dypall.com\/wp-content\/uploads\/2025\/01\/DSC_5679-1-1536x1022.jpg 1536w, https:\/\/dypall.com\/wp-content\/uploads\/2025\/01\/DSC_5679-1-2048x1363.jpg 2048w, https:\/\/dypall.com\/wp-content\/uploads\/2025\/01\/DSC_5679-1-1568x1043.jpg 1568w\" sizes=\"auto, (max-width: 2560px) 100vw, 2560px\" \/><\/figure>\n<\/figure>\n\n\n\n<figure class=\"wp-block-gallery has-nested-images columns-default is-cropped wp-block-gallery-2 is-layout-flex wp-block-gallery-is-layout-flex\">\n<figure class=\"wp-block-image size-large\"><img loading=\"lazy\" decoding=\"async\" width=\"2560\" height=\"1703\" data-id=\"8215\" src=\"https:\/\/dypall.com\/wp-content\/uploads\/2025\/01\/DSC_5831-scaled.jpg\" alt=\"\" class=\"wp-image-8215\" srcset=\"https:\/\/dypall.com\/wp-content\/uploads\/2025\/01\/DSC_5831-scaled.jpg 2560w, https:\/\/dypall.com\/wp-content\/uploads\/2025\/01\/DSC_5831-768x511.jpg 768w, https:\/\/dypall.com\/wp-content\/uploads\/2025\/01\/DSC_5831-1536x1022.jpg 1536w, https:\/\/dypall.com\/wp-content\/uploads\/2025\/01\/DSC_5831-2048x1363.jpg 2048w, https:\/\/dypall.com\/wp-content\/uploads\/2025\/01\/DSC_5831-1568x1043.jpg 1568w\" sizes=\"auto, (max-width: 2560px) 100vw, 2560px\" \/><\/figure>\n\n\n\n<figure class=\"wp-block-image size-large\"><img loading=\"lazy\" decoding=\"async\" width=\"2560\" height=\"1703\" data-id=\"8207\" src=\"https:\/\/dypall.com\/wp-content\/uploads\/2025\/01\/DSC_5587-1-scaled.jpg\" alt=\"\" class=\"wp-image-8207\" srcset=\"https:\/\/dypall.com\/wp-content\/uploads\/2025\/01\/DSC_5587-1-scaled.jpg 2560w, https:\/\/dypall.com\/wp-content\/uploads\/2025\/01\/DSC_5587-1-768x511.jpg 768w, https:\/\/dypall.com\/wp-content\/uploads\/2025\/01\/DSC_5587-1-1536x1022.jpg 1536w, https:\/\/dypall.com\/wp-content\/uploads\/2025\/01\/DSC_5587-1-2048x1363.jpg 2048w, https:\/\/dypall.com\/wp-content\/uploads\/2025\/01\/DSC_5587-1-1568x1043.jpg 1568w\" sizes=\"auto, (max-width: 2560px) 100vw, 2560px\" \/><\/figure>\n\n\n\n<figure class=\"wp-block-image size-large\"><img loading=\"lazy\" decoding=\"async\" width=\"2560\" height=\"1703\" data-id=\"8209\" src=\"https:\/\/dypall.com\/wp-content\/uploads\/2025\/01\/DSC_5903-scaled.jpg\" alt=\"\" class=\"wp-image-8209\" srcset=\"https:\/\/dypall.com\/wp-content\/uploads\/2025\/01\/DSC_5903-scaled.jpg 2560w, https:\/\/dypall.com\/wp-content\/uploads\/2025\/01\/DSC_5903-768x511.jpg 768w, https:\/\/dypall.com\/wp-content\/uploads\/2025\/01\/DSC_5903-1536x1022.jpg 1536w, https:\/\/dypall.com\/wp-content\/uploads\/2025\/01\/DSC_5903-2048x1363.jpg 2048w, https:\/\/dypall.com\/wp-content\/uploads\/2025\/01\/DSC_5903-1568x1043.jpg 1568w\" sizes=\"auto, (max-width: 2560px) 100vw, 2560px\" \/><\/figure>\n\n\n\n<figure class=\"wp-block-image size-large\"><img loading=\"lazy\" decoding=\"async\" width=\"2560\" height=\"1703\" data-id=\"8212\" src=\"https:\/\/dypall.com\/wp-content\/uploads\/2025\/01\/DSC_5330-scaled.jpg\" alt=\"\" class=\"wp-image-8212\" srcset=\"https:\/\/dypall.com\/wp-content\/uploads\/2025\/01\/DSC_5330-scaled.jpg 2560w, https:\/\/dypall.com\/wp-content\/uploads\/2025\/01\/DSC_5330-768x511.jpg 768w, https:\/\/dypall.com\/wp-content\/uploads\/2025\/01\/DSC_5330-1536x1022.jpg 1536w, https:\/\/dypall.com\/wp-content\/uploads\/2025\/01\/DSC_5330-2048x1363.jpg 2048w, https:\/\/dypall.com\/wp-content\/uploads\/2025\/01\/DSC_5330-1568x1043.jpg 1568w\" sizes=\"auto, (max-width: 2560px) 100vw, 2560px\" \/><\/figure>\n\n\n\n<figure class=\"wp-block-image size-large\"><img loading=\"lazy\" decoding=\"async\" width=\"2560\" height=\"1703\" data-id=\"8211\" src=\"https:\/\/dypall.com\/wp-content\/uploads\/2025\/01\/DSC_5281-scaled.jpg\" alt=\"\" class=\"wp-image-8211\" srcset=\"https:\/\/dypall.com\/wp-content\/uploads\/2025\/01\/DSC_5281-scaled.jpg 2560w, https:\/\/dypall.com\/wp-content\/uploads\/2025\/01\/DSC_5281-768x511.jpg 768w, https:\/\/dypall.com\/wp-content\/uploads\/2025\/01\/DSC_5281-1536x1022.jpg 1536w, https:\/\/dypall.com\/wp-content\/uploads\/2025\/01\/DSC_5281-2048x1363.jpg 2048w, https:\/\/dypall.com\/wp-content\/uploads\/2025\/01\/DSC_5281-1568x1043.jpg 1568w\" sizes=\"auto, (max-width: 2560px) 100vw, 2560px\" \/><\/figure>\n\n\n\n<figure class=\"wp-block-image size-large\"><img loading=\"lazy\" decoding=\"async\" width=\"2560\" height=\"1703\" data-id=\"8210\" src=\"https:\/\/dypall.com\/wp-content\/uploads\/2025\/01\/DSC_5269-scaled.jpg\" alt=\"\" class=\"wp-image-8210\" srcset=\"https:\/\/dypall.com\/wp-content\/uploads\/2025\/01\/DSC_5269-scaled.jpg 2560w, https:\/\/dypall.com\/wp-content\/uploads\/2025\/01\/DSC_5269-768x511.jpg 768w, https:\/\/dypall.com\/wp-content\/uploads\/2025\/01\/DSC_5269-1536x1022.jpg 1536w, https:\/\/dypall.com\/wp-content\/uploads\/2025\/01\/DSC_5269-2048x1363.jpg 2048w, https:\/\/dypall.com\/wp-content\/uploads\/2025\/01\/DSC_5269-1568x1043.jpg 1568w\" sizes=\"auto, (max-width: 2560px) 100vw, 2560px\" \/><\/figure>\n\n\n\n<figure class=\"wp-block-image size-large\"><img loading=\"lazy\" decoding=\"async\" width=\"2560\" height=\"1703\" data-id=\"8206\" src=\"https:\/\/dypall.com\/wp-content\/uploads\/2025\/01\/DSC_6363-1-scaled.jpg\" alt=\"\" class=\"wp-image-8206\" srcset=\"https:\/\/dypall.com\/wp-content\/uploads\/2025\/01\/DSC_6363-1-scaled.jpg 2560w, https:\/\/dypall.com\/wp-content\/uploads\/2025\/01\/DSC_6363-1-768x511.jpg 768w, https:\/\/dypall.com\/wp-content\/uploads\/2025\/01\/DSC_6363-1-1536x1022.jpg 1536w, https:\/\/dypall.com\/wp-content\/uploads\/2025\/01\/DSC_6363-1-2048x1363.jpg 2048w, https:\/\/dypall.com\/wp-content\/uploads\/2025\/01\/DSC_6363-1-1568x1043.jpg 1568w\" sizes=\"auto, (max-width: 2560px) 100vw, 2560px\" \/><\/figure>\n\n\n\n<figure class=\"wp-block-image size-large\"><img loading=\"lazy\" decoding=\"async\" width=\"2560\" height=\"1703\" data-id=\"8204\" src=\"https:\/\/dypall.com\/wp-content\/uploads\/2025\/01\/DSC_6281-1-scaled.jpg\" alt=\"\" class=\"wp-image-8204\" srcset=\"https:\/\/dypall.com\/wp-content\/uploads\/2025\/01\/DSC_6281-1-scaled.jpg 2560w, https:\/\/dypall.com\/wp-content\/uploads\/2025\/01\/DSC_6281-1-768x511.jpg 768w, https:\/\/dypall.com\/wp-content\/uploads\/2025\/01\/DSC_6281-1-1536x1022.jpg 1536w, https:\/\/dypall.com\/wp-content\/uploads\/2025\/01\/DSC_6281-1-2048x1363.jpg 2048w, https:\/\/dypall.com\/wp-content\/uploads\/2025\/01\/DSC_6281-1-1568x1043.jpg 1568w\" sizes=\"auto, (max-width: 2560px) 100vw, 2560px\" \/><\/figure>\n\n\n\n<figure class=\"wp-block-image size-large\"><img loading=\"lazy\" decoding=\"async\" width=\"2560\" height=\"1703\" data-id=\"8205\" src=\"https:\/\/dypall.com\/wp-content\/uploads\/2025\/01\/DSC_6376-scaled.jpg\" alt=\"\" class=\"wp-image-8205\" srcset=\"https:\/\/dypall.com\/wp-content\/uploads\/2025\/01\/DSC_6376-scaled.jpg 2560w, https:\/\/dypall.com\/wp-content\/uploads\/2025\/01\/DSC_6376-768x511.jpg 768w, https:\/\/dypall.com\/wp-content\/uploads\/2025\/01\/DSC_6376-1536x1022.jpg 1536w, https:\/\/dypall.com\/wp-content\/uploads\/2025\/01\/DSC_6376-2048x1363.jpg 2048w, https:\/\/dypall.com\/wp-content\/uploads\/2025\/01\/DSC_6376-1568x1043.jpg 1568w\" sizes=\"auto, (max-width: 2560px) 100vw, 2560px\" \/><\/figure>\n\n\n\n<figure class=\"wp-block-image size-large\"><img loading=\"lazy\" decoding=\"async\" width=\"2560\" height=\"1703\" data-id=\"8203\" src=\"https:\/\/dypall.com\/wp-content\/uploads\/2025\/01\/Copy-of-DSC_6004-1-scaled.jpg\" alt=\"\" class=\"wp-image-8203\" srcset=\"https:\/\/dypall.com\/wp-content\/uploads\/2025\/01\/Copy-of-DSC_6004-1-scaled.jpg 2560w, https:\/\/dypall.com\/wp-content\/uploads\/2025\/01\/Copy-of-DSC_6004-1-768x511.jpg 768w, https:\/\/dypall.com\/wp-content\/uploads\/2025\/01\/Copy-of-DSC_6004-1-1536x1022.jpg 1536w, https:\/\/dypall.com\/wp-content\/uploads\/2025\/01\/Copy-of-DSC_6004-1-2048x1363.jpg 2048w, https:\/\/dypall.com\/wp-content\/uploads\/2025\/01\/Copy-of-DSC_6004-1-1568x1043.jpg 1568w\" sizes=\"auto, (max-width: 2560px) 100vw, 2560px\" \/><\/figure>\n\n\n\n<figure class=\"wp-block-image size-large\"><img loading=\"lazy\" decoding=\"async\" width=\"2560\" height=\"1703\" data-id=\"8201\" src=\"https:\/\/dypall.com\/wp-content\/uploads\/2025\/01\/Copy-of-DSC_6247-1-scaled.jpg\" alt=\"\" class=\"wp-image-8201\" srcset=\"https:\/\/dypall.com\/wp-content\/uploads\/2025\/01\/Copy-of-DSC_6247-1-scaled.jpg 2560w, https:\/\/dypall.com\/wp-content\/uploads\/2025\/01\/Copy-of-DSC_6247-1-768x511.jpg 768w, https:\/\/dypall.com\/wp-content\/uploads\/2025\/01\/Copy-of-DSC_6247-1-1536x1022.jpg 1536w, https:\/\/dypall.com\/wp-content\/uploads\/2025\/01\/Copy-of-DSC_6247-1-2048x1363.jpg 2048w, https:\/\/dypall.com\/wp-content\/uploads\/2025\/01\/Copy-of-DSC_6247-1-1568x1043.jpg 1568w\" sizes=\"auto, (max-width: 2560px) 100vw, 2560px\" \/><\/figure>\n\n\n\n<figure class=\"wp-block-image size-large\"><img loading=\"lazy\" decoding=\"async\" width=\"2560\" height=\"1703\" data-id=\"8202\" src=\"https:\/\/dypall.com\/wp-content\/uploads\/2025\/01\/Copy-of-DSC_6080-scaled.jpg\" alt=\"\" class=\"wp-image-8202\" srcset=\"https:\/\/dypall.com\/wp-content\/uploads\/2025\/01\/Copy-of-DSC_6080-scaled.jpg 2560w, https:\/\/dypall.com\/wp-content\/uploads\/2025\/01\/Copy-of-DSC_6080-768x511.jpg 768w, https:\/\/dypall.com\/wp-content\/uploads\/2025\/01\/Copy-of-DSC_6080-1536x1022.jpg 1536w, https:\/\/dypall.com\/wp-content\/uploads\/2025\/01\/Copy-of-DSC_6080-2048x1363.jpg 2048w, https:\/\/dypall.com\/wp-content\/uploads\/2025\/01\/Copy-of-DSC_6080-1568x1043.jpg 1568w\" sizes=\"auto, (max-width: 2560px) 100vw, 2560px\" \/><\/figure>\n\n\n\n<figure class=\"wp-block-image size-large\"><img loading=\"lazy\" decoding=\"async\" width=\"2560\" height=\"1703\" data-id=\"8200\" src=\"https:\/\/dypall.com\/wp-content\/uploads\/2025\/01\/Copy-of-DSC_6228-1-scaled.jpg\" alt=\"\" class=\"wp-image-8200\" srcset=\"https:\/\/dypall.com\/wp-content\/uploads\/2025\/01\/Copy-of-DSC_6228-1-scaled.jpg 2560w, https:\/\/dypall.com\/wp-content\/uploads\/2025\/01\/Copy-of-DSC_6228-1-768x511.jpg 768w, https:\/\/dypall.com\/wp-content\/uploads\/2025\/01\/Copy-of-DSC_6228-1-1536x1022.jpg 1536w, https:\/\/dypall.com\/wp-content\/uploads\/2025\/01\/Copy-of-DSC_6228-1-2048x1363.jpg 2048w, https:\/\/dypall.com\/wp-content\/uploads\/2025\/01\/Copy-of-DSC_6228-1-1568x1043.jpg 1568w\" sizes=\"auto, (max-width: 2560px) 100vw, 2560px\" \/><\/figure>\n\n\n\n<figure class=\"wp-block-image size-large\"><img loading=\"lazy\" decoding=\"async\" width=\"2560\" height=\"1703\" data-id=\"8199\" src=\"https:\/\/dypall.com\/wp-content\/uploads\/2025\/01\/Copy-of-DSC_6414-1-scaled.jpg\" alt=\"\" class=\"wp-image-8199\" srcset=\"https:\/\/dypall.com\/wp-content\/uploads\/2025\/01\/Copy-of-DSC_6414-1-scaled.jpg 2560w, https:\/\/dypall.com\/wp-content\/uploads\/2025\/01\/Copy-of-DSC_6414-1-768x511.jpg 768w, https:\/\/dypall.com\/wp-content\/uploads\/2025\/01\/Copy-of-DSC_6414-1-1536x1022.jpg 1536w, https:\/\/dypall.com\/wp-content\/uploads\/2025\/01\/Copy-of-DSC_6414-1-2048x1363.jpg 2048w, https:\/\/dypall.com\/wp-content\/uploads\/2025\/01\/Copy-of-DSC_6414-1-1568x1043.jpg 1568w\" sizes=\"auto, (max-width: 2560px) 100vw, 2560px\" \/><\/figure>\n\n\n\n<figure class=\"wp-block-image size-large\"><img loading=\"lazy\" decoding=\"async\" width=\"2560\" height=\"1703\" data-id=\"8198\" src=\"https:\/\/dypall.com\/wp-content\/uploads\/2025\/01\/Copy-of-DSC_6459-1-scaled.jpg\" alt=\"\" class=\"wp-image-8198\" srcset=\"https:\/\/dypall.com\/wp-content\/uploads\/2025\/01\/Copy-of-DSC_6459-1-scaled.jpg 2560w, https:\/\/dypall.com\/wp-content\/uploads\/2025\/01\/Copy-of-DSC_6459-1-768x511.jpg 768w, https:\/\/dypall.com\/wp-content\/uploads\/2025\/01\/Copy-of-DSC_6459-1-1536x1022.jpg 1536w, https:\/\/dypall.com\/wp-content\/uploads\/2025\/01\/Copy-of-DSC_6459-1-2048x1363.jpg 2048w, https:\/\/dypall.com\/wp-content\/uploads\/2025\/01\/Copy-of-DSC_6459-1-1568x1043.jpg 1568w\" sizes=\"auto, (max-width: 2560px) 100vw, 2560px\" \/><\/figure>\n\n\n\n<figure class=\"wp-block-image size-large\"><img loading=\"lazy\" decoding=\"async\" width=\"2560\" height=\"1703\" data-id=\"8197\" src=\"https:\/\/dypall.com\/wp-content\/uploads\/2025\/01\/Copy-of-DSC_6568-1-scaled.jpg\" alt=\"\" class=\"wp-image-8197\" srcset=\"https:\/\/dypall.com\/wp-content\/uploads\/2025\/01\/Copy-of-DSC_6568-1-scaled.jpg 2560w, https:\/\/dypall.com\/wp-content\/uploads\/2025\/01\/Copy-of-DSC_6568-1-768x511.jpg 768w, https:\/\/dypall.com\/wp-content\/uploads\/2025\/01\/Copy-of-DSC_6568-1-1536x1022.jpg 1536w, https:\/\/dypall.com\/wp-content\/uploads\/2025\/01\/Copy-of-DSC_6568-1-2048x1363.jpg 2048w, https:\/\/dypall.com\/wp-content\/uploads\/2025\/01\/Copy-of-DSC_6568-1-1568x1043.jpg 1568w\" sizes=\"auto, (max-width: 2560px) 100vw, 2560px\" \/><\/figure>\n<\/figure>","protected":false},"excerpt":{"rendered":"<p>La deuxi\u00e8me \u00e9dition de la Winder Democracy Academy (WDA) a eu lieu du 8 au 15 d\u00e9cembre 2024 \u00e0 Lisbonne, au Portugal. Il a \u00e9t\u00e9 coorganis\u00e9 par le r\u00e9seau DYPALL, l\u2019Institut portugais des sports et de la jeunesse, le Centre de la jeunesse de Lisbonne, le bureau de liaison du Parlement europ\u00e9en au Portugal et la repr\u00e9sentation de la Commission europ\u00e9enne au Portugal. C'\u00e9tait un espace pour discuter,... <a class=\"more-link\" href=\"https:\/\/dypall.com\/fr\/activity\/winter-democracy-academy-2nd-editionyouth-and-democracy-bridging-the-gap\/\">Poursuivre la lecture <span class=\"screen-reader-text\">Winter Democracy Academy \u2013 2e \u00e9dition \u00abYouth and Democracy, Bridging the Gap\u00bb (Jeunesse et d\u00e9mocratie, combler le foss\u00e9)<\/span><\/a><\/p>","protected":false},"author":5,"featured_media":8208,"comment_status":"closed","ping_status":"open","sticky":false,"template":"","format":"standard","meta":{"_acf_changed":false,"_jetpack_memberships_contains_paid_content":false,"footnotes":""},"categories":[111],"tags":[],"class_list":["post-8196","post","type-post","status-publish","format-standard","has-post-thumbnail","hentry","category-activity","entry"],"acf":[],"yoast_head":"<!-- This site is optimized with the Yoast SEO plugin v22.8 - https:\/\/yoast.com\/wordpress\/plugins\/seo\/ -->\n<title>Winter Democracy Academy - 2nd edition\u201cYouth and Democracy, Bridging the Gap\u201d - DYPALL Network<\/title>\n<meta name=\"robots\" content=\"index, follow, max-snippet:-1, max-image-preview:large, max-video-preview:-1\" \/>\n<link rel=\"canonical\" href=\"https:\/\/dypall.com\/fr\/activity\/winter-democracy-academy-2nd-editionyouth-and-democracy-bridging-the-gap\/\" \/>\n<meta property=\"og:locale\" content=\"fr_FR\" \/>\n<meta property=\"og:type\" content=\"article\" \/>\n<meta property=\"og:title\" content=\"Winter Democracy Academy - 2nd edition\u201cYouth and Democracy, Bridging the Gap\u201d - DYPALL Network\" \/>\n<meta property=\"og:description\" content=\"The second edition of the Winder Democracy Academy (WDA) took place from 8th &#8211; 15th December 2024 in Lisbon, Portugal. It was co-organised by DYPALL Network, Portuguese Institute for Sports and Youth, Lisbon Youth Center, the European Parliament Liaison Office in Portugal and the European Commission Representation in Portugal. It was a space to discuss,&hellip; Poursuivre la lecture Winter Democracy Academy &#8211; 2nd edition\u201cYouth and Democracy, Bridging the Gap\u201d\" \/>\n<meta property=\"og:url\" content=\"https:\/\/dypall.com\/fr\/activity\/winter-democracy-academy-2nd-editionyouth-and-democracy-bridging-the-gap\/\" \/>\n<meta property=\"og:site_name\" content=\"DYPALL Network\" \/>\n<meta property=\"article:published_time\" content=\"2025-01-24T11:12:33+00:00\" \/>\n<meta property=\"og:image\" content=\"https:\/\/dypall.com\/wp-content\/uploads\/2025\/01\/DSC_5659-scaled.jpg\" \/>\n\t<meta property=\"og:image:width\" content=\"2560\" \/>\n\t<meta property=\"og:image:height\" content=\"1703\" \/>\n\t<meta property=\"og:image:type\" content=\"image\/jpeg\" \/>\n<meta name=\"author\" content=\"DYPALL Network\" \/>\n<meta name=\"twitter:card\" content=\"summary_large_image\" \/>\n<meta name=\"twitter:label1\" content=\"Written by\" \/>\n\t<meta name=\"twitter:data1\" content=\"DYPALL Network\" \/>\n\t<meta name=\"twitter:label2\" content=\"Est. reading time\" \/>\n\t<meta name=\"twitter:data2\" content=\"10 minutes\" \/>\n<script type=\"application\/ld+json\" class=\"yoast-schema-graph\">{\"@context\":\"https:\/\/schema.org\",\"@graph\":[{\"@type\":\"WebPage\",\"@id\":\"https:\/\/dypall.com\/activity\/winter-democracy-academy-2nd-editionyouth-and-democracy-bridging-the-gap\/\",\"url\":\"https:\/\/dypall.com\/activity\/winter-democracy-academy-2nd-editionyouth-and-democracy-bridging-the-gap\/\",\"name\":\"Winter Democracy Academy - 2nd edition\u201cYouth and Democracy, Bridging the Gap\u201d - DYPALL Network\",\"isPartOf\":{\"@id\":\"https:\/\/dypall.com\/#website\"},\"primaryImageOfPage\":{\"@id\":\"https:\/\/dypall.com\/activity\/winter-democracy-academy-2nd-editionyouth-and-democracy-bridging-the-gap\/#primaryimage\"},\"image\":{\"@id\":\"https:\/\/dypall.com\/activity\/winter-democracy-academy-2nd-editionyouth-and-democracy-bridging-the-gap\/#primaryimage\"},\"thumbnailUrl\":\"https:\/\/dypall.com\/wp-content\/uploads\/2025\/01\/DSC_5659-scaled.jpg\",\"datePublished\":\"2025-01-24T11:12:33+00:00\",\"dateModified\":\"2025-01-24T11:12:33+00:00\",\"author\":{\"@id\":\"https:\/\/dypall.com\/#\/schema\/person\/e87206094ce8bcf88449b35f00e40fb1\"},\"breadcrumb\":{\"@id\":\"https:\/\/dypall.com\/activity\/winter-democracy-academy-2nd-editionyouth-and-democracy-bridging-the-gap\/#breadcrumb\"},\"inLanguage\":\"fr-FR\",\"potentialAction\":[{\"@type\":\"ReadAction\",\"target\":[\"https:\/\/dypall.com\/activity\/winter-democracy-academy-2nd-editionyouth-and-democracy-bridging-the-gap\/\"]}]},{\"@type\":\"ImageObject\",\"inLanguage\":\"fr-FR\",\"@id\":\"https:\/\/dypall.com\/activity\/winter-democracy-academy-2nd-editionyouth-and-democracy-bridging-the-gap\/#primaryimage\",\"url\":\"https:\/\/dypall.com\/wp-content\/uploads\/2025\/01\/DSC_5659-scaled.jpg\",\"contentUrl\":\"https:\/\/dypall.com\/wp-content\/uploads\/2025\/01\/DSC_5659-scaled.jpg\",\"width\":2560,\"height\":1703},{\"@type\":\"BreadcrumbList\",\"@id\":\"https:\/\/dypall.com\/activity\/winter-democracy-academy-2nd-editionyouth-and-democracy-bridging-the-gap\/#breadcrumb\",\"itemListElement\":[{\"@type\":\"ListItem\",\"position\":1,\"name\":\"Home\",\"item\":\"https:\/\/dypall.com\/\"},{\"@type\":\"ListItem\",\"position\":2,\"name\":\"Winter Democracy Academy &#8211; 2nd edition\u201cYouth and Democracy, Bridging the Gap\u201d\"}]},{\"@type\":\"WebSite\",\"@id\":\"https:\/\/dypall.com\/#website\",\"url\":\"https:\/\/dypall.com\/\",\"name\":\"DYPALL Network\",\"description\":\"We are a European network of civil society organisations, municipalities and research institutions dedicated to improving democracy through youth participation.\",\"potentialAction\":[{\"@type\":\"SearchAction\",\"target\":{\"@type\":\"EntryPoint\",\"urlTemplate\":\"https:\/\/dypall.com\/?s={search_term_string}\"},\"query-input\":\"required name=search_term_string\"}],\"inLanguage\":\"fr-FR\"},{\"@type\":\"Person\",\"@id\":\"https:\/\/dypall.com\/#\/schema\/person\/e87206094ce8bcf88449b35f00e40fb1\",\"name\":\"DYPALL Network\",\"image\":{\"@type\":\"ImageObject\",\"inLanguage\":\"fr-FR\",\"@id\":\"https:\/\/dypall.com\/#\/schema\/person\/image\/\",\"url\":\"https:\/\/secure.gravatar.com\/avatar\/1061d2d4c9b4f1a9b496774795b5deac1200dfd1d3abecb8f85cf8b580e6963b?s=96&d=mm&r=g\",\"contentUrl\":\"https:\/\/secure.gravatar.com\/avatar\/1061d2d4c9b4f1a9b496774795b5deac1200dfd1d3abecb8f85cf8b580e6963b?s=96&d=mm&r=g\",\"caption\":\"DYPALL Network\"},\"sameAs\":[\"https:\/\/dypall.com\/\"],\"url\":\"https:\/\/dypall.com\/fr\/author\/dypallonsteroids\/\"}]}<\/script>\n<!-- \/ Yoast SEO plugin. -->","yoast_head_json":{"title":"Winter Democracy Academy - 2nd edition\u201cYouth and Democracy, Bridging the Gap\u201d - DYPALL Network","robots":{"index":"index","follow":"follow","max-snippet":"max-snippet:-1","max-image-preview":"max-image-preview:large","max-video-preview":"max-video-preview:-1"},"canonical":"https:\/\/dypall.com\/fr\/activity\/winter-democracy-academy-2nd-editionyouth-and-democracy-bridging-the-gap\/","og_locale":"fr_FR","og_type":"article","og_title":"Winter Democracy Academy - 2nd edition\u201cYouth and Democracy, Bridging the Gap\u201d - DYPALL Network","og_description":"The second edition of the Winder Democracy Academy (WDA) took place from 8th &#8211; 15th December 2024 in Lisbon, Portugal. It was co-organised by DYPALL Network, Portuguese Institute for Sports and Youth, Lisbon Youth Center, the European Parliament Liaison Office in Portugal and the European Commission Representation in Portugal. It was a space to discuss,&hellip; Poursuivre la lecture Winter Democracy Academy &#8211; 2nd edition\u201cYouth and Democracy, Bridging the Gap\u201d","og_url":"https:\/\/dypall.com\/fr\/activity\/winter-democracy-academy-2nd-editionyouth-and-democracy-bridging-the-gap\/","og_site_name":"DYPALL Network","article_published_time":"2025-01-24T11:12:33+00:00","og_image":[{"width":2560,"height":1703,"url":"https:\/\/dypall.com\/wp-content\/uploads\/2025\/01\/DSC_5659-scaled.jpg","type":"image\/jpeg"}],"author":"DYPALL Network","twitter_card":"summary_large_image","twitter_misc":{"Written by":"DYPALL Network","Est. reading time":"10 minutes"},"schema":{"@context":"https:\/\/schema.org","@graph":[{"@type":"WebPage","@id":"https:\/\/dypall.com\/activity\/winter-democracy-academy-2nd-editionyouth-and-democracy-bridging-the-gap\/","url":"https:\/\/dypall.com\/activity\/winter-democracy-academy-2nd-editionyouth-and-democracy-bridging-the-gap\/","name":"Winter Democracy Academy - 2nd edition\u201cYouth and Democracy, Bridging the Gap\u201d - DYPALL Network","isPartOf":{"@id":"https:\/\/dypall.com\/#website"},"primaryImageOfPage":{"@id":"https:\/\/dypall.com\/activity\/winter-democracy-academy-2nd-editionyouth-and-democracy-bridging-the-gap\/#primaryimage"},"image":{"@id":"https:\/\/dypall.com\/activity\/winter-democracy-academy-2nd-editionyouth-and-democracy-bridging-the-gap\/#primaryimage"},"thumbnailUrl":"https:\/\/dypall.com\/wp-content\/uploads\/2025\/01\/DSC_5659-scaled.jpg","datePublished":"2025-01-24T11:12:33+00:00","dateModified":"2025-01-24T11:12:33+00:00","author":{"@id":"https:\/\/dypall.com\/#\/schema\/person\/e87206094ce8bcf88449b35f00e40fb1"},"breadcrumb":{"@id":"https:\/\/dypall.com\/activity\/winter-democracy-academy-2nd-editionyouth-and-democracy-bridging-the-gap\/#breadcrumb"},"inLanguage":"fr-FR","potentialAction":[{"@type":"ReadAction","target":["https:\/\/dypall.com\/activity\/winter-democracy-academy-2nd-editionyouth-and-democracy-bridging-the-gap\/"]}]},{"@type":"ImageObject","inLanguage":"fr-FR","@id":"https:\/\/dypall.com\/activity\/winter-democracy-academy-2nd-editionyouth-and-democracy-bridging-the-gap\/#primaryimage","url":"https:\/\/dypall.com\/wp-content\/uploads\/2025\/01\/DSC_5659-scaled.jpg","contentUrl":"https:\/\/dypall.com\/wp-content\/uploads\/2025\/01\/DSC_5659-scaled.jpg","width":2560,"height":1703},{"@type":"BreadcrumbList","@id":"https:\/\/dypall.com\/activity\/winter-democracy-academy-2nd-editionyouth-and-democracy-bridging-the-gap\/#breadcrumb","itemListElement":[{"@type":"ListItem","position":1,"name":"Home","item":"https:\/\/dypall.com\/"},{"@type":"ListItem","position":2,"name":"Winter Democracy Academy &#8211; 2nd edition\u201cYouth and Democracy, Bridging the Gap\u201d"}]},{"@type":"WebSite","@id":"https:\/\/dypall.com\/#website","url":"https:\/\/dypall.com\/","name":"DYPALL Network","description":"We are a European network of civil society organisations, municipalities and research institutions dedicated to improving democracy through youth participation.","potentialAction":[{"@type":"SearchAction","target":{"@type":"EntryPoint","urlTemplate":"https:\/\/dypall.com\/?s={search_term_string}"},"query-input":"required name=search_term_string"}],"inLanguage":"fr-FR"},{"@type":"Person","@id":"https:\/\/dypall.com\/#\/schema\/person\/e87206094ce8bcf88449b35f00e40fb1","name":"DYPALL Network","image":{"@type":"ImageObject","inLanguage":"fr-FR","@id":"https:\/\/dypall.com\/#\/schema\/person\/image\/","url":"https:\/\/secure.gravatar.com\/avatar\/1061d2d4c9b4f1a9b496774795b5deac1200dfd1d3abecb8f85cf8b580e6963b?s=96&d=mm&r=g","contentUrl":"https:\/\/secure.gravatar.com\/avatar\/1061d2d4c9b4f1a9b496774795b5deac1200dfd1d3abecb8f85cf8b580e6963b?s=96&d=mm&r=g","caption":"DYPALL Network"},"sameAs":["https:\/\/dypall.com\/"],"url":"https:\/\/dypall.com\/fr\/author\/dypallonsteroids\/"}]}},"jetpack_featured_media_url":"https:\/\/dypall.com\/wp-content\/uploads\/2025\/01\/DSC_5659-scaled.jpg","jetpack_sharing_enabled":true,"_links":{"self":[{"href":"https:\/\/dypall.com\/fr\/wp-json\/wp\/v2\/posts\/8196","targetHints":{"allow":["GET"]}}],"collection":[{"href":"https:\/\/dypall.com\/fr\/wp-json\/wp\/v2\/posts"}],"about":[{"href":"https:\/\/dypall.com\/fr\/wp-json\/wp\/v2\/types\/post"}],"author":[{"embeddable":true,"href":"https:\/\/dypall.com\/fr\/wp-json\/wp\/v2\/users\/5"}],"replies":[{"embeddable":true,"href":"https:\/\/dypall.com\/fr\/wp-json\/wp\/v2\/comments?post=8196"}],"version-history":[{"count":1,"href":"https:\/\/dypall.com\/fr\/wp-json\/wp\/v2\/posts\/8196\/revisions"}],"predecessor-version":[{"id":8216,"href":"https:\/\/dypall.com\/fr\/wp-json\/wp\/v2\/posts\/8196\/revisions\/8216"}],"wp:featuredmedia":[{"embeddable":true,"href":"https:\/\/dypall.com\/fr\/wp-json\/wp\/v2\/media\/8208"}],"wp:attachment":[{"href":"https:\/\/dypall.com\/fr\/wp-json\/wp\/v2\/media?parent=8196"}],"wp:term":[{"taxonomy":"category","embeddable":true,"href":"https:\/\/dypall.com\/fr\/wp-json\/wp\/v2\/categories?post=8196"},{"taxonomy":"post_tag","embeddable":true,"href":"https:\/\/dypall.com\/fr\/wp-json\/wp\/v2\/tags?post=8196"}],"curies":[{"name":"wp","href":"https:\/\/api.w.org\/{rel}","templated":true}]}}