{"id":7636,"date":"2024-06-05T09:31:06","date_gmt":"2024-06-05T09:31:06","guid":{"rendered":"https:\/\/dypall.com\/?p=7636"},"modified":"2024-09-13T09:27:20","modified_gmt":"2024-09-13T09:27:20","slug":"study-visit-to-lisbon-one-step-higher-climbing-the-ladder-of-participation","status":"publish","type":"post","link":"https:\/\/dypall.com\/fr\/activity\/study-visit-to-lisbon-one-step-higher-climbing-the-ladder-of-participation\/","title":{"rendered":"Visite d\u2019\u00e9tude \u00e0 Lisbonne \u00abUn pas de plus \u2013 gravir les \u00e9chelons de la participation\u00bb"},"content":{"rendered":"<p>La visite d\u2019\u00e9tude \u00e0 Lisbonne \u00abOne Step Higher: Youth Participation Practices\u00bb, organis\u00e9e par le r\u00e9seau DYPALL en coop\u00e9ration avec Bangherang et les autorit\u00e9s locales d\u2019Almada, de Lisbonne et de Cascais, s\u2019est tenue du 18 au 23 mai 2024 \u00e0 Lisbonne, au Portugal.<\/p>\n\n\n\n<p>Il a impliqu\u00e9 des participants de tous les pays partenaires du projet et a permis de renforcer la capacit\u00e9 des animateurs socio-\u00e9ducatifs des OSC et des bureaux municipaux \u00e0 travailler ensemble et \u00e0 mettre en \u0153uvre des projets sp\u00e9cifiques sur la participation des jeunes aux processus d\u00e9cisionnels au niveau local.<\/p>\n\n\n\n<p>Au cours de l'activit\u00e9, les participants ont explor\u00e9 le cadre institutionnel de la politique de la jeunesse au Portugal et se sont engag\u00e9s avec diverses organisations europ\u00e9ennes travaillant dans le domaine de la participation des jeunes. L'activit\u00e9 a principalement port\u00e9 sur l'exploration d'outils de participation en ligne, de mod\u00e8les de participation inclusive et de programmes municipaux visant \u00e0 impliquer activement les jeunes dans les affaires locales.<\/p>\n\n\n\n<p>Les participants ont eu l'occasion de visiter le si\u00e8ge de la <a href=\"https:\/\/ipdj.gov.pt\/\">Institut portugais de la jeunesse et des sports<\/a> (IPDJ), o\u00f9 ils pourraient comprendre comment l'institut national soutient la participation des jeunes dans les processus de prise de d\u00e9cision au niveau local au Portugal, par exemple par le biais du budget national de participation des jeunes.&nbsp;<\/p>\n\n\n\n<p>Le programme a \u00e9galement offert aux participants la possibilit\u00e9 de visiter le <a href=\"https:\/\/www.cm-almada.pt\/\">Almada<\/a> et la <a href=\"https:\/\/www.cascais.pt\/\">Cascais<\/a> (Capitale europ\u00e9enne de la jeunesse en 2018) municipalit\u00e9s. Ces visites comprenaient des tables rondes avec des membres des conseils locaux de la jeunesse, qui repr\u00e9sentent les organisations locales de jeunesse, les jeunes leaders et les animateurs municipaux de jeunesse. Les visites ont permis d'obtenir des informations int\u00e9ressantes sur le processus d'\u00e9laboration et de mise en \u0153uvre de la strat\u00e9gie locale en faveur de la jeunesse. Les participants ont \u00e9t\u00e9 initi\u00e9s \u00e0 des pratiques efficaces pour les syst\u00e8mes participatifs, y compris le budget participatif renouvel\u00e9 pour les jeunes et les conseils de l'enfance. Les participants ont \u00e9galement d\u00e9couvert des initiatives locales telles que <a href=\"https:\/\/www.instagram.com\/ptwrestlefest\/\">Portugal Wrestlefest<\/a>, financ\u00e9 et soutenu par la municipalit\u00e9 d'Almada, et la <a href=\"https:\/\/www.cascais.pt\/sub-area\/voz-dos-jovens\">Voz do Jovens<\/a> projet, mis en \u0153uvre par la municipalit\u00e9 de Cascais.<\/p>\n\n\n\n<p>L'un des objectifs du programme \u00e9tait de permettre aux participants de transf\u00e9rer leur exp\u00e9rience dans leur propre r\u00e9alit\u00e9 locale. L'activit\u00e9 comprenait un atelier o\u00f9 ils ont jou\u00e9 un r\u00f4le actif et enrichi la visite en partageant les bonnes pratiques de leurs pays, en \u00e9laborant des id\u00e9es d'actions de suivi et en examinant comment adapter les pratiques pr\u00e9sent\u00e9es \u00e0 leurs contextes locaux.<\/p>\n\n\n\n<p>La visite d'\u00e9tude a \u00e9t\u00e9 financ\u00e9e dans le cadre du programme Erasmus+ par l'interm\u00e9diaire de l'Agence nationale italienne.<\/p>\n\n\n\n<figure class=\"wp-block-gallery has-nested-images columns-default is-cropped wp-block-gallery-1 is-layout-flex wp-block-gallery-is-layout-flex\">\n<figure class=\"wp-block-image size-large\"><img loading=\"lazy\" decoding=\"async\" width=\"1600\" height=\"1200\" data-id=\"7639\" src=\"https:\/\/dypall.com\/wp-content\/uploads\/2024\/07\/PHOTO-2024-07-01-10-28-23.jpg\" alt=\"\" class=\"wp-image-7639\" srcset=\"https:\/\/dypall.com\/wp-content\/uploads\/2024\/07\/PHOTO-2024-07-01-10-28-23.jpg 1600w, https:\/\/dypall.com\/wp-content\/uploads\/2024\/07\/PHOTO-2024-07-01-10-28-23-768x576.jpg 768w, https:\/\/dypall.com\/wp-content\/uploads\/2024\/07\/PHOTO-2024-07-01-10-28-23-1536x1152.jpg 1536w, https:\/\/dypall.com\/wp-content\/uploads\/2024\/07\/PHOTO-2024-07-01-10-28-23-1568x1176.jpg 1568w\" sizes=\"auto, (max-width: 1600px) 100vw, 1600px\" \/><\/figure>\n\n\n\n<figure class=\"wp-block-image size-large\"><img loading=\"lazy\" decoding=\"async\" width=\"2560\" height=\"1920\" data-id=\"7641\" src=\"https:\/\/dypall.com\/wp-content\/uploads\/2024\/07\/PHOTO-2024-05-22-12-50-14-scaled.jpg\" alt=\"\" class=\"wp-image-7641\" srcset=\"https:\/\/dypall.com\/wp-content\/uploads\/2024\/07\/PHOTO-2024-05-22-12-50-14-scaled.jpg 2560w, https:\/\/dypall.com\/wp-content\/uploads\/2024\/07\/PHOTO-2024-05-22-12-50-14-768x576.jpg 768w, https:\/\/dypall.com\/wp-content\/uploads\/2024\/07\/PHOTO-2024-05-22-12-50-14-1536x1152.jpg 1536w, https:\/\/dypall.com\/wp-content\/uploads\/2024\/07\/PHOTO-2024-05-22-12-50-14-2048x1536.jpg 2048w, https:\/\/dypall.com\/wp-content\/uploads\/2024\/07\/PHOTO-2024-05-22-12-50-14-1568x1176.jpg 1568w\" sizes=\"auto, (max-width: 2560px) 100vw, 2560px\" \/><\/figure>\n<\/figure>\n\n\n\n<figure class=\"wp-block-gallery has-nested-images columns-default is-cropped wp-block-gallery-2 is-layout-flex wp-block-gallery-is-layout-flex\">\n<figure class=\"wp-block-image size-large\"><img loading=\"lazy\" decoding=\"async\" width=\"1920\" height=\"2560\" data-id=\"7644\" src=\"https:\/\/dypall.com\/wp-content\/uploads\/2024\/07\/PHOTO-2024-05-22-12-50-13-1-scaled.jpg\" alt=\"\" class=\"wp-image-7644\" srcset=\"https:\/\/dypall.com\/wp-content\/uploads\/2024\/07\/PHOTO-2024-05-22-12-50-13-1-scaled.jpg 1920w, https:\/\/dypall.com\/wp-content\/uploads\/2024\/07\/PHOTO-2024-05-22-12-50-13-1-768x1024.jpg 768w, https:\/\/dypall.com\/wp-content\/uploads\/2024\/07\/PHOTO-2024-05-22-12-50-13-1-1152x1536.jpg 1152w, https:\/\/dypall.com\/wp-content\/uploads\/2024\/07\/PHOTO-2024-05-22-12-50-13-1-1536x2048.jpg 1536w, https:\/\/dypall.com\/wp-content\/uploads\/2024\/07\/PHOTO-2024-05-22-12-50-13-1-1568x2091.jpg 1568w\" sizes=\"auto, (max-width: 1920px) 100vw, 1920px\" \/><\/figure>\n\n\n\n<figure class=\"wp-block-image size-large\"><img loading=\"lazy\" decoding=\"async\" width=\"1200\" height=\"1600\" data-id=\"7643\" src=\"https:\/\/dypall.com\/wp-content\/uploads\/2024\/07\/PHOTO-2024-07-01-10-28-23-2-1.jpg\" alt=\"\" class=\"wp-image-7643\" srcset=\"https:\/\/dypall.com\/wp-content\/uploads\/2024\/07\/PHOTO-2024-07-01-10-28-23-2-1.jpg 1200w, https:\/\/dypall.com\/wp-content\/uploads\/2024\/07\/PHOTO-2024-07-01-10-28-23-2-1-768x1024.jpg 768w, https:\/\/dypall.com\/wp-content\/uploads\/2024\/07\/PHOTO-2024-07-01-10-28-23-2-1-1152x1536.jpg 1152w\" sizes=\"auto, (max-width: 1200px) 100vw, 1200px\" \/><\/figure>\n<\/figure>","protected":false},"excerpt":{"rendered":"<p>La visite d\u2019\u00e9tude \u00e0 Lisbonne \u00abOne Step Higher: Youth Participation Practices\u00bb, organis\u00e9e par le r\u00e9seau DYPALL en coop\u00e9ration avec Bangherang et les autorit\u00e9s locales d\u2019Almada, de Lisbonne et de Cascais, s\u2019est tenue du 18 au 23 mai 2024 \u00e0 Lisbonne, au Portugal. Il a impliqu\u00e9 des participants de tous les pays partenaires du projet et a permis de renforcer les capacit\u00e9s de... <a class=\"more-link\" href=\"https:\/\/dypall.com\/fr\/activity\/study-visit-to-lisbon-one-step-higher-climbing-the-ladder-of-participation\/\">Poursuivre la lecture <span class=\"screen-reader-text\">Visite d\u2019\u00e9tude \u00e0 Lisbonne \u00abUn pas de plus \u2013 gravir les \u00e9chelons de la participation\u00bb<\/span><\/a><\/p>","protected":false},"author":5,"featured_media":7638,"comment_status":"open","ping_status":"open","sticky":false,"template":"","format":"standard","meta":{"_acf_changed":false,"_jetpack_memberships_contains_paid_content":false,"footnotes":""},"categories":[111],"tags":[],"class_list":["post-7636","post","type-post","status-publish","format-standard","has-post-thumbnail","hentry","category-activity","entry"],"acf":[],"yoast_head":"<!-- This site is optimized with the Yoast SEO plugin v22.8 - https:\/\/yoast.com\/wordpress\/plugins\/seo\/ -->\n<title>Study visit to Lisbon \u201cOne Step Higher - Climbing the ladder of participation\u201d - DYPALL Network<\/title>\n<meta name=\"description\" content=\"The Study visit to Lisbon \u201cOne Step Higher: Youth Participation Practices,\u201d organised by DYPALL Network in cooperation with Bangherang and the local authorities of Almada, Lisbon, and Cascais, took place from 18th \u2013 23rd May 2024 in Lisbon, Portugal.\" \/>\n<meta name=\"robots\" content=\"index, follow, max-snippet:-1, max-image-preview:large, max-video-preview:-1\" \/>\n<link rel=\"canonical\" href=\"https:\/\/dypall.com\/fr\/activity\/study-visit-to-lisbon-one-step-higher-climbing-the-ladder-of-participation\/\" \/>\n<meta property=\"og:locale\" content=\"fr_FR\" \/>\n<meta property=\"og:type\" content=\"article\" \/>\n<meta property=\"og:title\" content=\"Study visit to Lisbon \u201cOne Step Higher - Climbing the ladder of participation\u201d - DYPALL Network\" \/>\n<meta property=\"og:description\" content=\"The Study visit to Lisbon \u201cOne Step Higher: Youth Participation Practices,\u201d organised by DYPALL Network in cooperation with Bangherang and the local authorities of Almada, Lisbon, and Cascais, took place from 18th \u2013 23rd May 2024 in Lisbon, Portugal.\" \/>\n<meta property=\"og:url\" content=\"https:\/\/dypall.com\/fr\/activity\/study-visit-to-lisbon-one-step-higher-climbing-the-ladder-of-participation\/\" \/>\n<meta property=\"og:site_name\" content=\"DYPALL Network\" \/>\n<meta property=\"article:published_time\" content=\"2024-06-05T09:31:06+00:00\" \/>\n<meta property=\"article:modified_time\" content=\"2024-09-13T09:27:20+00:00\" \/>\n<meta property=\"og:image\" content=\"https:\/\/dypall.com\/wp-content\/uploads\/2024\/07\/PHOTO-2024-07-01-10-28-23-1.jpg\" \/>\n\t<meta property=\"og:image:width\" content=\"1280\" \/>\n\t<meta property=\"og:image:height\" content=\"960\" \/>\n\t<meta property=\"og:image:type\" content=\"image\/jpeg\" \/>\n<meta name=\"author\" content=\"DYPALL Network\" \/>\n<meta name=\"twitter:card\" content=\"summary_large_image\" \/>\n<meta name=\"twitter:label1\" content=\"Written by\" \/>\n\t<meta name=\"twitter:data1\" content=\"DYPALL Network\" \/>\n\t<meta name=\"twitter:label2\" content=\"Est. reading time\" \/>\n\t<meta name=\"twitter:data2\" content=\"3 minutes\" \/>\n<script type=\"application\/ld+json\" class=\"yoast-schema-graph\">{\"@context\":\"https:\/\/schema.org\",\"@graph\":[{\"@type\":\"WebPage\",\"@id\":\"https:\/\/dypall.com\/activity\/study-visit-to-lisbon-one-step-higher-climbing-the-ladder-of-participation\/\",\"url\":\"https:\/\/dypall.com\/activity\/study-visit-to-lisbon-one-step-higher-climbing-the-ladder-of-participation\/\",\"name\":\"Study visit to Lisbon \u201cOne Step Higher - Climbing the ladder of participation\u201d - DYPALL Network\",\"isPartOf\":{\"@id\":\"https:\/\/dypall.com\/#website\"},\"primaryImageOfPage\":{\"@id\":\"https:\/\/dypall.com\/activity\/study-visit-to-lisbon-one-step-higher-climbing-the-ladder-of-participation\/#primaryimage\"},\"image\":{\"@id\":\"https:\/\/dypall.com\/activity\/study-visit-to-lisbon-one-step-higher-climbing-the-ladder-of-participation\/#primaryimage\"},\"thumbnailUrl\":\"https:\/\/dypall.com\/wp-content\/uploads\/2024\/07\/PHOTO-2024-07-01-10-28-23-1.jpg\",\"datePublished\":\"2024-06-05T09:31:06+00:00\",\"dateModified\":\"2024-09-13T09:27:20+00:00\",\"author\":{\"@id\":\"https:\/\/dypall.com\/#\/schema\/person\/e87206094ce8bcf88449b35f00e40fb1\"},\"description\":\"The Study visit to Lisbon \u201cOne Step Higher: Youth Participation Practices,\u201d organised by DYPALL Network in cooperation with Bangherang and the local authorities of Almada, Lisbon, and Cascais, took place from 18th \u2013 23rd May 2024 in Lisbon, Portugal.\",\"breadcrumb\":{\"@id\":\"https:\/\/dypall.com\/activity\/study-visit-to-lisbon-one-step-higher-climbing-the-ladder-of-participation\/#breadcrumb\"},\"inLanguage\":\"fr-FR\",\"potentialAction\":[{\"@type\":\"ReadAction\",\"target\":[\"https:\/\/dypall.com\/activity\/study-visit-to-lisbon-one-step-higher-climbing-the-ladder-of-participation\/\"]}]},{\"@type\":\"ImageObject\",\"inLanguage\":\"fr-FR\",\"@id\":\"https:\/\/dypall.com\/activity\/study-visit-to-lisbon-one-step-higher-climbing-the-ladder-of-participation\/#primaryimage\",\"url\":\"https:\/\/dypall.com\/wp-content\/uploads\/2024\/07\/PHOTO-2024-07-01-10-28-23-1.jpg\",\"contentUrl\":\"https:\/\/dypall.com\/wp-content\/uploads\/2024\/07\/PHOTO-2024-07-01-10-28-23-1.jpg\",\"width\":1280,\"height\":960},{\"@type\":\"BreadcrumbList\",\"@id\":\"https:\/\/dypall.com\/activity\/study-visit-to-lisbon-one-step-higher-climbing-the-ladder-of-participation\/#breadcrumb\",\"itemListElement\":[{\"@type\":\"ListItem\",\"position\":1,\"name\":\"Home\",\"item\":\"https:\/\/dypall.com\/\"},{\"@type\":\"ListItem\",\"position\":2,\"name\":\"Study visit to Lisbon \u201cOne Step Higher &#8211; Climbing the ladder of participation\u201d\"}]},{\"@type\":\"WebSite\",\"@id\":\"https:\/\/dypall.com\/#website\",\"url\":\"https:\/\/dypall.com\/\",\"name\":\"DYPALL Network\",\"description\":\"We are a European network of civil society organisations, municipalities and research institutions dedicated to improving democracy through youth participation.\",\"potentialAction\":[{\"@type\":\"SearchAction\",\"target\":{\"@type\":\"EntryPoint\",\"urlTemplate\":\"https:\/\/dypall.com\/?s={search_term_string}\"},\"query-input\":\"required name=search_term_string\"}],\"inLanguage\":\"fr-FR\"},{\"@type\":\"Person\",\"@id\":\"https:\/\/dypall.com\/#\/schema\/person\/e87206094ce8bcf88449b35f00e40fb1\",\"name\":\"DYPALL Network\",\"image\":{\"@type\":\"ImageObject\",\"inLanguage\":\"fr-FR\",\"@id\":\"https:\/\/dypall.com\/#\/schema\/person\/image\/\",\"url\":\"https:\/\/secure.gravatar.com\/avatar\/1061d2d4c9b4f1a9b496774795b5deac1200dfd1d3abecb8f85cf8b580e6963b?s=96&d=mm&r=g\",\"contentUrl\":\"https:\/\/secure.gravatar.com\/avatar\/1061d2d4c9b4f1a9b496774795b5deac1200dfd1d3abecb8f85cf8b580e6963b?s=96&d=mm&r=g\",\"caption\":\"DYPALL Network\"},\"sameAs\":[\"https:\/\/dypall.com\/\"],\"url\":\"https:\/\/dypall.com\/fr\/author\/dypallonsteroids\/\"}]}<\/script>\n<!-- \/ Yoast SEO plugin. -->","yoast_head_json":{"title":"Study visit to Lisbon \u201cOne Step Higher - Climbing the ladder of participation\u201d - DYPALL Network","description":"The Study visit to Lisbon \u201cOne Step Higher: Youth Participation Practices,\u201d organised by DYPALL Network in cooperation with Bangherang and the local authorities of Almada, Lisbon, and Cascais, took place from 18th \u2013 23rd May 2024 in Lisbon, Portugal.","robots":{"index":"index","follow":"follow","max-snippet":"max-snippet:-1","max-image-preview":"max-image-preview:large","max-video-preview":"max-video-preview:-1"},"canonical":"https:\/\/dypall.com\/fr\/activity\/study-visit-to-lisbon-one-step-higher-climbing-the-ladder-of-participation\/","og_locale":"fr_FR","og_type":"article","og_title":"Study visit to Lisbon \u201cOne Step Higher - Climbing the ladder of participation\u201d - DYPALL Network","og_description":"The Study visit to Lisbon \u201cOne Step Higher: Youth Participation Practices,\u201d organised by DYPALL Network in cooperation with Bangherang and the local authorities of Almada, Lisbon, and Cascais, took place from 18th \u2013 23rd May 2024 in Lisbon, Portugal.","og_url":"https:\/\/dypall.com\/fr\/activity\/study-visit-to-lisbon-one-step-higher-climbing-the-ladder-of-participation\/","og_site_name":"DYPALL Network","article_published_time":"2024-06-05T09:31:06+00:00","article_modified_time":"2024-09-13T09:27:20+00:00","og_image":[{"width":1280,"height":960,"url":"https:\/\/dypall.com\/wp-content\/uploads\/2024\/07\/PHOTO-2024-07-01-10-28-23-1.jpg","type":"image\/jpeg"}],"author":"DYPALL Network","twitter_card":"summary_large_image","twitter_misc":{"Written by":"DYPALL Network","Est. reading time":"3 minutes"},"schema":{"@context":"https:\/\/schema.org","@graph":[{"@type":"WebPage","@id":"https:\/\/dypall.com\/activity\/study-visit-to-lisbon-one-step-higher-climbing-the-ladder-of-participation\/","url":"https:\/\/dypall.com\/activity\/study-visit-to-lisbon-one-step-higher-climbing-the-ladder-of-participation\/","name":"Study visit to Lisbon \u201cOne Step Higher - Climbing the ladder of participation\u201d - DYPALL Network","isPartOf":{"@id":"https:\/\/dypall.com\/#website"},"primaryImageOfPage":{"@id":"https:\/\/dypall.com\/activity\/study-visit-to-lisbon-one-step-higher-climbing-the-ladder-of-participation\/#primaryimage"},"image":{"@id":"https:\/\/dypall.com\/activity\/study-visit-to-lisbon-one-step-higher-climbing-the-ladder-of-participation\/#primaryimage"},"thumbnailUrl":"https:\/\/dypall.com\/wp-content\/uploads\/2024\/07\/PHOTO-2024-07-01-10-28-23-1.jpg","datePublished":"2024-06-05T09:31:06+00:00","dateModified":"2024-09-13T09:27:20+00:00","author":{"@id":"https:\/\/dypall.com\/#\/schema\/person\/e87206094ce8bcf88449b35f00e40fb1"},"description":"The Study visit to Lisbon \u201cOne Step Higher: Youth Participation Practices,\u201d organised by DYPALL Network in cooperation with Bangherang and the local authorities of Almada, Lisbon, and Cascais, took place from 18th \u2013 23rd May 2024 in Lisbon, Portugal.","breadcrumb":{"@id":"https:\/\/dypall.com\/activity\/study-visit-to-lisbon-one-step-higher-climbing-the-ladder-of-participation\/#breadcrumb"},"inLanguage":"fr-FR","potentialAction":[{"@type":"ReadAction","target":["https:\/\/dypall.com\/activity\/study-visit-to-lisbon-one-step-higher-climbing-the-ladder-of-participation\/"]}]},{"@type":"ImageObject","inLanguage":"fr-FR","@id":"https:\/\/dypall.com\/activity\/study-visit-to-lisbon-one-step-higher-climbing-the-ladder-of-participation\/#primaryimage","url":"https:\/\/dypall.com\/wp-content\/uploads\/2024\/07\/PHOTO-2024-07-01-10-28-23-1.jpg","contentUrl":"https:\/\/dypall.com\/wp-content\/uploads\/2024\/07\/PHOTO-2024-07-01-10-28-23-1.jpg","width":1280,"height":960},{"@type":"BreadcrumbList","@id":"https:\/\/dypall.com\/activity\/study-visit-to-lisbon-one-step-higher-climbing-the-ladder-of-participation\/#breadcrumb","itemListElement":[{"@type":"ListItem","position":1,"name":"Home","item":"https:\/\/dypall.com\/"},{"@type":"ListItem","position":2,"name":"Study visit to Lisbon \u201cOne Step Higher &#8211; Climbing the ladder of participation\u201d"}]},{"@type":"WebSite","@id":"https:\/\/dypall.com\/#website","url":"https:\/\/dypall.com\/","name":"DYPALL Network","description":"We are a European network of civil society organisations, municipalities and research institutions dedicated to improving democracy through youth participation.","potentialAction":[{"@type":"SearchAction","target":{"@type":"EntryPoint","urlTemplate":"https:\/\/dypall.com\/?s={search_term_string}"},"query-input":"required name=search_term_string"}],"inLanguage":"fr-FR"},{"@type":"Person","@id":"https:\/\/dypall.com\/#\/schema\/person\/e87206094ce8bcf88449b35f00e40fb1","name":"DYPALL Network","image":{"@type":"ImageObject","inLanguage":"fr-FR","@id":"https:\/\/dypall.com\/#\/schema\/person\/image\/","url":"https:\/\/secure.gravatar.com\/avatar\/1061d2d4c9b4f1a9b496774795b5deac1200dfd1d3abecb8f85cf8b580e6963b?s=96&d=mm&r=g","contentUrl":"https:\/\/secure.gravatar.com\/avatar\/1061d2d4c9b4f1a9b496774795b5deac1200dfd1d3abecb8f85cf8b580e6963b?s=96&d=mm&r=g","caption":"DYPALL Network"},"sameAs":["https:\/\/dypall.com\/"],"url":"https:\/\/dypall.com\/fr\/author\/dypallonsteroids\/"}]}},"jetpack_featured_media_url":"https:\/\/dypall.com\/wp-content\/uploads\/2024\/07\/PHOTO-2024-07-01-10-28-23-1.jpg","jetpack_sharing_enabled":true,"_links":{"self":[{"href":"https:\/\/dypall.com\/fr\/wp-json\/wp\/v2\/posts\/7636","targetHints":{"allow":["GET"]}}],"collection":[{"href":"https:\/\/dypall.com\/fr\/wp-json\/wp\/v2\/posts"}],"about":[{"href":"https:\/\/dypall.com\/fr\/wp-json\/wp\/v2\/types\/post"}],"author":[{"embeddable":true,"href":"https:\/\/dypall.com\/fr\/wp-json\/wp\/v2\/users\/5"}],"replies":[{"embeddable":true,"href":"https:\/\/dypall.com\/fr\/wp-json\/wp\/v2\/comments?post=7636"}],"version-history":[{"count":2,"href":"https:\/\/dypall.com\/fr\/wp-json\/wp\/v2\/posts\/7636\/revisions"}],"predecessor-version":[{"id":7646,"href":"https:\/\/dypall.com\/fr\/wp-json\/wp\/v2\/posts\/7636\/revisions\/7646"}],"wp:featuredmedia":[{"embeddable":true,"href":"https:\/\/dypall.com\/fr\/wp-json\/wp\/v2\/media\/7638"}],"wp:attachment":[{"href":"https:\/\/dypall.com\/fr\/wp-json\/wp\/v2\/media?parent=7636"}],"wp:term":[{"taxonomy":"category","embeddable":true,"href":"https:\/\/dypall.com\/fr\/wp-json\/wp\/v2\/categories?post=7636"},{"taxonomy":"post_tag","embeddable":true,"href":"https:\/\/dypall.com\/fr\/wp-json\/wp\/v2\/tags?post=7636"}],"curies":[{"name":"wp","href":"https:\/\/api.w.org\/{rel}","templated":true}]}}