{"id":7484,"date":"2024-06-20T16:27:36","date_gmt":"2024-06-20T16:27:36","guid":{"rendered":"https:\/\/dypall.com\/?p=7484"},"modified":"2024-06-20T16:27:37","modified_gmt":"2024-06-20T16:27:37","slug":"study-visit-to-ghent-youth-policies-for-better-local-democracies","status":"publish","type":"post","link":"https:\/\/dypall.com\/fr\/activity\/study-visit-to-ghent-youth-policies-for-better-local-democracies\/","title":{"rendered":"Visite d\u2019\u00e9tude \u00e0 Gand sur le th\u00e8me \u00abPolitiques de la jeunesse pour de meilleures d\u00e9mocraties locales\u00bb"},"content":{"rendered":"<p>La visite d\u2019\u00e9tude \u00e0 Gand intitul\u00e9e \u00abPolitiques de la jeunesse pour de meilleures d\u00e9mocraties locales\u00bb, organis\u00e9e par le r\u00e9seau DYPALL en coop\u00e9ration avec Bataljong et le d\u00e9partement de la jeunesse de la ville de Gand, s\u2019est d\u00e9roul\u00e9e du 27 mai au 1er juin 2024 \u00e0 Gand, en Belgique.&nbsp;<\/p>\n\n\n\n<p>Au cours de l'activit\u00e9, les participants ont appris la participation des jeunes \u00e0 <a href=\"https:\/\/stad.gent\/en\/city-governance-organisation\/city-policy\/ghent-child-and-youth-friendly-city\/ghent-european-youth-capital-2024\">Gand<\/a>, capitale europ\u00e9enne de la jeunesse 2024, et a fait connaissance avec d\u2019autres organisations europ\u00e9ennes travaillant dans le domaine de la participation des jeunes aux processus d\u00e9cisionnels au niveau local.<\/p>\n\n\n\n<p>Le programme de la visite d\u2019\u00e9tude a offert aux participants la possibilit\u00e9 d\u2019apprendre de <a href=\"https:\/\/bataljong.be\/\">Bataljong<\/a>les meilleures pratiques. En mettant l'accent sur l'am\u00e9lioration des processus d\u00e9mocratiques, Bataljong fournit un soutien continu aux gouvernements locaux en Flandre, en Belgique, dans la mise en place et le maintien de plates-formes pour l'engagement des jeunes dans la prise de d\u00e9cision. Les participants ont \u00e9t\u00e9 initi\u00e9s \u00e0 des initiatives telles que Debattle, Jonge Wegweters et Roadmap. Ils ont \u00e9galement collabor\u00e9 avec le Conseil local de la jeunesse de Gand. Ce Conseil, compos\u00e9 de 20 membres \u00e2g\u00e9s de 16 \u00e0 30 ans, conseille sur la politique, organise des \u00e9lections et \u00e9labore un m\u00e9morandum sur les priorit\u00e9s de la jeunesse \u00e0 inclure dans les programmes politiques pour les \u00e9lections locales, en le pr\u00e9sentant aux partis politiques.<\/p>\n\n\n\n<p>Visites \u00e0 la <a href=\"https:\/\/www.larf.be\/\">LARF!<\/a> et <a href=\"https:\/\/www.broei.be\/\">BROEI<\/a> a permis aux participants de d\u00e9couvrir de premi\u00e8re main les pratiques de participation des jeunes. LARF! est une organisation \u00e0 but non lucratif et une organisation \u00e9ducative culturelle o\u00f9 les enfants et les jeunes sont au centre, ind\u00e9pendamment de leur origine, de leur origine ou de leur talent et BROEI est un espace cr\u00e9atif soutenant l'EYC avec des activit\u00e9s, o\u00f9 25 organisations ax\u00e9es sur la jeunesse utilisent l'espace et le programme. Le laboratoire BROEI est compos\u00e9 de 60 personnes qui donnent des ateliers les uns aux autres et apprennent en collaboration.<\/p>\n\n\n\n<p>En outre, la participation \u00e0 la conf\u00e9rence finale de la plate-forme C, organis\u00e9e par Bataljong, a enrichi la visite avec des mod\u00e8les r\u00e9ussis de participation des jeunes locaux \u00e0 la prise de d\u00e9cision. La plate-forme C met l'accent sur l'\u00e9laboration de politiques locales avec les jeunes, en les consid\u00e9rant comme faisant partie d'un \u00e9cosyst\u00e8me. Les discussions cl\u00e9s ont mis en \u00e9vidence l\u2019importance de la voix des jeunes dans l\u2019\u00e9laboration des politiques, la n\u00e9cessit\u00e9 de mieux informer sur le fonctionnement des politiques et les strat\u00e9gies visant \u00e0 associer les jeunes et les responsables politiques au dialogue.<\/p>\n\n\n\n<p>La visite d\u2019\u00e9tude a \u00e9t\u00e9 financ\u00e9e dans le cadre du programme Erasmus+ par l\u2019interm\u00e9diaire de l\u2019agence nationale JINT.<\/p>\n\n\n\n<figure class=\"wp-block-gallery has-nested-images columns-default is-cropped wp-block-gallery-1 is-layout-flex wp-block-gallery-is-layout-flex\">\n<figure class=\"wp-block-image size-large\"><img loading=\"lazy\" decoding=\"async\" width=\"2000\" height=\"1500\" data-id=\"7485\" src=\"https:\/\/dypall.com\/wp-content\/uploads\/2024\/06\/SV-Ghent_1.jpeg\" alt=\"\" class=\"wp-image-7485\" srcset=\"https:\/\/dypall.com\/wp-content\/uploads\/2024\/06\/SV-Ghent_1.jpeg 2000w, https:\/\/dypall.com\/wp-content\/uploads\/2024\/06\/SV-Ghent_1-768x576.jpeg 768w, https:\/\/dypall.com\/wp-content\/uploads\/2024\/06\/SV-Ghent_1-1536x1152.jpeg 1536w, https:\/\/dypall.com\/wp-content\/uploads\/2024\/06\/SV-Ghent_1-1568x1176.jpeg 1568w\" sizes=\"auto, (max-width: 2000px) 100vw, 2000px\" \/><\/figure>\n\n\n\n<figure class=\"wp-block-image size-large\"><img loading=\"lazy\" decoding=\"async\" width=\"1600\" height=\"1200\" data-id=\"7492\" src=\"https:\/\/dypall.com\/wp-content\/uploads\/2024\/06\/SV-Ghent-9.jpeg\" alt=\"\" class=\"wp-image-7492\" srcset=\"https:\/\/dypall.com\/wp-content\/uploads\/2024\/06\/SV-Ghent-9.jpeg 1600w, https:\/\/dypall.com\/wp-content\/uploads\/2024\/06\/SV-Ghent-9-768x576.jpeg 768w, https:\/\/dypall.com\/wp-content\/uploads\/2024\/06\/SV-Ghent-9-1536x1152.jpeg 1536w, https:\/\/dypall.com\/wp-content\/uploads\/2024\/06\/SV-Ghent-9-1568x1176.jpeg 1568w\" sizes=\"auto, (max-width: 1600px) 100vw, 1600px\" \/><\/figure>\n\n\n\n<figure class=\"wp-block-image size-large\"><img loading=\"lazy\" decoding=\"async\" width=\"1600\" height=\"1200\" data-id=\"7487\" src=\"https:\/\/dypall.com\/wp-content\/uploads\/2024\/06\/SV-Ghent-3.jpeg\" alt=\"\" class=\"wp-image-7487\" srcset=\"https:\/\/dypall.com\/wp-content\/uploads\/2024\/06\/SV-Ghent-3.jpeg 1600w, https:\/\/dypall.com\/wp-content\/uploads\/2024\/06\/SV-Ghent-3-768x576.jpeg 768w, https:\/\/dypall.com\/wp-content\/uploads\/2024\/06\/SV-Ghent-3-1536x1152.jpeg 1536w, https:\/\/dypall.com\/wp-content\/uploads\/2024\/06\/SV-Ghent-3-1568x1176.jpeg 1568w\" sizes=\"auto, (max-width: 1600px) 100vw, 1600px\" \/><\/figure>\n\n\n\n<figure class=\"wp-block-image size-large\"><img loading=\"lazy\" decoding=\"async\" width=\"1500\" height=\"2000\" data-id=\"7488\" src=\"https:\/\/dypall.com\/wp-content\/uploads\/2024\/06\/SV-Ghent-4.jpeg\" alt=\"\" class=\"wp-image-7488\" srcset=\"https:\/\/dypall.com\/wp-content\/uploads\/2024\/06\/SV-Ghent-4.jpeg 1500w, https:\/\/dypall.com\/wp-content\/uploads\/2024\/06\/SV-Ghent-4-768x1024.jpeg 768w, https:\/\/dypall.com\/wp-content\/uploads\/2024\/06\/SV-Ghent-4-1152x1536.jpeg 1152w\" sizes=\"auto, (max-width: 1500px) 100vw, 1500px\" \/><\/figure>\n\n\n\n<figure class=\"wp-block-image size-large\"><img loading=\"lazy\" decoding=\"async\" width=\"2000\" height=\"1500\" data-id=\"7490\" src=\"https:\/\/dypall.com\/wp-content\/uploads\/2024\/06\/SV-Ghent-6.jpeg\" alt=\"\" class=\"wp-image-7490\" srcset=\"https:\/\/dypall.com\/wp-content\/uploads\/2024\/06\/SV-Ghent-6.jpeg 2000w, https:\/\/dypall.com\/wp-content\/uploads\/2024\/06\/SV-Ghent-6-768x576.jpeg 768w, https:\/\/dypall.com\/wp-content\/uploads\/2024\/06\/SV-Ghent-6-1536x1152.jpeg 1536w, https:\/\/dypall.com\/wp-content\/uploads\/2024\/06\/SV-Ghent-6-1568x1176.jpeg 1568w\" sizes=\"auto, (max-width: 2000px) 100vw, 2000px\" \/><\/figure>\n\n\n\n<figure class=\"wp-block-image size-large\"><img loading=\"lazy\" decoding=\"async\" width=\"1500\" height=\"2000\" data-id=\"7491\" src=\"https:\/\/dypall.com\/wp-content\/uploads\/2024\/06\/SV-Ghent-7.jpeg\" alt=\"\" class=\"wp-image-7491\" srcset=\"https:\/\/dypall.com\/wp-content\/uploads\/2024\/06\/SV-Ghent-7.jpeg 1500w, https:\/\/dypall.com\/wp-content\/uploads\/2024\/06\/SV-Ghent-7-768x1024.jpeg 768w, https:\/\/dypall.com\/wp-content\/uploads\/2024\/06\/SV-Ghent-7-1152x1536.jpeg 1152w\" sizes=\"auto, (max-width: 1500px) 100vw, 1500px\" \/><\/figure>\n<\/figure>","protected":false},"excerpt":{"rendered":"<p>La visite d\u2019\u00e9tude \u00e0 Gand intitul\u00e9e \u00abPolitiques de la jeunesse pour de meilleures d\u00e9mocraties locales\u00bb, organis\u00e9e par le r\u00e9seau DYPALL en coop\u00e9ration avec Bataljong et le d\u00e9partement de la jeunesse de la ville de Gand, s\u2019est d\u00e9roul\u00e9e du 27 mai au 1er juin 2024 \u00e0 Gand, en Belgique.\u00a0 Au cours de l'activit\u00e9, les participants ont appris la participation des jeunes \u00e0 Gand, capitale europ\u00e9enne de la jeunesse... <a class=\"more-link\" href=\"https:\/\/dypall.com\/fr\/activity\/study-visit-to-ghent-youth-policies-for-better-local-democracies\/\">Poursuivre la lecture <span class=\"screen-reader-text\">Visite d\u2019\u00e9tude \u00e0 Gand sur le th\u00e8me \u00abPolitiques de la jeunesse pour de meilleures d\u00e9mocraties locales\u00bb<\/span><\/a><\/p>","protected":false},"author":1,"featured_media":7486,"comment_status":"open","ping_status":"open","sticky":false,"template":"","format":"standard","meta":{"_acf_changed":false,"_jetpack_memberships_contains_paid_content":false,"footnotes":""},"categories":[111,152],"tags":[116,129],"class_list":["post-7484","post","type-post","status-publish","format-standard","has-post-thumbnail","hentry","category-activity","category-study-visits","tag-dypall-network","tag-study-visit","entry"],"acf":[],"yoast_head":"<!-- This site is optimized with the Yoast SEO plugin v22.8 - https:\/\/yoast.com\/wordpress\/plugins\/seo\/ -->\n<title>Study visit to Ghent \u201cYouth policies for better local democracies\u201d - DYPALL Network<\/title>\n<meta name=\"description\" content=\"The Study visit to Ghent \u201cYouth policies for better local democracies\u201d, organised by DYPALL Network in cooperation with Bataljong and the Youth Department of the City of Ghent, took place from 27th May \u2013 1st June 2024 in Ghent, Belgium.\u00a0\" \/>\n<meta name=\"robots\" content=\"index, follow, max-snippet:-1, max-image-preview:large, max-video-preview:-1\" \/>\n<link rel=\"canonical\" href=\"https:\/\/dypall.com\/fr\/activity\/study-visit-to-ghent-youth-policies-for-better-local-democracies\/\" \/>\n<meta property=\"og:locale\" content=\"fr_FR\" \/>\n<meta property=\"og:type\" content=\"article\" \/>\n<meta property=\"og:title\" content=\"Study visit to Ghent \u201cYouth policies for better local democracies\u201d - DYPALL Network\" \/>\n<meta property=\"og:description\" content=\"The Study visit to Ghent \u201cYouth policies for better local democracies\u201d, organised by DYPALL Network in cooperation with Bataljong and the Youth Department of the City of Ghent, took place from 27th May \u2013 1st June 2024 in Ghent, Belgium.\u00a0\" \/>\n<meta property=\"og:url\" content=\"https:\/\/dypall.com\/fr\/activity\/study-visit-to-ghent-youth-policies-for-better-local-democracies\/\" \/>\n<meta property=\"og:site_name\" content=\"DYPALL Network\" \/>\n<meta property=\"article:published_time\" content=\"2024-06-20T16:27:36+00:00\" \/>\n<meta property=\"article:modified_time\" content=\"2024-06-20T16:27:37+00:00\" \/>\n<meta property=\"og:image\" content=\"https:\/\/dypall.com\/wp-content\/uploads\/2024\/06\/SV-Ghent-2.jpeg\" \/>\n\t<meta property=\"og:image:width\" content=\"1600\" \/>\n\t<meta property=\"og:image:height\" content=\"1200\" \/>\n\t<meta property=\"og:image:type\" content=\"image\/jpeg\" \/>\n<meta name=\"author\" content=\"DYPALL Network\" \/>\n<meta name=\"twitter:card\" content=\"summary_large_image\" \/>\n<meta name=\"twitter:label1\" content=\"Written by\" \/>\n\t<meta name=\"twitter:data1\" content=\"DYPALL Network\" \/>\n\t<meta name=\"twitter:label2\" content=\"Est. reading time\" \/>\n\t<meta name=\"twitter:data2\" content=\"3 minutes\" \/>\n<script type=\"application\/ld+json\" class=\"yoast-schema-graph\">{\"@context\":\"https:\/\/schema.org\",\"@graph\":[{\"@type\":\"WebPage\",\"@id\":\"https:\/\/dypall.com\/activity\/study-visit-to-ghent-youth-policies-for-better-local-democracies\/\",\"url\":\"https:\/\/dypall.com\/activity\/study-visit-to-ghent-youth-policies-for-better-local-democracies\/\",\"name\":\"Study visit to Ghent \u201cYouth policies for better local democracies\u201d - DYPALL Network\",\"isPartOf\":{\"@id\":\"https:\/\/dypall.com\/#website\"},\"primaryImageOfPage\":{\"@id\":\"https:\/\/dypall.com\/activity\/study-visit-to-ghent-youth-policies-for-better-local-democracies\/#primaryimage\"},\"image\":{\"@id\":\"https:\/\/dypall.com\/activity\/study-visit-to-ghent-youth-policies-for-better-local-democracies\/#primaryimage\"},\"thumbnailUrl\":\"https:\/\/dypall.com\/wp-content\/uploads\/2024\/06\/SV-Ghent-2.jpeg\",\"datePublished\":\"2024-06-20T16:27:36+00:00\",\"dateModified\":\"2024-06-20T16:27:37+00:00\",\"author\":{\"@id\":\"https:\/\/dypall.com\/#\/schema\/person\/f92e08aa15c8ba711a9d153129f03377\"},\"description\":\"The Study visit to Ghent \u201cYouth policies for better local democracies\u201d, organised by DYPALL Network in cooperation with Bataljong and the Youth Department of the City of Ghent, took place from 27th May \u2013 1st June 2024 in Ghent, Belgium.\u00a0\",\"breadcrumb\":{\"@id\":\"https:\/\/dypall.com\/activity\/study-visit-to-ghent-youth-policies-for-better-local-democracies\/#breadcrumb\"},\"inLanguage\":\"fr-FR\",\"potentialAction\":[{\"@type\":\"ReadAction\",\"target\":[\"https:\/\/dypall.com\/activity\/study-visit-to-ghent-youth-policies-for-better-local-democracies\/\"]}]},{\"@type\":\"ImageObject\",\"inLanguage\":\"fr-FR\",\"@id\":\"https:\/\/dypall.com\/activity\/study-visit-to-ghent-youth-policies-for-better-local-democracies\/#primaryimage\",\"url\":\"https:\/\/dypall.com\/wp-content\/uploads\/2024\/06\/SV-Ghent-2.jpeg\",\"contentUrl\":\"https:\/\/dypall.com\/wp-content\/uploads\/2024\/06\/SV-Ghent-2.jpeg\",\"width\":1600,\"height\":1200},{\"@type\":\"BreadcrumbList\",\"@id\":\"https:\/\/dypall.com\/activity\/study-visit-to-ghent-youth-policies-for-better-local-democracies\/#breadcrumb\",\"itemListElement\":[{\"@type\":\"ListItem\",\"position\":1,\"name\":\"Home\",\"item\":\"https:\/\/dypall.com\/\"},{\"@type\":\"ListItem\",\"position\":2,\"name\":\"Study visit to Ghent \u201cYouth policies for better local democracies\u201d\"}]},{\"@type\":\"WebSite\",\"@id\":\"https:\/\/dypall.com\/#website\",\"url\":\"https:\/\/dypall.com\/\",\"name\":\"DYPALL Network\",\"description\":\"We are a European network of civil society organisations, municipalities and research institutions dedicated to improving democracy through youth participation.\",\"potentialAction\":[{\"@type\":\"SearchAction\",\"target\":{\"@type\":\"EntryPoint\",\"urlTemplate\":\"https:\/\/dypall.com\/?s={search_term_string}\"},\"query-input\":\"required name=search_term_string\"}],\"inLanguage\":\"fr-FR\"},{\"@type\":\"Person\",\"@id\":\"https:\/\/dypall.com\/#\/schema\/person\/f92e08aa15c8ba711a9d153129f03377\",\"name\":\"DYPALL Network\",\"image\":{\"@type\":\"ImageObject\",\"inLanguage\":\"fr-FR\",\"@id\":\"https:\/\/dypall.com\/#\/schema\/person\/image\/\",\"url\":\"https:\/\/secure.gravatar.com\/avatar\/9c39e299279800c6d69c5e02cf613e7bab060889f373052a03d7ac399e8f0d3c?s=96&d=mm&r=g\",\"contentUrl\":\"https:\/\/secure.gravatar.com\/avatar\/9c39e299279800c6d69c5e02cf613e7bab060889f373052a03d7ac399e8f0d3c?s=96&d=mm&r=g\",\"caption\":\"DYPALL Network\"},\"sameAs\":[\"https:\/\/dypall.com\"],\"url\":\"https:\/\/dypall.com\/fr\/author\/dypall\/\"}]}<\/script>\n<!-- \/ Yoast SEO plugin. -->","yoast_head_json":{"title":"Study visit to Ghent \u201cYouth policies for better local democracies\u201d - DYPALL Network","description":"The Study visit to Ghent \u201cYouth policies for better local democracies\u201d, organised by DYPALL Network in cooperation with Bataljong and the Youth Department of the City of Ghent, took place from 27th May \u2013 1st June 2024 in Ghent, Belgium.\u00a0","robots":{"index":"index","follow":"follow","max-snippet":"max-snippet:-1","max-image-preview":"max-image-preview:large","max-video-preview":"max-video-preview:-1"},"canonical":"https:\/\/dypall.com\/fr\/activity\/study-visit-to-ghent-youth-policies-for-better-local-democracies\/","og_locale":"fr_FR","og_type":"article","og_title":"Study visit to Ghent \u201cYouth policies for better local democracies\u201d - DYPALL Network","og_description":"The Study visit to Ghent \u201cYouth policies for better local democracies\u201d, organised by DYPALL Network in cooperation with Bataljong and the Youth Department of the City of Ghent, took place from 27th May \u2013 1st June 2024 in Ghent, Belgium.\u00a0","og_url":"https:\/\/dypall.com\/fr\/activity\/study-visit-to-ghent-youth-policies-for-better-local-democracies\/","og_site_name":"DYPALL Network","article_published_time":"2024-06-20T16:27:36+00:00","article_modified_time":"2024-06-20T16:27:37+00:00","og_image":[{"width":1600,"height":1200,"url":"https:\/\/dypall.com\/wp-content\/uploads\/2024\/06\/SV-Ghent-2.jpeg","type":"image\/jpeg"}],"author":"DYPALL Network","twitter_card":"summary_large_image","twitter_misc":{"Written by":"DYPALL Network","Est. reading time":"3 minutes"},"schema":{"@context":"https:\/\/schema.org","@graph":[{"@type":"WebPage","@id":"https:\/\/dypall.com\/activity\/study-visit-to-ghent-youth-policies-for-better-local-democracies\/","url":"https:\/\/dypall.com\/activity\/study-visit-to-ghent-youth-policies-for-better-local-democracies\/","name":"Study visit to Ghent \u201cYouth policies for better local democracies\u201d - DYPALL Network","isPartOf":{"@id":"https:\/\/dypall.com\/#website"},"primaryImageOfPage":{"@id":"https:\/\/dypall.com\/activity\/study-visit-to-ghent-youth-policies-for-better-local-democracies\/#primaryimage"},"image":{"@id":"https:\/\/dypall.com\/activity\/study-visit-to-ghent-youth-policies-for-better-local-democracies\/#primaryimage"},"thumbnailUrl":"https:\/\/dypall.com\/wp-content\/uploads\/2024\/06\/SV-Ghent-2.jpeg","datePublished":"2024-06-20T16:27:36+00:00","dateModified":"2024-06-20T16:27:37+00:00","author":{"@id":"https:\/\/dypall.com\/#\/schema\/person\/f92e08aa15c8ba711a9d153129f03377"},"description":"The Study visit to Ghent \u201cYouth policies for better local democracies\u201d, organised by DYPALL Network in cooperation with Bataljong and the Youth Department of the City of Ghent, took place from 27th May \u2013 1st June 2024 in Ghent, Belgium.\u00a0","breadcrumb":{"@id":"https:\/\/dypall.com\/activity\/study-visit-to-ghent-youth-policies-for-better-local-democracies\/#breadcrumb"},"inLanguage":"fr-FR","potentialAction":[{"@type":"ReadAction","target":["https:\/\/dypall.com\/activity\/study-visit-to-ghent-youth-policies-for-better-local-democracies\/"]}]},{"@type":"ImageObject","inLanguage":"fr-FR","@id":"https:\/\/dypall.com\/activity\/study-visit-to-ghent-youth-policies-for-better-local-democracies\/#primaryimage","url":"https:\/\/dypall.com\/wp-content\/uploads\/2024\/06\/SV-Ghent-2.jpeg","contentUrl":"https:\/\/dypall.com\/wp-content\/uploads\/2024\/06\/SV-Ghent-2.jpeg","width":1600,"height":1200},{"@type":"BreadcrumbList","@id":"https:\/\/dypall.com\/activity\/study-visit-to-ghent-youth-policies-for-better-local-democracies\/#breadcrumb","itemListElement":[{"@type":"ListItem","position":1,"name":"Home","item":"https:\/\/dypall.com\/"},{"@type":"ListItem","position":2,"name":"Study visit to Ghent \u201cYouth policies for better local democracies\u201d"}]},{"@type":"WebSite","@id":"https:\/\/dypall.com\/#website","url":"https:\/\/dypall.com\/","name":"DYPALL Network","description":"We are a European network of civil society organisations, municipalities and research institutions dedicated to improving democracy through youth participation.","potentialAction":[{"@type":"SearchAction","target":{"@type":"EntryPoint","urlTemplate":"https:\/\/dypall.com\/?s={search_term_string}"},"query-input":"required name=search_term_string"}],"inLanguage":"fr-FR"},{"@type":"Person","@id":"https:\/\/dypall.com\/#\/schema\/person\/f92e08aa15c8ba711a9d153129f03377","name":"DYPALL Network","image":{"@type":"ImageObject","inLanguage":"fr-FR","@id":"https:\/\/dypall.com\/#\/schema\/person\/image\/","url":"https:\/\/secure.gravatar.com\/avatar\/9c39e299279800c6d69c5e02cf613e7bab060889f373052a03d7ac399e8f0d3c?s=96&d=mm&r=g","contentUrl":"https:\/\/secure.gravatar.com\/avatar\/9c39e299279800c6d69c5e02cf613e7bab060889f373052a03d7ac399e8f0d3c?s=96&d=mm&r=g","caption":"DYPALL Network"},"sameAs":["https:\/\/dypall.com"],"url":"https:\/\/dypall.com\/fr\/author\/dypall\/"}]}},"jetpack_featured_media_url":"https:\/\/dypall.com\/wp-content\/uploads\/2024\/06\/SV-Ghent-2.jpeg","jetpack_sharing_enabled":true,"_links":{"self":[{"href":"https:\/\/dypall.com\/fr\/wp-json\/wp\/v2\/posts\/7484","targetHints":{"allow":["GET"]}}],"collection":[{"href":"https:\/\/dypall.com\/fr\/wp-json\/wp\/v2\/posts"}],"about":[{"href":"https:\/\/dypall.com\/fr\/wp-json\/wp\/v2\/types\/post"}],"author":[{"embeddable":true,"href":"https:\/\/dypall.com\/fr\/wp-json\/wp\/v2\/users\/1"}],"replies":[{"embeddable":true,"href":"https:\/\/dypall.com\/fr\/wp-json\/wp\/v2\/comments?post=7484"}],"version-history":[{"count":1,"href":"https:\/\/dypall.com\/fr\/wp-json\/wp\/v2\/posts\/7484\/revisions"}],"predecessor-version":[{"id":7494,"href":"https:\/\/dypall.com\/fr\/wp-json\/wp\/v2\/posts\/7484\/revisions\/7494"}],"wp:featuredmedia":[{"embeddable":true,"href":"https:\/\/dypall.com\/fr\/wp-json\/wp\/v2\/media\/7486"}],"wp:attachment":[{"href":"https:\/\/dypall.com\/fr\/wp-json\/wp\/v2\/media?parent=7484"}],"wp:term":[{"taxonomy":"category","embeddable":true,"href":"https:\/\/dypall.com\/fr\/wp-json\/wp\/v2\/categories?post=7484"},{"taxonomy":"post_tag","embeddable":true,"href":"https:\/\/dypall.com\/fr\/wp-json\/wp\/v2\/tags?post=7484"}],"curies":[{"name":"wp","href":"https:\/\/api.w.org\/{rel}","templated":true}]}}