{"id":7087,"date":"2024-05-02T14:45:35","date_gmt":"2024-05-02T13:45:35","guid":{"rendered":"https:\/\/dypall.com\/?p=7087"},"modified":"2024-06-06T11:18:42","modified_gmt":"2024-06-06T11:18:42","slug":"first-online-meeting-of-the-advisory-group-on-youth-engagement-under-the-project-climbing-the-ladder-fostering-a-culture-of-youth-engagement-cl-ye-2","status":"publish","type":"post","link":"https:\/\/dypall.com\/fr\/activity\/first-online-meeting-of-the-advisory-group-on-youth-engagement-under-the-project-climbing-the-ladder-fostering-a-culture-of-youth-engagement-cl-ye-2\/","title":{"rendered":"Premi\u00e8re r\u00e9union en ligne du groupe consultatif sur l\u2019engagement des jeunes dans le cadre du projet \u00abClimbing the Ladder: favoriser une culture de l\u2019engagement des jeunes (CL-YE)\u00bb"},"content":{"rendered":"<p><a href=\"https:\/\/dypall.com\/fr\/2024\/05\/02\/first-online-meeting-of-the-advisory-group-on-youth-engagement-under-the-project-climbing-the-ladder-fostering-a-culture-of-youth-engagement-cl-ye\/1st-advisory-group-meeting-of-cl-ye\/#main\" rel=\"attachment wp-att-7088\"><img loading=\"lazy\" decoding=\"async\" class=\"wp-image-7088 aligncenter\" src=\"https:\/\/dypall.com\/wp-content\/uploads\/2024\/05\/1st-Advisory-Group-meeting-of-CL-YE.png\" alt=\"\" width=\"782\" height=\"440\" \/><\/a><\/p>\n<p>Le <strong>Groupe consultatif sur la participation des jeunes<\/strong> est un groupe de <strong>12 experts<\/strong> de diff\u00e9rents pays d'Europe ayant une exp\u00e9rience concr\u00e8te des m\u00e9canismes, des structures et des mod\u00e8les d'engagement des jeunes avec pour mission de soutenir le consortium du projet <em><strong>\u00abEscaler l\u2019\u00e9chelle: favoriser une culture de l\u2019engagement des jeunes (CL-YE)\u00bb<\/strong><\/em> dans la planification, la recherche et la r\u00e9alisation des principaux r\u00e9sultats du projet.<\/p>\n<p>Il est pr\u00e9vu que le Groupe consultatif se r\u00e9unisse au total cinq fois (quatre en ligne et une en personne) pendant toute la dur\u00e9e du projet. Le <strong>premi\u00e8re r\u00e9union en ligne<\/strong> a eu lieu sur le <strong>29\u00e8me<\/strong> et <strong>30 avril 2024<\/strong>. Au cours de cette rencontre, les conseillers ont eu l'occasion de se conna\u00eetre et de se familiariser avec le projet. Ils ont formul\u00e9 des commentaires constructifs et des recommandations pr\u00e9cieuses sur la <strong>\u00c9tude de litt\u00e9rature<\/strong> \u2013 une base de donn\u00e9es des ressources d\u00e9velopp\u00e9es par le consortium du projet, ainsi que pour le processus d\u2019\u00e9laboration de la publication sur les mod\u00e8les et m\u00e9canismes de participation des jeunes et de la publication sur les bonnes pratiques et les \u00e9tudes de cas, en tant que premiers r\u00e9sultats du projet. Enfin, ils ont \u00e9galement discut\u00e9 et pr\u00e9sent\u00e9 des propositions sur la mani\u00e8re d'assurer la visibilit\u00e9 et la durabilit\u00e9 des r\u00e9sultats du projet.<\/p>\n<p>Le projet <strong>\u00abEscaler l\u2019\u00e9chelle: favoriser une culture de l\u2019engagement des jeunes (CL-YE)\u00bb<\/strong> r\u00e9pond au besoin de structures, de m\u00e9canismes et d\u2019espaces efficaces et significatifs pour la participation active des jeunes \u00e0 l\u2019\u00e9laboration des politiques et aux processus d\u00e9cisionnels aux niveaux local, r\u00e9gional, national et europ\u00e9en.<\/p>\n<p>Certains des <strong>objectifs cl\u00e9s<\/strong> du projet sont:<\/p>\n<ul>\n<li>analyser et comprendre les principales caract\u00e9ristiques des mod\u00e8les et m\u00e9canismes actuels de participation des jeunes en Europe;<\/li>\n<li>collecter et partager les pratiques r\u00e9ussies qui encouragent les jeunes, les d\u00e9cideurs politiques et les praticiens \u00e0 associer la perspective des jeunes \u00e0 l\u2019\u00e9laboration des politiques;<\/li>\n<li>cr\u00e9er une plateforme accessible pour la mise en \u0153uvre de m\u00e9canismes d\u2019engagement des jeunes;<\/li>\n<li>mettre en place deux r\u00e9seaux (un de jeunes facilitateurs pour la d\u00e9mocratie et un autre de jeunes conseillers municipaux\/r\u00e9gionaux) afin de promouvoir la participation citoyenne et l\u2019engagement d\u00e9mocratique aux niveaux local et r\u00e9gional dans toute l\u2019Europe.<\/li>\n<\/ul>\n<p>C'est une <strong>Jeunes Europ\u00e9ens Ensemble<\/strong> projet financ\u00e9 par l'Union europ\u00e9enne dans le cadre du programme Erasmus+.<\/p>","protected":false},"excerpt":{"rendered":"<p>Le groupe consultatif sur l\u2019engagement des jeunes est un groupe de 12 experts de diff\u00e9rents pays d\u2019Europe ayant une exp\u00e9rience concr\u00e8te des m\u00e9canismes, des structures et des mod\u00e8les d\u2019engagement des jeunes, dont la mission est de soutenir le consortium du projet \u00abClimbing the Ladder: favoriser une culture de l\u2019engagement des jeunes (CL-YE)\u00bb dans la planification, la recherche et la mise en \u0153uvre... <a class=\"more-link\" href=\"https:\/\/dypall.com\/fr\/activity\/first-online-meeting-of-the-advisory-group-on-youth-engagement-under-the-project-climbing-the-ladder-fostering-a-culture-of-youth-engagement-cl-ye-2\/\">Poursuivre la lecture <span class=\"screen-reader-text\">Premi\u00e8re r\u00e9union en ligne du groupe consultatif sur l\u2019engagement des jeunes dans le cadre du projet \u00abClimbing the Ladder: favoriser une culture de l\u2019engagement des jeunes (CL-YE)\u00bb<\/span><\/a><\/p>","protected":false},"author":1,"featured_media":7089,"comment_status":"closed","ping_status":"open","sticky":false,"template":"","format":"standard","meta":{"_acf_changed":false,"_jetpack_memberships_contains_paid_content":false,"footnotes":""},"categories":[111],"tags":[],"class_list":["post-7087","post","type-post","status-publish","format-standard","has-post-thumbnail","hentry","category-activity","entry"],"acf":[],"yoast_head":"<!-- This site is optimized with the Yoast SEO plugin v22.8 - https:\/\/yoast.com\/wordpress\/plugins\/seo\/ -->\n<title>First online meeting of the Advisory Group on Youth Engagement under the project \u201cClimbing the Ladder: fostering a culture of Youth Engagement (CL-YE)\u201d - DYPALL Network<\/title>\n<meta name=\"robots\" content=\"index, follow, max-snippet:-1, max-image-preview:large, max-video-preview:-1\" \/>\n<link rel=\"canonical\" href=\"https:\/\/dypall.com\/fr\/activity\/first-online-meeting-of-the-advisory-group-on-youth-engagement-under-the-project-climbing-the-ladder-fostering-a-culture-of-youth-engagement-cl-ye-2\/\" \/>\n<meta property=\"og:locale\" content=\"fr_FR\" \/>\n<meta property=\"og:type\" content=\"article\" \/>\n<meta property=\"og:title\" content=\"First online meeting of the Advisory Group on Youth Engagement under the project \u201cClimbing the Ladder: fostering a culture of Youth Engagement (CL-YE)\u201d - DYPALL Network\" \/>\n<meta property=\"og:description\" content=\"The Advisory Group on Youth Engagement is a group of 12 experts from different countries in Europe with concrete experience in mechanisms, structures, and models of youth engagement with a mission to support the consortium of the project \u201cClimbing the Ladder: fostering a culture of Youth Engagement (CL-YE)\u201d in planning, researching, and delivering the main&hellip; Poursuivre la lecture First online meeting of the Advisory Group on Youth Engagement under the project \u201cClimbing the Ladder: fostering a culture of Youth Engagement (CL-YE)\u201d\" \/>\n<meta property=\"og:url\" content=\"https:\/\/dypall.com\/fr\/activity\/first-online-meeting-of-the-advisory-group-on-youth-engagement-under-the-project-climbing-the-ladder-fostering-a-culture-of-youth-engagement-cl-ye-2\/\" \/>\n<meta property=\"og:site_name\" content=\"DYPALL Network\" \/>\n<meta property=\"article:published_time\" content=\"2024-05-02T13:45:35+00:00\" \/>\n<meta property=\"article:modified_time\" content=\"2024-06-06T11:18:42+00:00\" \/>\n<meta property=\"og:image\" content=\"https:\/\/dypall.com\/wp-content\/uploads\/2024\/05\/1st-Advisory-Group-meeting-of-CL-YE-1536x864-1.png\" \/>\n\t<meta property=\"og:image:width\" content=\"1536\" \/>\n\t<meta property=\"og:image:height\" content=\"864\" \/>\n\t<meta property=\"og:image:type\" content=\"image\/png\" \/>\n<meta name=\"author\" content=\"DYPALL Network\" \/>\n<meta name=\"twitter:card\" content=\"summary_large_image\" \/>\n<meta name=\"twitter:label1\" content=\"Written by\" \/>\n\t<meta name=\"twitter:data1\" content=\"DYPALL Network\" \/>\n\t<meta name=\"twitter:label2\" content=\"Est. reading time\" \/>\n\t<meta name=\"twitter:data2\" content=\"2 minutes\" \/>\n<script type=\"application\/ld+json\" class=\"yoast-schema-graph\">{\"@context\":\"https:\/\/schema.org\",\"@graph\":[{\"@type\":\"WebPage\",\"@id\":\"https:\/\/dypall.com\/activity\/first-online-meeting-of-the-advisory-group-on-youth-engagement-under-the-project-climbing-the-ladder-fostering-a-culture-of-youth-engagement-cl-ye-2\/\",\"url\":\"https:\/\/dypall.com\/activity\/first-online-meeting-of-the-advisory-group-on-youth-engagement-under-the-project-climbing-the-ladder-fostering-a-culture-of-youth-engagement-cl-ye-2\/\",\"name\":\"First online meeting of the Advisory Group on Youth Engagement under the project \u201cClimbing the Ladder: fostering a culture of Youth Engagement (CL-YE)\u201d - DYPALL Network\",\"isPartOf\":{\"@id\":\"https:\/\/dypall.com\/#website\"},\"primaryImageOfPage\":{\"@id\":\"https:\/\/dypall.com\/activity\/first-online-meeting-of-the-advisory-group-on-youth-engagement-under-the-project-climbing-the-ladder-fostering-a-culture-of-youth-engagement-cl-ye-2\/#primaryimage\"},\"image\":{\"@id\":\"https:\/\/dypall.com\/activity\/first-online-meeting-of-the-advisory-group-on-youth-engagement-under-the-project-climbing-the-ladder-fostering-a-culture-of-youth-engagement-cl-ye-2\/#primaryimage\"},\"thumbnailUrl\":\"https:\/\/dypall.com\/wp-content\/uploads\/2024\/05\/1st-Advisory-Group-meeting-of-CL-YE-1536x864-1.png\",\"datePublished\":\"2024-05-02T13:45:35+00:00\",\"dateModified\":\"2024-06-06T11:18:42+00:00\",\"author\":{\"@id\":\"https:\/\/dypall.com\/#\/schema\/person\/f92e08aa15c8ba711a9d153129f03377\"},\"breadcrumb\":{\"@id\":\"https:\/\/dypall.com\/activity\/first-online-meeting-of-the-advisory-group-on-youth-engagement-under-the-project-climbing-the-ladder-fostering-a-culture-of-youth-engagement-cl-ye-2\/#breadcrumb\"},\"inLanguage\":\"fr-FR\",\"potentialAction\":[{\"@type\":\"ReadAction\",\"target\":[\"https:\/\/dypall.com\/activity\/first-online-meeting-of-the-advisory-group-on-youth-engagement-under-the-project-climbing-the-ladder-fostering-a-culture-of-youth-engagement-cl-ye-2\/\"]}]},{\"@type\":\"ImageObject\",\"inLanguage\":\"fr-FR\",\"@id\":\"https:\/\/dypall.com\/activity\/first-online-meeting-of-the-advisory-group-on-youth-engagement-under-the-project-climbing-the-ladder-fostering-a-culture-of-youth-engagement-cl-ye-2\/#primaryimage\",\"url\":\"https:\/\/dypall.com\/wp-content\/uploads\/2024\/05\/1st-Advisory-Group-meeting-of-CL-YE-1536x864-1.png\",\"contentUrl\":\"https:\/\/dypall.com\/wp-content\/uploads\/2024\/05\/1st-Advisory-Group-meeting-of-CL-YE-1536x864-1.png\",\"width\":1536,\"height\":864},{\"@type\":\"BreadcrumbList\",\"@id\":\"https:\/\/dypall.com\/activity\/first-online-meeting-of-the-advisory-group-on-youth-engagement-under-the-project-climbing-the-ladder-fostering-a-culture-of-youth-engagement-cl-ye-2\/#breadcrumb\",\"itemListElement\":[{\"@type\":\"ListItem\",\"position\":1,\"name\":\"Home\",\"item\":\"https:\/\/dypall.com\/\"},{\"@type\":\"ListItem\",\"position\":2,\"name\":\"First online meeting of the Advisory Group on Youth Engagement under the project \u201cClimbing the Ladder: fostering a culture of Youth Engagement (CL-YE)\u201d\"}]},{\"@type\":\"WebSite\",\"@id\":\"https:\/\/dypall.com\/#website\",\"url\":\"https:\/\/dypall.com\/\",\"name\":\"DYPALL Network\",\"description\":\"We are a European network of civil society organisations, municipalities and research institutions dedicated to improving democracy through youth participation.\",\"potentialAction\":[{\"@type\":\"SearchAction\",\"target\":{\"@type\":\"EntryPoint\",\"urlTemplate\":\"https:\/\/dypall.com\/?s={search_term_string}\"},\"query-input\":\"required name=search_term_string\"}],\"inLanguage\":\"fr-FR\"},{\"@type\":\"Person\",\"@id\":\"https:\/\/dypall.com\/#\/schema\/person\/f92e08aa15c8ba711a9d153129f03377\",\"name\":\"DYPALL Network\",\"image\":{\"@type\":\"ImageObject\",\"inLanguage\":\"fr-FR\",\"@id\":\"https:\/\/dypall.com\/#\/schema\/person\/image\/\",\"url\":\"https:\/\/secure.gravatar.com\/avatar\/9c39e299279800c6d69c5e02cf613e7bab060889f373052a03d7ac399e8f0d3c?s=96&d=mm&r=g\",\"contentUrl\":\"https:\/\/secure.gravatar.com\/avatar\/9c39e299279800c6d69c5e02cf613e7bab060889f373052a03d7ac399e8f0d3c?s=96&d=mm&r=g\",\"caption\":\"DYPALL Network\"},\"sameAs\":[\"https:\/\/dypall.com\"],\"url\":\"https:\/\/dypall.com\/fr\/author\/dypall\/\"}]}<\/script>\n<!-- \/ Yoast SEO plugin. -->","yoast_head_json":{"title":"First online meeting of the Advisory Group on Youth Engagement under the project \u201cClimbing the Ladder: fostering a culture of Youth Engagement (CL-YE)\u201d - DYPALL Network","robots":{"index":"index","follow":"follow","max-snippet":"max-snippet:-1","max-image-preview":"max-image-preview:large","max-video-preview":"max-video-preview:-1"},"canonical":"https:\/\/dypall.com\/fr\/activity\/first-online-meeting-of-the-advisory-group-on-youth-engagement-under-the-project-climbing-the-ladder-fostering-a-culture-of-youth-engagement-cl-ye-2\/","og_locale":"fr_FR","og_type":"article","og_title":"First online meeting of the Advisory Group on Youth Engagement under the project \u201cClimbing the Ladder: fostering a culture of Youth Engagement (CL-YE)\u201d - DYPALL Network","og_description":"The Advisory Group on Youth Engagement is a group of 12 experts from different countries in Europe with concrete experience in mechanisms, structures, and models of youth engagement with a mission to support the consortium of the project \u201cClimbing the Ladder: fostering a culture of Youth Engagement (CL-YE)\u201d in planning, researching, and delivering the main&hellip; Poursuivre la lecture First online meeting of the Advisory Group on Youth Engagement under the project \u201cClimbing the Ladder: fostering a culture of Youth Engagement (CL-YE)\u201d","og_url":"https:\/\/dypall.com\/fr\/activity\/first-online-meeting-of-the-advisory-group-on-youth-engagement-under-the-project-climbing-the-ladder-fostering-a-culture-of-youth-engagement-cl-ye-2\/","og_site_name":"DYPALL Network","article_published_time":"2024-05-02T13:45:35+00:00","article_modified_time":"2024-06-06T11:18:42+00:00","og_image":[{"width":1536,"height":864,"url":"https:\/\/dypall.com\/wp-content\/uploads\/2024\/05\/1st-Advisory-Group-meeting-of-CL-YE-1536x864-1.png","type":"image\/png"}],"author":"DYPALL Network","twitter_card":"summary_large_image","twitter_misc":{"Written by":"DYPALL Network","Est. reading time":"2 minutes"},"schema":{"@context":"https:\/\/schema.org","@graph":[{"@type":"WebPage","@id":"https:\/\/dypall.com\/activity\/first-online-meeting-of-the-advisory-group-on-youth-engagement-under-the-project-climbing-the-ladder-fostering-a-culture-of-youth-engagement-cl-ye-2\/","url":"https:\/\/dypall.com\/activity\/first-online-meeting-of-the-advisory-group-on-youth-engagement-under-the-project-climbing-the-ladder-fostering-a-culture-of-youth-engagement-cl-ye-2\/","name":"First online meeting of the Advisory Group on Youth Engagement under the project \u201cClimbing the Ladder: fostering a culture of Youth Engagement (CL-YE)\u201d - DYPALL Network","isPartOf":{"@id":"https:\/\/dypall.com\/#website"},"primaryImageOfPage":{"@id":"https:\/\/dypall.com\/activity\/first-online-meeting-of-the-advisory-group-on-youth-engagement-under-the-project-climbing-the-ladder-fostering-a-culture-of-youth-engagement-cl-ye-2\/#primaryimage"},"image":{"@id":"https:\/\/dypall.com\/activity\/first-online-meeting-of-the-advisory-group-on-youth-engagement-under-the-project-climbing-the-ladder-fostering-a-culture-of-youth-engagement-cl-ye-2\/#primaryimage"},"thumbnailUrl":"https:\/\/dypall.com\/wp-content\/uploads\/2024\/05\/1st-Advisory-Group-meeting-of-CL-YE-1536x864-1.png","datePublished":"2024-05-02T13:45:35+00:00","dateModified":"2024-06-06T11:18:42+00:00","author":{"@id":"https:\/\/dypall.com\/#\/schema\/person\/f92e08aa15c8ba711a9d153129f03377"},"breadcrumb":{"@id":"https:\/\/dypall.com\/activity\/first-online-meeting-of-the-advisory-group-on-youth-engagement-under-the-project-climbing-the-ladder-fostering-a-culture-of-youth-engagement-cl-ye-2\/#breadcrumb"},"inLanguage":"fr-FR","potentialAction":[{"@type":"ReadAction","target":["https:\/\/dypall.com\/activity\/first-online-meeting-of-the-advisory-group-on-youth-engagement-under-the-project-climbing-the-ladder-fostering-a-culture-of-youth-engagement-cl-ye-2\/"]}]},{"@type":"ImageObject","inLanguage":"fr-FR","@id":"https:\/\/dypall.com\/activity\/first-online-meeting-of-the-advisory-group-on-youth-engagement-under-the-project-climbing-the-ladder-fostering-a-culture-of-youth-engagement-cl-ye-2\/#primaryimage","url":"https:\/\/dypall.com\/wp-content\/uploads\/2024\/05\/1st-Advisory-Group-meeting-of-CL-YE-1536x864-1.png","contentUrl":"https:\/\/dypall.com\/wp-content\/uploads\/2024\/05\/1st-Advisory-Group-meeting-of-CL-YE-1536x864-1.png","width":1536,"height":864},{"@type":"BreadcrumbList","@id":"https:\/\/dypall.com\/activity\/first-online-meeting-of-the-advisory-group-on-youth-engagement-under-the-project-climbing-the-ladder-fostering-a-culture-of-youth-engagement-cl-ye-2\/#breadcrumb","itemListElement":[{"@type":"ListItem","position":1,"name":"Home","item":"https:\/\/dypall.com\/"},{"@type":"ListItem","position":2,"name":"First online meeting of the Advisory Group on Youth Engagement under the project \u201cClimbing the Ladder: fostering a culture of Youth Engagement (CL-YE)\u201d"}]},{"@type":"WebSite","@id":"https:\/\/dypall.com\/#website","url":"https:\/\/dypall.com\/","name":"DYPALL Network","description":"We are a European network of civil society organisations, municipalities and research institutions dedicated to improving democracy through youth participation.","potentialAction":[{"@type":"SearchAction","target":{"@type":"EntryPoint","urlTemplate":"https:\/\/dypall.com\/?s={search_term_string}"},"query-input":"required name=search_term_string"}],"inLanguage":"fr-FR"},{"@type":"Person","@id":"https:\/\/dypall.com\/#\/schema\/person\/f92e08aa15c8ba711a9d153129f03377","name":"DYPALL Network","image":{"@type":"ImageObject","inLanguage":"fr-FR","@id":"https:\/\/dypall.com\/#\/schema\/person\/image\/","url":"https:\/\/secure.gravatar.com\/avatar\/9c39e299279800c6d69c5e02cf613e7bab060889f373052a03d7ac399e8f0d3c?s=96&d=mm&r=g","contentUrl":"https:\/\/secure.gravatar.com\/avatar\/9c39e299279800c6d69c5e02cf613e7bab060889f373052a03d7ac399e8f0d3c?s=96&d=mm&r=g","caption":"DYPALL Network"},"sameAs":["https:\/\/dypall.com"],"url":"https:\/\/dypall.com\/fr\/author\/dypall\/"}]}},"jetpack_featured_media_url":"https:\/\/dypall.com\/wp-content\/uploads\/2024\/05\/1st-Advisory-Group-meeting-of-CL-YE-1536x864-1.png","jetpack_sharing_enabled":true,"_links":{"self":[{"href":"https:\/\/dypall.com\/fr\/wp-json\/wp\/v2\/posts\/7087","targetHints":{"allow":["GET"]}}],"collection":[{"href":"https:\/\/dypall.com\/fr\/wp-json\/wp\/v2\/posts"}],"about":[{"href":"https:\/\/dypall.com\/fr\/wp-json\/wp\/v2\/types\/post"}],"author":[{"embeddable":true,"href":"https:\/\/dypall.com\/fr\/wp-json\/wp\/v2\/users\/1"}],"replies":[{"embeddable":true,"href":"https:\/\/dypall.com\/fr\/wp-json\/wp\/v2\/comments?post=7087"}],"version-history":[{"count":3,"href":"https:\/\/dypall.com\/fr\/wp-json\/wp\/v2\/posts\/7087\/revisions"}],"predecessor-version":[{"id":7227,"href":"https:\/\/dypall.com\/fr\/wp-json\/wp\/v2\/posts\/7087\/revisions\/7227"}],"wp:featuredmedia":[{"embeddable":true,"href":"https:\/\/dypall.com\/fr\/wp-json\/wp\/v2\/media\/7089"}],"wp:attachment":[{"href":"https:\/\/dypall.com\/fr\/wp-json\/wp\/v2\/media?parent=7087"}],"wp:term":[{"taxonomy":"category","embeddable":true,"href":"https:\/\/dypall.com\/fr\/wp-json\/wp\/v2\/categories?post=7087"},{"taxonomy":"post_tag","embeddable":true,"href":"https:\/\/dypall.com\/fr\/wp-json\/wp\/v2\/tags?post=7087"}],"curies":[{"name":"wp","href":"https:\/\/api.w.org\/{rel}","templated":true}]}}