{"id":6998,"date":"2024-03-06T13:06:46","date_gmt":"2024-03-06T13:06:46","guid":{"rendered":"https:\/\/dypall.com\/?p=6998"},"modified":"2024-06-06T11:19:27","modified_gmt":"2024-06-06T11:19:27","slug":"euinfluencers-large-scale-youth-event","status":"publish","type":"post","link":"https:\/\/dypall.com\/fr\/activity\/euinfluencers-large-scale-youth-event\/","title":{"rendered":"#EUInfluencers Manifestation de jeunesse \u00e0 grande \u00e9chelle"},"content":{"rendered":"<p><span style=\"font-weight: 400;\">L'\u00e9v\u00e9nement final de la <strong>#EUInfluencers<\/strong> projet <em><strong>\u00abJeunesse en action\u00bb<\/strong><\/em> a eu lieu en ligne le 15 f\u00e9vrier 2024 \u00e0 16 heures (heure de Bruxelles) et a c\u00e9l\u00e9br\u00e9 le pouvoir des jeunes dans l\u2019UE.\u00a0<\/span><\/p>\n<p><span style=\"font-weight: 400;\">L'\u00e9v\u00e9nement a \u00e9t\u00e9 con\u00e7u pour les repr\u00e9sentants des OSC, des autorit\u00e9s locales et des institutions europ\u00e9ennes, ainsi que pour les animateurs socio-\u00e9ducatifs et les animateurs socio-\u00e9ducatifs qui souhaitaient s'inspirer et potentiellement utiliser la m\u00e9thodologie et les ressources de l'organisation. #EUInfluencers projettent dans leur travail. Les intervenants de l\u2019\u00e9v\u00e9nement ont fourni des id\u00e9es et des perspectives sur la mani\u00e8re de combler le foss\u00e9 entre les jeunes et les d\u00e9cideurs, ainsi que des strat\u00e9gies pour une participation efficace des jeunes \u00e0 l\u2019\u00e9laboration des politiques locales et europ\u00e9ennes. La table ronde s\u2019est conclue par un \u00e9change dynamique d\u2019id\u00e9es et d\u2019engagements visant \u00e0 continuer de promouvoir la participation et l\u2019autonomisation des jeunes dans toute l\u2019Europe.<\/span><\/p>\n<p>Le <strong>haut-parleurs<\/strong> \u00e9taient les suivantes:<\/p>\n<ul>\n<li style=\"font-weight: 400;\" aria-level=\"1\"><span style=\"font-weight: 400;\">Alithy Djiemo, #EUInfluencer<\/span><\/li>\n<li style=\"font-weight: 400;\" aria-level=\"1\"><span style=\"font-weight: 400;\">Marko Ve\u0161ligaj, maire de Pregrada\u00a0<\/span><\/li>\n<li style=\"font-weight: 400;\" aria-level=\"1\"><span style=\"font-weight: 400;\">Milica Kostin, Jeune activiste<\/span><\/li>\n<li style=\"font-weight: 400;\" aria-level=\"1\"><span style=\"font-weight: 400;\">Jorge Orlando, Comit\u00e9 directeur europ\u00e9en pour la jeunesse, pr\u00e9sident\u00a0<\/span><\/li>\n<\/ul>\n<p><span style=\"font-weight: 400;\">Au cours de l\u2019\u00e9v\u00e9nement final \u00abJeunesse en action\u00bb, auquel ont particip\u00e9 149 participants, de jeunes influenceurs ont pr\u00e9sent\u00e9 les formations locales inspirantes, les actions locales et les campagnes sur les m\u00e9dias sociaux qu\u2019ils avaient men\u00e9es dans le cadre de l\u2019initiative \u00abJeunesse en action\u00bb. #Projet EUInfluencers au niveau local\u00a0<\/span><\/p>\n<p><span style=\"font-weight: 400;\">L\u2019\u00e9v\u00e9nement a servi de plateforme pour inspirer le dialogue et la collaboration, en soulignant le r\u00f4le crucial des jeunes dans la construction de l\u2019avenir de l\u2019Europe. <\/span><\/p>\n<p><span style=\"font-weight: 400;\">Vous pouvez voir l'enregistrement de l'\u00e9v\u00e9nement <a href=\"https:\/\/www.youtube.com\/watch?v=l4D4IN7YAzk&amp;fbclid=IwAR3yIIFgb42mCoVg2q-yKzJl_5R_SuLJjL2V2A9GUgQ6wctz7X0s-wNO1ns\">ici.<\/a><\/span><\/p>\n<p><span style=\"font-weight: 400;\">Ce projet est coordonn\u00e9 par le r\u00e9seau DYPALL en partenariat avec<\/span><a href=\"https:\/\/www.facebook.com\/ass.elios?__cft__%5B0%5D=AZUKL0qdGfowntJpGXsszHny8LgQRayl4sJ0zazyLlrBi6Lon6izIQX9Lj0Ts9GeW028MA8VANdCdErVgQnzD9O2VeBNVptzAYUcxORVqauNNRx9pjprlM6HRt94_fG_SQc2F3z8atItJzUxt5loC9ZaX5PB6UXTZ-ltCCDmFguL-u1EKaVxSsUuSmkQ8CDXZUc&amp;__tn__=-%5DK-R\"> <span style=\"font-weight: 400;\">Associazione Elios<\/span><\/a><span style=\"font-weight: 400;\"> (Italie),<\/span><a href=\"https:\/\/e8.org.rs\/\"> <span style=\"font-weight: 400;\">Centar E8<\/span><\/a><span style=\"font-weight: 400;\"> (Serbie), <\/span><a href=\"https:\/\/zagorje-sutla.eu\/\"><span style=\"font-weight: 400;\">GAL Zagorje \u2013 Sutla<\/span><\/a><span style=\"font-weight: 400;\"> (Croatie), et<\/span><a href=\"https:\/\/www.facebook.com\/aecsweden?__cft__%5B0%5D=AZUKL0qdGfowntJpGXsszHny8LgQRayl4sJ0zazyLlrBi6Lon6izIQX9Lj0Ts9GeW028MA8VANdCdErVgQnzD9O2VeBNVptzAYUcxORVqauNNRx9pjprlM6HRt94_fG_SQc2F3z8atItJzUxt5loC9ZaX5PB6UXTZ-ltCCDmFguL-u1EKaVxSsUuSmkQ8CDXZUc&amp;__tn__=-%5DK-R\"> <span style=\"font-weight: 400;\">Centre africain pour l'autonomisation<\/span><\/a><span style=\"font-weight: 400;\"> (Su\u00e8de), cofinanc\u00e9 par le programme \u00abJeunesse europ\u00e9enne ensemble\u00bb de l\u2019Union europ\u00e9enne.<\/span><\/p>\n<p><a href=\"https:\/\/dypall.com\/fr\/2024\/03\/06\/euinfluencers-large-scale-youth-event\/419242340_796486902515668_4019082474831724415_n\/#main\" rel=\"attachment wp-att-6999\"><img loading=\"lazy\" decoding=\"async\" class=\"wp-image-6999 aligncenter\" src=\"https:\/\/dypall.com\/wp-content\/uploads\/2024\/03\/419242340_796486902515668_4019082474831724415_n.jpeg\" alt=\"\" width=\"937\" height=\"528\" \/><\/a><\/p>\n<p><a href=\"https:\/\/dypall.com\/fr\/2024\/03\/06\/euinfluencers-large-scale-youth-event\/schermata-2024-02-15-alle-15-14-38\/#main\" rel=\"attachment wp-att-7000\"><img loading=\"lazy\" decoding=\"async\" class=\"wp-image-7000 aligncenter\" src=\"https:\/\/dypall.com\/wp-content\/uploads\/2024\/03\/Schermata-2024-02-15-alle-15.14.38.png\" alt=\"\" width=\"934\" height=\"526\" \/><\/a><\/p>\n<p><img loading=\"lazy\" decoding=\"async\" class=\"wp-image-7001 aligncenter\" src=\"https:\/\/dypall.com\/wp-content\/uploads\/2024\/03\/Schermata-2024-02-15-alle-15.22.52.png\" alt=\"\" width=\"929\" height=\"522\" \/><\/p>\n<p><a href=\"https:\/\/dypall.com\/fr\/2024\/03\/06\/euinfluencers-large-scale-youth-event\/schermata-2024-02-15-alle-15-29-37\/#main\" rel=\"attachment wp-att-7002\"><img loading=\"lazy\" decoding=\"async\" class=\"wp-image-7002 aligncenter\" src=\"https:\/\/dypall.com\/wp-content\/uploads\/2024\/03\/Schermata-2024-02-15-alle-15.29.37.png\" alt=\"\" width=\"929\" height=\"523\" \/><\/a><\/p>\n<p><a href=\"https:\/\/dypall.com\/fr\/2024\/03\/06\/euinfluencers-large-scale-youth-event\/schermata-2024-02-15-alle-15-39-59\/#main\" rel=\"attachment wp-att-7003\"><img loading=\"lazy\" decoding=\"async\" class=\"wp-image-7003 aligncenter\" src=\"https:\/\/dypall.com\/wp-content\/uploads\/2024\/03\/Schermata-2024-02-15-alle-15.39.59.png\" alt=\"\" width=\"923\" height=\"519\" \/><\/a><\/p>\n<p><a href=\"https:\/\/dypall.com\/fr\/2024\/03\/06\/euinfluencers-large-scale-youth-event\/schermata-2024-02-15-alle-16-28-06\/#main\" rel=\"attachment wp-att-7004\"><img loading=\"lazy\" decoding=\"async\" class=\"wp-image-7004 aligncenter\" src=\"https:\/\/dypall.com\/wp-content\/uploads\/2024\/03\/Schermata-2024-02-15-alle-16.28.06.png\" alt=\"\" width=\"921\" height=\"518\" \/><\/a><\/p>","protected":false},"excerpt":{"rendered":"<p>L'\u00e9v\u00e9nement final de la #Le projet EUInfluencers \u00abJeunesse en action\u00bb a eu lieu en ligne le 15 f\u00e9vrier 2024 \u00e0 16 heures (heure de Bruxelles) et a c\u00e9l\u00e9br\u00e9 le pouvoir des jeunes dans l\u2019UE.\u00a0 L'\u00e9v\u00e9nement a \u00e9t\u00e9 con\u00e7u pour les repr\u00e9sentants des OSC, des autorit\u00e9s locales et des institutions europ\u00e9ennes, ainsi que pour les animateurs socio-\u00e9ducatifs... <a class=\"more-link\" href=\"https:\/\/dypall.com\/fr\/activity\/euinfluencers-large-scale-youth-event\/\">Poursuivre la lecture <span class=\"screen-reader-text\">#EUInfluencers Manifestation de jeunesse \u00e0 grande \u00e9chelle<\/span><\/a><\/p>","protected":false},"author":1,"featured_media":7134,"comment_status":"closed","ping_status":"open","sticky":false,"template":"","format":"standard","meta":{"_acf_changed":false,"_jetpack_memberships_contains_paid_content":false,"footnotes":""},"categories":[111],"tags":[],"class_list":["post-6998","post","type-post","status-publish","format-standard","has-post-thumbnail","hentry","category-activity","entry"],"acf":[],"yoast_head":"<!-- This site is optimized with the Yoast SEO plugin v22.8 - https:\/\/yoast.com\/wordpress\/plugins\/seo\/ -->\n<title>#EUInfluencers Large-scale youth event - DYPALL Network<\/title>\n<meta name=\"robots\" content=\"index, follow, max-snippet:-1, max-image-preview:large, max-video-preview:-1\" \/>\n<link rel=\"canonical\" href=\"https:\/\/dypall.com\/fr\/activity\/euinfluencers-large-scale-youth-event\/\" \/>\n<meta property=\"og:locale\" content=\"fr_FR\" \/>\n<meta property=\"og:type\" content=\"article\" \/>\n<meta property=\"og:title\" content=\"#EUInfluencers Large-scale youth event - DYPALL Network\" \/>\n<meta property=\"og:description\" content=\"The final event of the #EUInfluencers project &#8220;Youth in Action&#8221; took place online on 15th February 2024 at 16:00 (Brussels time), and it celebrated the power of young people in the EU.\u00a0 The event was designed for representatives of CSOs, local authorities, and European institutions, as well as youth workers and youth leaders who wanted&hellip; Poursuivre la lecture #EUInfluencers Large-scale youth event\" \/>\n<meta property=\"og:url\" content=\"https:\/\/dypall.com\/fr\/activity\/euinfluencers-large-scale-youth-event\/\" \/>\n<meta property=\"og:site_name\" content=\"DYPALL Network\" \/>\n<meta property=\"article:published_time\" content=\"2024-03-06T13:06:46+00:00\" \/>\n<meta property=\"article:modified_time\" content=\"2024-06-06T11:19:27+00:00\" \/>\n<meta property=\"og:image\" content=\"https:\/\/dypall.com\/wp-content\/uploads\/2024\/03\/419242340_796486902515668_4019082474831724415_n-1.jpeg\" \/>\n\t<meta property=\"og:image:width\" content=\"2048\" \/>\n\t<meta property=\"og:image:height\" content=\"1154\" \/>\n\t<meta property=\"og:image:type\" content=\"image\/jpeg\" \/>\n<meta name=\"author\" content=\"DYPALL Network\" \/>\n<meta name=\"twitter:card\" content=\"summary_large_image\" \/>\n<meta name=\"twitter:label1\" content=\"Written by\" \/>\n\t<meta name=\"twitter:data1\" content=\"DYPALL Network\" \/>\n\t<meta name=\"twitter:label2\" content=\"Est. reading time\" \/>\n\t<meta name=\"twitter:data2\" content=\"1 minute\" \/>\n<script type=\"application\/ld+json\" class=\"yoast-schema-graph\">{\"@context\":\"https:\/\/schema.org\",\"@graph\":[{\"@type\":\"WebPage\",\"@id\":\"https:\/\/dypall.com\/activity\/euinfluencers-large-scale-youth-event\/\",\"url\":\"https:\/\/dypall.com\/activity\/euinfluencers-large-scale-youth-event\/\",\"name\":\"#EUInfluencers Large-scale youth event - DYPALL Network\",\"isPartOf\":{\"@id\":\"https:\/\/dypall.com\/#website\"},\"primaryImageOfPage\":{\"@id\":\"https:\/\/dypall.com\/activity\/euinfluencers-large-scale-youth-event\/#primaryimage\"},\"image\":{\"@id\":\"https:\/\/dypall.com\/activity\/euinfluencers-large-scale-youth-event\/#primaryimage\"},\"thumbnailUrl\":\"https:\/\/dypall.com\/wp-content\/uploads\/2024\/03\/419242340_796486902515668_4019082474831724415_n-1.jpeg\",\"datePublished\":\"2024-03-06T13:06:46+00:00\",\"dateModified\":\"2024-06-06T11:19:27+00:00\",\"author\":{\"@id\":\"https:\/\/dypall.com\/#\/schema\/person\/f92e08aa15c8ba711a9d153129f03377\"},\"breadcrumb\":{\"@id\":\"https:\/\/dypall.com\/activity\/euinfluencers-large-scale-youth-event\/#breadcrumb\"},\"inLanguage\":\"fr-FR\",\"potentialAction\":[{\"@type\":\"ReadAction\",\"target\":[\"https:\/\/dypall.com\/activity\/euinfluencers-large-scale-youth-event\/\"]}]},{\"@type\":\"ImageObject\",\"inLanguage\":\"fr-FR\",\"@id\":\"https:\/\/dypall.com\/activity\/euinfluencers-large-scale-youth-event\/#primaryimage\",\"url\":\"https:\/\/dypall.com\/wp-content\/uploads\/2024\/03\/419242340_796486902515668_4019082474831724415_n-1.jpeg\",\"contentUrl\":\"https:\/\/dypall.com\/wp-content\/uploads\/2024\/03\/419242340_796486902515668_4019082474831724415_n-1.jpeg\",\"width\":2048,\"height\":1154},{\"@type\":\"BreadcrumbList\",\"@id\":\"https:\/\/dypall.com\/activity\/euinfluencers-large-scale-youth-event\/#breadcrumb\",\"itemListElement\":[{\"@type\":\"ListItem\",\"position\":1,\"name\":\"Home\",\"item\":\"https:\/\/dypall.com\/\"},{\"@type\":\"ListItem\",\"position\":2,\"name\":\"#EUInfluencers Large-scale youth event\"}]},{\"@type\":\"WebSite\",\"@id\":\"https:\/\/dypall.com\/#website\",\"url\":\"https:\/\/dypall.com\/\",\"name\":\"DYPALL Network\",\"description\":\"We are a European network of civil society organisations, municipalities and research institutions dedicated to improving democracy through youth participation.\",\"potentialAction\":[{\"@type\":\"SearchAction\",\"target\":{\"@type\":\"EntryPoint\",\"urlTemplate\":\"https:\/\/dypall.com\/?s={search_term_string}\"},\"query-input\":\"required name=search_term_string\"}],\"inLanguage\":\"fr-FR\"},{\"@type\":\"Person\",\"@id\":\"https:\/\/dypall.com\/#\/schema\/person\/f92e08aa15c8ba711a9d153129f03377\",\"name\":\"DYPALL Network\",\"image\":{\"@type\":\"ImageObject\",\"inLanguage\":\"fr-FR\",\"@id\":\"https:\/\/dypall.com\/#\/schema\/person\/image\/\",\"url\":\"https:\/\/secure.gravatar.com\/avatar\/9c39e299279800c6d69c5e02cf613e7bab060889f373052a03d7ac399e8f0d3c?s=96&d=mm&r=g\",\"contentUrl\":\"https:\/\/secure.gravatar.com\/avatar\/9c39e299279800c6d69c5e02cf613e7bab060889f373052a03d7ac399e8f0d3c?s=96&d=mm&r=g\",\"caption\":\"DYPALL Network\"},\"sameAs\":[\"https:\/\/dypall.com\"],\"url\":\"https:\/\/dypall.com\/fr\/author\/dypall\/\"}]}<\/script>\n<!-- \/ Yoast SEO plugin. -->","yoast_head_json":{"title":"#EUInfluencers Large-scale youth event - DYPALL Network","robots":{"index":"index","follow":"follow","max-snippet":"max-snippet:-1","max-image-preview":"max-image-preview:large","max-video-preview":"max-video-preview:-1"},"canonical":"https:\/\/dypall.com\/fr\/activity\/euinfluencers-large-scale-youth-event\/","og_locale":"fr_FR","og_type":"article","og_title":"#EUInfluencers Large-scale youth event - DYPALL Network","og_description":"The final event of the #EUInfluencers project &#8220;Youth in Action&#8221; took place online on 15th February 2024 at 16:00 (Brussels time), and it celebrated the power of young people in the EU.\u00a0 The event was designed for representatives of CSOs, local authorities, and European institutions, as well as youth workers and youth leaders who wanted&hellip; Poursuivre la lecture #EUInfluencers Large-scale youth event","og_url":"https:\/\/dypall.com\/fr\/activity\/euinfluencers-large-scale-youth-event\/","og_site_name":"DYPALL Network","article_published_time":"2024-03-06T13:06:46+00:00","article_modified_time":"2024-06-06T11:19:27+00:00","og_image":[{"width":2048,"height":1154,"url":"https:\/\/dypall.com\/wp-content\/uploads\/2024\/03\/419242340_796486902515668_4019082474831724415_n-1.jpeg","type":"image\/jpeg"}],"author":"DYPALL Network","twitter_card":"summary_large_image","twitter_misc":{"Written by":"DYPALL Network","Est. reading time":"1 minute"},"schema":{"@context":"https:\/\/schema.org","@graph":[{"@type":"WebPage","@id":"https:\/\/dypall.com\/activity\/euinfluencers-large-scale-youth-event\/","url":"https:\/\/dypall.com\/activity\/euinfluencers-large-scale-youth-event\/","name":"#EUInfluencers Large-scale youth event - DYPALL Network","isPartOf":{"@id":"https:\/\/dypall.com\/#website"},"primaryImageOfPage":{"@id":"https:\/\/dypall.com\/activity\/euinfluencers-large-scale-youth-event\/#primaryimage"},"image":{"@id":"https:\/\/dypall.com\/activity\/euinfluencers-large-scale-youth-event\/#primaryimage"},"thumbnailUrl":"https:\/\/dypall.com\/wp-content\/uploads\/2024\/03\/419242340_796486902515668_4019082474831724415_n-1.jpeg","datePublished":"2024-03-06T13:06:46+00:00","dateModified":"2024-06-06T11:19:27+00:00","author":{"@id":"https:\/\/dypall.com\/#\/schema\/person\/f92e08aa15c8ba711a9d153129f03377"},"breadcrumb":{"@id":"https:\/\/dypall.com\/activity\/euinfluencers-large-scale-youth-event\/#breadcrumb"},"inLanguage":"fr-FR","potentialAction":[{"@type":"ReadAction","target":["https:\/\/dypall.com\/activity\/euinfluencers-large-scale-youth-event\/"]}]},{"@type":"ImageObject","inLanguage":"fr-FR","@id":"https:\/\/dypall.com\/activity\/euinfluencers-large-scale-youth-event\/#primaryimage","url":"https:\/\/dypall.com\/wp-content\/uploads\/2024\/03\/419242340_796486902515668_4019082474831724415_n-1.jpeg","contentUrl":"https:\/\/dypall.com\/wp-content\/uploads\/2024\/03\/419242340_796486902515668_4019082474831724415_n-1.jpeg","width":2048,"height":1154},{"@type":"BreadcrumbList","@id":"https:\/\/dypall.com\/activity\/euinfluencers-large-scale-youth-event\/#breadcrumb","itemListElement":[{"@type":"ListItem","position":1,"name":"Home","item":"https:\/\/dypall.com\/"},{"@type":"ListItem","position":2,"name":"#EUInfluencers Large-scale youth event"}]},{"@type":"WebSite","@id":"https:\/\/dypall.com\/#website","url":"https:\/\/dypall.com\/","name":"DYPALL Network","description":"We are a European network of civil society organisations, municipalities and research institutions dedicated to improving democracy through youth participation.","potentialAction":[{"@type":"SearchAction","target":{"@type":"EntryPoint","urlTemplate":"https:\/\/dypall.com\/?s={search_term_string}"},"query-input":"required name=search_term_string"}],"inLanguage":"fr-FR"},{"@type":"Person","@id":"https:\/\/dypall.com\/#\/schema\/person\/f92e08aa15c8ba711a9d153129f03377","name":"DYPALL Network","image":{"@type":"ImageObject","inLanguage":"fr-FR","@id":"https:\/\/dypall.com\/#\/schema\/person\/image\/","url":"https:\/\/secure.gravatar.com\/avatar\/9c39e299279800c6d69c5e02cf613e7bab060889f373052a03d7ac399e8f0d3c?s=96&d=mm&r=g","contentUrl":"https:\/\/secure.gravatar.com\/avatar\/9c39e299279800c6d69c5e02cf613e7bab060889f373052a03d7ac399e8f0d3c?s=96&d=mm&r=g","caption":"DYPALL Network"},"sameAs":["https:\/\/dypall.com"],"url":"https:\/\/dypall.com\/fr\/author\/dypall\/"}]}},"jetpack_featured_media_url":"https:\/\/dypall.com\/wp-content\/uploads\/2024\/03\/419242340_796486902515668_4019082474831724415_n-1.jpeg","jetpack_sharing_enabled":true,"_links":{"self":[{"href":"https:\/\/dypall.com\/fr\/wp-json\/wp\/v2\/posts\/6998","targetHints":{"allow":["GET"]}}],"collection":[{"href":"https:\/\/dypall.com\/fr\/wp-json\/wp\/v2\/posts"}],"about":[{"href":"https:\/\/dypall.com\/fr\/wp-json\/wp\/v2\/types\/post"}],"author":[{"embeddable":true,"href":"https:\/\/dypall.com\/fr\/wp-json\/wp\/v2\/users\/1"}],"replies":[{"embeddable":true,"href":"https:\/\/dypall.com\/fr\/wp-json\/wp\/v2\/comments?post=6998"}],"version-history":[{"count":2,"href":"https:\/\/dypall.com\/fr\/wp-json\/wp\/v2\/posts\/6998\/revisions"}],"predecessor-version":[{"id":7229,"href":"https:\/\/dypall.com\/fr\/wp-json\/wp\/v2\/posts\/6998\/revisions\/7229"}],"wp:featuredmedia":[{"embeddable":true,"href":"https:\/\/dypall.com\/fr\/wp-json\/wp\/v2\/media\/7134"}],"wp:attachment":[{"href":"https:\/\/dypall.com\/fr\/wp-json\/wp\/v2\/media?parent=6998"}],"wp:term":[{"taxonomy":"category","embeddable":true,"href":"https:\/\/dypall.com\/fr\/wp-json\/wp\/v2\/categories?post=6998"},{"taxonomy":"post_tag","embeddable":true,"href":"https:\/\/dypall.com\/fr\/wp-json\/wp\/v2\/tags?post=6998"}],"curies":[{"name":"wp","href":"https:\/\/api.w.org\/{rel}","templated":true}]}}