{"id":6986,"date":"2024-03-06T12:50:26","date_gmt":"2024-03-06T12:50:26","guid":{"rendered":"https:\/\/dypall.com\/?p=6986"},"modified":"2024-06-06T08:57:38","modified_gmt":"2024-06-06T08:57:38","slug":"dypall-network-at-the-european-conference-on-local-youth-work-and-democracy","status":"publish","type":"post","link":"https:\/\/dypall.com\/fr\/activity\/dypall-network-at-the-european-conference-on-local-youth-work-and-democracy\/","title":{"rendered":"R\u00e9seau DYPALL \u00e0 la Conf\u00e9rence europ\u00e9enne sur l'animation socio-\u00e9ducative locale et la d\u00e9mocratie"},"content":{"rendered":"<p><span style=\"font-weight: 400;\">Le r\u00e9seau DYPALL a jou\u00e9 un r\u00f4le important dans la r\u00e9cente <strong>Conf\u00e9rence europ\u00e9enne sur l'animation socio-\u00e9ducative locale et la d\u00e9mocratie<\/strong>, organis\u00e9e par le<strong> Pr\u00e9sidence belge de l'UE<\/strong>\u00a0et s'est tenue \u00e0 Bruxelles du 20 au 23 f\u00e9vrier. Ce rassemblement, organis\u00e9 aux c\u00f4t\u00e9s de la <strong>Coop\u00e9ration strat\u00e9gique avec les agences nationales<\/strong> projets <a href=\"https:\/\/europegoeslocal.eu\/home\/\"><em><strong>L'Europe devient locale<\/strong><\/em><\/a> et <a href=\"https:\/\/democracy-reloading.eu\/\"><em><strong>Rechargement de la d\u00e9mocratie<\/strong><\/em><\/a>, visant \u00e0 am\u00e9liorer la qualit\u00e9 de l\u2019animation socio-\u00e9ducative et \u00e0 accro\u00eetre la participation des jeunes au niveau local. Avec plus de 300 participants, l'\u00e9v\u00e9nement a comport\u00e9 quatre conf\u00e9rences engageantes, 30 ateliers interactifs et 15 visites informatives sur le terrain.<\/span><\/p>\n<p><span style=\"font-weight: 400;\">La conf\u00e9rence comportait un programme diversifi\u00e9, y compris des sessions parall\u00e8les mettant en \u00e9vidence des pratiques inspirantes et des discussions guid\u00e9es. Des groupes de travail th\u00e9matiques, organis\u00e9s simultan\u00e9ment, ont permis aux participants d'explorer en profondeur des sujets cl\u00e9s. En outre, les possibilit\u00e9s de r\u00e9seautage informel et les activit\u00e9s de temps libre ont permis aux participants de tisser des liens et d'\u00e9changer des id\u00e9es. <\/span><span style=\"font-weight: 400;\">L\u2019un des points forts de la conf\u00e9rence a \u00e9t\u00e9 la s\u00e9rie de visites sur le terrain organis\u00e9es par diverses organisations et projets de jeunesse \u00e0 Bruxelles. Ces visites ont permis d'obtenir des informations de premi\u00e8re main sur les initiatives locales en faveur de la jeunesse et ont fourni aux participants des connaissances pratiques et de l'inspiration. <\/span><span style=\"font-weight: 400;\">En outre, la conf\u00e9rence comprenait un march\u00e9 o\u00f9 les participants pouvaient pr\u00e9senter les r\u00e9sultats de leurs discussions et projets, favorisant ainsi la collaboration et le partage des connaissances.<\/span><\/p>\n<p><span style=\"font-weight: 400;\">Le directeur ex\u00e9cutif et le directeur adjoint du r\u00e9seau DYPALL ont particip\u00e9 activement \u00e0 la conf\u00e9rence, facilitant les sessions et contribuant aux tables rondes. Leur participation a soulign\u00e9 l\u2019engagement du r\u00e9seau \u00e0 promouvoir l\u2019autonomisation des jeunes et la d\u00e9mocratie dans toute l\u2019Europe.<\/span><\/p>\n<p><a href=\"https:\/\/dypall.com\/fr\/2024\/03\/06\/dypall-network-at-the-european-conference-on-local-youth-work-and-democracy\/417532917_804798851684473_2540614781800823317_n\/#main\" rel=\"attachment wp-att-6989\"><img loading=\"lazy\" decoding=\"async\" class=\"wp-image-6989 aligncenter\" src=\"https:\/\/dypall.com\/wp-content\/uploads\/2024\/03\/417532917_804798851684473_2540614781800823317_n.jpeg\" alt=\"\" width=\"951\" height=\"633\" \/><\/a><\/p>\n<p><a href=\"https:\/\/dypall.com\/fr\/2024\/03\/06\/dypall-network-at-the-european-conference-on-local-youth-work-and-democracy\/417534083_804798481684510_6317943543760295635_n\/#main\" rel=\"attachment wp-att-6990\"><img loading=\"lazy\" decoding=\"async\" class=\"wp-image-6990 aligncenter\" src=\"https:\/\/dypall.com\/wp-content\/uploads\/2024\/03\/417534083_804798481684510_6317943543760295635_n.jpeg\" alt=\"\" width=\"959\" height=\"632\" \/><\/a><\/p>\n<p><a href=\"https:\/\/dypall.com\/fr\/2024\/03\/06\/dypall-network-at-the-european-conference-on-local-youth-work-and-democracy\/417457850_804798868351138_112812676494029527_n\/#main\" rel=\"attachment wp-att-6994\"><img loading=\"lazy\" decoding=\"async\" class=\"wp-image-6994 aligncenter\" src=\"https:\/\/dypall.com\/wp-content\/uploads\/2024\/03\/417457850_804798868351138_112812676494029527_n.jpeg\" alt=\"\" width=\"961\" height=\"630\" \/><\/a><\/p>\n<p><a href=\"https:\/\/dypall.com\/fr\/2024\/03\/06\/dypall-network-at-the-european-conference-on-local-youth-work-and-democracy\/417487665_804798551684503_4831559460121571976_n\/#main\" rel=\"attachment wp-att-6993\"><img loading=\"lazy\" decoding=\"async\" class=\"wp-image-6993 aligncenter\" src=\"https:\/\/dypall.com\/wp-content\/uploads\/2024\/03\/417487665_804798551684503_4831559460121571976_n.jpeg\" alt=\"\" width=\"959\" height=\"632\" \/><\/a><a href=\"https:\/\/dypall.com\/fr\/2024\/03\/06\/dypall-network-at-the-european-conference-on-local-youth-work-and-democracy\/420690777_804798611684497_3478108380284599581_n\/#main\" rel=\"attachment wp-att-6992\"><img loading=\"lazy\" decoding=\"async\" class=\"wp-image-6992 aligncenter\" src=\"https:\/\/dypall.com\/wp-content\/uploads\/2024\/03\/420690777_804798611684497_3478108380284599581_n.jpeg\" alt=\"\" width=\"955\" height=\"712\" \/><\/a><\/p>\n<p><a href=\"https:\/\/dypall.com\/fr\/2024\/03\/06\/dypall-network-at-the-european-conference-on-local-youth-work-and-democracy\/417507214_804798661684492_3166452125619035026_n\/#main\" rel=\"attachment wp-att-6988\"><img loading=\"lazy\" decoding=\"async\" class=\"wp-image-6988 aligncenter\" src=\"https:\/\/dypall.com\/wp-content\/uploads\/2024\/03\/417507214_804798661684492_3166452125619035026_n.jpeg\" alt=\"\" width=\"956\" height=\"718\" \/><\/a><\/p>\n<p><a href=\"https:\/\/dypall.com\/fr\/2024\/03\/06\/dypall-network-at-the-european-conference-on-local-youth-work-and-democracy\/419303235_804798728351152_1640241227939080436_n\/#main\" rel=\"attachment wp-att-6991\"><img loading=\"lazy\" decoding=\"async\" class=\"wp-image-6991 aligncenter\" src=\"https:\/\/dypall.com\/wp-content\/uploads\/2024\/03\/419303235_804798728351152_1640241227939080436_n.jpeg\" alt=\"\" width=\"956\" height=\"630\" \/><\/a><\/p>","protected":false},"excerpt":{"rendered":"<p>Le r\u00e9seau DYPALL a jou\u00e9 un r\u00f4le important dans la r\u00e9cente conf\u00e9rence europ\u00e9enne sur l'animation socio-\u00e9ducative locale et la d\u00e9mocratie, organis\u00e9e par la pr\u00e9sidence belge de l'UE et qui s'est tenue \u00e0 Bruxelles du 20 au 23 f\u00e9vrier. Ce rassemblement, organis\u00e9 parall\u00e8lement aux projets de coop\u00e9ration des agences nationales strat\u00e9giques Europe Goes Local and Democracy Reloading, visait \u00e0 am\u00e9liorer la qualit\u00e9 de l'animation socio-\u00e9ducative... <a class=\"more-link\" href=\"https:\/\/dypall.com\/fr\/activity\/dypall-network-at-the-european-conference-on-local-youth-work-and-democracy\/\">Poursuivre la lecture <span class=\"screen-reader-text\">R\u00e9seau DYPALL \u00e0 la Conf\u00e9rence europ\u00e9enne sur l'animation socio-\u00e9ducative locale et la d\u00e9mocratie<\/span><\/a><\/p>","protected":false},"author":1,"featured_media":7136,"comment_status":"closed","ping_status":"open","sticky":false,"template":"","format":"standard","meta":{"_acf_changed":false,"_jetpack_memberships_contains_paid_content":false,"footnotes":""},"categories":[111,112],"tags":[],"class_list":["post-6986","post","type-post","status-publish","format-standard","has-post-thumbnail","hentry","category-activity","category-conference","entry"],"acf":[],"yoast_head":"<!-- This site is optimized with the Yoast SEO plugin v22.8 - https:\/\/yoast.com\/wordpress\/plugins\/seo\/ -->\n<title>DYPALL Network at the European Conference on Local Youth Work and Democracy - DYPALL Network<\/title>\n<meta name=\"robots\" content=\"index, follow, max-snippet:-1, max-image-preview:large, max-video-preview:-1\" \/>\n<link rel=\"canonical\" href=\"https:\/\/dypall.com\/fr\/activity\/dypall-network-at-the-european-conference-on-local-youth-work-and-democracy\/\" \/>\n<meta property=\"og:locale\" content=\"fr_FR\" \/>\n<meta property=\"og:type\" content=\"article\" \/>\n<meta property=\"og:title\" content=\"DYPALL Network at the European Conference on Local Youth Work and Democracy - DYPALL Network\" \/>\n<meta property=\"og:description\" content=\"DYPALL Network played a significant role in the recent European Conference on Local Youth Work and Democracy, organised by the EU Belgium Presidency\u00a0and held in Brussels from 20th to 23rd February. This gathering, organised alongside the Strategic National Agencies Cooperation projects Europe Goes Local and Democracy Reloading, aimed to boost the quality of youth work&hellip; Poursuivre la lecture DYPALL Network at the European Conference on Local Youth Work and Democracy\" \/>\n<meta property=\"og:url\" content=\"https:\/\/dypall.com\/fr\/activity\/dypall-network-at-the-european-conference-on-local-youth-work-and-democracy\/\" \/>\n<meta property=\"og:site_name\" content=\"DYPALL Network\" \/>\n<meta property=\"article:published_time\" content=\"2024-03-06T12:50:26+00:00\" \/>\n<meta property=\"article:modified_time\" content=\"2024-06-06T08:57:38+00:00\" \/>\n<meta property=\"og:image\" content=\"https:\/\/dypall.com\/wp-content\/uploads\/2024\/03\/417532917_804798851684473_2540614781800823317_n-1.jpeg\" \/>\n\t<meta property=\"og:image:width\" content=\"1080\" \/>\n\t<meta property=\"og:image:height\" content=\"719\" \/>\n\t<meta property=\"og:image:type\" content=\"image\/jpeg\" \/>\n<meta name=\"author\" content=\"DYPALL Network\" \/>\n<meta name=\"twitter:card\" content=\"summary_large_image\" \/>\n<meta name=\"twitter:label1\" content=\"Written by\" \/>\n\t<meta name=\"twitter:data1\" content=\"DYPALL Network\" \/>\n\t<meta name=\"twitter:label2\" content=\"Est. reading time\" \/>\n\t<meta name=\"twitter:data2\" content=\"1 minute\" \/>\n<script type=\"application\/ld+json\" class=\"yoast-schema-graph\">{\"@context\":\"https:\/\/schema.org\",\"@graph\":[{\"@type\":\"WebPage\",\"@id\":\"https:\/\/dypall.com\/activity\/dypall-network-at-the-european-conference-on-local-youth-work-and-democracy\/\",\"url\":\"https:\/\/dypall.com\/activity\/dypall-network-at-the-european-conference-on-local-youth-work-and-democracy\/\",\"name\":\"DYPALL Network at the European Conference on Local Youth Work and Democracy - DYPALL Network\",\"isPartOf\":{\"@id\":\"https:\/\/dypall.com\/#website\"},\"primaryImageOfPage\":{\"@id\":\"https:\/\/dypall.com\/activity\/dypall-network-at-the-european-conference-on-local-youth-work-and-democracy\/#primaryimage\"},\"image\":{\"@id\":\"https:\/\/dypall.com\/activity\/dypall-network-at-the-european-conference-on-local-youth-work-and-democracy\/#primaryimage\"},\"thumbnailUrl\":\"https:\/\/dypall.com\/wp-content\/uploads\/2024\/03\/417532917_804798851684473_2540614781800823317_n-1.jpeg\",\"datePublished\":\"2024-03-06T12:50:26+00:00\",\"dateModified\":\"2024-06-06T08:57:38+00:00\",\"author\":{\"@id\":\"https:\/\/dypall.com\/#\/schema\/person\/f92e08aa15c8ba711a9d153129f03377\"},\"breadcrumb\":{\"@id\":\"https:\/\/dypall.com\/activity\/dypall-network-at-the-european-conference-on-local-youth-work-and-democracy\/#breadcrumb\"},\"inLanguage\":\"fr-FR\",\"potentialAction\":[{\"@type\":\"ReadAction\",\"target\":[\"https:\/\/dypall.com\/activity\/dypall-network-at-the-european-conference-on-local-youth-work-and-democracy\/\"]}]},{\"@type\":\"ImageObject\",\"inLanguage\":\"fr-FR\",\"@id\":\"https:\/\/dypall.com\/activity\/dypall-network-at-the-european-conference-on-local-youth-work-and-democracy\/#primaryimage\",\"url\":\"https:\/\/dypall.com\/wp-content\/uploads\/2024\/03\/417532917_804798851684473_2540614781800823317_n-1.jpeg\",\"contentUrl\":\"https:\/\/dypall.com\/wp-content\/uploads\/2024\/03\/417532917_804798851684473_2540614781800823317_n-1.jpeg\",\"width\":1080,\"height\":719},{\"@type\":\"BreadcrumbList\",\"@id\":\"https:\/\/dypall.com\/activity\/dypall-network-at-the-european-conference-on-local-youth-work-and-democracy\/#breadcrumb\",\"itemListElement\":[{\"@type\":\"ListItem\",\"position\":1,\"name\":\"Home\",\"item\":\"https:\/\/dypall.com\/\"},{\"@type\":\"ListItem\",\"position\":2,\"name\":\"DYPALL Network at the European Conference on Local Youth Work and Democracy\"}]},{\"@type\":\"WebSite\",\"@id\":\"https:\/\/dypall.com\/#website\",\"url\":\"https:\/\/dypall.com\/\",\"name\":\"DYPALL Network\",\"description\":\"We are a European network of civil society organisations, municipalities and research institutions dedicated to improving democracy through youth participation.\",\"potentialAction\":[{\"@type\":\"SearchAction\",\"target\":{\"@type\":\"EntryPoint\",\"urlTemplate\":\"https:\/\/dypall.com\/?s={search_term_string}\"},\"query-input\":\"required name=search_term_string\"}],\"inLanguage\":\"fr-FR\"},{\"@type\":\"Person\",\"@id\":\"https:\/\/dypall.com\/#\/schema\/person\/f92e08aa15c8ba711a9d153129f03377\",\"name\":\"DYPALL Network\",\"image\":{\"@type\":\"ImageObject\",\"inLanguage\":\"fr-FR\",\"@id\":\"https:\/\/dypall.com\/#\/schema\/person\/image\/\",\"url\":\"https:\/\/secure.gravatar.com\/avatar\/9c39e299279800c6d69c5e02cf613e7bab060889f373052a03d7ac399e8f0d3c?s=96&d=mm&r=g\",\"contentUrl\":\"https:\/\/secure.gravatar.com\/avatar\/9c39e299279800c6d69c5e02cf613e7bab060889f373052a03d7ac399e8f0d3c?s=96&d=mm&r=g\",\"caption\":\"DYPALL Network\"},\"sameAs\":[\"https:\/\/dypall.com\"],\"url\":\"https:\/\/dypall.com\/fr\/author\/dypall\/\"}]}<\/script>\n<!-- \/ Yoast SEO plugin. -->","yoast_head_json":{"title":"DYPALL Network at the European Conference on Local Youth Work and Democracy - DYPALL Network","robots":{"index":"index","follow":"follow","max-snippet":"max-snippet:-1","max-image-preview":"max-image-preview:large","max-video-preview":"max-video-preview:-1"},"canonical":"https:\/\/dypall.com\/fr\/activity\/dypall-network-at-the-european-conference-on-local-youth-work-and-democracy\/","og_locale":"fr_FR","og_type":"article","og_title":"DYPALL Network at the European Conference on Local Youth Work and Democracy - DYPALL Network","og_description":"DYPALL Network played a significant role in the recent European Conference on Local Youth Work and Democracy, organised by the EU Belgium Presidency\u00a0and held in Brussels from 20th to 23rd February. This gathering, organised alongside the Strategic National Agencies Cooperation projects Europe Goes Local and Democracy Reloading, aimed to boost the quality of youth work&hellip; Poursuivre la lecture DYPALL Network at the European Conference on Local Youth Work and Democracy","og_url":"https:\/\/dypall.com\/fr\/activity\/dypall-network-at-the-european-conference-on-local-youth-work-and-democracy\/","og_site_name":"DYPALL Network","article_published_time":"2024-03-06T12:50:26+00:00","article_modified_time":"2024-06-06T08:57:38+00:00","og_image":[{"width":1080,"height":719,"url":"https:\/\/dypall.com\/wp-content\/uploads\/2024\/03\/417532917_804798851684473_2540614781800823317_n-1.jpeg","type":"image\/jpeg"}],"author":"DYPALL Network","twitter_card":"summary_large_image","twitter_misc":{"Written by":"DYPALL Network","Est. reading time":"1 minute"},"schema":{"@context":"https:\/\/schema.org","@graph":[{"@type":"WebPage","@id":"https:\/\/dypall.com\/activity\/dypall-network-at-the-european-conference-on-local-youth-work-and-democracy\/","url":"https:\/\/dypall.com\/activity\/dypall-network-at-the-european-conference-on-local-youth-work-and-democracy\/","name":"DYPALL Network at the European Conference on Local Youth Work and Democracy - DYPALL Network","isPartOf":{"@id":"https:\/\/dypall.com\/#website"},"primaryImageOfPage":{"@id":"https:\/\/dypall.com\/activity\/dypall-network-at-the-european-conference-on-local-youth-work-and-democracy\/#primaryimage"},"image":{"@id":"https:\/\/dypall.com\/activity\/dypall-network-at-the-european-conference-on-local-youth-work-and-democracy\/#primaryimage"},"thumbnailUrl":"https:\/\/dypall.com\/wp-content\/uploads\/2024\/03\/417532917_804798851684473_2540614781800823317_n-1.jpeg","datePublished":"2024-03-06T12:50:26+00:00","dateModified":"2024-06-06T08:57:38+00:00","author":{"@id":"https:\/\/dypall.com\/#\/schema\/person\/f92e08aa15c8ba711a9d153129f03377"},"breadcrumb":{"@id":"https:\/\/dypall.com\/activity\/dypall-network-at-the-european-conference-on-local-youth-work-and-democracy\/#breadcrumb"},"inLanguage":"fr-FR","potentialAction":[{"@type":"ReadAction","target":["https:\/\/dypall.com\/activity\/dypall-network-at-the-european-conference-on-local-youth-work-and-democracy\/"]}]},{"@type":"ImageObject","inLanguage":"fr-FR","@id":"https:\/\/dypall.com\/activity\/dypall-network-at-the-european-conference-on-local-youth-work-and-democracy\/#primaryimage","url":"https:\/\/dypall.com\/wp-content\/uploads\/2024\/03\/417532917_804798851684473_2540614781800823317_n-1.jpeg","contentUrl":"https:\/\/dypall.com\/wp-content\/uploads\/2024\/03\/417532917_804798851684473_2540614781800823317_n-1.jpeg","width":1080,"height":719},{"@type":"BreadcrumbList","@id":"https:\/\/dypall.com\/activity\/dypall-network-at-the-european-conference-on-local-youth-work-and-democracy\/#breadcrumb","itemListElement":[{"@type":"ListItem","position":1,"name":"Home","item":"https:\/\/dypall.com\/"},{"@type":"ListItem","position":2,"name":"DYPALL Network at the European Conference on Local Youth Work and Democracy"}]},{"@type":"WebSite","@id":"https:\/\/dypall.com\/#website","url":"https:\/\/dypall.com\/","name":"DYPALL Network","description":"We are a European network of civil society organisations, municipalities and research institutions dedicated to improving democracy through youth participation.","potentialAction":[{"@type":"SearchAction","target":{"@type":"EntryPoint","urlTemplate":"https:\/\/dypall.com\/?s={search_term_string}"},"query-input":"required name=search_term_string"}],"inLanguage":"fr-FR"},{"@type":"Person","@id":"https:\/\/dypall.com\/#\/schema\/person\/f92e08aa15c8ba711a9d153129f03377","name":"DYPALL Network","image":{"@type":"ImageObject","inLanguage":"fr-FR","@id":"https:\/\/dypall.com\/#\/schema\/person\/image\/","url":"https:\/\/secure.gravatar.com\/avatar\/9c39e299279800c6d69c5e02cf613e7bab060889f373052a03d7ac399e8f0d3c?s=96&d=mm&r=g","contentUrl":"https:\/\/secure.gravatar.com\/avatar\/9c39e299279800c6d69c5e02cf613e7bab060889f373052a03d7ac399e8f0d3c?s=96&d=mm&r=g","caption":"DYPALL Network"},"sameAs":["https:\/\/dypall.com"],"url":"https:\/\/dypall.com\/fr\/author\/dypall\/"}]}},"jetpack_featured_media_url":"https:\/\/dypall.com\/wp-content\/uploads\/2024\/03\/417532917_804798851684473_2540614781800823317_n-1.jpeg","jetpack_sharing_enabled":true,"_links":{"self":[{"href":"https:\/\/dypall.com\/fr\/wp-json\/wp\/v2\/posts\/6986","targetHints":{"allow":["GET"]}}],"collection":[{"href":"https:\/\/dypall.com\/fr\/wp-json\/wp\/v2\/posts"}],"about":[{"href":"https:\/\/dypall.com\/fr\/wp-json\/wp\/v2\/types\/post"}],"author":[{"embeddable":true,"href":"https:\/\/dypall.com\/fr\/wp-json\/wp\/v2\/users\/1"}],"replies":[{"embeddable":true,"href":"https:\/\/dypall.com\/fr\/wp-json\/wp\/v2\/comments?post=6986"}],"version-history":[{"count":3,"href":"https:\/\/dypall.com\/fr\/wp-json\/wp\/v2\/posts\/6986\/revisions"}],"predecessor-version":[{"id":7137,"href":"https:\/\/dypall.com\/fr\/wp-json\/wp\/v2\/posts\/6986\/revisions\/7137"}],"wp:featuredmedia":[{"embeddable":true,"href":"https:\/\/dypall.com\/fr\/wp-json\/wp\/v2\/media\/7136"}],"wp:attachment":[{"href":"https:\/\/dypall.com\/fr\/wp-json\/wp\/v2\/media?parent=6986"}],"wp:term":[{"taxonomy":"category","embeddable":true,"href":"https:\/\/dypall.com\/fr\/wp-json\/wp\/v2\/categories?post=6986"},{"taxonomy":"post_tag","embeddable":true,"href":"https:\/\/dypall.com\/fr\/wp-json\/wp\/v2\/tags?post=6986"}],"curies":[{"name":"wp","href":"https:\/\/api.w.org\/{rel}","templated":true}]}}