{"id":6926,"date":"2024-02-09T14:32:57","date_gmt":"2024-02-09T14:32:57","guid":{"rendered":"https:\/\/dypall.com\/?p=6926"},"modified":"2024-06-06T09:24:57","modified_gmt":"2024-06-06T09:24:57","slug":"youth-for-active-society-last-transnational-project-meeting","status":"publish","type":"post","link":"https:\/\/dypall.com\/fr\/activity\/youth-for-active-society-last-transnational-project-meeting\/","title":{"rendered":"Derni\u00e8re r\u00e9union du projet transnational \u00abJeunesse pour une soci\u00e9t\u00e9 active\u00bb"},"content":{"rendered":"<p>Le r\u00e9seau DYPALL a particip\u00e9 \u00e0 la troisi\u00e8me et derni\u00e8re r\u00e9union transnationale <strong>\u00abJeunesse pour une soci\u00e9t\u00e9 active\u00bb<\/strong> projet du 7 au 9 f\u00e9vrier 2024, \u00e0 Cracovie, en Pologne. Fundacja Ornament a accueilli l'\u00e9v\u00e9nement.<\/p>\n<p>Le projet \u00abJeunesse pour une soci\u00e9t\u00e9 active\u00bb est ax\u00e9 sur la cartographie des politiques de la jeunesse dans les municipalit\u00e9s locales, afin de cr\u00e9er des ponts entre les autorit\u00e9s locales et les animateurs socio-\u00e9ducatifs des ONG, ainsi que les jeunes.<\/p>\n<p>Au cours de la r\u00e9union, les partenaires ont pu discuter et \u00e9valuer toutes les activit\u00e9s d\u00e9j\u00e0 r\u00e9alis\u00e9es et d\u00e9cider des \u00e9tapes finales de ce projet. L'objectif de la r\u00e9union \u00e9tait l'\u00e9valuation de l'un des <strong>r\u00e9sultats intellectuels<\/strong> d\u00e9velopp\u00e9 au cours du projet \u2013 une animation interactive sur une communaut\u00e9 intelligente, dans laquelle les joueurs peuvent d\u00e9cider de la mani\u00e8re de r\u00e9soudre les probl\u00e8mes li\u00e9s \u00e0 leur communaut\u00e9. Apr\u00e8s avoir analys\u00e9 les retours d\u2019information recueillis sur les \u00e9v\u00e9nements multiplicateurs d\u00e9j\u00e0 organis\u00e9s, certaines am\u00e9liorations ont \u00e9t\u00e9 discut\u00e9es et les partenaires envisagent \u00e9galement de futures applications pour ce r\u00e9sultat intellectuel sp\u00e9cifique. En outre, les partenaires ont \u00e9galement pr\u00e9par\u00e9 les documents n\u00e9cessaires au rapport final du projet et discut\u00e9 de l\u2019\u00e9valuation globale du projet.<\/p>\n<p>Le projet \u00abJeunesse pour une soci\u00e9t\u00e9 active\u00bb est coordonn\u00e9 par <a href=\"https:\/\/www.facebook.com\/p\/Fundacja-Ornament-100079051707719\/\">Ornement de Fundajca<\/a> (Pologne), en coop\u00e9ration avec <a href=\"https:\/\/www.bangherang.it\/?page_id=5044&amp;lang=en\">Bangherang<\/a> (Italie), <a href=\"https:\/\/dark-1.com\/\">NOIR 1<\/a> (Mac\u00e9doine du Nord), <a href=\"https:\/\/www.krik.rs\/en\/\">KRIK<\/a> (Mac\u00e9doine du Nord) et le r\u00e9seau DYPALL (Portugal).<\/p>\n<p><a href=\"https:\/\/dypall.com\/fr\/2024\/02\/09\/youth-for-active-society-last-transnational-project-meeting\/whatsapp-image-2024-02-08-at-10-50-14\/#main\" rel=\"attachment wp-att-6927\"><img loading=\"lazy\" decoding=\"async\" class=\"wp-image-6927 aligncenter\" src=\"https:\/\/dypall.com\/wp-content\/uploads\/2024\/02\/WhatsApp-Image-2024-02-08-at-10.50.14.jpeg\" alt=\"\" width=\"899\" height=\"674\" \/><\/a><\/p>\n<p><a href=\"https:\/\/dypall.com\/fr\/2024\/02\/09\/youth-for-active-society-last-transnational-project-meeting\/whatsapp-image-2024-02-08-at-10-50-15\/#main\" rel=\"attachment wp-att-6928\"><img loading=\"lazy\" decoding=\"async\" class=\"wp-image-6928 aligncenter\" src=\"https:\/\/dypall.com\/wp-content\/uploads\/2024\/02\/WhatsApp-Image-2024-02-08-at-10.50.15.jpeg\" alt=\"\" width=\"904\" height=\"678\" \/><\/a><\/p>","protected":false},"excerpt":{"rendered":"<p>Le r\u00e9seau DYPALL a particip\u00e9 \u00e0 la troisi\u00e8me et derni\u00e8re r\u00e9union transnationale du projet \u00abJeunesse pour une soci\u00e9t\u00e9 active\u00bb du 7 au 9 f\u00e9vrier 2024, \u00e0 Cracovie, en Pologne. Fundacja Ornament a accueilli l'\u00e9v\u00e9nement. Le projet \u00abJeunesse pour une soci\u00e9t\u00e9 active\u00bb est ax\u00e9 sur la cartographie des politiques de la jeunesse dans les municipalit\u00e9s locales, afin de cr\u00e9er des ponts entre les autorit\u00e9s locales et les jeunes. <a class=\"more-link\" href=\"https:\/\/dypall.com\/fr\/activity\/youth-for-active-society-last-transnational-project-meeting\/\">Poursuivre la lecture <span class=\"screen-reader-text\">Derni\u00e8re r\u00e9union du projet transnational \u00abJeunesse pour une soci\u00e9t\u00e9 active\u00bb<\/span><\/a><\/p>","protected":false},"author":2,"featured_media":7161,"comment_status":"closed","ping_status":"open","sticky":false,"template":"","format":"standard","meta":{"_acf_changed":false,"_jetpack_memberships_contains_paid_content":false,"footnotes":""},"categories":[111],"tags":[],"class_list":["post-6926","post","type-post","status-publish","format-standard","has-post-thumbnail","hentry","category-activity","entry"],"acf":[],"yoast_head":"<!-- This site is optimized with the Yoast SEO plugin v22.8 - https:\/\/yoast.com\/wordpress\/plugins\/seo\/ -->\n<title>\u201cYouth for Active Society\u201d last transnational project meeting - DYPALL Network<\/title>\n<meta name=\"robots\" content=\"index, follow, max-snippet:-1, max-image-preview:large, max-video-preview:-1\" \/>\n<link rel=\"canonical\" href=\"https:\/\/dypall.com\/fr\/activity\/youth-for-active-society-last-transnational-project-meeting\/\" \/>\n<meta property=\"og:locale\" content=\"fr_FR\" \/>\n<meta property=\"og:type\" content=\"article\" \/>\n<meta property=\"og:title\" content=\"\u201cYouth for Active Society\u201d last transnational project meeting - DYPALL Network\" \/>\n<meta property=\"og:description\" content=\"DYPALL Network participated in the third and last transnational meeting for the \u201cYouth for Active Society\u201d project from 7th \u2013 9th February 2024, in Krakow, Poland. Fundacja Ornament hosted the event. The \u201cYouth for Active Society\u201d project is focused on mapping youth policies in local municipalities, to create bridges between the local authorities and youth&hellip; Poursuivre la lecture \u201cYouth for Active Society\u201d last transnational project meeting\" \/>\n<meta property=\"og:url\" content=\"https:\/\/dypall.com\/fr\/activity\/youth-for-active-society-last-transnational-project-meeting\/\" \/>\n<meta property=\"og:site_name\" content=\"DYPALL Network\" \/>\n<meta property=\"article:published_time\" content=\"2024-02-09T14:32:57+00:00\" \/>\n<meta property=\"article:modified_time\" content=\"2024-06-06T09:24:57+00:00\" \/>\n<meta property=\"og:image\" content=\"https:\/\/dypall.com\/wp-content\/uploads\/2024\/02\/WhatsApp-Image-2024-02-08-at-10.50.14-570x342-1.jpeg\" \/>\n\t<meta property=\"og:image:width\" content=\"570\" \/>\n\t<meta property=\"og:image:height\" content=\"342\" \/>\n\t<meta property=\"og:image:type\" content=\"image\/jpeg\" \/>\n<meta name=\"author\" content=\"dypall\" \/>\n<meta name=\"twitter:card\" content=\"summary_large_image\" \/>\n<meta name=\"twitter:label1\" content=\"Written by\" \/>\n\t<meta name=\"twitter:data1\" content=\"dypall\" \/>\n\t<meta name=\"twitter:label2\" content=\"Est. reading time\" \/>\n\t<meta name=\"twitter:data2\" content=\"1 minute\" \/>\n<script type=\"application\/ld+json\" class=\"yoast-schema-graph\">{\"@context\":\"https:\/\/schema.org\",\"@graph\":[{\"@type\":\"WebPage\",\"@id\":\"https:\/\/dypall.com\/activity\/youth-for-active-society-last-transnational-project-meeting\/\",\"url\":\"https:\/\/dypall.com\/activity\/youth-for-active-society-last-transnational-project-meeting\/\",\"name\":\"\u201cYouth for Active Society\u201d last transnational project meeting - DYPALL Network\",\"isPartOf\":{\"@id\":\"https:\/\/dypall.com\/#website\"},\"primaryImageOfPage\":{\"@id\":\"https:\/\/dypall.com\/activity\/youth-for-active-society-last-transnational-project-meeting\/#primaryimage\"},\"image\":{\"@id\":\"https:\/\/dypall.com\/activity\/youth-for-active-society-last-transnational-project-meeting\/#primaryimage\"},\"thumbnailUrl\":\"https:\/\/dypall.com\/wp-content\/uploads\/2024\/02\/WhatsApp-Image-2024-02-08-at-10.50.14-570x342-1.jpeg\",\"datePublished\":\"2024-02-09T14:32:57+00:00\",\"dateModified\":\"2024-06-06T09:24:57+00:00\",\"author\":{\"@id\":\"https:\/\/dypall.com\/#\/schema\/person\/206350efe851997fcdedef75d118766b\"},\"breadcrumb\":{\"@id\":\"https:\/\/dypall.com\/activity\/youth-for-active-society-last-transnational-project-meeting\/#breadcrumb\"},\"inLanguage\":\"fr-FR\",\"potentialAction\":[{\"@type\":\"ReadAction\",\"target\":[\"https:\/\/dypall.com\/activity\/youth-for-active-society-last-transnational-project-meeting\/\"]}]},{\"@type\":\"ImageObject\",\"inLanguage\":\"fr-FR\",\"@id\":\"https:\/\/dypall.com\/activity\/youth-for-active-society-last-transnational-project-meeting\/#primaryimage\",\"url\":\"https:\/\/dypall.com\/wp-content\/uploads\/2024\/02\/WhatsApp-Image-2024-02-08-at-10.50.14-570x342-1.jpeg\",\"contentUrl\":\"https:\/\/dypall.com\/wp-content\/uploads\/2024\/02\/WhatsApp-Image-2024-02-08-at-10.50.14-570x342-1.jpeg\",\"width\":570,\"height\":342},{\"@type\":\"BreadcrumbList\",\"@id\":\"https:\/\/dypall.com\/activity\/youth-for-active-society-last-transnational-project-meeting\/#breadcrumb\",\"itemListElement\":[{\"@type\":\"ListItem\",\"position\":1,\"name\":\"Home\",\"item\":\"https:\/\/dypall.com\/\"},{\"@type\":\"ListItem\",\"position\":2,\"name\":\"\u201cYouth for Active Society\u201d last transnational project meeting\"}]},{\"@type\":\"WebSite\",\"@id\":\"https:\/\/dypall.com\/#website\",\"url\":\"https:\/\/dypall.com\/\",\"name\":\"DYPALL Network\",\"description\":\"We are a European network of civil society organisations, municipalities and research institutions dedicated to improving democracy through youth participation.\",\"potentialAction\":[{\"@type\":\"SearchAction\",\"target\":{\"@type\":\"EntryPoint\",\"urlTemplate\":\"https:\/\/dypall.com\/?s={search_term_string}\"},\"query-input\":\"required name=search_term_string\"}],\"inLanguage\":\"fr-FR\"},{\"@type\":\"Person\",\"@id\":\"https:\/\/dypall.com\/#\/schema\/person\/206350efe851997fcdedef75d118766b\",\"name\":\"dypall\",\"image\":{\"@type\":\"ImageObject\",\"inLanguage\":\"fr-FR\",\"@id\":\"https:\/\/dypall.com\/#\/schema\/person\/image\/\",\"url\":\"https:\/\/secure.gravatar.com\/avatar\/14e8d3d8841cd0bdf69915120bcf9fcfac1567f1dc7035664907322ac47efe29?s=96&d=mm&r=g\",\"contentUrl\":\"https:\/\/secure.gravatar.com\/avatar\/14e8d3d8841cd0bdf69915120bcf9fcfac1567f1dc7035664907322ac47efe29?s=96&d=mm&r=g\",\"caption\":\"dypall\"},\"url\":\"https:\/\/dypall.com\/fr\/author\/dypall_info\/\"}]}<\/script>\n<!-- \/ Yoast SEO plugin. -->","yoast_head_json":{"title":"\u201cYouth for Active Society\u201d last transnational project meeting - DYPALL Network","robots":{"index":"index","follow":"follow","max-snippet":"max-snippet:-1","max-image-preview":"max-image-preview:large","max-video-preview":"max-video-preview:-1"},"canonical":"https:\/\/dypall.com\/fr\/activity\/youth-for-active-society-last-transnational-project-meeting\/","og_locale":"fr_FR","og_type":"article","og_title":"\u201cYouth for Active Society\u201d last transnational project meeting - DYPALL Network","og_description":"DYPALL Network participated in the third and last transnational meeting for the \u201cYouth for Active Society\u201d project from 7th \u2013 9th February 2024, in Krakow, Poland. Fundacja Ornament hosted the event. The \u201cYouth for Active Society\u201d project is focused on mapping youth policies in local municipalities, to create bridges between the local authorities and youth&hellip; Poursuivre la lecture \u201cYouth for Active Society\u201d last transnational project meeting","og_url":"https:\/\/dypall.com\/fr\/activity\/youth-for-active-society-last-transnational-project-meeting\/","og_site_name":"DYPALL Network","article_published_time":"2024-02-09T14:32:57+00:00","article_modified_time":"2024-06-06T09:24:57+00:00","og_image":[{"width":570,"height":342,"url":"https:\/\/dypall.com\/wp-content\/uploads\/2024\/02\/WhatsApp-Image-2024-02-08-at-10.50.14-570x342-1.jpeg","type":"image\/jpeg"}],"author":"dypall","twitter_card":"summary_large_image","twitter_misc":{"Written by":"dypall","Est. reading time":"1 minute"},"schema":{"@context":"https:\/\/schema.org","@graph":[{"@type":"WebPage","@id":"https:\/\/dypall.com\/activity\/youth-for-active-society-last-transnational-project-meeting\/","url":"https:\/\/dypall.com\/activity\/youth-for-active-society-last-transnational-project-meeting\/","name":"\u201cYouth for Active Society\u201d last transnational project meeting - DYPALL Network","isPartOf":{"@id":"https:\/\/dypall.com\/#website"},"primaryImageOfPage":{"@id":"https:\/\/dypall.com\/activity\/youth-for-active-society-last-transnational-project-meeting\/#primaryimage"},"image":{"@id":"https:\/\/dypall.com\/activity\/youth-for-active-society-last-transnational-project-meeting\/#primaryimage"},"thumbnailUrl":"https:\/\/dypall.com\/wp-content\/uploads\/2024\/02\/WhatsApp-Image-2024-02-08-at-10.50.14-570x342-1.jpeg","datePublished":"2024-02-09T14:32:57+00:00","dateModified":"2024-06-06T09:24:57+00:00","author":{"@id":"https:\/\/dypall.com\/#\/schema\/person\/206350efe851997fcdedef75d118766b"},"breadcrumb":{"@id":"https:\/\/dypall.com\/activity\/youth-for-active-society-last-transnational-project-meeting\/#breadcrumb"},"inLanguage":"fr-FR","potentialAction":[{"@type":"ReadAction","target":["https:\/\/dypall.com\/activity\/youth-for-active-society-last-transnational-project-meeting\/"]}]},{"@type":"ImageObject","inLanguage":"fr-FR","@id":"https:\/\/dypall.com\/activity\/youth-for-active-society-last-transnational-project-meeting\/#primaryimage","url":"https:\/\/dypall.com\/wp-content\/uploads\/2024\/02\/WhatsApp-Image-2024-02-08-at-10.50.14-570x342-1.jpeg","contentUrl":"https:\/\/dypall.com\/wp-content\/uploads\/2024\/02\/WhatsApp-Image-2024-02-08-at-10.50.14-570x342-1.jpeg","width":570,"height":342},{"@type":"BreadcrumbList","@id":"https:\/\/dypall.com\/activity\/youth-for-active-society-last-transnational-project-meeting\/#breadcrumb","itemListElement":[{"@type":"ListItem","position":1,"name":"Home","item":"https:\/\/dypall.com\/"},{"@type":"ListItem","position":2,"name":"\u201cYouth for Active Society\u201d last transnational project meeting"}]},{"@type":"WebSite","@id":"https:\/\/dypall.com\/#website","url":"https:\/\/dypall.com\/","name":"DYPALL Network","description":"We are a European network of civil society organisations, municipalities and research institutions dedicated to improving democracy through youth participation.","potentialAction":[{"@type":"SearchAction","target":{"@type":"EntryPoint","urlTemplate":"https:\/\/dypall.com\/?s={search_term_string}"},"query-input":"required name=search_term_string"}],"inLanguage":"fr-FR"},{"@type":"Person","@id":"https:\/\/dypall.com\/#\/schema\/person\/206350efe851997fcdedef75d118766b","name":"dypall","image":{"@type":"ImageObject","inLanguage":"fr-FR","@id":"https:\/\/dypall.com\/#\/schema\/person\/image\/","url":"https:\/\/secure.gravatar.com\/avatar\/14e8d3d8841cd0bdf69915120bcf9fcfac1567f1dc7035664907322ac47efe29?s=96&d=mm&r=g","contentUrl":"https:\/\/secure.gravatar.com\/avatar\/14e8d3d8841cd0bdf69915120bcf9fcfac1567f1dc7035664907322ac47efe29?s=96&d=mm&r=g","caption":"dypall"},"url":"https:\/\/dypall.com\/fr\/author\/dypall_info\/"}]}},"jetpack_featured_media_url":"https:\/\/dypall.com\/wp-content\/uploads\/2024\/02\/WhatsApp-Image-2024-02-08-at-10.50.14-570x342-1.jpeg","jetpack_sharing_enabled":true,"_links":{"self":[{"href":"https:\/\/dypall.com\/fr\/wp-json\/wp\/v2\/posts\/6926","targetHints":{"allow":["GET"]}}],"collection":[{"href":"https:\/\/dypall.com\/fr\/wp-json\/wp\/v2\/posts"}],"about":[{"href":"https:\/\/dypall.com\/fr\/wp-json\/wp\/v2\/types\/post"}],"author":[{"embeddable":true,"href":"https:\/\/dypall.com\/fr\/wp-json\/wp\/v2\/users\/2"}],"replies":[{"embeddable":true,"href":"https:\/\/dypall.com\/fr\/wp-json\/wp\/v2\/comments?post=6926"}],"version-history":[{"count":1,"href":"https:\/\/dypall.com\/fr\/wp-json\/wp\/v2\/posts\/6926\/revisions"}],"predecessor-version":[{"id":7162,"href":"https:\/\/dypall.com\/fr\/wp-json\/wp\/v2\/posts\/6926\/revisions\/7162"}],"wp:featuredmedia":[{"embeddable":true,"href":"https:\/\/dypall.com\/fr\/wp-json\/wp\/v2\/media\/7161"}],"wp:attachment":[{"href":"https:\/\/dypall.com\/fr\/wp-json\/wp\/v2\/media?parent=6926"}],"wp:term":[{"taxonomy":"category","embeddable":true,"href":"https:\/\/dypall.com\/fr\/wp-json\/wp\/v2\/categories?post=6926"},{"taxonomy":"post_tag","embeddable":true,"href":"https:\/\/dypall.com\/fr\/wp-json\/wp\/v2\/tags?post=6926"}],"curies":[{"name":"wp","href":"https:\/\/api.w.org\/{rel}","templated":true}]}}