{"id":6452,"date":"2023-05-31T14:35:16","date_gmt":"2023-05-31T13:35:16","guid":{"rendered":"https:\/\/dypall.com\/?p=6452"},"modified":"2023-05-31T14:35:16","modified_gmt":"2023-05-31T13:35:16","slug":"local-youth-councils-at-international-scale-lycis-training-course","status":"publish","type":"post","link":"https:\/\/dypall.com\/fr\/activity\/local-youth-councils-at-international-scale-lycis-training-course\/","title":{"rendered":"Cours de formation \u00abConstruire des conseils locaux de la jeunesse de qualit\u00e9\u00bb"},"content":{"rendered":"<p><span style=\"font-weight: 400;\">Le<strong> Formation internationale pour les jeunes multiplicateurs,<\/strong> <strong>\u00ab<\/strong><em><strong>Construire des conseils locaux de la jeunesse de qualit\u00e9\u00bb,<\/strong><\/em><\/span><span style=\"font-weight: 400;\">\u00a0partie de la \u00ab<strong>Conseils locaux de la jeunesse \u00e0 l'\u00e9chelle internationale<\/strong>Le projet (LYCIS) s\u2019est tenu du 21 au 27 mai 2023 \u00e0 Maia, au Portugal. <\/span><\/p>\n<p><span style=\"font-weight: 400;\">La formation visait \u00e0 explorer des outils et des m\u00e9canismes qui permettent aux jeunes de participer aux processus d\u00e9cisionnels locaux en cr\u00e9ant ou en am\u00e9liorant les conseils locaux de la jeunesse. Les participants du Portugal, de l'Italie, de la Mac\u00e9doine du Nord, du Maroc, de la Tunisie et de la Palestine se sont r\u00e9unis pour \u00e9changer des exp\u00e9riences, des id\u00e9es et des bonnes pratiques concernant les diff\u00e9rentes structures, instruments et m\u00e9canismes utilis\u00e9s dans les r\u00e9alit\u00e9s locales.<\/span><\/p>\n<p><span style=\"font-weight: 400;\">Les participants ont \u00e9valu\u00e9 l'\u00e9tat des conseils locaux de la jeunesse dans leurs r\u00e9alit\u00e9s locales et ont discut\u00e9 de la mise en \u0153uvre de strat\u00e9gies d'engagement durables et inclusives dans les contextes locaux. Gr\u00e2ce \u00e0 l\u2019\u00e9change de connaissances, les participants ont d\u00e9velopp\u00e9 des comp\u00e9tences et se sont pr\u00e9par\u00e9s \u00e0 les partager avec leurs pairs, agissant en tant que multiplicateurs de connaissances et d\u2019exp\u00e9riences \u2014 la formation visait \u00e0 renforcer les capacit\u00e9s collectives et \u00e0 stimuler l\u2019engagement des jeunes.<\/span><\/p>\n<p><span style=\"font-weight: 400;\">Les sessions anim\u00e9es par les formateurs du r\u00e9seau DYPALL ont am\u00e9lior\u00e9 la compr\u00e9hension et les capacit\u00e9s des participants en ce qui concerne les conseils locaux de la jeunesse. Ces sessions ont utilis\u00e9 l'\u00e9ducation non formelle et de multiples m\u00e9thodologies telles qu'une \u00e9chelle de participation, un jeu de r\u00f4le, une boule de neige, un barom\u00e8tre et d'autres m\u00e9thodes.\u00a0<\/span><\/p>\n<p><span style=\"font-weight: 400;\">Au cours des sessions, les participants ont \u00e9t\u00e9 invit\u00e9s \u00e0 participer \u00e0 des activit\u00e9s d'apprentissage, y compris l'\u00e9valuation des r\u00e9alit\u00e9s locales pour \u00e9clairer les approches adapt\u00e9es, la mise en place de campagnes de plaidoyer efficaces, un atelier sur la cr\u00e9ation de contenu pour une communication efficace et des occasions de d\u00e9couvrir les pratiques locales et les solutions innovantes mises en \u0153uvre par les conseils de jeunesse de la r\u00e9gion. De plus, les participants ont pu rencontrer la municipalit\u00e9 de Maia et se familiariser avec les strat\u00e9gies des jeunes l\u00e0-bas.<\/span><\/p>\n<p><span style=\"font-weight: 400;\">Au cours des sessions, les participants ont \u00e9chang\u00e9 leurs aspirations, leurs craintes, leurs d\u00e9fis et les solutions possibles concernant la mise en \u0153uvre des conseils locaux de la jeunesse dans des r\u00e9alit\u00e9s diverses et multiculturelles.\u00a0<\/span><\/p>\n<p><span style=\"font-weight: 400;\">La formation LYCIS a mis en \u00e9vidence un engagement \u00e0 responsabiliser les conseils locaux de la jeunesse et \u00e0 favoriser un engagement durable et inclusif des jeunes. En explorant des outils et des m\u00e9canismes, en \u00e9valuant l'\u00e9tat des conseils locaux de la jeunesse, en \u00e9changeant des exp\u00e9riences et en pr\u00e9parant de jeunes multiplicateurs, la formation visait \u00e0 renforcer la capacit\u00e9 des participants \u00e0 apporter des changements positifs au sein de leurs communaut\u00e9s. Pour atteindre les objectifs ambitieux au sein de leurs communaut\u00e9s, les participants ont contribu\u00e9 \u00e0 d\u00e9velopper le <strong>Charte de qualit\u00e9<\/strong> en tant que <strong>outil d\u2019\u00e9valuation pour les LYC<\/strong>, qui sera bient\u00f4t disponible.\u00a0<\/span><\/p>\n<p><span style=\"font-weight: 400;\">La formation a \u00e9t\u00e9 cofinanc\u00e9e par le programme Erasmus+ de l'Union europ\u00e9enne et coordonn\u00e9e par le r\u00e9seau DYPALL avec le soutien de la municipalit\u00e9 de Maia. Le projet est mis en \u0153uvre en collaboration avec <a href=\"https:\/\/www.europiamo.org\/\">Syst\u00e8me d'\u00e9change de quotas d'\u00e9mission d'Europiamo<\/a> (Italie), <a href=\"https:\/\/youthonboard.com.mk\/\">Jeunes \u00e0 bord<\/a> (Mac\u00e9doine du Nord), <a href=\"https:\/\/ysfi.ps\/En\/index.php\/en\/\">Institut du Forum des \u00e9tudiants<\/a> (Palestine), <a href=\"https:\/\/www.facebook.com\/fjmtm\">Forum des jeunes marocains pour le troisi\u00e8me mill\u00e9naire<\/a> (Maroc), et <a href=\"http:\/\/www.fhird.tn\/\">Institut Farhat Hached pour la recherche et la d\u00e9mocratie<\/a> (Tunisie).<\/span><\/p>\n<p>&nbsp;<\/p>\n<p><a href=\"https:\/\/dypall.com\/fr\/2023\/05\/31\/local-youth-councils-at-international-scale-lycis-training-course\/schermata-2023-05-31-alle-14-30-16\/#main\" rel=\"attachment wp-att-6454\"><img loading=\"lazy\" decoding=\"async\" class=\"wp-image-6454 aligncenter\" src=\"https:\/\/dypall.com\/wp-content\/uploads\/2023\/05\/Schermata-2023-05-31-alle-14.30.16.png\" alt=\"\" width=\"792\" height=\"516\" \/><\/a><\/p>\n<p><a href=\"https:\/\/dypall.com\/fr\/2023\/05\/31\/local-youth-councils-at-international-scale-lycis-training-course\/schermata-2023-05-31-alle-14-29-05\/#main\" rel=\"attachment wp-att-6453\"><img loading=\"lazy\" decoding=\"async\" class=\"wp-image-6453 aligncenter\" src=\"https:\/\/dypall.com\/wp-content\/uploads\/2023\/05\/Schermata-2023-05-31-alle-14.29.05-e1685539867955.png\" alt=\"\" width=\"792\" height=\"523\" \/><\/a><\/p>","protected":false},"excerpt":{"rendered":"<p>La formation internationale des jeunes multiplicateurs, \u00abConstruire des conseils locaux de la jeunesse de qualit\u00e9\u00bb, dans le cadre du projet \u00abConseils locaux de la jeunesse \u00e0 l\u2019\u00e9chelle internationale\u00bb (LYCIS), s\u2019est tenue du 21 au 27 mai 2023 \u00e0 Maia, au Portugal. La formation visait \u00e0 explorer des outils et des m\u00e9canismes qui permettent aux jeunes de s'engager dans les processus de prise de d\u00e9cision locaux en \u00e9tablissant ou en am\u00e9liorant... <a class=\"more-link\" href=\"https:\/\/dypall.com\/fr\/activity\/local-youth-councils-at-international-scale-lycis-training-course\/\">Poursuivre la lecture <span class=\"screen-reader-text\">Cours de formation \u00abConstruire des conseils locaux de la jeunesse de qualit\u00e9\u00bb<\/span><\/a><\/p>","protected":false},"author":2,"featured_media":6453,"comment_status":"closed","ping_status":"open","sticky":false,"template":"","format":"standard","meta":{"_acf_changed":false,"_jetpack_memberships_contains_paid_content":false,"footnotes":""},"categories":[111,141],"tags":[],"class_list":["post-6452","post","type-post","status-publish","format-standard","has-post-thumbnail","hentry","category-activity","category-training-course","entry"],"acf":[],"yoast_head":"<!-- This site is optimized with the Yoast SEO plugin v22.8 - https:\/\/yoast.com\/wordpress\/plugins\/seo\/ -->\n<title>\u201cBuilding Quality Local Youth Councils\u201d training course - DYPALL Network<\/title>\n<meta name=\"robots\" content=\"index, follow, max-snippet:-1, max-image-preview:large, max-video-preview:-1\" \/>\n<link rel=\"canonical\" href=\"https:\/\/dypall.com\/fr\/activity\/local-youth-councils-at-international-scale-lycis-training-course\/\" \/>\n<meta property=\"og:locale\" content=\"fr_FR\" \/>\n<meta property=\"og:type\" content=\"article\" \/>\n<meta property=\"og:title\" content=\"\u201cBuilding Quality Local Youth Councils\u201d training course - DYPALL Network\" \/>\n<meta property=\"og:description\" content=\"The International Training for Young Multipliers, \u201cBuilding Quality Local Youth Councils\u201d,\u00a0part of the \u201cLocal Youth Councils at International Scale\u201d (LYCIS) project, was held from 21st &#8211; 27th May 2023 in Maia, Portugal. The training aimed to explore tools and mechanisms that empower young people to engage in local decision-making processes by establishing or improving local&hellip; Poursuivre la lecture \u201cBuilding Quality Local Youth Councils\u201d training course\" \/>\n<meta property=\"og:url\" content=\"https:\/\/dypall.com\/fr\/activity\/local-youth-councils-at-international-scale-lycis-training-course\/\" \/>\n<meta property=\"og:site_name\" content=\"DYPALL Network\" \/>\n<meta property=\"article:published_time\" content=\"2023-05-31T13:35:16+00:00\" \/>\n<meta name=\"author\" content=\"dypall\" \/>\n<meta name=\"twitter:card\" content=\"summary_large_image\" \/>\n<meta name=\"twitter:label1\" content=\"Written by\" \/>\n\t<meta name=\"twitter:data1\" content=\"dypall\" \/>\n\t<meta name=\"twitter:label2\" content=\"Est. reading time\" \/>\n\t<meta name=\"twitter:data2\" content=\"2 minutes\" \/>\n<script type=\"application\/ld+json\" class=\"yoast-schema-graph\">{\"@context\":\"https:\/\/schema.org\",\"@graph\":[{\"@type\":\"WebPage\",\"@id\":\"https:\/\/dypall.com\/activity\/local-youth-councils-at-international-scale-lycis-training-course\/\",\"url\":\"https:\/\/dypall.com\/activity\/local-youth-councils-at-international-scale-lycis-training-course\/\",\"name\":\"\u201cBuilding Quality Local Youth Councils\u201d training course - DYPALL Network\",\"isPartOf\":{\"@id\":\"https:\/\/dypall.com\/#website\"},\"primaryImageOfPage\":{\"@id\":\"https:\/\/dypall.com\/activity\/local-youth-councils-at-international-scale-lycis-training-course\/#primaryimage\"},\"image\":{\"@id\":\"https:\/\/dypall.com\/activity\/local-youth-councils-at-international-scale-lycis-training-course\/#primaryimage\"},\"thumbnailUrl\":\"\",\"datePublished\":\"2023-05-31T13:35:16+00:00\",\"dateModified\":\"2023-05-31T13:35:16+00:00\",\"author\":{\"@id\":\"https:\/\/dypall.com\/#\/schema\/person\/206350efe851997fcdedef75d118766b\"},\"breadcrumb\":{\"@id\":\"https:\/\/dypall.com\/activity\/local-youth-councils-at-international-scale-lycis-training-course\/#breadcrumb\"},\"inLanguage\":\"fr-FR\",\"potentialAction\":[{\"@type\":\"ReadAction\",\"target\":[\"https:\/\/dypall.com\/activity\/local-youth-councils-at-international-scale-lycis-training-course\/\"]}]},{\"@type\":\"ImageObject\",\"inLanguage\":\"fr-FR\",\"@id\":\"https:\/\/dypall.com\/activity\/local-youth-councils-at-international-scale-lycis-training-course\/#primaryimage\",\"url\":\"\",\"contentUrl\":\"\"},{\"@type\":\"BreadcrumbList\",\"@id\":\"https:\/\/dypall.com\/activity\/local-youth-councils-at-international-scale-lycis-training-course\/#breadcrumb\",\"itemListElement\":[{\"@type\":\"ListItem\",\"position\":1,\"name\":\"Home\",\"item\":\"https:\/\/dypall.com\/\"},{\"@type\":\"ListItem\",\"position\":2,\"name\":\"\u201cBuilding Quality Local Youth Councils\u201d training course\"}]},{\"@type\":\"WebSite\",\"@id\":\"https:\/\/dypall.com\/#website\",\"url\":\"https:\/\/dypall.com\/\",\"name\":\"DYPALL Network\",\"description\":\"We are a European network of civil society organisations, municipalities and research institutions dedicated to improving democracy through youth participation.\",\"potentialAction\":[{\"@type\":\"SearchAction\",\"target\":{\"@type\":\"EntryPoint\",\"urlTemplate\":\"https:\/\/dypall.com\/?s={search_term_string}\"},\"query-input\":\"required name=search_term_string\"}],\"inLanguage\":\"fr-FR\"},{\"@type\":\"Person\",\"@id\":\"https:\/\/dypall.com\/#\/schema\/person\/206350efe851997fcdedef75d118766b\",\"name\":\"dypall\",\"image\":{\"@type\":\"ImageObject\",\"inLanguage\":\"fr-FR\",\"@id\":\"https:\/\/dypall.com\/#\/schema\/person\/image\/\",\"url\":\"https:\/\/secure.gravatar.com\/avatar\/14e8d3d8841cd0bdf69915120bcf9fcfac1567f1dc7035664907322ac47efe29?s=96&d=mm&r=g\",\"contentUrl\":\"https:\/\/secure.gravatar.com\/avatar\/14e8d3d8841cd0bdf69915120bcf9fcfac1567f1dc7035664907322ac47efe29?s=96&d=mm&r=g\",\"caption\":\"dypall\"},\"url\":\"https:\/\/dypall.com\/fr\/author\/dypall_info\/\"}]}<\/script>\n<!-- \/ Yoast SEO plugin. -->","yoast_head_json":{"title":"\u201cBuilding Quality Local Youth Councils\u201d training course - DYPALL Network","robots":{"index":"index","follow":"follow","max-snippet":"max-snippet:-1","max-image-preview":"max-image-preview:large","max-video-preview":"max-video-preview:-1"},"canonical":"https:\/\/dypall.com\/fr\/activity\/local-youth-councils-at-international-scale-lycis-training-course\/","og_locale":"fr_FR","og_type":"article","og_title":"\u201cBuilding Quality Local Youth Councils\u201d training course - DYPALL Network","og_description":"The International Training for Young Multipliers, \u201cBuilding Quality Local Youth Councils\u201d,\u00a0part of the \u201cLocal Youth Councils at International Scale\u201d (LYCIS) project, was held from 21st &#8211; 27th May 2023 in Maia, Portugal. The training aimed to explore tools and mechanisms that empower young people to engage in local decision-making processes by establishing or improving local&hellip; Poursuivre la lecture \u201cBuilding Quality Local Youth Councils\u201d training course","og_url":"https:\/\/dypall.com\/fr\/activity\/local-youth-councils-at-international-scale-lycis-training-course\/","og_site_name":"DYPALL Network","article_published_time":"2023-05-31T13:35:16+00:00","author":"dypall","twitter_card":"summary_large_image","twitter_misc":{"Written by":"dypall","Est. reading time":"2 minutes"},"schema":{"@context":"https:\/\/schema.org","@graph":[{"@type":"WebPage","@id":"https:\/\/dypall.com\/activity\/local-youth-councils-at-international-scale-lycis-training-course\/","url":"https:\/\/dypall.com\/activity\/local-youth-councils-at-international-scale-lycis-training-course\/","name":"\u201cBuilding Quality Local Youth Councils\u201d training course - DYPALL Network","isPartOf":{"@id":"https:\/\/dypall.com\/#website"},"primaryImageOfPage":{"@id":"https:\/\/dypall.com\/activity\/local-youth-councils-at-international-scale-lycis-training-course\/#primaryimage"},"image":{"@id":"https:\/\/dypall.com\/activity\/local-youth-councils-at-international-scale-lycis-training-course\/#primaryimage"},"thumbnailUrl":"","datePublished":"2023-05-31T13:35:16+00:00","dateModified":"2023-05-31T13:35:16+00:00","author":{"@id":"https:\/\/dypall.com\/#\/schema\/person\/206350efe851997fcdedef75d118766b"},"breadcrumb":{"@id":"https:\/\/dypall.com\/activity\/local-youth-councils-at-international-scale-lycis-training-course\/#breadcrumb"},"inLanguage":"fr-FR","potentialAction":[{"@type":"ReadAction","target":["https:\/\/dypall.com\/activity\/local-youth-councils-at-international-scale-lycis-training-course\/"]}]},{"@type":"ImageObject","inLanguage":"fr-FR","@id":"https:\/\/dypall.com\/activity\/local-youth-councils-at-international-scale-lycis-training-course\/#primaryimage","url":"","contentUrl":""},{"@type":"BreadcrumbList","@id":"https:\/\/dypall.com\/activity\/local-youth-councils-at-international-scale-lycis-training-course\/#breadcrumb","itemListElement":[{"@type":"ListItem","position":1,"name":"Home","item":"https:\/\/dypall.com\/"},{"@type":"ListItem","position":2,"name":"\u201cBuilding Quality Local Youth Councils\u201d training course"}]},{"@type":"WebSite","@id":"https:\/\/dypall.com\/#website","url":"https:\/\/dypall.com\/","name":"DYPALL Network","description":"We are a European network of civil society organisations, municipalities and research institutions dedicated to improving democracy through youth participation.","potentialAction":[{"@type":"SearchAction","target":{"@type":"EntryPoint","urlTemplate":"https:\/\/dypall.com\/?s={search_term_string}"},"query-input":"required name=search_term_string"}],"inLanguage":"fr-FR"},{"@type":"Person","@id":"https:\/\/dypall.com\/#\/schema\/person\/206350efe851997fcdedef75d118766b","name":"dypall","image":{"@type":"ImageObject","inLanguage":"fr-FR","@id":"https:\/\/dypall.com\/#\/schema\/person\/image\/","url":"https:\/\/secure.gravatar.com\/avatar\/14e8d3d8841cd0bdf69915120bcf9fcfac1567f1dc7035664907322ac47efe29?s=96&d=mm&r=g","contentUrl":"https:\/\/secure.gravatar.com\/avatar\/14e8d3d8841cd0bdf69915120bcf9fcfac1567f1dc7035664907322ac47efe29?s=96&d=mm&r=g","caption":"dypall"},"url":"https:\/\/dypall.com\/fr\/author\/dypall_info\/"}]}},"jetpack_featured_media_url":"","jetpack_sharing_enabled":true,"_links":{"self":[{"href":"https:\/\/dypall.com\/fr\/wp-json\/wp\/v2\/posts\/6452","targetHints":{"allow":["GET"]}}],"collection":[{"href":"https:\/\/dypall.com\/fr\/wp-json\/wp\/v2\/posts"}],"about":[{"href":"https:\/\/dypall.com\/fr\/wp-json\/wp\/v2\/types\/post"}],"author":[{"embeddable":true,"href":"https:\/\/dypall.com\/fr\/wp-json\/wp\/v2\/users\/2"}],"replies":[{"embeddable":true,"href":"https:\/\/dypall.com\/fr\/wp-json\/wp\/v2\/comments?post=6452"}],"version-history":[{"count":0,"href":"https:\/\/dypall.com\/fr\/wp-json\/wp\/v2\/posts\/6452\/revisions"}],"wp:featuredmedia":[{"embeddable":true,"href":"https:\/\/dypall.com\/fr\/wp-json\/"}],"wp:attachment":[{"href":"https:\/\/dypall.com\/fr\/wp-json\/wp\/v2\/media?parent=6452"}],"wp:term":[{"taxonomy":"category","embeddable":true,"href":"https:\/\/dypall.com\/fr\/wp-json\/wp\/v2\/categories?post=6452"},{"taxonomy":"post_tag","embeddable":true,"href":"https:\/\/dypall.com\/fr\/wp-json\/wp\/v2\/tags?post=6452"}],"curies":[{"name":"wp","href":"https:\/\/api.w.org\/{rel}","templated":true}]}}