{"id":6365,"date":"2023-04-14T17:12:47","date_gmt":"2023-04-14T16:12:47","guid":{"rendered":"https:\/\/dypall.com\/?p=6365"},"modified":"2023-04-14T17:12:47","modified_gmt":"2023-04-14T16:12:47","slug":"call-for-participants-tale-project-became-a-change-maker-for-the-european-election","status":"publish","type":"post","link":"https:\/\/dypall.com\/fr\/activity\/call-for-participants-tale-project-became-a-change-maker-for-the-european-election\/","title":{"rendered":"[APPEL \u00c0 PARTICIPANTS] PROJET DE VENTE \u2013 Devenu acteur du changement pour les \u00e9lections europ\u00e9ennes"},"content":{"rendered":"<p><a href=\"https:\/\/dypall.com\/fr\/2023\/04\/14\/call-for-participants-tale-project-became-a-change-maker-for-the-european-election\/tale-changemakers-call-1\/#main\" rel=\"attachment wp-att-6366\"><img loading=\"lazy\" decoding=\"async\" class=\"wp-image-6366 aligncenter\" src=\"https:\/\/dypall.com\/wp-content\/uploads\/2023\/04\/TALE-changemakers-call-1.png\" alt=\"\" width=\"742\" height=\"418\" \/><\/a><\/p>\n<p>&nbsp;<\/p>\n<p><span style=\"font-weight: 400;\">Nous vous invitons \u00e0 participer au projet TALE. <\/span><b>programme de renforcement des capacit\u00e9s, <\/b><span style=\"font-weight: 400;\">cofinanc\u00e9 par le Parlement europ\u00e9en. Le projet vise \u00e0 donner aux citoyens les moyens de <\/span><b>engager un plus grand nombre d'\u00e9lecteurs<\/b><span style=\"font-weight: 400;\">, r\u00e9duire l'\u00e9cart de participation \u00e9lectorale entre les diff\u00e9rents \u00c9tats membres de l'UE et encourager<\/span> <span style=\"font-weight: 400;\">leur permettre de jouer un r\u00f4le actif dans la <\/span><b>prochaines \u00e9lections l\u00e9gislatives europ\u00e9ennes en 2024<\/b><span style=\"font-weight: 400;\">.<\/span><\/p>\n<p><span style=\"font-weight: 400;\">L'objectif principal du projet TALE est de: <\/span><b>encourager et faciliter la participation active des citoyens europ\u00e9ens;<\/b><span style=\"font-weight: 400;\"> avec la construction d'une d\u00e9mocratie europ\u00e9enne dynamique, avec un accent particulier sur les jeunes \u00e9lecteurs.<\/span><\/p>\n<p>Vous trouverez plus d'informations dans le <a href=\"https:\/\/drive.google.com\/file\/d\/1s-jdE9wxA6VaNxVhxDBHda3VNhCRCnAg\/view\">appel aux participants.<\/a><\/p>\n<p><span style=\"font-weight: 400;\">Si vous \u00eates int\u00e9ress\u00e9, veuillez remplir le formulaire ci-dessous. <\/span><a href=\"https:\/\/forms.gle\/9Vhaym9Eay4D9Uo46\"><span style=\"font-weight: 400;\">formulaire<\/span><\/a><span style=\"font-weight: 400;\"> par <\/span><b>Vendredi 26 mai 2023 <\/b><span style=\"font-weight: 400;\">(23 h 59 HEC)<\/span><\/p>\n<p><strong>\u00c0 propos de l'activit\u00e9<\/strong><\/p>\n<p><span style=\"font-weight: 400;\">La formation en ligne sur le renforcement des capacit\u00e9s vise \u00e0 faire de l'avenir <\/span><b>les acteurs du changement<\/b><span style=\"font-weight: 400;\"> mieux conna\u00eetre et acqu\u00e9rir des outils de renforcement des capacit\u00e9s en mati\u00e8re d\u2019activisme politique, de cr\u00e9ation de campagnes de communication, d\u2019importance de l\u2019information et de citoyennet\u00e9 d\u00e9mocratique active. Une fois s\u00e9lectionn\u00e9, vous aurez \u00e9galement la possibilit\u00e9 de participer \u00e0 des campagnes en ligne et d'aider \u00e0 l'organisation d'\u00e9v\u00e9nements locaux.<\/span><\/p>\n<p>Les participants s\u00e9lectionn\u00e9s auront la chance de participer au <b>programme de renforcement des capacit\u00e9s,<\/b> qui comprendra trois webinaires en ligne ax\u00e9s sur les valeurs de l\u2019UE, les institutions, les \u00e9lections au Parlement europ\u00e9en et l\u2019importance de s\u2019appuyer sur des informations claires et transparentes.<\/p>\n<p>Le projet est d\u00e9velopp\u00e9 par un consortium de partenaires coordonn\u00e9 par <span class=\"xt0psk2\">ALDA \u2013 Association europ\u00e9enne pour la d\u00e9mocratie locale<\/span>, en collaboration avec <span class=\"xt0psk2\">Leader France<\/span> (France), <span class=\"xt0psk2\">Udruga ECHO<\/span> (Croatie), Foster Europe (Autriche), <span class=\"xt0psk2\">Association pour le d\u00e9veloppement du travail b\u00e9n\u00e9vole Novo mesto<\/span> (Slov\u00e9nie), UBBSLA (Bulgarie) et le r\u00e9seau DYPALL, fond\u00e9 par le Parlement europ\u00e9en.<\/p>\n<p>&nbsp;<\/p>\n<p style=\"text-align: center;\">","protected":false},"excerpt":{"rendered":"<p>&nbsp; Nous vous invitons \u00e0 participer au programme de renforcement des capacit\u00e9s du projet TALE, cofinanc\u00e9 par le Parlement europ\u00e9en. Le projet vise \u00e0 permettre aux citoyens d'engager un plus grand nombre d'\u00e9lecteurs, \u00e0 r\u00e9duire l'\u00e9cart de participation \u00e9lectorale entre les diff\u00e9rents \u00c9tats membres de l'UE et \u00e0 les encourager \u00e0 jouer un r\u00f4le actif dans les prochaines \u00e9lections. <a class=\"more-link\" href=\"https:\/\/dypall.com\/fr\/activity\/call-for-participants-tale-project-became-a-change-maker-for-the-european-election\/\">Poursuivre la lecture <span class=\"screen-reader-text\">[APPEL \u00c0 PARTICIPANTS] PROJET DE VENTE \u2013 Devenu acteur du changement pour les \u00e9lections europ\u00e9ennes<\/span><\/a><\/p>","protected":false},"author":2,"featured_media":6366,"comment_status":"closed","ping_status":"open","sticky":false,"template":"","format":"standard","meta":{"_acf_changed":false,"_jetpack_memberships_contains_paid_content":false,"footnotes":""},"categories":[111],"tags":[],"class_list":["post-6365","post","type-post","status-publish","format-standard","has-post-thumbnail","hentry","category-activity","entry"],"acf":[],"yoast_head":"<!-- This site is optimized with the Yoast SEO plugin v22.8 - https:\/\/yoast.com\/wordpress\/plugins\/seo\/ -->\n<title>[CALL FOR PARTICIPANTS] TALE PROJECT - Became a change maker for the European election - DYPALL Network<\/title>\n<meta name=\"robots\" content=\"index, follow, max-snippet:-1, max-image-preview:large, max-video-preview:-1\" \/>\n<link rel=\"canonical\" href=\"https:\/\/dypall.com\/fr\/activity\/call-for-participants-tale-project-became-a-change-maker-for-the-european-election\/\" \/>\n<meta property=\"og:locale\" content=\"fr_FR\" \/>\n<meta property=\"og:type\" content=\"article\" \/>\n<meta property=\"og:title\" content=\"[CALL FOR PARTICIPANTS] TALE PROJECT - Became a change maker for the European election - DYPALL Network\" \/>\n<meta property=\"og:description\" content=\"&nbsp; We would like to invite you to participate in the TALE project&#8217;s capacity-building programme, co-funded by the European Parliament. The project aims to empower citizens to engage a greater number of voters, reduce the gap of voter turnout among various EU member states and encourage them to play an active role in the next&hellip; Poursuivre la lecture [CALL FOR PARTICIPANTS] TALE PROJECT &#8211; Became a change maker for the European election\" \/>\n<meta property=\"og:url\" content=\"https:\/\/dypall.com\/fr\/activity\/call-for-participants-tale-project-became-a-change-maker-for-the-european-election\/\" \/>\n<meta property=\"og:site_name\" content=\"DYPALL Network\" \/>\n<meta property=\"article:published_time\" content=\"2023-04-14T16:12:47+00:00\" \/>\n<meta name=\"author\" content=\"dypall\" \/>\n<meta name=\"twitter:card\" content=\"summary_large_image\" \/>\n<meta name=\"twitter:label1\" content=\"Written by\" \/>\n\t<meta name=\"twitter:data1\" content=\"dypall\" \/>\n\t<meta name=\"twitter:label2\" content=\"Est. reading time\" \/>\n\t<meta name=\"twitter:data2\" content=\"1 minute\" \/>\n<script type=\"application\/ld+json\" class=\"yoast-schema-graph\">{\"@context\":\"https:\/\/schema.org\",\"@graph\":[{\"@type\":\"WebPage\",\"@id\":\"https:\/\/dypall.com\/activity\/call-for-participants-tale-project-became-a-change-maker-for-the-european-election\/\",\"url\":\"https:\/\/dypall.com\/activity\/call-for-participants-tale-project-became-a-change-maker-for-the-european-election\/\",\"name\":\"[CALL FOR PARTICIPANTS] TALE PROJECT - Became a change maker for the European election - DYPALL Network\",\"isPartOf\":{\"@id\":\"https:\/\/dypall.com\/#website\"},\"primaryImageOfPage\":{\"@id\":\"https:\/\/dypall.com\/activity\/call-for-participants-tale-project-became-a-change-maker-for-the-european-election\/#primaryimage\"},\"image\":{\"@id\":\"https:\/\/dypall.com\/activity\/call-for-participants-tale-project-became-a-change-maker-for-the-european-election\/#primaryimage\"},\"thumbnailUrl\":\"\",\"datePublished\":\"2023-04-14T16:12:47+00:00\",\"dateModified\":\"2023-04-14T16:12:47+00:00\",\"author\":{\"@id\":\"https:\/\/dypall.com\/#\/schema\/person\/206350efe851997fcdedef75d118766b\"},\"breadcrumb\":{\"@id\":\"https:\/\/dypall.com\/activity\/call-for-participants-tale-project-became-a-change-maker-for-the-european-election\/#breadcrumb\"},\"inLanguage\":\"fr-FR\",\"potentialAction\":[{\"@type\":\"ReadAction\",\"target\":[\"https:\/\/dypall.com\/activity\/call-for-participants-tale-project-became-a-change-maker-for-the-european-election\/\"]}]},{\"@type\":\"ImageObject\",\"inLanguage\":\"fr-FR\",\"@id\":\"https:\/\/dypall.com\/activity\/call-for-participants-tale-project-became-a-change-maker-for-the-european-election\/#primaryimage\",\"url\":\"\",\"contentUrl\":\"\"},{\"@type\":\"BreadcrumbList\",\"@id\":\"https:\/\/dypall.com\/activity\/call-for-participants-tale-project-became-a-change-maker-for-the-european-election\/#breadcrumb\",\"itemListElement\":[{\"@type\":\"ListItem\",\"position\":1,\"name\":\"Home\",\"item\":\"https:\/\/dypall.com\/\"},{\"@type\":\"ListItem\",\"position\":2,\"name\":\"[CALL FOR PARTICIPANTS] TALE PROJECT &#8211; Became a change maker for the European election\"}]},{\"@type\":\"WebSite\",\"@id\":\"https:\/\/dypall.com\/#website\",\"url\":\"https:\/\/dypall.com\/\",\"name\":\"DYPALL Network\",\"description\":\"We are a European network of civil society organisations, municipalities and research institutions dedicated to improving democracy through youth participation.\",\"potentialAction\":[{\"@type\":\"SearchAction\",\"target\":{\"@type\":\"EntryPoint\",\"urlTemplate\":\"https:\/\/dypall.com\/?s={search_term_string}\"},\"query-input\":\"required name=search_term_string\"}],\"inLanguage\":\"fr-FR\"},{\"@type\":\"Person\",\"@id\":\"https:\/\/dypall.com\/#\/schema\/person\/206350efe851997fcdedef75d118766b\",\"name\":\"dypall\",\"image\":{\"@type\":\"ImageObject\",\"inLanguage\":\"fr-FR\",\"@id\":\"https:\/\/dypall.com\/#\/schema\/person\/image\/\",\"url\":\"https:\/\/secure.gravatar.com\/avatar\/14e8d3d8841cd0bdf69915120bcf9fcfac1567f1dc7035664907322ac47efe29?s=96&d=mm&r=g\",\"contentUrl\":\"https:\/\/secure.gravatar.com\/avatar\/14e8d3d8841cd0bdf69915120bcf9fcfac1567f1dc7035664907322ac47efe29?s=96&d=mm&r=g\",\"caption\":\"dypall\"},\"url\":\"https:\/\/dypall.com\/fr\/author\/dypall_info\/\"}]}<\/script>\n<!-- \/ Yoast SEO plugin. -->","yoast_head_json":{"title":"[CALL FOR PARTICIPANTS] TALE PROJECT - Became a change maker for the European election - DYPALL Network","robots":{"index":"index","follow":"follow","max-snippet":"max-snippet:-1","max-image-preview":"max-image-preview:large","max-video-preview":"max-video-preview:-1"},"canonical":"https:\/\/dypall.com\/fr\/activity\/call-for-participants-tale-project-became-a-change-maker-for-the-european-election\/","og_locale":"fr_FR","og_type":"article","og_title":"[CALL FOR PARTICIPANTS] TALE PROJECT - Became a change maker for the European election - DYPALL Network","og_description":"&nbsp; We would like to invite you to participate in the TALE project&#8217;s capacity-building programme, co-funded by the European Parliament. The project aims to empower citizens to engage a greater number of voters, reduce the gap of voter turnout among various EU member states and encourage them to play an active role in the next&hellip; Poursuivre la lecture [CALL FOR PARTICIPANTS] TALE PROJECT &#8211; Became a change maker for the European election","og_url":"https:\/\/dypall.com\/fr\/activity\/call-for-participants-tale-project-became-a-change-maker-for-the-european-election\/","og_site_name":"DYPALL Network","article_published_time":"2023-04-14T16:12:47+00:00","author":"dypall","twitter_card":"summary_large_image","twitter_misc":{"Written by":"dypall","Est. reading time":"1 minute"},"schema":{"@context":"https:\/\/schema.org","@graph":[{"@type":"WebPage","@id":"https:\/\/dypall.com\/activity\/call-for-participants-tale-project-became-a-change-maker-for-the-european-election\/","url":"https:\/\/dypall.com\/activity\/call-for-participants-tale-project-became-a-change-maker-for-the-european-election\/","name":"[CALL FOR PARTICIPANTS] TALE PROJECT - Became a change maker for the European election - DYPALL Network","isPartOf":{"@id":"https:\/\/dypall.com\/#website"},"primaryImageOfPage":{"@id":"https:\/\/dypall.com\/activity\/call-for-participants-tale-project-became-a-change-maker-for-the-european-election\/#primaryimage"},"image":{"@id":"https:\/\/dypall.com\/activity\/call-for-participants-tale-project-became-a-change-maker-for-the-european-election\/#primaryimage"},"thumbnailUrl":"","datePublished":"2023-04-14T16:12:47+00:00","dateModified":"2023-04-14T16:12:47+00:00","author":{"@id":"https:\/\/dypall.com\/#\/schema\/person\/206350efe851997fcdedef75d118766b"},"breadcrumb":{"@id":"https:\/\/dypall.com\/activity\/call-for-participants-tale-project-became-a-change-maker-for-the-european-election\/#breadcrumb"},"inLanguage":"fr-FR","potentialAction":[{"@type":"ReadAction","target":["https:\/\/dypall.com\/activity\/call-for-participants-tale-project-became-a-change-maker-for-the-european-election\/"]}]},{"@type":"ImageObject","inLanguage":"fr-FR","@id":"https:\/\/dypall.com\/activity\/call-for-participants-tale-project-became-a-change-maker-for-the-european-election\/#primaryimage","url":"","contentUrl":""},{"@type":"BreadcrumbList","@id":"https:\/\/dypall.com\/activity\/call-for-participants-tale-project-became-a-change-maker-for-the-european-election\/#breadcrumb","itemListElement":[{"@type":"ListItem","position":1,"name":"Home","item":"https:\/\/dypall.com\/"},{"@type":"ListItem","position":2,"name":"[CALL FOR PARTICIPANTS] TALE PROJECT &#8211; Became a change maker for the European election"}]},{"@type":"WebSite","@id":"https:\/\/dypall.com\/#website","url":"https:\/\/dypall.com\/","name":"DYPALL Network","description":"We are a European network of civil society organisations, municipalities and research institutions dedicated to improving democracy through youth participation.","potentialAction":[{"@type":"SearchAction","target":{"@type":"EntryPoint","urlTemplate":"https:\/\/dypall.com\/?s={search_term_string}"},"query-input":"required name=search_term_string"}],"inLanguage":"fr-FR"},{"@type":"Person","@id":"https:\/\/dypall.com\/#\/schema\/person\/206350efe851997fcdedef75d118766b","name":"dypall","image":{"@type":"ImageObject","inLanguage":"fr-FR","@id":"https:\/\/dypall.com\/#\/schema\/person\/image\/","url":"https:\/\/secure.gravatar.com\/avatar\/14e8d3d8841cd0bdf69915120bcf9fcfac1567f1dc7035664907322ac47efe29?s=96&d=mm&r=g","contentUrl":"https:\/\/secure.gravatar.com\/avatar\/14e8d3d8841cd0bdf69915120bcf9fcfac1567f1dc7035664907322ac47efe29?s=96&d=mm&r=g","caption":"dypall"},"url":"https:\/\/dypall.com\/fr\/author\/dypall_info\/"}]}},"jetpack_featured_media_url":"","jetpack_sharing_enabled":true,"_links":{"self":[{"href":"https:\/\/dypall.com\/fr\/wp-json\/wp\/v2\/posts\/6365","targetHints":{"allow":["GET"]}}],"collection":[{"href":"https:\/\/dypall.com\/fr\/wp-json\/wp\/v2\/posts"}],"about":[{"href":"https:\/\/dypall.com\/fr\/wp-json\/wp\/v2\/types\/post"}],"author":[{"embeddable":true,"href":"https:\/\/dypall.com\/fr\/wp-json\/wp\/v2\/users\/2"}],"replies":[{"embeddable":true,"href":"https:\/\/dypall.com\/fr\/wp-json\/wp\/v2\/comments?post=6365"}],"version-history":[{"count":0,"href":"https:\/\/dypall.com\/fr\/wp-json\/wp\/v2\/posts\/6365\/revisions"}],"wp:featuredmedia":[{"embeddable":true,"href":"https:\/\/dypall.com\/fr\/wp-json\/"}],"wp:attachment":[{"href":"https:\/\/dypall.com\/fr\/wp-json\/wp\/v2\/media?parent=6365"}],"wp:term":[{"taxonomy":"category","embeddable":true,"href":"https:\/\/dypall.com\/fr\/wp-json\/wp\/v2\/categories?post=6365"},{"taxonomy":"post_tag","embeddable":true,"href":"https:\/\/dypall.com\/fr\/wp-json\/wp\/v2\/tags?post=6365"}],"curies":[{"name":"wp","href":"https:\/\/api.w.org\/{rel}","templated":true}]}}