{"id":6290,"date":"2023-03-02T12:20:32","date_gmt":"2023-03-02T12:20:32","guid":{"rendered":"https:\/\/dypall.com\/?p=6290"},"modified":"2023-03-02T12:20:32","modified_gmt":"2023-03-02T12:20:32","slug":"training-course-on-essentials-of-non-formal-education","status":"publish","type":"post","link":"https:\/\/dypall.com\/fr\/activity\/training-course-on-essentials-of-non-formal-education\/","title":{"rendered":"Cours de formation sur les \u00e9l\u00e9ments essentiels de l'\u00e9ducation non formelle"},"content":{"rendered":"<p>Antea, membre de notre \u00e9quipe, a assist\u00e9 \u00e0 la <strong>Cours de formation sur les \u00e9l\u00e9ments essentiels de l'\u00e9ducation non formelle<\/strong> du 6 au 11 f\u00e9vrier au Centre europ\u00e9en de la jeunesse de Strasbourg en pr\u00e9paration de la prochaine session d\u2019\u00e9tude du r\u00e9seau DYPALL <strong>Acad\u00e9mie de la D\u00e9mocratie de la Jeunesse<\/strong> en octobre 2023.<\/p>\n<p>Au cours du cours de formation, 35 jeunes de diff\u00e9rentes organisations ont eu l'occasion d'explorer les normes, les m\u00e9thodologies, les m\u00e9thodes et les outils du Conseil de l'Europe (CdE) pour l'apprentissage non formel et de devenir un facilitateur.<\/p>\n<div>\n<div>Le cours de formation s'est concentr\u00e9 sur la compr\u00e9hension des principes de l'\u00e9ducation non formelle, y compris le cycle d'apprentissage exp\u00e9rientiel. Le programme s'est ensuite concentr\u00e9 sur le flux organisationnel de l'organisation d'une session d'\u00e9tude ou d'une activit\u00e9 soutenue par la Fondation europ\u00e9enne pour la jeunesse. Enfin, la formation relie diff\u00e9rents sujets sur lesquels les participants travaillaient aux priorit\u00e9s du d\u00e9partement de la jeunesse et quels outils et manuels existants peuvent soutenir leur mise en \u0153uvre, tels que Compass et Compasito d\u00e9velopp\u00e9s par le Conseil de l\u2019Europe pour travailler avec les jeunes.<\/div>\n<div><\/div>\n<\/div>\n<p>&nbsp;<\/p>\n<div><\/div>\n<div><a href=\"https:\/\/dypall.com\/fr\/2023\/03\/02\/training-course-on-essentials-of-non-formal-education\/whatsapp-image-2023-03-02-at-10-54-38\/#main\" rel=\"attachment wp-att-6296\"><img loading=\"lazy\" decoding=\"async\" class=\"alignnone size-full wp-image-6296\" src=\"https:\/\/dypall.com\/wp-content\/uploads\/2023\/03\/WhatsApp-Image-2023-03-02-at-10.54.38.jpeg\" alt=\"\" width=\"1600\" height=\"1066\" \/><\/a><\/div>\n<div><\/div>\n<p>&nbsp;<\/p>\n<div><\/div>\n<div><a href=\"https:\/\/dypall.com\/fr\/2023\/03\/02\/training-course-on-essentials-of-non-formal-education\/whatsapp-image-2023-03-02-at-10-54-38-1\/#main\" rel=\"attachment wp-att-6295\"><img loading=\"lazy\" decoding=\"async\" class=\"alignnone size-full wp-image-6295\" src=\"https:\/\/dypall.com\/wp-content\/uploads\/2023\/03\/WhatsApp-Image-2023-03-02-at-10.54.38-1.jpeg\" alt=\"\" width=\"1600\" height=\"1066\" \/><\/a><\/div>\n<div><\/div>\n<p>&nbsp;<\/p>\n<div><\/div>\n<div><a href=\"https:\/\/dypall.com\/fr\/2023\/03\/02\/training-course-on-essentials-of-non-formal-education\/whatsapp-image-2023-03-02-at-10-54-38-2\/#main\" rel=\"attachment wp-att-6294\"><img loading=\"lazy\" decoding=\"async\" class=\"alignnone size-full wp-image-6294\" src=\"https:\/\/dypall.com\/wp-content\/uploads\/2023\/03\/WhatsApp-Image-2023-03-02-at-10.54.38-2.jpeg\" alt=\"\" width=\"1600\" height=\"1066\" \/><\/a><\/div>\n<div><\/div>\n<p>&nbsp;<\/p>\n<div><\/div>\n<div><a href=\"https:\/\/dypall.com\/fr\/2023\/03\/02\/training-course-on-essentials-of-non-formal-education\/whatsapp-image-2023-02-28-at-17-09-03\/#main\" rel=\"attachment wp-att-6292\"><img loading=\"lazy\" decoding=\"async\" class=\"alignnone size-full wp-image-6292\" src=\"https:\/\/dypall.com\/wp-content\/uploads\/2023\/03\/WhatsApp-Image-2023-02-28-at-17.09.03.jpeg\" alt=\"\" width=\"2048\" height=\"1830\" \/><\/a><\/div>\n<div><\/div>\n<p>&nbsp;<\/p>\n<div><\/div>\n<div><a href=\"https:\/\/dypall.com\/fr\/2023\/03\/02\/training-course-on-essentials-of-non-formal-education\/whatsapp-image-2023-02-28-at-17-09-04\/#main\" rel=\"attachment wp-att-6291\"><img loading=\"lazy\" decoding=\"async\" class=\"alignnone size-full wp-image-6291\" src=\"https:\/\/dypall.com\/wp-content\/uploads\/2023\/03\/WhatsApp-Image-2023-02-28-at-17.09.04.jpeg\" alt=\"\" width=\"1537\" height=\"2048\" \/><\/a><\/div>\n<div><\/div>\n<p>&nbsp;<\/p>\n<div><\/div>\n<div><a href=\"https:\/\/dypall.com\/fr\/2023\/03\/02\/training-course-on-essentials-of-non-formal-education\/whatsapp-image-2023-03-02-at-10-54-38-3\/#main\" rel=\"attachment wp-att-6293\"><img loading=\"lazy\" decoding=\"async\" class=\"alignnone size-full wp-image-6293\" src=\"https:\/\/dypall.com\/wp-content\/uploads\/2023\/03\/WhatsApp-Image-2023-03-02-at-10.54.38-3.jpeg\" alt=\"\" width=\"1600\" height=\"1066\" \/><\/a><\/div>\n<div><\/div>\n<div><\/div>","protected":false},"excerpt":{"rendered":"<p>Antea, membre de notre \u00e9quipe, a particip\u00e9 au cours de formation sur les \u00e9l\u00e9ments essentiels de l\u2019\u00e9ducation non formelle du 6 au 11 f\u00e9vrier au Centre europ\u00e9en de la jeunesse de Strasbourg en pr\u00e9paration de la prochaine session d\u2019\u00e9tude du r\u00e9seau DYPALL Youth Democracy Academy en octobre 2023. Au cours de la formation, 35 jeunes de diff\u00e9rentes organisations ont eu l'occasion d'explorer les normes, les m\u00e9thodologies,... <a class=\"more-link\" href=\"https:\/\/dypall.com\/fr\/activity\/training-course-on-essentials-of-non-formal-education\/\">Poursuivre la lecture <span class=\"screen-reader-text\">Cours de formation sur les \u00e9l\u00e9ments essentiels de l'\u00e9ducation non formelle<\/span><\/a><\/p>","protected":false},"author":1,"featured_media":6293,"comment_status":"closed","ping_status":"open","sticky":false,"template":"","format":"standard","meta":{"_acf_changed":false,"_jetpack_memberships_contains_paid_content":false,"footnotes":""},"categories":[111,141],"tags":[],"class_list":["post-6290","post","type-post","status-publish","format-standard","has-post-thumbnail","hentry","category-activity","category-training-course","entry"],"acf":[],"yoast_head":"<!-- This site is optimized with the Yoast SEO plugin v22.8 - https:\/\/yoast.com\/wordpress\/plugins\/seo\/ -->\n<title>Training course on Essentials of Non-Formal Education - DYPALL Network<\/title>\n<meta name=\"robots\" content=\"index, follow, max-snippet:-1, max-image-preview:large, max-video-preview:-1\" \/>\n<link rel=\"canonical\" href=\"https:\/\/dypall.com\/fr\/activity\/training-course-on-essentials-of-non-formal-education\/\" \/>\n<meta property=\"og:locale\" content=\"fr_FR\" \/>\n<meta property=\"og:type\" content=\"article\" \/>\n<meta property=\"og:title\" content=\"Training course on Essentials of Non-Formal Education - DYPALL Network\" \/>\n<meta property=\"og:description\" content=\"Our team member Antea attended the Training course on Essentials of Non-Formal Education from 6th &#8211; 11th February in European Youth Centre Strasbourg as preparation for DYPALL Network&#8217;s upcoming Study session Youth Democracy Academy in October 2023. During the Training course, 35 young people from different organisations had a chance to explore the standards, methodologies,&hellip; Poursuivre la lecture Training course on Essentials of Non-Formal Education\" \/>\n<meta property=\"og:url\" content=\"https:\/\/dypall.com\/fr\/activity\/training-course-on-essentials-of-non-formal-education\/\" \/>\n<meta property=\"og:site_name\" content=\"DYPALL Network\" \/>\n<meta property=\"article:published_time\" content=\"2023-03-02T12:20:32+00:00\" \/>\n<meta name=\"author\" content=\"DYPALL Network\" \/>\n<meta name=\"twitter:card\" content=\"summary_large_image\" \/>\n<meta name=\"twitter:label1\" content=\"Written by\" \/>\n\t<meta name=\"twitter:data1\" content=\"DYPALL Network\" \/>\n\t<meta name=\"twitter:label2\" content=\"Est. reading time\" \/>\n\t<meta name=\"twitter:data2\" content=\"1 minute\" \/>\n<script type=\"application\/ld+json\" class=\"yoast-schema-graph\">{\"@context\":\"https:\/\/schema.org\",\"@graph\":[{\"@type\":\"WebPage\",\"@id\":\"https:\/\/dypall.com\/activity\/training-course-on-essentials-of-non-formal-education\/\",\"url\":\"https:\/\/dypall.com\/activity\/training-course-on-essentials-of-non-formal-education\/\",\"name\":\"Training course on Essentials of Non-Formal Education - DYPALL Network\",\"isPartOf\":{\"@id\":\"https:\/\/dypall.com\/#website\"},\"primaryImageOfPage\":{\"@id\":\"https:\/\/dypall.com\/activity\/training-course-on-essentials-of-non-formal-education\/#primaryimage\"},\"image\":{\"@id\":\"https:\/\/dypall.com\/activity\/training-course-on-essentials-of-non-formal-education\/#primaryimage\"},\"thumbnailUrl\":\"\",\"datePublished\":\"2023-03-02T12:20:32+00:00\",\"dateModified\":\"2023-03-02T12:20:32+00:00\",\"author\":{\"@id\":\"https:\/\/dypall.com\/#\/schema\/person\/f92e08aa15c8ba711a9d153129f03377\"},\"breadcrumb\":{\"@id\":\"https:\/\/dypall.com\/activity\/training-course-on-essentials-of-non-formal-education\/#breadcrumb\"},\"inLanguage\":\"fr-FR\",\"potentialAction\":[{\"@type\":\"ReadAction\",\"target\":[\"https:\/\/dypall.com\/activity\/training-course-on-essentials-of-non-formal-education\/\"]}]},{\"@type\":\"ImageObject\",\"inLanguage\":\"fr-FR\",\"@id\":\"https:\/\/dypall.com\/activity\/training-course-on-essentials-of-non-formal-education\/#primaryimage\",\"url\":\"\",\"contentUrl\":\"\"},{\"@type\":\"BreadcrumbList\",\"@id\":\"https:\/\/dypall.com\/activity\/training-course-on-essentials-of-non-formal-education\/#breadcrumb\",\"itemListElement\":[{\"@type\":\"ListItem\",\"position\":1,\"name\":\"Home\",\"item\":\"https:\/\/dypall.com\/\"},{\"@type\":\"ListItem\",\"position\":2,\"name\":\"Training course on Essentials of Non-Formal Education\"}]},{\"@type\":\"WebSite\",\"@id\":\"https:\/\/dypall.com\/#website\",\"url\":\"https:\/\/dypall.com\/\",\"name\":\"DYPALL Network\",\"description\":\"We are a European network of civil society organisations, municipalities and research institutions dedicated to improving democracy through youth participation.\",\"potentialAction\":[{\"@type\":\"SearchAction\",\"target\":{\"@type\":\"EntryPoint\",\"urlTemplate\":\"https:\/\/dypall.com\/?s={search_term_string}\"},\"query-input\":\"required name=search_term_string\"}],\"inLanguage\":\"fr-FR\"},{\"@type\":\"Person\",\"@id\":\"https:\/\/dypall.com\/#\/schema\/person\/f92e08aa15c8ba711a9d153129f03377\",\"name\":\"DYPALL Network\",\"image\":{\"@type\":\"ImageObject\",\"inLanguage\":\"fr-FR\",\"@id\":\"https:\/\/dypall.com\/#\/schema\/person\/image\/\",\"url\":\"https:\/\/secure.gravatar.com\/avatar\/9c39e299279800c6d69c5e02cf613e7bab060889f373052a03d7ac399e8f0d3c?s=96&d=mm&r=g\",\"contentUrl\":\"https:\/\/secure.gravatar.com\/avatar\/9c39e299279800c6d69c5e02cf613e7bab060889f373052a03d7ac399e8f0d3c?s=96&d=mm&r=g\",\"caption\":\"DYPALL Network\"},\"sameAs\":[\"https:\/\/dypall.com\"],\"url\":\"https:\/\/dypall.com\/fr\/author\/dypall\/\"}]}<\/script>\n<!-- \/ Yoast SEO plugin. -->","yoast_head_json":{"title":"Training course on Essentials of Non-Formal Education - DYPALL Network","robots":{"index":"index","follow":"follow","max-snippet":"max-snippet:-1","max-image-preview":"max-image-preview:large","max-video-preview":"max-video-preview:-1"},"canonical":"https:\/\/dypall.com\/fr\/activity\/training-course-on-essentials-of-non-formal-education\/","og_locale":"fr_FR","og_type":"article","og_title":"Training course on Essentials of Non-Formal Education - DYPALL Network","og_description":"Our team member Antea attended the Training course on Essentials of Non-Formal Education from 6th &#8211; 11th February in European Youth Centre Strasbourg as preparation for DYPALL Network&#8217;s upcoming Study session Youth Democracy Academy in October 2023. During the Training course, 35 young people from different organisations had a chance to explore the standards, methodologies,&hellip; Poursuivre la lecture Training course on Essentials of Non-Formal Education","og_url":"https:\/\/dypall.com\/fr\/activity\/training-course-on-essentials-of-non-formal-education\/","og_site_name":"DYPALL Network","article_published_time":"2023-03-02T12:20:32+00:00","author":"DYPALL Network","twitter_card":"summary_large_image","twitter_misc":{"Written by":"DYPALL Network","Est. reading time":"1 minute"},"schema":{"@context":"https:\/\/schema.org","@graph":[{"@type":"WebPage","@id":"https:\/\/dypall.com\/activity\/training-course-on-essentials-of-non-formal-education\/","url":"https:\/\/dypall.com\/activity\/training-course-on-essentials-of-non-formal-education\/","name":"Training course on Essentials of Non-Formal Education - DYPALL Network","isPartOf":{"@id":"https:\/\/dypall.com\/#website"},"primaryImageOfPage":{"@id":"https:\/\/dypall.com\/activity\/training-course-on-essentials-of-non-formal-education\/#primaryimage"},"image":{"@id":"https:\/\/dypall.com\/activity\/training-course-on-essentials-of-non-formal-education\/#primaryimage"},"thumbnailUrl":"","datePublished":"2023-03-02T12:20:32+00:00","dateModified":"2023-03-02T12:20:32+00:00","author":{"@id":"https:\/\/dypall.com\/#\/schema\/person\/f92e08aa15c8ba711a9d153129f03377"},"breadcrumb":{"@id":"https:\/\/dypall.com\/activity\/training-course-on-essentials-of-non-formal-education\/#breadcrumb"},"inLanguage":"fr-FR","potentialAction":[{"@type":"ReadAction","target":["https:\/\/dypall.com\/activity\/training-course-on-essentials-of-non-formal-education\/"]}]},{"@type":"ImageObject","inLanguage":"fr-FR","@id":"https:\/\/dypall.com\/activity\/training-course-on-essentials-of-non-formal-education\/#primaryimage","url":"","contentUrl":""},{"@type":"BreadcrumbList","@id":"https:\/\/dypall.com\/activity\/training-course-on-essentials-of-non-formal-education\/#breadcrumb","itemListElement":[{"@type":"ListItem","position":1,"name":"Home","item":"https:\/\/dypall.com\/"},{"@type":"ListItem","position":2,"name":"Training course on Essentials of Non-Formal Education"}]},{"@type":"WebSite","@id":"https:\/\/dypall.com\/#website","url":"https:\/\/dypall.com\/","name":"DYPALL Network","description":"We are a European network of civil society organisations, municipalities and research institutions dedicated to improving democracy through youth participation.","potentialAction":[{"@type":"SearchAction","target":{"@type":"EntryPoint","urlTemplate":"https:\/\/dypall.com\/?s={search_term_string}"},"query-input":"required name=search_term_string"}],"inLanguage":"fr-FR"},{"@type":"Person","@id":"https:\/\/dypall.com\/#\/schema\/person\/f92e08aa15c8ba711a9d153129f03377","name":"DYPALL Network","image":{"@type":"ImageObject","inLanguage":"fr-FR","@id":"https:\/\/dypall.com\/#\/schema\/person\/image\/","url":"https:\/\/secure.gravatar.com\/avatar\/9c39e299279800c6d69c5e02cf613e7bab060889f373052a03d7ac399e8f0d3c?s=96&d=mm&r=g","contentUrl":"https:\/\/secure.gravatar.com\/avatar\/9c39e299279800c6d69c5e02cf613e7bab060889f373052a03d7ac399e8f0d3c?s=96&d=mm&r=g","caption":"DYPALL Network"},"sameAs":["https:\/\/dypall.com"],"url":"https:\/\/dypall.com\/fr\/author\/dypall\/"}]}},"jetpack_featured_media_url":"","jetpack_sharing_enabled":true,"_links":{"self":[{"href":"https:\/\/dypall.com\/fr\/wp-json\/wp\/v2\/posts\/6290","targetHints":{"allow":["GET"]}}],"collection":[{"href":"https:\/\/dypall.com\/fr\/wp-json\/wp\/v2\/posts"}],"about":[{"href":"https:\/\/dypall.com\/fr\/wp-json\/wp\/v2\/types\/post"}],"author":[{"embeddable":true,"href":"https:\/\/dypall.com\/fr\/wp-json\/wp\/v2\/users\/1"}],"replies":[{"embeddable":true,"href":"https:\/\/dypall.com\/fr\/wp-json\/wp\/v2\/comments?post=6290"}],"version-history":[{"count":0,"href":"https:\/\/dypall.com\/fr\/wp-json\/wp\/v2\/posts\/6290\/revisions"}],"wp:featuredmedia":[{"embeddable":true,"href":"https:\/\/dypall.com\/fr\/wp-json\/"}],"wp:attachment":[{"href":"https:\/\/dypall.com\/fr\/wp-json\/wp\/v2\/media?parent=6290"}],"wp:term":[{"taxonomy":"category","embeddable":true,"href":"https:\/\/dypall.com\/fr\/wp-json\/wp\/v2\/categories?post=6290"},{"taxonomy":"post_tag","embeddable":true,"href":"https:\/\/dypall.com\/fr\/wp-json\/wp\/v2\/tags?post=6290"}],"curies":[{"name":"wp","href":"https:\/\/api.w.org\/{rel}","templated":true}]}}