{"id":6179,"date":"2022-12-07T17:17:35","date_gmt":"2022-12-07T17:17:35","guid":{"rendered":"https:\/\/dypall.com\/?p=6179"},"modified":"2022-12-07T17:17:35","modified_gmt":"2022-12-07T17:17:35","slug":"closing-conference-of-the-european-year-of-youth-2022-claim-the-future","status":"publish","type":"post","link":"https:\/\/dypall.com\/fr\/activity\/closing-conference-of-the-european-year-of-youth-2022-claim-the-future\/","title":{"rendered":"Conf\u00e9rence de cl\u00f4ture de l\u2019Ann\u00e9e europ\u00e9enne de la jeunesse 2022 \u00abDemandez l\u2019avenir\u00bb"},"content":{"rendered":"<p class=\"x11i5rnm xat24cr x1mh8g0r x1vvkbs xdj266r x126k92a\">La conf\u00e9rence de cl\u00f4ture de l\u2019Ann\u00e9e europ\u00e9enne de la jeunesse 2022 s\u2019est tenue les 5 et 6 d\u00e9cembre en Belgique, \u00e0 Bruxelles, sous le slogan \u00abDemandez l\u2019avenir\u00bb.<\/p>\n<p class=\"x11i5rnm xat24cr x1mh8g0r x1vvkbs xdj266r x126k92a\">Apr\u00e8s une ann\u00e9e remplie d\u2019activit\u00e9s, d\u2019\u00e9v\u00e9nements, d\u2019initiatives et de processus de qualit\u00e9 consacr\u00e9s aux jeunes, aux jeunes, aux repr\u00e9sentants d\u2019organisations de jeunesse, aux d\u00e9cideurs politiques et \u00e0 d\u2019autres parties prenantes concern\u00e9es, se sont r\u00e9unis pour r\u00e9sumer les r\u00e9sultats, r\u00e9fl\u00e9chir aux enseignements tir\u00e9s et mettre en \u00e9vidence les questions et les sujets cartographi\u00e9s dans le domaine de la jeunesse qui pr\u00e9sentent un int\u00e9r\u00eat particulier pour la future pr\u00e9sidence su\u00e9doise de l\u2019Union europ\u00e9enne.<\/p>\n<p>Pendant 12 mois, l\u2019Ann\u00e9e europ\u00e9enne de la jeunesse a plac\u00e9 la jeunesse au centre de l\u2019agenda de l\u2019Union europ\u00e9enne. Enfin, les revendications du mouvement populaire ont rencontr\u00e9 la volont\u00e9 politique d\u2019associer les jeunes aux processus d\u00e9cisionnels au sein d\u2019une communaut\u00e9 europ\u00e9enne plus verte, plus num\u00e9rique et plus inclusive. Les jeunes ont cocr\u00e9\u00e9 l'Ann\u00e9e europ\u00e9enne de la jeunesse, ce qui devrait se faire dans le cadre d'un processus participatif de qualit\u00e9.<\/p>\n<p>Toutefois, l\u2019ann\u00e9e 2022 se termine et la nouvelle \u00abAnn\u00e9e europ\u00e9enne des comp\u00e9tences\u00bb suit. Ce qui reste apr\u00e8s la fin de cette ann\u00e9e unique a \u00e9t\u00e9 l'un des principaux sujets de la conf\u00e9rence. Au cours de l\u2019ann\u00e9e \u00e0 venir, l\u2019h\u00e9ritage de l\u2019Ann\u00e9e europ\u00e9enne de la jeunesse restera visible gr\u00e2ce au cadre juridique \u00e9tabli au cours de l\u2019ann\u00e9e, tel que Youth Test, Youth Hub, Euroscola ou Youth Sounding Board. La volont\u00e9 politique et administrative de garder les jeunes proches des processus d\u00e9cisionnels au niveau europ\u00e9en a \u00e9t\u00e9 exprim\u00e9e par les fonctionnaires lors de la manifestation.<\/p>\n<p>Les responsables administratifs et les responsables politiques des organes de l\u2019Union europ\u00e9enne disent la m\u00eame chose: l\u2019Ann\u00e9e europ\u00e9enne de la jeunesse laisse un cadre concret pour associer les jeunes aux processus d\u00e9cisionnels, et les travaux dans ce cadre devraient et seront poursuivis. Ce qui se passe en r\u00e9alit\u00e9, c'est une question d'avenir.<\/p>\n<p>Jusqu\u2019\u00e0 la fin de 2023, la Commission pr\u00e9sentera un rapport sur la mise en \u0153uvre de l\u2019Ann\u00e9e europ\u00e9enne de la jeunesse 2022, qui inclura les id\u00e9es d\u2019\u00abefforts communs suppl\u00e9mentaires dans le domaine de la jeunesse pour consolider l\u2019h\u00e9ritage de l\u2019Ann\u00e9e\u00bb. Dans un an, nous r\u00e9fl\u00e9chirons \u00e0 nouveau \u00e0 ce qui a d\u00e9j\u00e0 \u00e9t\u00e9 oubli\u00e9 et aux processus qui sont maintenus pour une Union europ\u00e9enne plus adapt\u00e9e aux jeunes.<\/p>\n<p>Les repr\u00e9sentants du r\u00e9seau DYPALL ont particip\u00e9 \u00e0 cette activit\u00e9, dans le but d\u2019accro\u00eetre la capacit\u00e9 de sensibilisation des membres du r\u00e9seau DYPALL \u00e0 influencer l\u2019\u00e9laboration de la politique nationale et europ\u00e9enne de la jeunesse conform\u00e9ment \u00e0 l\u2019une des priorit\u00e9s strat\u00e9giques du r\u00e9seau DYPALL.<\/p>\n<p dir=\"auto\"><a href=\"https:\/\/dypall.com\/fr\/2022\/12\/12\/closing-conference-of-the-european-year-of-youth-2022-claim-the-future\/img_20221206_090122_5\/#main\" rel=\"attachment wp-att-6180\"><img loading=\"lazy\" decoding=\"async\" class=\"alignnone size-full wp-image-6180\" src=\"https:\/\/dypall.com\/wp-content\/uploads\/2022\/12\/IMG_20221206_090122_5.jpg\" alt=\"\" width=\"1560\" height=\"2080\" \/><\/a><\/p>\n<p dir=\"auto\"><a href=\"https:\/\/dypall.com\/fr\/2022\/12\/12\/closing-conference-of-the-european-year-of-youth-2022-claim-the-future\/img_20221206_090131_9\/#main\" rel=\"attachment wp-att-6181\"><img loading=\"lazy\" decoding=\"async\" class=\"alignnone size-full wp-image-6181\" src=\"https:\/\/dypall.com\/wp-content\/uploads\/2022\/12\/IMG_20221206_090131_9.jpg\" alt=\"\" width=\"1560\" height=\"2080\" \/><\/a><\/p>\n<p dir=\"auto\"><a href=\"https:\/\/dypall.com\/fr\/2022\/12\/12\/closing-conference-of-the-european-year-of-youth-2022-claim-the-future\/img_20221206_091828_3\/#main\" rel=\"attachment wp-att-6182\"><img loading=\"lazy\" decoding=\"async\" class=\"alignnone size-full wp-image-6182\" src=\"https:\/\/dypall.com\/wp-content\/uploads\/2022\/12\/IMG_20221206_091828_3.jpg\" alt=\"\" width=\"1560\" height=\"2080\" \/><\/a><\/p>\n<p dir=\"auto\"><a href=\"https:\/\/dypall.com\/fr\/2022\/12\/12\/closing-conference-of-the-european-year-of-youth-2022-claim-the-future\/img_20221206_103111_4\/#main\" rel=\"attachment wp-att-6183\"><img loading=\"lazy\" decoding=\"async\" class=\"alignnone size-full wp-image-6183\" src=\"https:\/\/dypall.com\/wp-content\/uploads\/2022\/12\/IMG_20221206_103111_4.jpg\" alt=\"\" width=\"1560\" height=\"2080\" \/><\/a><\/p>\n<p dir=\"auto\"><a href=\"https:\/\/dypall.com\/fr\/2022\/12\/12\/closing-conference-of-the-european-year-of-youth-2022-claim-the-future\/img_20221206_105756_53\/#main\" rel=\"attachment wp-att-6184\"><img loading=\"lazy\" decoding=\"async\" class=\"alignnone size-full wp-image-6184\" src=\"https:\/\/dypall.com\/wp-content\/uploads\/2022\/12\/IMG_20221206_105756_53.jpg\" alt=\"\" width=\"1560\" height=\"2080\" \/><\/a><\/p>\n<p dir=\"auto\"><a href=\"https:\/\/dypall.com\/fr\/2022\/12\/12\/closing-conference-of-the-european-year-of-youth-2022-claim-the-future\/img_20221206_113824_2\/#main\" rel=\"attachment wp-att-6185\"><img loading=\"lazy\" decoding=\"async\" class=\"alignnone size-full wp-image-6185\" src=\"https:\/\/dypall.com\/wp-content\/uploads\/2022\/12\/IMG_20221206_113824_2.jpg\" alt=\"\" width=\"2080\" height=\"1560\" \/><\/a> <a href=\"https:\/\/dypall.com\/fr\/2022\/12\/12\/closing-conference-of-the-european-year-of-youth-2022-claim-the-future\/img_20221206_142009_9\/#main\" rel=\"attachment wp-att-6186\"><img loading=\"lazy\" decoding=\"async\" class=\"alignnone size-full wp-image-6186\" src=\"https:\/\/dypall.com\/wp-content\/uploads\/2022\/12\/IMG_20221206_142009_9.jpg\" alt=\"\" width=\"2080\" height=\"1560\" \/><\/a><\/p>\n<p dir=\"auto\">\\ <a href=\"https:\/\/dypall.com\/fr\/2022\/12\/12\/closing-conference-of-the-european-year-of-youth-2022-claim-the-future\/img_20221206_151709_2\/#main\" rel=\"attachment wp-att-6188\"><img loading=\"lazy\" decoding=\"async\" class=\"alignnone size-full wp-image-6188\" src=\"https:\/\/dypall.com\/wp-content\/uploads\/2022\/12\/IMG_20221206_151709_2.jpg\" alt=\"\" width=\"2080\" height=\"1560\" \/><\/a><\/p>","protected":false},"excerpt":{"rendered":"<p>La conf\u00e9rence de cl\u00f4ture de l\u2019Ann\u00e9e europ\u00e9enne de la jeunesse 2022 s\u2019est tenue les 5 et 6 d\u00e9cembre en Belgique, \u00e0 Bruxelles, sous le slogan \u00abDemandez l\u2019avenir\u00bb. Apr\u00e8s une ann\u00e9e remplie d\u2019activit\u00e9s, d\u2019\u00e9v\u00e9nements, d\u2019initiatives et de processus de qualit\u00e9 consacr\u00e9s \u00e0 la jeunesse, aux jeunes, aux repr\u00e9sentants d\u2019organisations de jeunesse, aux d\u00e9cideurs politiques et \u00e0 d\u2019autres parties prenantes... <a class=\"more-link\" href=\"https:\/\/dypall.com\/fr\/activity\/closing-conference-of-the-european-year-of-youth-2022-claim-the-future\/\">Poursuivre la lecture <span class=\"screen-reader-text\">Conf\u00e9rence de cl\u00f4ture de l\u2019Ann\u00e9e europ\u00e9enne de la jeunesse 2022 \u00abDemandez l\u2019avenir\u00bb<\/span><\/a><\/p>","protected":false},"author":1,"featured_media":6184,"comment_status":"closed","ping_status":"open","sticky":false,"template":"","format":"standard","meta":{"_acf_changed":false,"_jetpack_memberships_contains_paid_content":false,"footnotes":""},"categories":[111,112],"tags":[],"class_list":["post-6179","post","type-post","status-publish","format-standard","has-post-thumbnail","hentry","category-activity","category-conference","entry"],"acf":[],"yoast_head":"<!-- This site is optimized with the Yoast SEO plugin v22.8 - https:\/\/yoast.com\/wordpress\/plugins\/seo\/ -->\n<title>Closing Conference of the European Year of Youth 2022 \u201cClaim the future\u201d - DYPALL Network<\/title>\n<meta name=\"robots\" content=\"index, follow, max-snippet:-1, max-image-preview:large, max-video-preview:-1\" \/>\n<link rel=\"canonical\" href=\"https:\/\/dypall.com\/fr\/activity\/closing-conference-of-the-european-year-of-youth-2022-claim-the-future\/\" \/>\n<meta property=\"og:locale\" content=\"fr_FR\" \/>\n<meta property=\"og:type\" content=\"article\" \/>\n<meta property=\"og:title\" content=\"Closing Conference of the European Year of Youth 2022 \u201cClaim the future\u201d - DYPALL Network\" \/>\n<meta property=\"og:description\" content=\"The Closing Conference of the European Year of Youth 2022 occurred 5th-6th December in Belgium, Brussels, under the slogan \u201cClaim the future.\u201d After a year full of activities, events, quality initiatives and processes dedicated to youth, young people, representatives of youth organisations, policy-makers, and other relevant stakeholders gathered to summarise the outcomes, reflect on the&hellip; Poursuivre la lecture Closing Conference of the European Year of Youth 2022 \u201cClaim the future\u201d\" \/>\n<meta property=\"og:url\" content=\"https:\/\/dypall.com\/fr\/activity\/closing-conference-of-the-european-year-of-youth-2022-claim-the-future\/\" \/>\n<meta property=\"og:site_name\" content=\"DYPALL Network\" \/>\n<meta property=\"article:published_time\" content=\"2022-12-07T17:17:35+00:00\" \/>\n<meta name=\"author\" content=\"DYPALL Network\" \/>\n<meta name=\"twitter:card\" content=\"summary_large_image\" \/>\n<meta name=\"twitter:label1\" content=\"Written by\" \/>\n\t<meta name=\"twitter:data1\" content=\"DYPALL Network\" \/>\n\t<meta name=\"twitter:label2\" content=\"Est. reading time\" \/>\n\t<meta name=\"twitter:data2\" content=\"2 minutes\" \/>\n<script type=\"application\/ld+json\" class=\"yoast-schema-graph\">{\"@context\":\"https:\/\/schema.org\",\"@graph\":[{\"@type\":\"WebPage\",\"@id\":\"https:\/\/dypall.com\/activity\/closing-conference-of-the-european-year-of-youth-2022-claim-the-future\/\",\"url\":\"https:\/\/dypall.com\/activity\/closing-conference-of-the-european-year-of-youth-2022-claim-the-future\/\",\"name\":\"Closing Conference of the European Year of Youth 2022 \u201cClaim the future\u201d - DYPALL Network\",\"isPartOf\":{\"@id\":\"https:\/\/dypall.com\/#website\"},\"primaryImageOfPage\":{\"@id\":\"https:\/\/dypall.com\/activity\/closing-conference-of-the-european-year-of-youth-2022-claim-the-future\/#primaryimage\"},\"image\":{\"@id\":\"https:\/\/dypall.com\/activity\/closing-conference-of-the-european-year-of-youth-2022-claim-the-future\/#primaryimage\"},\"thumbnailUrl\":\"\",\"datePublished\":\"2022-12-07T17:17:35+00:00\",\"dateModified\":\"2022-12-07T17:17:35+00:00\",\"author\":{\"@id\":\"https:\/\/dypall.com\/#\/schema\/person\/f92e08aa15c8ba711a9d153129f03377\"},\"breadcrumb\":{\"@id\":\"https:\/\/dypall.com\/activity\/closing-conference-of-the-european-year-of-youth-2022-claim-the-future\/#breadcrumb\"},\"inLanguage\":\"fr-FR\",\"potentialAction\":[{\"@type\":\"ReadAction\",\"target\":[\"https:\/\/dypall.com\/activity\/closing-conference-of-the-european-year-of-youth-2022-claim-the-future\/\"]}]},{\"@type\":\"ImageObject\",\"inLanguage\":\"fr-FR\",\"@id\":\"https:\/\/dypall.com\/activity\/closing-conference-of-the-european-year-of-youth-2022-claim-the-future\/#primaryimage\",\"url\":\"\",\"contentUrl\":\"\"},{\"@type\":\"BreadcrumbList\",\"@id\":\"https:\/\/dypall.com\/activity\/closing-conference-of-the-european-year-of-youth-2022-claim-the-future\/#breadcrumb\",\"itemListElement\":[{\"@type\":\"ListItem\",\"position\":1,\"name\":\"Home\",\"item\":\"https:\/\/dypall.com\/\"},{\"@type\":\"ListItem\",\"position\":2,\"name\":\"Closing Conference of the European Year of Youth 2022 \u201cClaim the future\u201d\"}]},{\"@type\":\"WebSite\",\"@id\":\"https:\/\/dypall.com\/#website\",\"url\":\"https:\/\/dypall.com\/\",\"name\":\"DYPALL Network\",\"description\":\"We are a European network of civil society organisations, municipalities and research institutions dedicated to improving democracy through youth participation.\",\"potentialAction\":[{\"@type\":\"SearchAction\",\"target\":{\"@type\":\"EntryPoint\",\"urlTemplate\":\"https:\/\/dypall.com\/?s={search_term_string}\"},\"query-input\":\"required name=search_term_string\"}],\"inLanguage\":\"fr-FR\"},{\"@type\":\"Person\",\"@id\":\"https:\/\/dypall.com\/#\/schema\/person\/f92e08aa15c8ba711a9d153129f03377\",\"name\":\"DYPALL Network\",\"image\":{\"@type\":\"ImageObject\",\"inLanguage\":\"fr-FR\",\"@id\":\"https:\/\/dypall.com\/#\/schema\/person\/image\/\",\"url\":\"https:\/\/secure.gravatar.com\/avatar\/9c39e299279800c6d69c5e02cf613e7bab060889f373052a03d7ac399e8f0d3c?s=96&d=mm&r=g\",\"contentUrl\":\"https:\/\/secure.gravatar.com\/avatar\/9c39e299279800c6d69c5e02cf613e7bab060889f373052a03d7ac399e8f0d3c?s=96&d=mm&r=g\",\"caption\":\"DYPALL Network\"},\"sameAs\":[\"https:\/\/dypall.com\"],\"url\":\"https:\/\/dypall.com\/fr\/author\/dypall\/\"}]}<\/script>\n<!-- \/ Yoast SEO plugin. -->","yoast_head_json":{"title":"Closing Conference of the European Year of Youth 2022 \u201cClaim the future\u201d - DYPALL Network","robots":{"index":"index","follow":"follow","max-snippet":"max-snippet:-1","max-image-preview":"max-image-preview:large","max-video-preview":"max-video-preview:-1"},"canonical":"https:\/\/dypall.com\/fr\/activity\/closing-conference-of-the-european-year-of-youth-2022-claim-the-future\/","og_locale":"fr_FR","og_type":"article","og_title":"Closing Conference of the European Year of Youth 2022 \u201cClaim the future\u201d - DYPALL Network","og_description":"The Closing Conference of the European Year of Youth 2022 occurred 5th-6th December in Belgium, Brussels, under the slogan \u201cClaim the future.\u201d After a year full of activities, events, quality initiatives and processes dedicated to youth, young people, representatives of youth organisations, policy-makers, and other relevant stakeholders gathered to summarise the outcomes, reflect on the&hellip; Poursuivre la lecture Closing Conference of the European Year of Youth 2022 \u201cClaim the future\u201d","og_url":"https:\/\/dypall.com\/fr\/activity\/closing-conference-of-the-european-year-of-youth-2022-claim-the-future\/","og_site_name":"DYPALL Network","article_published_time":"2022-12-07T17:17:35+00:00","author":"DYPALL Network","twitter_card":"summary_large_image","twitter_misc":{"Written by":"DYPALL Network","Est. reading time":"2 minutes"},"schema":{"@context":"https:\/\/schema.org","@graph":[{"@type":"WebPage","@id":"https:\/\/dypall.com\/activity\/closing-conference-of-the-european-year-of-youth-2022-claim-the-future\/","url":"https:\/\/dypall.com\/activity\/closing-conference-of-the-european-year-of-youth-2022-claim-the-future\/","name":"Closing Conference of the European Year of Youth 2022 \u201cClaim the future\u201d - DYPALL Network","isPartOf":{"@id":"https:\/\/dypall.com\/#website"},"primaryImageOfPage":{"@id":"https:\/\/dypall.com\/activity\/closing-conference-of-the-european-year-of-youth-2022-claim-the-future\/#primaryimage"},"image":{"@id":"https:\/\/dypall.com\/activity\/closing-conference-of-the-european-year-of-youth-2022-claim-the-future\/#primaryimage"},"thumbnailUrl":"","datePublished":"2022-12-07T17:17:35+00:00","dateModified":"2022-12-07T17:17:35+00:00","author":{"@id":"https:\/\/dypall.com\/#\/schema\/person\/f92e08aa15c8ba711a9d153129f03377"},"breadcrumb":{"@id":"https:\/\/dypall.com\/activity\/closing-conference-of-the-european-year-of-youth-2022-claim-the-future\/#breadcrumb"},"inLanguage":"fr-FR","potentialAction":[{"@type":"ReadAction","target":["https:\/\/dypall.com\/activity\/closing-conference-of-the-european-year-of-youth-2022-claim-the-future\/"]}]},{"@type":"ImageObject","inLanguage":"fr-FR","@id":"https:\/\/dypall.com\/activity\/closing-conference-of-the-european-year-of-youth-2022-claim-the-future\/#primaryimage","url":"","contentUrl":""},{"@type":"BreadcrumbList","@id":"https:\/\/dypall.com\/activity\/closing-conference-of-the-european-year-of-youth-2022-claim-the-future\/#breadcrumb","itemListElement":[{"@type":"ListItem","position":1,"name":"Home","item":"https:\/\/dypall.com\/"},{"@type":"ListItem","position":2,"name":"Closing Conference of the European Year of Youth 2022 \u201cClaim the future\u201d"}]},{"@type":"WebSite","@id":"https:\/\/dypall.com\/#website","url":"https:\/\/dypall.com\/","name":"DYPALL Network","description":"We are a European network of civil society organisations, municipalities and research institutions dedicated to improving democracy through youth participation.","potentialAction":[{"@type":"SearchAction","target":{"@type":"EntryPoint","urlTemplate":"https:\/\/dypall.com\/?s={search_term_string}"},"query-input":"required name=search_term_string"}],"inLanguage":"fr-FR"},{"@type":"Person","@id":"https:\/\/dypall.com\/#\/schema\/person\/f92e08aa15c8ba711a9d153129f03377","name":"DYPALL Network","image":{"@type":"ImageObject","inLanguage":"fr-FR","@id":"https:\/\/dypall.com\/#\/schema\/person\/image\/","url":"https:\/\/secure.gravatar.com\/avatar\/9c39e299279800c6d69c5e02cf613e7bab060889f373052a03d7ac399e8f0d3c?s=96&d=mm&r=g","contentUrl":"https:\/\/secure.gravatar.com\/avatar\/9c39e299279800c6d69c5e02cf613e7bab060889f373052a03d7ac399e8f0d3c?s=96&d=mm&r=g","caption":"DYPALL Network"},"sameAs":["https:\/\/dypall.com"],"url":"https:\/\/dypall.com\/fr\/author\/dypall\/"}]}},"jetpack_featured_media_url":"","jetpack_sharing_enabled":true,"_links":{"self":[{"href":"https:\/\/dypall.com\/fr\/wp-json\/wp\/v2\/posts\/6179","targetHints":{"allow":["GET"]}}],"collection":[{"href":"https:\/\/dypall.com\/fr\/wp-json\/wp\/v2\/posts"}],"about":[{"href":"https:\/\/dypall.com\/fr\/wp-json\/wp\/v2\/types\/post"}],"author":[{"embeddable":true,"href":"https:\/\/dypall.com\/fr\/wp-json\/wp\/v2\/users\/1"}],"replies":[{"embeddable":true,"href":"https:\/\/dypall.com\/fr\/wp-json\/wp\/v2\/comments?post=6179"}],"version-history":[{"count":0,"href":"https:\/\/dypall.com\/fr\/wp-json\/wp\/v2\/posts\/6179\/revisions"}],"wp:featuredmedia":[{"embeddable":true,"href":"https:\/\/dypall.com\/fr\/wp-json\/"}],"wp:attachment":[{"href":"https:\/\/dypall.com\/fr\/wp-json\/wp\/v2\/media?parent=6179"}],"wp:term":[{"taxonomy":"category","embeddable":true,"href":"https:\/\/dypall.com\/fr\/wp-json\/wp\/v2\/categories?post=6179"},{"taxonomy":"post_tag","embeddable":true,"href":"https:\/\/dypall.com\/fr\/wp-json\/wp\/v2\/tags?post=6179"}],"curies":[{"name":"wp","href":"https:\/\/api.w.org\/{rel}","templated":true}]}}