{"id":6167,"date":"2022-12-12T16:24:07","date_gmt":"2022-12-12T16:24:07","guid":{"rendered":"https:\/\/dypall.com\/?p=6167"},"modified":"2022-12-12T16:24:07","modified_gmt":"2022-12-12T16:24:07","slug":"dypall-network-europeans-steering-group-meeting-and-assembly-of-members","status":"publish","type":"post","link":"https:\/\/dypall.com\/fr\/activity\/dypall-network-europeans-steering-group-meeting-and-assembly-of-members\/","title":{"rendered":"R\u00e9union du groupe de pilotage du r\u00e9seau DYPALL et assembl\u00e9e des membres"},"content":{"rendered":"<p><span style=\"font-weight: 400;\">R\u00e9seau DYPALL<strong>\u00a0R\u00e9union du groupe de pilotage<\/strong> et <strong>Assembl\u00e9e des membres<\/strong> a eu lieu du 20 au 24 novembre 2022 \u00e0 Vila Nova de Gaia, au Portugal. Les deux \u00e9v\u00e9nements ont permis aux membres de mieux se conna\u00eetre et de mieux conna\u00eetre l'expertise qu'ils apportent au R\u00e9seau.<\/span><\/p>\n<p><span style=\"font-weight: 400;\">Au cours de la <strong>R\u00e9union du groupe de pilotage<\/strong>, qui s'est tenue le 21<\/span><span style=\"font-weight: 400;\">st<\/span><span style=\"font-weight: 400;\"> En novembre, les membres ont contribu\u00e9 au plan strat\u00e9gique et d\u2019action pour 2023-2025, alors que nous discutions des d\u00e9fis actuels du r\u00e9seau et de la mani\u00e8re de les relever. De plus, nos membres ont offert leur soutien pour contribuer aux diff\u00e9rentes opportunit\u00e9s du R\u00e9seau et \u00e0 nos nouveaux domaines de programme: D\u00e9mocratie des jeunes, Villes d'accueil et Nouvelles formes de participation.\u00a0<\/span><\/p>\n<p><span style=\"font-weight: 400;\">Au cours de notre r\u00e9union, les membres du groupe de pilotage pr\u00e9paraient les groupes de travail th\u00e9matiques pour l'Assembl\u00e9e des membres, qui s'est tenue le 22 novembre au m\u00eame endroit, sur le th\u00e8me du changement climatique, de l'inclusion et de la participation, et du soutien aux membres afin de recueillir les contributions d'autres membres pour am\u00e9liorer le d\u00e9veloppement du r\u00e9seau.<\/span><\/p>\n<p><span style=\"font-weight: 400;\">Le <strong>Assembl\u00e9e des membres<\/strong> a permis aux membres de notre r\u00e9seau de se r\u00e9unir pour examiner les r\u00e9sultats des principales activit\u00e9s mises en \u0153uvre au cours de l\u2019ann\u00e9e et pr\u00e9senter le plan d\u2019activit\u00e9s pour 2023. Notre r\u00e9union a favoris\u00e9 des espaces de qualit\u00e9 pour le r\u00e9seautage entre nos membres afin d'identifier d'\u00e9ventuelles opportunit\u00e9s de collaboration futures en termes de d\u00e9veloppement de projets de coop\u00e9ration et de partenariats.\u00a0<\/span><\/p>\n<p><span style=\"font-weight: 400;\">Le 23 novembre, les membres se sont joints \u00e0 la visite d'\u00e9tude <em><strong>\u00abStimuler la participation des jeunes au niveau local 3\u00bb<\/strong><\/em>, ce qui a apport\u00e9 une valeur ajout\u00e9e \u00e0 l\u2019\u00e9v\u00e9nement puisque les membres ont pu apprendre \u00e0 conna\u00eetre les d\u00e9fis de la participation des jeunes dans les zones rurales du nord du Portugal.<\/span><\/p>\n<p>Les \u00e9v\u00e9nements ont \u00e9t\u00e9 organis\u00e9s par le r\u00e9seau DYPALL avec le soutien de\u00a0<i><a href=\"https:\/\/www.cm-gaia.pt\/pt\/cidade\/juventude\/gabinete-de-juventude\/\"><span style=\"font-weight: 400;\">Vila Nova de Gaia municipalit\u00e9<\/span><\/a><\/i>\u00a0et financ\u00e9 par la bourse Erasmus+ de coop\u00e9ration de la soci\u00e9t\u00e9 civile dans les domaines de la jeunesse, de l\u2019\u00e9ducation et de la formation.<\/p>\n<p><a href=\"https:\/\/dypall.com\/fr\/2022\/12\/12\/dypall-network-europeans-steering-group-meeting-and-assembly-of-members\/steering-group-meeting\/#main\" rel=\"attachment wp-att-6173\"><img loading=\"lazy\" decoding=\"async\" class=\"alignnone size-full wp-image-6173\" src=\"https:\/\/dypall.com\/wp-content\/uploads\/2022\/12\/Steering-group-meeting.jpeg\" alt=\"\" width=\"2048\" height=\"1235\" \/><\/a><\/p>\n<p><a href=\"https:\/\/dypall.com\/fr\/2022\/12\/12\/dypall-network-europeans-steering-group-meeting-and-assembly-of-members\/4-22\/#main\" rel=\"attachment wp-att-6172\"><img loading=\"lazy\" decoding=\"async\" class=\"alignnone size-full wp-image-6172\" src=\"https:\/\/dypall.com\/wp-content\/uploads\/2022\/12\/4.jpg\" alt=\"\" width=\"1600\" height=\"1200\" \/><\/a><\/p>\n<p><a href=\"https:\/\/dypall.com\/fr\/2022\/12\/12\/dypall-network-europeans-steering-group-meeting-and-assembly-of-members\/3-25\/#main\" rel=\"attachment wp-att-6171\"><img loading=\"lazy\" decoding=\"async\" class=\"alignnone size-full wp-image-6171\" src=\"https:\/\/dypall.com\/wp-content\/uploads\/2022\/12\/3.jpg\" alt=\"\" width=\"2000\" height=\"1500\" \/><\/a><\/p>\n<p><a href=\"https:\/\/dypall.com\/fr\/2022\/12\/12\/dypall-network-europeans-steering-group-meeting-and-assembly-of-members\/5-17\/#main\" rel=\"attachment wp-att-6170\"><img loading=\"lazy\" decoding=\"async\" class=\"alignnone size-full wp-image-6170\" src=\"https:\/\/dypall.com\/wp-content\/uploads\/2022\/12\/5.jpg\" alt=\"\" width=\"2000\" height=\"1500\" \/><\/a><\/p>\n<p><a href=\"https:\/\/dypall.com\/fr\/2022\/12\/12\/dypall-network-europeans-steering-group-meeting-and-assembly-of-members\/2-29\/#main\" rel=\"attachment wp-att-6169\"><img loading=\"lazy\" decoding=\"async\" class=\"alignnone size-full wp-image-6169\" src=\"https:\/\/dypall.com\/wp-content\/uploads\/2022\/12\/2.jpg\" alt=\"\" width=\"1600\" height=\"1200\" \/><\/a><\/p>\n<p><a href=\"https:\/\/dypall.com\/fr\/2022\/12\/12\/dypall-network-europeans-steering-group-meeting-and-assembly-of-members\/1-27\/#main\" rel=\"attachment wp-att-6168\"><img loading=\"lazy\" decoding=\"async\" class=\"alignnone size-full wp-image-6168\" src=\"https:\/\/dypall.com\/wp-content\/uploads\/2022\/12\/1.jpg\" alt=\"\" width=\"1527\" height=\"1600\" \/><\/a><\/p>","protected":false},"excerpt":{"rendered":"<p>La r\u00e9union du groupe de pilotage du r\u00e9seau DYPALL et l\u2019assembl\u00e9e des membres ont eu lieu du 20 au 24 novembre 2022 \u00e0 Vila Nova de Gaia, au Portugal. Les deux \u00e9v\u00e9nements ont permis aux membres de mieux se conna\u00eetre et de mieux conna\u00eetre l'expertise qu'ils apportent au R\u00e9seau. Lors de la r\u00e9union du groupe de pilotage, qui s'est tenue le 21 novembre, les membres ont... <a class=\"more-link\" href=\"https:\/\/dypall.com\/fr\/activity\/dypall-network-europeans-steering-group-meeting-and-assembly-of-members\/\">Poursuivre la lecture <span class=\"screen-reader-text\">R\u00e9union du groupe de pilotage du r\u00e9seau DYPALL et assembl\u00e9e des membres<\/span><\/a><\/p>","protected":false},"author":2,"featured_media":6173,"comment_status":"closed","ping_status":"open","sticky":false,"template":"","format":"standard","meta":{"_acf_changed":false,"_jetpack_memberships_contains_paid_content":false,"footnotes":""},"categories":[111],"tags":[],"class_list":["post-6167","post","type-post","status-publish","format-standard","has-post-thumbnail","hentry","category-activity","entry"],"acf":[],"yoast_head":"<!-- This site is optimized with the Yoast SEO plugin v22.8 - https:\/\/yoast.com\/wordpress\/plugins\/seo\/ -->\n<title>DYPALL Network Steering group meeting and Assembly of members - DYPALL Network<\/title>\n<meta name=\"robots\" content=\"index, follow, max-snippet:-1, max-image-preview:large, max-video-preview:-1\" \/>\n<link rel=\"canonical\" href=\"https:\/\/dypall.com\/fr\/activity\/dypall-network-europeans-steering-group-meeting-and-assembly-of-members\/\" \/>\n<meta property=\"og:locale\" content=\"fr_FR\" \/>\n<meta property=\"og:type\" content=\"article\" \/>\n<meta property=\"og:title\" content=\"DYPALL Network Steering group meeting and Assembly of members - DYPALL Network\" \/>\n<meta property=\"og:description\" content=\"DYPALL Network\u00a0Steering group meeting and Assembly of Members took place from 20th to 24th November 2022 in Vila Nova de Gaia, Portugal. Both events allowed members to get to know each other better and the expertise they are bringing to the Network. During the Steering group meeting, which was held on 21st November, members contributed&hellip; Poursuivre la lecture DYPALL Network Steering group meeting and Assembly of members\" \/>\n<meta property=\"og:url\" content=\"https:\/\/dypall.com\/fr\/activity\/dypall-network-europeans-steering-group-meeting-and-assembly-of-members\/\" \/>\n<meta property=\"og:site_name\" content=\"DYPALL Network\" \/>\n<meta property=\"article:published_time\" content=\"2022-12-12T16:24:07+00:00\" \/>\n<meta name=\"author\" content=\"dypall\" \/>\n<meta name=\"twitter:card\" content=\"summary_large_image\" \/>\n<meta name=\"twitter:label1\" content=\"Written by\" \/>\n\t<meta name=\"twitter:data1\" content=\"dypall\" \/>\n\t<meta name=\"twitter:label2\" content=\"Est. reading time\" \/>\n\t<meta name=\"twitter:data2\" content=\"1 minute\" \/>\n<script type=\"application\/ld+json\" class=\"yoast-schema-graph\">{\"@context\":\"https:\/\/schema.org\",\"@graph\":[{\"@type\":\"WebPage\",\"@id\":\"https:\/\/dypall.com\/activity\/dypall-network-europeans-steering-group-meeting-and-assembly-of-members\/\",\"url\":\"https:\/\/dypall.com\/activity\/dypall-network-europeans-steering-group-meeting-and-assembly-of-members\/\",\"name\":\"DYPALL Network Steering group meeting and Assembly of members - DYPALL Network\",\"isPartOf\":{\"@id\":\"https:\/\/dypall.com\/#website\"},\"primaryImageOfPage\":{\"@id\":\"https:\/\/dypall.com\/activity\/dypall-network-europeans-steering-group-meeting-and-assembly-of-members\/#primaryimage\"},\"image\":{\"@id\":\"https:\/\/dypall.com\/activity\/dypall-network-europeans-steering-group-meeting-and-assembly-of-members\/#primaryimage\"},\"thumbnailUrl\":\"\",\"datePublished\":\"2022-12-12T16:24:07+00:00\",\"dateModified\":\"2022-12-12T16:24:07+00:00\",\"author\":{\"@id\":\"https:\/\/dypall.com\/#\/schema\/person\/206350efe851997fcdedef75d118766b\"},\"breadcrumb\":{\"@id\":\"https:\/\/dypall.com\/activity\/dypall-network-europeans-steering-group-meeting-and-assembly-of-members\/#breadcrumb\"},\"inLanguage\":\"fr-FR\",\"potentialAction\":[{\"@type\":\"ReadAction\",\"target\":[\"https:\/\/dypall.com\/activity\/dypall-network-europeans-steering-group-meeting-and-assembly-of-members\/\"]}]},{\"@type\":\"ImageObject\",\"inLanguage\":\"fr-FR\",\"@id\":\"https:\/\/dypall.com\/activity\/dypall-network-europeans-steering-group-meeting-and-assembly-of-members\/#primaryimage\",\"url\":\"\",\"contentUrl\":\"\"},{\"@type\":\"BreadcrumbList\",\"@id\":\"https:\/\/dypall.com\/activity\/dypall-network-europeans-steering-group-meeting-and-assembly-of-members\/#breadcrumb\",\"itemListElement\":[{\"@type\":\"ListItem\",\"position\":1,\"name\":\"Home\",\"item\":\"https:\/\/dypall.com\/\"},{\"@type\":\"ListItem\",\"position\":2,\"name\":\"DYPALL Network Steering group meeting and Assembly of members\"}]},{\"@type\":\"WebSite\",\"@id\":\"https:\/\/dypall.com\/#website\",\"url\":\"https:\/\/dypall.com\/\",\"name\":\"DYPALL Network\",\"description\":\"We are a European network of civil society organisations, municipalities and research institutions dedicated to improving democracy through youth participation.\",\"potentialAction\":[{\"@type\":\"SearchAction\",\"target\":{\"@type\":\"EntryPoint\",\"urlTemplate\":\"https:\/\/dypall.com\/?s={search_term_string}\"},\"query-input\":\"required name=search_term_string\"}],\"inLanguage\":\"fr-FR\"},{\"@type\":\"Person\",\"@id\":\"https:\/\/dypall.com\/#\/schema\/person\/206350efe851997fcdedef75d118766b\",\"name\":\"dypall\",\"image\":{\"@type\":\"ImageObject\",\"inLanguage\":\"fr-FR\",\"@id\":\"https:\/\/dypall.com\/#\/schema\/person\/image\/\",\"url\":\"https:\/\/secure.gravatar.com\/avatar\/14e8d3d8841cd0bdf69915120bcf9fcfac1567f1dc7035664907322ac47efe29?s=96&d=mm&r=g\",\"contentUrl\":\"https:\/\/secure.gravatar.com\/avatar\/14e8d3d8841cd0bdf69915120bcf9fcfac1567f1dc7035664907322ac47efe29?s=96&d=mm&r=g\",\"caption\":\"dypall\"},\"url\":\"https:\/\/dypall.com\/fr\/author\/dypall_info\/\"}]}<\/script>\n<!-- \/ Yoast SEO plugin. -->","yoast_head_json":{"title":"DYPALL Network Steering group meeting and Assembly of members - DYPALL Network","robots":{"index":"index","follow":"follow","max-snippet":"max-snippet:-1","max-image-preview":"max-image-preview:large","max-video-preview":"max-video-preview:-1"},"canonical":"https:\/\/dypall.com\/fr\/activity\/dypall-network-europeans-steering-group-meeting-and-assembly-of-members\/","og_locale":"fr_FR","og_type":"article","og_title":"DYPALL Network Steering group meeting and Assembly of members - DYPALL Network","og_description":"DYPALL Network\u00a0Steering group meeting and Assembly of Members took place from 20th to 24th November 2022 in Vila Nova de Gaia, Portugal. Both events allowed members to get to know each other better and the expertise they are bringing to the Network. During the Steering group meeting, which was held on 21st November, members contributed&hellip; Poursuivre la lecture DYPALL Network Steering group meeting and Assembly of members","og_url":"https:\/\/dypall.com\/fr\/activity\/dypall-network-europeans-steering-group-meeting-and-assembly-of-members\/","og_site_name":"DYPALL Network","article_published_time":"2022-12-12T16:24:07+00:00","author":"dypall","twitter_card":"summary_large_image","twitter_misc":{"Written by":"dypall","Est. reading time":"1 minute"},"schema":{"@context":"https:\/\/schema.org","@graph":[{"@type":"WebPage","@id":"https:\/\/dypall.com\/activity\/dypall-network-europeans-steering-group-meeting-and-assembly-of-members\/","url":"https:\/\/dypall.com\/activity\/dypall-network-europeans-steering-group-meeting-and-assembly-of-members\/","name":"DYPALL Network Steering group meeting and Assembly of members - DYPALL Network","isPartOf":{"@id":"https:\/\/dypall.com\/#website"},"primaryImageOfPage":{"@id":"https:\/\/dypall.com\/activity\/dypall-network-europeans-steering-group-meeting-and-assembly-of-members\/#primaryimage"},"image":{"@id":"https:\/\/dypall.com\/activity\/dypall-network-europeans-steering-group-meeting-and-assembly-of-members\/#primaryimage"},"thumbnailUrl":"","datePublished":"2022-12-12T16:24:07+00:00","dateModified":"2022-12-12T16:24:07+00:00","author":{"@id":"https:\/\/dypall.com\/#\/schema\/person\/206350efe851997fcdedef75d118766b"},"breadcrumb":{"@id":"https:\/\/dypall.com\/activity\/dypall-network-europeans-steering-group-meeting-and-assembly-of-members\/#breadcrumb"},"inLanguage":"fr-FR","potentialAction":[{"@type":"ReadAction","target":["https:\/\/dypall.com\/activity\/dypall-network-europeans-steering-group-meeting-and-assembly-of-members\/"]}]},{"@type":"ImageObject","inLanguage":"fr-FR","@id":"https:\/\/dypall.com\/activity\/dypall-network-europeans-steering-group-meeting-and-assembly-of-members\/#primaryimage","url":"","contentUrl":""},{"@type":"BreadcrumbList","@id":"https:\/\/dypall.com\/activity\/dypall-network-europeans-steering-group-meeting-and-assembly-of-members\/#breadcrumb","itemListElement":[{"@type":"ListItem","position":1,"name":"Home","item":"https:\/\/dypall.com\/"},{"@type":"ListItem","position":2,"name":"DYPALL Network Steering group meeting and Assembly of members"}]},{"@type":"WebSite","@id":"https:\/\/dypall.com\/#website","url":"https:\/\/dypall.com\/","name":"DYPALL Network","description":"We are a European network of civil society organisations, municipalities and research institutions dedicated to improving democracy through youth participation.","potentialAction":[{"@type":"SearchAction","target":{"@type":"EntryPoint","urlTemplate":"https:\/\/dypall.com\/?s={search_term_string}"},"query-input":"required name=search_term_string"}],"inLanguage":"fr-FR"},{"@type":"Person","@id":"https:\/\/dypall.com\/#\/schema\/person\/206350efe851997fcdedef75d118766b","name":"dypall","image":{"@type":"ImageObject","inLanguage":"fr-FR","@id":"https:\/\/dypall.com\/#\/schema\/person\/image\/","url":"https:\/\/secure.gravatar.com\/avatar\/14e8d3d8841cd0bdf69915120bcf9fcfac1567f1dc7035664907322ac47efe29?s=96&d=mm&r=g","contentUrl":"https:\/\/secure.gravatar.com\/avatar\/14e8d3d8841cd0bdf69915120bcf9fcfac1567f1dc7035664907322ac47efe29?s=96&d=mm&r=g","caption":"dypall"},"url":"https:\/\/dypall.com\/fr\/author\/dypall_info\/"}]}},"jetpack_featured_media_url":"","jetpack_sharing_enabled":true,"_links":{"self":[{"href":"https:\/\/dypall.com\/fr\/wp-json\/wp\/v2\/posts\/6167","targetHints":{"allow":["GET"]}}],"collection":[{"href":"https:\/\/dypall.com\/fr\/wp-json\/wp\/v2\/posts"}],"about":[{"href":"https:\/\/dypall.com\/fr\/wp-json\/wp\/v2\/types\/post"}],"author":[{"embeddable":true,"href":"https:\/\/dypall.com\/fr\/wp-json\/wp\/v2\/users\/2"}],"replies":[{"embeddable":true,"href":"https:\/\/dypall.com\/fr\/wp-json\/wp\/v2\/comments?post=6167"}],"version-history":[{"count":0,"href":"https:\/\/dypall.com\/fr\/wp-json\/wp\/v2\/posts\/6167\/revisions"}],"wp:featuredmedia":[{"embeddable":true,"href":"https:\/\/dypall.com\/fr\/wp-json\/"}],"wp:attachment":[{"href":"https:\/\/dypall.com\/fr\/wp-json\/wp\/v2\/media?parent=6167"}],"wp:term":[{"taxonomy":"category","embeddable":true,"href":"https:\/\/dypall.com\/fr\/wp-json\/wp\/v2\/categories?post=6167"},{"taxonomy":"post_tag","embeddable":true,"href":"https:\/\/dypall.com\/fr\/wp-json\/wp\/v2\/tags?post=6167"}],"curies":[{"name":"wp","href":"https:\/\/api.w.org\/{rel}","templated":true}]}}