{"id":6138,"date":"2022-11-27T17:27:14","date_gmt":"2022-11-27T17:27:14","guid":{"rendered":"https:\/\/dypall.com\/?p=6138"},"modified":"2022-11-27T17:27:14","modified_gmt":"2022-11-27T17:27:14","slug":"integration-policies-at-local-level-training-course","status":"publish","type":"post","link":"https:\/\/dypall.com\/fr\/activity\/integration-policies-at-local-level-training-course\/","title":{"rendered":"Cours de formation \u00abPolitiques d\u2019int\u00e9gration au niveau local\u00bb"},"content":{"rendered":"<div class=\"x11i5rnm xat24cr x1mh8g0r x1vvkbs xtlvy1s x126k92a\">\n<div dir=\"auto\">\n<p>Formation \u00ab<em><strong>Politiques d'int\u00e9gration au niveau local<\/strong><\/em>\u00ab a eu lieu du 20 au 26 novembre \u00e0 Bilbao, en Espagne, et a \u00e9t\u00e9 accueillie par Novisi Elkartea avec le soutien du r\u00e9seau DYPALL. Il a r\u00e9uni des fonctionnaires municipaux, des jeunes et des travailleurs sociaux, ainsi que de jeunes militants du Portugal, de Su\u00e8de, d'Espagne et de Gr\u00e8ce afin de s'informer sur les politiques, les strat\u00e9gies et les bonnes pratiques en mati\u00e8re d'int\u00e9gration des jeunes migrants au niveau local. Pendant 5 jours intenses, 14 participants de 4 pays europ\u00e9ens ont tent\u00e9 de r\u00e9pondre collectivement \u00e0 la question:<em>Comment construire des politiques d'int\u00e9gration locales efficaces pour les jeunes migrants?<\/em>&#8221;<\/p>\n<\/div>\n<p><em>Pendant<\/em> la formation, les participants:<\/p>\n<ul>\n<li>analys\u00e9 les r\u00e9sultats de la recherche mise en \u0153uvre dans le cadre #Projet MigrantYouthFriendlyCities<\/li>\n<li>En savoir plus sur les pratiques favorables aux jeunes migrants du conseil municipal de Bilbao<\/li>\n<li>visit\u00e9 diff\u00e9rents espaces de participation des jeunes migrants, tels que African Coworking Space KOOP dans le quartier de San Francisco<\/li>\n<li>id\u00e9e d\u2019un processus de mise en \u0153uvre pratique des pratiques d\u2019int\u00e9gration des jeunes migrants au niveau local<\/li>\n<li>sont convenus d\u2019un ensemble de domaines d\u2019action et ont \u00e9labor\u00e9 des indicateurs connexes d\u00e9crivant les politiques favorables aux jeunes migrants;<\/li>\n<\/ul>\n<div dir=\"auto\">La formation \u00e9tait bas\u00e9e sur les r\u00e9sultats de la recherche sur les mod\u00e8les et les strat\u00e9gies d\u2019int\u00e9gration des jeunes migrants au niveau local mis en \u0153uvre dans le cadre de la premi\u00e8re phase du projet \u00abVilles amies des jeunes migrants\u00bb au d\u00e9but de cette ann\u00e9e.\u00a0 Les r\u00e9sultats de la formation compl\u00e9teront la recherche sur les politiques et strat\u00e9gies d'int\u00e9gration, qui sera bient\u00f4t publi\u00e9e dans le cadre du #Projet MigrantYouthFriendlyCities.<\/div>\n<\/div>\n<div class=\"x11i5rnm xat24cr x1mh8g0r x1vvkbs xtlvy1s x126k92a\">\n<div dir=\"auto\">\n<div class=\"x11i5rnm xat24cr x1mh8g0r x1vvkbs xtlvy1s x126k92a\">\n<div dir=\"auto\"><\/div>\n<\/div>\n<\/div>\n<\/div>\n<div dir=\"auto\">Le projet est men\u00e9 par\u00a0<strong>R\u00e9seau DYPALL<\/strong> (Portugal), en coop\u00e9ration avec <a href=\"http:\/\/www.irtea.gr\/?lang=en\">Institut de recherche &amp; Formation aux affaires europ\u00e9ennes<\/a> (Gr\u00e8ce), le <a href=\"https:\/\/l.facebook.com\/l.php?u=http%3A%2F%2Ffyli.gr%2F%3Ffbclid%3DIwAR1Y-J57krIaCnH9IgsgSNfx96k8b4aPYXez8FelP0D6KJHBoF3vaiIbV4s&amp;h=AT1ttWllo6TZo6zGgzuMJ4dlpxdp01d_s5sBTJUUIVI80w2i05XvWOwjPTYIP7hyqzvLOdQlqjtAfA8jRQ85UgR2DA9mkemidJNidW02mlGB7V2nuwGYx2uR4GKnqYk-G2bRPA\"><strong>Municipalit\u00e9 de Fyli<\/strong><\/a> (Gr\u00e8ce), <strong><a href=\"http:\/\/aecsweden.eu\/\">Centr de l'autonomisation africaine<\/a>e<\/strong> (Su\u00e8de) et <a href=\"http:\/\/www.novisielkartea.org\/es\/\"><strong>Novisi Elkartea<\/strong><\/a> (Espagne).\u00a0Il est financ\u00e9 par l'Union europ\u00e9enne dans le cadre du programme Erasmus+: Partenariat strat\u00e9gique pour l'innovation dans le domaine de la jeunesse.<\/div>\n<div dir=\"auto\">\n<div class=\"x11i5rnm xat24cr x1mh8g0r x1vvkbs xtlvy1s x126k92a\">\n<div dir=\"auto\">\n<div class=\"x11i5rnm xat24cr x1mh8g0r x1vvkbs xtlvy1s x126k92a\">\n<div dir=\"auto\"><\/div>\n<\/div>\n<\/div>\n<\/div>\n<div dir=\"auto\"><\/div>\n<\/div>\n<div dir=\"auto\"><\/div>\n<div dir=\"auto\"><\/div>\n<div dir=\"auto\"><a href=\"https:\/\/dypall.com\/fr\/2022\/12\/07\/integration-policies-at-local-level-training-course\/1-25\/#main\" rel=\"attachment wp-att-6139\"><img loading=\"lazy\" decoding=\"async\" class=\"alignnone size-full wp-image-6139\" src=\"https:\/\/dypall.com\/wp-content\/uploads\/2022\/12\/1.jpeg\" alt=\"\" width=\"1600\" height=\"720\" \/><\/a> <a href=\"https:\/\/dypall.com\/fr\/2022\/12\/07\/integration-policies-at-local-level-training-course\/2-27\/#main\" rel=\"attachment wp-att-6140\"><img loading=\"lazy\" decoding=\"async\" class=\"alignnone size-full wp-image-6140\" src=\"https:\/\/dypall.com\/wp-content\/uploads\/2022\/12\/2.jpeg\" alt=\"\" width=\"1600\" height=\"720\" \/><\/a> <a href=\"https:\/\/dypall.com\/fr\/2022\/12\/07\/integration-policies-at-local-level-training-course\/3-23\/#main\" rel=\"attachment wp-att-6141\"><img loading=\"lazy\" decoding=\"async\" class=\"alignnone size-full wp-image-6141\" src=\"https:\/\/dypall.com\/wp-content\/uploads\/2022\/12\/3.jpeg\" alt=\"\" width=\"1600\" height=\"1200\" \/><\/a> <a href=\"https:\/\/dypall.com\/fr\/2022\/12\/07\/integration-policies-at-local-level-training-course\/1-26\/#main\" rel=\"attachment wp-att-6142\"><img loading=\"lazy\" decoding=\"async\" class=\"alignnone size-full wp-image-6142\" src=\"https:\/\/dypall.com\/wp-content\/uploads\/2022\/12\/1-1.jpeg\" alt=\"\" width=\"1600\" height=\"1042\" \/><\/a> <a href=\"https:\/\/dypall.com\/fr\/2022\/12\/07\/integration-policies-at-local-level-training-course\/2-28\/#main\" rel=\"attachment wp-att-6143\"><img loading=\"lazy\" decoding=\"async\" class=\"alignnone size-full wp-image-6143\" src=\"https:\/\/dypall.com\/wp-content\/uploads\/2022\/12\/2-1.jpeg\" alt=\"\" width=\"1600\" height=\"720\" \/><\/a> <a href=\"https:\/\/dypall.com\/fr\/2022\/12\/07\/integration-policies-at-local-level-training-course\/3-24\/#main\" rel=\"attachment wp-att-6144\"><img loading=\"lazy\" decoding=\"async\" class=\"alignnone size-full wp-image-6144\" src=\"https:\/\/dypall.com\/wp-content\/uploads\/2022\/12\/3-1.jpeg\" alt=\"\" width=\"2000\" height=\"900\" \/><\/a> <a href=\"https:\/\/dypall.com\/fr\/2022\/12\/07\/integration-policies-at-local-level-training-course\/4-21\/#main\" rel=\"attachment wp-att-6145\"><img loading=\"lazy\" decoding=\"async\" class=\"alignnone size-full wp-image-6145\" src=\"https:\/\/dypall.com\/wp-content\/uploads\/2022\/12\/4.jpeg\" alt=\"\" width=\"1600\" height=\"921\" \/><\/a> <a href=\"https:\/\/dypall.com\/fr\/2022\/12\/07\/integration-policies-at-local-level-training-course\/6-7\/#main\" rel=\"attachment wp-att-6146\"><img loading=\"lazy\" decoding=\"async\" class=\"alignnone size-full wp-image-6146\" src=\"https:\/\/dypall.com\/wp-content\/uploads\/2022\/12\/6.jpeg\" alt=\"\" width=\"2000\" height=\"900\" \/><\/a> <a href=\"https:\/\/dypall.com\/fr\/2022\/12\/07\/integration-policies-at-local-level-training-course\/7-11\/#main\" rel=\"attachment wp-att-6147\"><img loading=\"lazy\" decoding=\"async\" class=\"alignnone size-full wp-image-6147\" src=\"https:\/\/dypall.com\/wp-content\/uploads\/2022\/12\/7.jpeg\" alt=\"\" width=\"2000\" height=\"900\" \/><\/a> <a href=\"https:\/\/dypall.com\/fr\/2022\/12\/07\/integration-policies-at-local-level-training-course\/8-7\/#main\" rel=\"attachment wp-att-6148\"><img loading=\"lazy\" decoding=\"async\" class=\"alignnone size-full wp-image-6148\" src=\"https:\/\/dypall.com\/wp-content\/uploads\/2022\/12\/8.jpeg\" alt=\"\" width=\"900\" height=\"2000\" \/><\/a> <a href=\"https:\/\/dypall.com\/fr\/2022\/12\/07\/integration-policies-at-local-level-training-course\/9-6\/#main\" rel=\"attachment wp-att-6149\"><img loading=\"lazy\" decoding=\"async\" class=\"alignnone size-full wp-image-6149\" src=\"https:\/\/dypall.com\/wp-content\/uploads\/2022\/12\/9.jpeg\" alt=\"\" width=\"2000\" height=\"900\" \/><\/a> <a href=\"https:\/\/dypall.com\/fr\/2022\/12\/07\/integration-policies-at-local-level-training-course\/10-5\/#main\" rel=\"attachment wp-att-6150\"><img loading=\"lazy\" decoding=\"async\" class=\"alignnone size-full wp-image-6150\" src=\"https:\/\/dypall.com\/wp-content\/uploads\/2022\/12\/10.jpeg\" alt=\"\" width=\"2000\" height=\"900\" \/><\/a> <a href=\"https:\/\/dypall.com\/fr\/2022\/12\/07\/integration-policies-at-local-level-training-course\/11-5\/#main\" rel=\"attachment wp-att-6151\"><img loading=\"lazy\" decoding=\"async\" class=\"alignnone size-full wp-image-6151\" src=\"https:\/\/dypall.com\/wp-content\/uploads\/2022\/12\/11.jpeg\" alt=\"\" width=\"1600\" height=\"1200\" \/><\/a> <a href=\"https:\/\/dypall.com\/fr\/2022\/12\/07\/integration-policies-at-local-level-training-course\/12-5\/#main\" rel=\"attachment wp-att-6152\"><img loading=\"lazy\" decoding=\"async\" class=\"alignnone size-full wp-image-6152\" src=\"https:\/\/dypall.com\/wp-content\/uploads\/2022\/12\/12.jpeg\" alt=\"\" width=\"1600\" height=\"1200\" \/><\/a> <a href=\"https:\/\/dypall.com\/fr\/2022\/12\/07\/integration-policies-at-local-level-training-course\/13-4\/#main\" rel=\"attachment wp-att-6153\"><img loading=\"lazy\" decoding=\"async\" class=\"alignnone size-full wp-image-6153\" src=\"https:\/\/dypall.com\/wp-content\/uploads\/2022\/12\/13.jpeg\" alt=\"\" width=\"1600\" height=\"720\" \/><\/a> <a href=\"https:\/\/dypall.com\/fr\/2022\/12\/07\/integration-policies-at-local-level-training-course\/14-3\/#main\" rel=\"attachment wp-att-6154\"><img loading=\"lazy\" decoding=\"async\" class=\"alignnone size-full wp-image-6154\" src=\"https:\/\/dypall.com\/wp-content\/uploads\/2022\/12\/14.jpeg\" alt=\"\" width=\"1600\" height=\"720\" \/><\/a> <a href=\"https:\/\/dypall.com\/fr\/2022\/12\/07\/integration-policies-at-local-level-training-course\/55-2\/#main\" rel=\"attachment wp-att-6155\"><img loading=\"lazy\" decoding=\"async\" class=\"alignnone size-full wp-image-6155\" src=\"https:\/\/dypall.com\/wp-content\/uploads\/2022\/12\/55.jpeg\" alt=\"\" width=\"1600\" height=\"849\" \/><\/a><\/div>","protected":false},"excerpt":{"rendered":"<p>La formation \u00abPolitiques d\u2019int\u00e9gration au niveau local\u00bb a eu lieu du 20 au 26 novembre \u00e0 Bilbao, en Espagne, et a \u00e9t\u00e9 organis\u00e9e par Novisi Elkartea avec le soutien du r\u00e9seau DYPALL. Il a r\u00e9uni des agents municipaux, des jeunes et des travailleurs sociaux, ainsi que de jeunes militants du Portugal, de Su\u00e8de, d'Espagne et de Gr\u00e8ce pour s'informer sur les politiques, les strat\u00e9gies et les bonnes pratiques en mati\u00e8re d'int\u00e9gration. <a class=\"more-link\" href=\"https:\/\/dypall.com\/fr\/activity\/integration-policies-at-local-level-training-course\/\">Poursuivre la lecture <span class=\"screen-reader-text\">Cours de formation \u00abPolitiques d\u2019int\u00e9gration au niveau local\u00bb<\/span><\/a><\/p>","protected":false},"author":2,"featured_media":6152,"comment_status":"closed","ping_status":"open","sticky":false,"template":"","format":"standard","meta":{"_acf_changed":false,"_jetpack_memberships_contains_paid_content":false,"footnotes":""},"categories":[111,141],"tags":[],"class_list":["post-6138","post","type-post","status-publish","format-standard","has-post-thumbnail","hentry","category-activity","category-training-course","entry"],"acf":[],"yoast_head":"<!-- This site is optimized with the Yoast SEO plugin v22.8 - https:\/\/yoast.com\/wordpress\/plugins\/seo\/ -->\n<title>&quot;Integration Policies at Local Level&quot; Training Course - DYPALL Network<\/title>\n<meta name=\"robots\" content=\"index, follow, max-snippet:-1, max-image-preview:large, max-video-preview:-1\" \/>\n<link rel=\"canonical\" href=\"https:\/\/dypall.com\/fr\/activity\/integration-policies-at-local-level-training-course\/\" \/>\n<meta property=\"og:locale\" content=\"fr_FR\" \/>\n<meta property=\"og:type\" content=\"article\" \/>\n<meta property=\"og:title\" content=\"&quot;Integration Policies at Local Level&quot; Training Course - DYPALL Network\" \/>\n<meta property=\"og:description\" content=\"Training &#8220;Integration Policies at Local Level&#8221; took place from 20th-26th November in\u00a0 Bilbao, Spain and was hosted by Novisi Elkartea with the support of DYPALL Network. It brought together municipality officers, youth and social workers, and young activists from Portugal, Sweden, Spain and Greece to learn about policies, strategies and good practices in the integration&hellip; Poursuivre la lecture &#8220;Integration Policies at Local Level&#8221; Training Course\" \/>\n<meta property=\"og:url\" content=\"https:\/\/dypall.com\/fr\/activity\/integration-policies-at-local-level-training-course\/\" \/>\n<meta property=\"og:site_name\" content=\"DYPALL Network\" \/>\n<meta property=\"article:published_time\" content=\"2022-11-27T17:27:14+00:00\" \/>\n<meta name=\"author\" content=\"dypall\" \/>\n<meta name=\"twitter:card\" content=\"summary_large_image\" \/>\n<meta name=\"twitter:label1\" content=\"Written by\" \/>\n\t<meta name=\"twitter:data1\" content=\"dypall\" \/>\n\t<meta name=\"twitter:label2\" content=\"Est. reading time\" \/>\n\t<meta name=\"twitter:data2\" content=\"1 minute\" \/>\n<script type=\"application\/ld+json\" class=\"yoast-schema-graph\">{\"@context\":\"https:\/\/schema.org\",\"@graph\":[{\"@type\":\"WebPage\",\"@id\":\"https:\/\/dypall.com\/activity\/integration-policies-at-local-level-training-course\/\",\"url\":\"https:\/\/dypall.com\/activity\/integration-policies-at-local-level-training-course\/\",\"name\":\"\\\"Integration Policies at Local Level\\\" Training Course - DYPALL Network\",\"isPartOf\":{\"@id\":\"https:\/\/dypall.com\/#website\"},\"primaryImageOfPage\":{\"@id\":\"https:\/\/dypall.com\/activity\/integration-policies-at-local-level-training-course\/#primaryimage\"},\"image\":{\"@id\":\"https:\/\/dypall.com\/activity\/integration-policies-at-local-level-training-course\/#primaryimage\"},\"thumbnailUrl\":\"\",\"datePublished\":\"2022-11-27T17:27:14+00:00\",\"dateModified\":\"2022-11-27T17:27:14+00:00\",\"author\":{\"@id\":\"https:\/\/dypall.com\/#\/schema\/person\/206350efe851997fcdedef75d118766b\"},\"breadcrumb\":{\"@id\":\"https:\/\/dypall.com\/activity\/integration-policies-at-local-level-training-course\/#breadcrumb\"},\"inLanguage\":\"fr-FR\",\"potentialAction\":[{\"@type\":\"ReadAction\",\"target\":[\"https:\/\/dypall.com\/activity\/integration-policies-at-local-level-training-course\/\"]}]},{\"@type\":\"ImageObject\",\"inLanguage\":\"fr-FR\",\"@id\":\"https:\/\/dypall.com\/activity\/integration-policies-at-local-level-training-course\/#primaryimage\",\"url\":\"\",\"contentUrl\":\"\"},{\"@type\":\"BreadcrumbList\",\"@id\":\"https:\/\/dypall.com\/activity\/integration-policies-at-local-level-training-course\/#breadcrumb\",\"itemListElement\":[{\"@type\":\"ListItem\",\"position\":1,\"name\":\"Home\",\"item\":\"https:\/\/dypall.com\/\"},{\"@type\":\"ListItem\",\"position\":2,\"name\":\"&#8220;Integration Policies at Local Level&#8221; Training Course\"}]},{\"@type\":\"WebSite\",\"@id\":\"https:\/\/dypall.com\/#website\",\"url\":\"https:\/\/dypall.com\/\",\"name\":\"DYPALL Network\",\"description\":\"We are a European network of civil society organisations, municipalities and research institutions dedicated to improving democracy through youth participation.\",\"potentialAction\":[{\"@type\":\"SearchAction\",\"target\":{\"@type\":\"EntryPoint\",\"urlTemplate\":\"https:\/\/dypall.com\/?s={search_term_string}\"},\"query-input\":\"required name=search_term_string\"}],\"inLanguage\":\"fr-FR\"},{\"@type\":\"Person\",\"@id\":\"https:\/\/dypall.com\/#\/schema\/person\/206350efe851997fcdedef75d118766b\",\"name\":\"dypall\",\"image\":{\"@type\":\"ImageObject\",\"inLanguage\":\"fr-FR\",\"@id\":\"https:\/\/dypall.com\/#\/schema\/person\/image\/\",\"url\":\"https:\/\/secure.gravatar.com\/avatar\/14e8d3d8841cd0bdf69915120bcf9fcfac1567f1dc7035664907322ac47efe29?s=96&d=mm&r=g\",\"contentUrl\":\"https:\/\/secure.gravatar.com\/avatar\/14e8d3d8841cd0bdf69915120bcf9fcfac1567f1dc7035664907322ac47efe29?s=96&d=mm&r=g\",\"caption\":\"dypall\"},\"url\":\"https:\/\/dypall.com\/fr\/author\/dypall_info\/\"}]}<\/script>\n<!-- \/ Yoast SEO plugin. -->","yoast_head_json":{"title":"\"Integration Policies at Local Level\" Training Course - DYPALL Network","robots":{"index":"index","follow":"follow","max-snippet":"max-snippet:-1","max-image-preview":"max-image-preview:large","max-video-preview":"max-video-preview:-1"},"canonical":"https:\/\/dypall.com\/fr\/activity\/integration-policies-at-local-level-training-course\/","og_locale":"fr_FR","og_type":"article","og_title":"\"Integration Policies at Local Level\" Training Course - DYPALL Network","og_description":"Training &#8220;Integration Policies at Local Level&#8221; took place from 20th-26th November in\u00a0 Bilbao, Spain and was hosted by Novisi Elkartea with the support of DYPALL Network. It brought together municipality officers, youth and social workers, and young activists from Portugal, Sweden, Spain and Greece to learn about policies, strategies and good practices in the integration&hellip; Poursuivre la lecture &#8220;Integration Policies at Local Level&#8221; Training Course","og_url":"https:\/\/dypall.com\/fr\/activity\/integration-policies-at-local-level-training-course\/","og_site_name":"DYPALL Network","article_published_time":"2022-11-27T17:27:14+00:00","author":"dypall","twitter_card":"summary_large_image","twitter_misc":{"Written by":"dypall","Est. reading time":"1 minute"},"schema":{"@context":"https:\/\/schema.org","@graph":[{"@type":"WebPage","@id":"https:\/\/dypall.com\/activity\/integration-policies-at-local-level-training-course\/","url":"https:\/\/dypall.com\/activity\/integration-policies-at-local-level-training-course\/","name":"\"Integration Policies at Local Level\" Training Course - DYPALL Network","isPartOf":{"@id":"https:\/\/dypall.com\/#website"},"primaryImageOfPage":{"@id":"https:\/\/dypall.com\/activity\/integration-policies-at-local-level-training-course\/#primaryimage"},"image":{"@id":"https:\/\/dypall.com\/activity\/integration-policies-at-local-level-training-course\/#primaryimage"},"thumbnailUrl":"","datePublished":"2022-11-27T17:27:14+00:00","dateModified":"2022-11-27T17:27:14+00:00","author":{"@id":"https:\/\/dypall.com\/#\/schema\/person\/206350efe851997fcdedef75d118766b"},"breadcrumb":{"@id":"https:\/\/dypall.com\/activity\/integration-policies-at-local-level-training-course\/#breadcrumb"},"inLanguage":"fr-FR","potentialAction":[{"@type":"ReadAction","target":["https:\/\/dypall.com\/activity\/integration-policies-at-local-level-training-course\/"]}]},{"@type":"ImageObject","inLanguage":"fr-FR","@id":"https:\/\/dypall.com\/activity\/integration-policies-at-local-level-training-course\/#primaryimage","url":"","contentUrl":""},{"@type":"BreadcrumbList","@id":"https:\/\/dypall.com\/activity\/integration-policies-at-local-level-training-course\/#breadcrumb","itemListElement":[{"@type":"ListItem","position":1,"name":"Home","item":"https:\/\/dypall.com\/"},{"@type":"ListItem","position":2,"name":"&#8220;Integration Policies at Local Level&#8221; Training Course"}]},{"@type":"WebSite","@id":"https:\/\/dypall.com\/#website","url":"https:\/\/dypall.com\/","name":"DYPALL Network","description":"We are a European network of civil society organisations, municipalities and research institutions dedicated to improving democracy through youth participation.","potentialAction":[{"@type":"SearchAction","target":{"@type":"EntryPoint","urlTemplate":"https:\/\/dypall.com\/?s={search_term_string}"},"query-input":"required name=search_term_string"}],"inLanguage":"fr-FR"},{"@type":"Person","@id":"https:\/\/dypall.com\/#\/schema\/person\/206350efe851997fcdedef75d118766b","name":"dypall","image":{"@type":"ImageObject","inLanguage":"fr-FR","@id":"https:\/\/dypall.com\/#\/schema\/person\/image\/","url":"https:\/\/secure.gravatar.com\/avatar\/14e8d3d8841cd0bdf69915120bcf9fcfac1567f1dc7035664907322ac47efe29?s=96&d=mm&r=g","contentUrl":"https:\/\/secure.gravatar.com\/avatar\/14e8d3d8841cd0bdf69915120bcf9fcfac1567f1dc7035664907322ac47efe29?s=96&d=mm&r=g","caption":"dypall"},"url":"https:\/\/dypall.com\/fr\/author\/dypall_info\/"}]}},"jetpack_featured_media_url":"","jetpack_sharing_enabled":true,"_links":{"self":[{"href":"https:\/\/dypall.com\/fr\/wp-json\/wp\/v2\/posts\/6138","targetHints":{"allow":["GET"]}}],"collection":[{"href":"https:\/\/dypall.com\/fr\/wp-json\/wp\/v2\/posts"}],"about":[{"href":"https:\/\/dypall.com\/fr\/wp-json\/wp\/v2\/types\/post"}],"author":[{"embeddable":true,"href":"https:\/\/dypall.com\/fr\/wp-json\/wp\/v2\/users\/2"}],"replies":[{"embeddable":true,"href":"https:\/\/dypall.com\/fr\/wp-json\/wp\/v2\/comments?post=6138"}],"version-history":[{"count":0,"href":"https:\/\/dypall.com\/fr\/wp-json\/wp\/v2\/posts\/6138\/revisions"}],"wp:featuredmedia":[{"embeddable":true,"href":"https:\/\/dypall.com\/fr\/wp-json\/"}],"wp:attachment":[{"href":"https:\/\/dypall.com\/fr\/wp-json\/wp\/v2\/media?parent=6138"}],"wp:term":[{"taxonomy":"category","embeddable":true,"href":"https:\/\/dypall.com\/fr\/wp-json\/wp\/v2\/categories?post=6138"},{"taxonomy":"post_tag","embeddable":true,"href":"https:\/\/dypall.com\/fr\/wp-json\/wp\/v2\/tags?post=6138"}],"curies":[{"name":"wp","href":"https:\/\/api.w.org\/{rel}","templated":true}]}}