{"id":6076,"date":"2022-11-16T16:45:27","date_gmt":"2022-11-16T16:45:27","guid":{"rendered":"https:\/\/dypall.com\/?p=6076"},"modified":"2022-11-16T16:45:27","modified_gmt":"2022-11-16T16:45:27","slug":"study-visit-in-lisbon-welcoming-cities-participation-of-youngsters-with-background","status":"publish","type":"post","link":"https:\/\/dypall.com\/fr\/activity\/study-visit-in-lisbon-welcoming-cities-participation-of-youngsters-with-background\/","title":{"rendered":"Visite d\u2019\u00e9tude \u00e0 Lisbonne \u00abWelcoming Cities: Participation des jeunes issus de milieux d\u00e9favoris\u00e9s\u00bb"},"content":{"rendered":"<p>Visite d\u2019\u00e9tude du r\u00e9seau DYPALL <em><strong>\u00abVilles d\u2019accueil: Bonnes pratiques en mati\u00e8re de participation des jeunes issus de l\u2019immigration\u00bb<\/strong><\/em> a eu lieu du 7 au 12 novembre 2022 \u00e0 Lisbonne, au Portugal.<\/p>\n<p>21 participants de 9 organisations et municipalit\u00e9s diff\u00e9rentes de Mac\u00e9doine du Nord, d'Allemagne, du Portugal et d'Espagne ont eu l'occasion d'explorer la participation des jeunes migrants et des jeunes issus de l'immigration aux processus d\u00e9cisionnels et de d\u00e9couvrir les pratiques locales des organisations non gouvernementales et des municipalit\u00e9s de Lisbonne et de Sintra.<\/p>\n<p>La visite d\u2019\u00e9tude a commenc\u00e9 par \u00e9tablir un terrain d\u2019entente sur la participation des jeunes migrants \u00e0 la prise de d\u00e9cision, en examinant la situation actuelle des jeunes migrants dans les pays europ\u00e9ens, les int\u00e9r\u00eats des municipalit\u00e9s en ce qui concerne la participation des jeunes migrants et la n\u00e9cessit\u00e9 d\u2019une coop\u00e9ration.<\/p>\n<p>Le lendemain, avec le soutien de <a href=\"https:\/\/ipdj.gov.pt\/\">IPDJ  \u2047  Instituto Desporto Juventude<\/a>, nous avons eu une table ronde avec <a href=\"https:\/\/www.comparte.pt\/\">ComParte<\/a>, <a href=\"https:\/\/crescer.org\/\">Crecer<\/a>, et<a href=\"https:\/\/linktr.ee\/oladonegrodaforca?fbclid=IwAR15aiBmSz3TqkPq6uwfbt5C_-vqeortUvFuSXsMYJ59MedFl96EIPoU8Fk\"> O Lado Negro da For\u00e7a<\/a> dans laquelle nous avons discut\u00e9 des espaces, du soutien n\u00e9cessaire et des d\u00e9fis auxquels sont confront\u00e9s les jeunes migrants et les jeunes issus de l\u2019immigration qui participent au processus d\u00e9cisionnel. Plus tard, nous avons eu une visite d'\u00e9tude \u00e0 l'Associa\u00e7\u00e3o de Moradores do Per 11 \u00e0 Lisbonne qui travaille sur l'inclusion des jeunes issus de l'immigration au niveau local avec le soutien de <a href=\"https:\/\/the.akdn\/en\/home\">R\u00e9seau de d\u00e9veloppement Aga Khan<\/a>.<\/p>\n<p>La visite d\u2019\u00e9tude s\u2019est poursuivie \u00e0 Queluz, o\u00f9 les bonnes pratiques locales en mati\u00e8re de participation des jeunes migrants ont \u00e9t\u00e9 pr\u00e9sent\u00e9es par <a href=\"https:\/\/pendaoemmovimento.wordpress.com\/?fbclid=IwAR031GtfkzqKkEY4Xxdb6vZcQwQkj0kTNYvLLIIuMZOEdLzVdWYsTSeFKDM\">Pend\u00e3o em Movimento<\/a>, <a href=\"http:\/\/www.apdj.pt\/\">APDJ<\/a>, <a href=\"https:\/\/artesanatogave2004.blogspot.com\/\">GAVE \u2013 Grupo de Artistas Vale de Eureka<\/a>, <a href=\"https:\/\/www.criagente.org\/\">Criagente<\/a>, <a href=\"https:\/\/m.facebook.com\/people\/Associa%C3%A7%C3%A3o-The-One-Zion\/100083104008226\/\">Associa\u00e7\u00e3o Le Un Sion<\/a>. Dans l'apr\u00e8s-midi, nous avons visit\u00e9 Casa da Juventude da Tapada das Merc\u00eas \u00e0 Sintra o\u00f9 <a href=\"https:\/\/acitmmm.webnode.pt\/\">Associa\u00e7\u00e3o Comunidade Isl\u00e2mica<\/a>, <a href=\"https:\/\/acassintra.com\/\">Acas \u2013 Associa\u00e7\u00e3o Luso Caboverdeana de Sintra<\/a>, Gabinete de apoio ao jovem (GAJ), <a href=\"https:\/\/linktr.ee\/jipangueassociation\">Association de Jipangue<\/a> ont partag\u00e9 leurs pratiques inspirantes d\u2019inclusion des jeunes migrants et des jeunes issus de l\u2019immigration dans les processus d\u00e9cisionnels.<\/p>\n<p>Le dernier jour de la visite d'\u00e9tude, nous avons r\u00e9fl\u00e9chi aux \u00e9l\u00e9ments n\u00e9cessaires \u00e0 la construction d'un <strong>Ville d'accueil<\/strong> et a eu un briefing final de toutes les recommandations propos\u00e9es par les participants pour que les municipalit\u00e9s soient plus accueillantes.<\/p>\n<p>La visite d\u2019\u00e9tude s\u2019inscrit dans le cadre du projet \u00abVilles d\u2019accueil\u00bb, coordonn\u00e9 par <a href=\"https:\/\/www.migrafrica.org\/\">Migrafrica <\/a>en coop\u00e9ration avec le r\u00e9seau DYPALL, <a href=\"https:\/\/ngounitedyouth.org\/\">Association citoyenne Jeunesse unie<\/a>, et <a href=\"https:\/\/www.catalunyavoluntaria.cat\/\">Fundaci\u00f3 Catalunya Volunt\u00e0ria<\/a>. Il est financ\u00e9 par le programme KA2 Erasmus+ dans le cadre de l'Agence nationale allemande Erasmus+ JUGEND f\u00fcr Europa.<\/p>\n<p>&nbsp;<\/p>\n<p><a href=\"https:\/\/dypall.com\/fr\/2022\/11\/16\/study-visit-in-lisbon-welcoming-cities-participation-of-youngsters-with-background\/pic-for-the-article-1\/#main\" rel=\"attachment wp-att-6081\"><img loading=\"lazy\" decoding=\"async\" class=\"alignnone wp-image-6081\" src=\"https:\/\/dypall.com\/wp-content\/uploads\/2022\/11\/Pic-for-the-article-1.jpg\" alt=\"\" width=\"1004\" height=\"754\" \/><\/a><\/p>\n<p><a href=\"https:\/\/dypall.com\/fr\/2022\/11\/16\/study-visit-in-lisbon-welcoming-cities-participation-of-youngsters-with-background\/pic-for-the-article-2\/#main\" rel=\"attachment wp-att-6080\"><img loading=\"lazy\" decoding=\"async\" class=\"alignnone wp-image-6080\" src=\"https:\/\/dypall.com\/wp-content\/uploads\/2022\/11\/Pic-for-the-article-2.jpg\" alt=\"\" width=\"1004\" height=\"754\" \/><\/a><\/p>\n<p><a href=\"https:\/\/dypall.com\/fr\/2022\/11\/16\/study-visit-in-lisbon-welcoming-cities-participation-of-youngsters-with-background\/pic-for-the-article-3\/#main\" rel=\"attachment wp-att-6079\"><img loading=\"lazy\" decoding=\"async\" class=\"alignnone wp-image-6079\" src=\"https:\/\/dypall.com\/wp-content\/uploads\/2022\/11\/Pic-for-the-article-3.jpg\" alt=\"\" width=\"1005\" height=\"734\" \/><\/a><\/p>","protected":false},"excerpt":{"rendered":"<p>Visite d\u2019\u00e9tude du r\u00e9seau DYPALL intitul\u00e9e \u00abWelcoming Cities: Bonnes pratiques en mati\u00e8re de participation des jeunes issus de l\u2019immigration\u00bb a eu lieu du 7 au 12 novembre 2022 \u00e0 Lisbonne, au Portugal. 21 participants de 9 organisations et municipalit\u00e9s diff\u00e9rentes de Mac\u00e9doine du Nord, d'Allemagne, du Portugal et d'Espagne, ont eu l'occasion d'explorer l'implication des jeunes migrants et des jeunes... <a class=\"more-link\" href=\"https:\/\/dypall.com\/fr\/activity\/study-visit-in-lisbon-welcoming-cities-participation-of-youngsters-with-background\/\">Poursuivre la lecture <span class=\"screen-reader-text\">Visite d\u2019\u00e9tude \u00e0 Lisbonne \u00abWelcoming Cities: Participation des jeunes issus de milieux d\u00e9favoris\u00e9s\u00bb<\/span><\/a><\/p>","protected":false},"author":1,"featured_media":6082,"comment_status":"closed","ping_status":"open","sticky":false,"template":"","format":"standard","meta":{"_acf_changed":false,"_jetpack_memberships_contains_paid_content":false,"footnotes":""},"categories":[111,152],"tags":[],"class_list":["post-6076","post","type-post","status-publish","format-standard","has-post-thumbnail","hentry","category-activity","category-study-visits","entry"],"acf":[],"yoast_head":"<!-- This site is optimized with the Yoast SEO plugin v22.8 - https:\/\/yoast.com\/wordpress\/plugins\/seo\/ -->\n<title>Study Visit in Lisbon \u201cWelcoming Cities: Participation of Youngsters with background\u201d - DYPALL Network<\/title>\n<meta name=\"robots\" content=\"index, follow, max-snippet:-1, max-image-preview:large, max-video-preview:-1\" \/>\n<link rel=\"canonical\" href=\"https:\/\/dypall.com\/fr\/activity\/study-visit-in-lisbon-welcoming-cities-participation-of-youngsters-with-background\/\" \/>\n<meta property=\"og:locale\" content=\"fr_FR\" \/>\n<meta property=\"og:type\" content=\"article\" \/>\n<meta property=\"og:title\" content=\"Study Visit in Lisbon \u201cWelcoming Cities: Participation of Youngsters with background\u201d - DYPALL Network\" \/>\n<meta property=\"og:description\" content=\"DYPALL Network\u2019s study visit \u201cWelcoming Cities: Good practices of Participation of Youngsters with a migrant background\u201d took place from 7th \u2013 12th November 2022 in Lisbon, Portugal. 21 participants from 9 different organizations and municipalities from North Macedonia, Germany, Portugal, and Spain, had the opportunity to explore the involvement of the migrant youth and young&hellip; Poursuivre la lecture Study Visit in Lisbon \u201cWelcoming Cities: Participation of Youngsters with background\u201d\" \/>\n<meta property=\"og:url\" content=\"https:\/\/dypall.com\/fr\/activity\/study-visit-in-lisbon-welcoming-cities-participation-of-youngsters-with-background\/\" \/>\n<meta property=\"og:site_name\" content=\"DYPALL Network\" \/>\n<meta property=\"article:published_time\" content=\"2022-11-16T16:45:27+00:00\" \/>\n<meta name=\"author\" content=\"DYPALL Network\" \/>\n<meta name=\"twitter:card\" content=\"summary_large_image\" \/>\n<meta name=\"twitter:label1\" content=\"Written by\" \/>\n\t<meta name=\"twitter:data1\" content=\"DYPALL Network\" \/>\n\t<meta name=\"twitter:label2\" content=\"Est. reading time\" \/>\n\t<meta name=\"twitter:data2\" content=\"2 minutes\" \/>\n<script type=\"application\/ld+json\" class=\"yoast-schema-graph\">{\"@context\":\"https:\/\/schema.org\",\"@graph\":[{\"@type\":\"WebPage\",\"@id\":\"https:\/\/dypall.com\/activity\/study-visit-in-lisbon-welcoming-cities-participation-of-youngsters-with-background\/\",\"url\":\"https:\/\/dypall.com\/activity\/study-visit-in-lisbon-welcoming-cities-participation-of-youngsters-with-background\/\",\"name\":\"Study Visit in Lisbon \u201cWelcoming Cities: Participation of Youngsters with background\u201d - DYPALL Network\",\"isPartOf\":{\"@id\":\"https:\/\/dypall.com\/#website\"},\"primaryImageOfPage\":{\"@id\":\"https:\/\/dypall.com\/activity\/study-visit-in-lisbon-welcoming-cities-participation-of-youngsters-with-background\/#primaryimage\"},\"image\":{\"@id\":\"https:\/\/dypall.com\/activity\/study-visit-in-lisbon-welcoming-cities-participation-of-youngsters-with-background\/#primaryimage\"},\"thumbnailUrl\":\"\",\"datePublished\":\"2022-11-16T16:45:27+00:00\",\"dateModified\":\"2022-11-16T16:45:27+00:00\",\"author\":{\"@id\":\"https:\/\/dypall.com\/#\/schema\/person\/f92e08aa15c8ba711a9d153129f03377\"},\"breadcrumb\":{\"@id\":\"https:\/\/dypall.com\/activity\/study-visit-in-lisbon-welcoming-cities-participation-of-youngsters-with-background\/#breadcrumb\"},\"inLanguage\":\"fr-FR\",\"potentialAction\":[{\"@type\":\"ReadAction\",\"target\":[\"https:\/\/dypall.com\/activity\/study-visit-in-lisbon-welcoming-cities-participation-of-youngsters-with-background\/\"]}]},{\"@type\":\"ImageObject\",\"inLanguage\":\"fr-FR\",\"@id\":\"https:\/\/dypall.com\/activity\/study-visit-in-lisbon-welcoming-cities-participation-of-youngsters-with-background\/#primaryimage\",\"url\":\"\",\"contentUrl\":\"\"},{\"@type\":\"BreadcrumbList\",\"@id\":\"https:\/\/dypall.com\/activity\/study-visit-in-lisbon-welcoming-cities-participation-of-youngsters-with-background\/#breadcrumb\",\"itemListElement\":[{\"@type\":\"ListItem\",\"position\":1,\"name\":\"Home\",\"item\":\"https:\/\/dypall.com\/\"},{\"@type\":\"ListItem\",\"position\":2,\"name\":\"Study Visit in Lisbon \u201cWelcoming Cities: Participation of Youngsters with background\u201d\"}]},{\"@type\":\"WebSite\",\"@id\":\"https:\/\/dypall.com\/#website\",\"url\":\"https:\/\/dypall.com\/\",\"name\":\"DYPALL Network\",\"description\":\"We are a European network of civil society organisations, municipalities and research institutions dedicated to improving democracy through youth participation.\",\"potentialAction\":[{\"@type\":\"SearchAction\",\"target\":{\"@type\":\"EntryPoint\",\"urlTemplate\":\"https:\/\/dypall.com\/?s={search_term_string}\"},\"query-input\":\"required name=search_term_string\"}],\"inLanguage\":\"fr-FR\"},{\"@type\":\"Person\",\"@id\":\"https:\/\/dypall.com\/#\/schema\/person\/f92e08aa15c8ba711a9d153129f03377\",\"name\":\"DYPALL Network\",\"image\":{\"@type\":\"ImageObject\",\"inLanguage\":\"fr-FR\",\"@id\":\"https:\/\/dypall.com\/#\/schema\/person\/image\/\",\"url\":\"https:\/\/secure.gravatar.com\/avatar\/9c39e299279800c6d69c5e02cf613e7bab060889f373052a03d7ac399e8f0d3c?s=96&d=mm&r=g\",\"contentUrl\":\"https:\/\/secure.gravatar.com\/avatar\/9c39e299279800c6d69c5e02cf613e7bab060889f373052a03d7ac399e8f0d3c?s=96&d=mm&r=g\",\"caption\":\"DYPALL Network\"},\"sameAs\":[\"https:\/\/dypall.com\"],\"url\":\"https:\/\/dypall.com\/fr\/author\/dypall\/\"}]}<\/script>\n<!-- \/ Yoast SEO plugin. -->","yoast_head_json":{"title":"Study Visit in Lisbon \u201cWelcoming Cities: Participation of Youngsters with background\u201d - DYPALL Network","robots":{"index":"index","follow":"follow","max-snippet":"max-snippet:-1","max-image-preview":"max-image-preview:large","max-video-preview":"max-video-preview:-1"},"canonical":"https:\/\/dypall.com\/fr\/activity\/study-visit-in-lisbon-welcoming-cities-participation-of-youngsters-with-background\/","og_locale":"fr_FR","og_type":"article","og_title":"Study Visit in Lisbon \u201cWelcoming Cities: Participation of Youngsters with background\u201d - DYPALL Network","og_description":"DYPALL Network\u2019s study visit \u201cWelcoming Cities: Good practices of Participation of Youngsters with a migrant background\u201d took place from 7th \u2013 12th November 2022 in Lisbon, Portugal. 21 participants from 9 different organizations and municipalities from North Macedonia, Germany, Portugal, and Spain, had the opportunity to explore the involvement of the migrant youth and young&hellip; Poursuivre la lecture Study Visit in Lisbon \u201cWelcoming Cities: Participation of Youngsters with background\u201d","og_url":"https:\/\/dypall.com\/fr\/activity\/study-visit-in-lisbon-welcoming-cities-participation-of-youngsters-with-background\/","og_site_name":"DYPALL Network","article_published_time":"2022-11-16T16:45:27+00:00","author":"DYPALL Network","twitter_card":"summary_large_image","twitter_misc":{"Written by":"DYPALL Network","Est. reading time":"2 minutes"},"schema":{"@context":"https:\/\/schema.org","@graph":[{"@type":"WebPage","@id":"https:\/\/dypall.com\/activity\/study-visit-in-lisbon-welcoming-cities-participation-of-youngsters-with-background\/","url":"https:\/\/dypall.com\/activity\/study-visit-in-lisbon-welcoming-cities-participation-of-youngsters-with-background\/","name":"Study Visit in Lisbon \u201cWelcoming Cities: Participation of Youngsters with background\u201d - DYPALL Network","isPartOf":{"@id":"https:\/\/dypall.com\/#website"},"primaryImageOfPage":{"@id":"https:\/\/dypall.com\/activity\/study-visit-in-lisbon-welcoming-cities-participation-of-youngsters-with-background\/#primaryimage"},"image":{"@id":"https:\/\/dypall.com\/activity\/study-visit-in-lisbon-welcoming-cities-participation-of-youngsters-with-background\/#primaryimage"},"thumbnailUrl":"","datePublished":"2022-11-16T16:45:27+00:00","dateModified":"2022-11-16T16:45:27+00:00","author":{"@id":"https:\/\/dypall.com\/#\/schema\/person\/f92e08aa15c8ba711a9d153129f03377"},"breadcrumb":{"@id":"https:\/\/dypall.com\/activity\/study-visit-in-lisbon-welcoming-cities-participation-of-youngsters-with-background\/#breadcrumb"},"inLanguage":"fr-FR","potentialAction":[{"@type":"ReadAction","target":["https:\/\/dypall.com\/activity\/study-visit-in-lisbon-welcoming-cities-participation-of-youngsters-with-background\/"]}]},{"@type":"ImageObject","inLanguage":"fr-FR","@id":"https:\/\/dypall.com\/activity\/study-visit-in-lisbon-welcoming-cities-participation-of-youngsters-with-background\/#primaryimage","url":"","contentUrl":""},{"@type":"BreadcrumbList","@id":"https:\/\/dypall.com\/activity\/study-visit-in-lisbon-welcoming-cities-participation-of-youngsters-with-background\/#breadcrumb","itemListElement":[{"@type":"ListItem","position":1,"name":"Home","item":"https:\/\/dypall.com\/"},{"@type":"ListItem","position":2,"name":"Study Visit in Lisbon \u201cWelcoming Cities: Participation of Youngsters with background\u201d"}]},{"@type":"WebSite","@id":"https:\/\/dypall.com\/#website","url":"https:\/\/dypall.com\/","name":"DYPALL Network","description":"We are a European network of civil society organisations, municipalities and research institutions dedicated to improving democracy through youth participation.","potentialAction":[{"@type":"SearchAction","target":{"@type":"EntryPoint","urlTemplate":"https:\/\/dypall.com\/?s={search_term_string}"},"query-input":"required name=search_term_string"}],"inLanguage":"fr-FR"},{"@type":"Person","@id":"https:\/\/dypall.com\/#\/schema\/person\/f92e08aa15c8ba711a9d153129f03377","name":"DYPALL Network","image":{"@type":"ImageObject","inLanguage":"fr-FR","@id":"https:\/\/dypall.com\/#\/schema\/person\/image\/","url":"https:\/\/secure.gravatar.com\/avatar\/9c39e299279800c6d69c5e02cf613e7bab060889f373052a03d7ac399e8f0d3c?s=96&d=mm&r=g","contentUrl":"https:\/\/secure.gravatar.com\/avatar\/9c39e299279800c6d69c5e02cf613e7bab060889f373052a03d7ac399e8f0d3c?s=96&d=mm&r=g","caption":"DYPALL Network"},"sameAs":["https:\/\/dypall.com"],"url":"https:\/\/dypall.com\/fr\/author\/dypall\/"}]}},"jetpack_featured_media_url":"","jetpack_sharing_enabled":true,"_links":{"self":[{"href":"https:\/\/dypall.com\/fr\/wp-json\/wp\/v2\/posts\/6076","targetHints":{"allow":["GET"]}}],"collection":[{"href":"https:\/\/dypall.com\/fr\/wp-json\/wp\/v2\/posts"}],"about":[{"href":"https:\/\/dypall.com\/fr\/wp-json\/wp\/v2\/types\/post"}],"author":[{"embeddable":true,"href":"https:\/\/dypall.com\/fr\/wp-json\/wp\/v2\/users\/1"}],"replies":[{"embeddable":true,"href":"https:\/\/dypall.com\/fr\/wp-json\/wp\/v2\/comments?post=6076"}],"version-history":[{"count":0,"href":"https:\/\/dypall.com\/fr\/wp-json\/wp\/v2\/posts\/6076\/revisions"}],"wp:featuredmedia":[{"embeddable":true,"href":"https:\/\/dypall.com\/fr\/wp-json\/"}],"wp:attachment":[{"href":"https:\/\/dypall.com\/fr\/wp-json\/wp\/v2\/media?parent=6076"}],"wp:term":[{"taxonomy":"category","embeddable":true,"href":"https:\/\/dypall.com\/fr\/wp-json\/wp\/v2\/categories?post=6076"},{"taxonomy":"post_tag","embeddable":true,"href":"https:\/\/dypall.com\/fr\/wp-json\/wp\/v2\/tags?post=6076"}],"curies":[{"name":"wp","href":"https:\/\/api.w.org\/{rel}","templated":true}]}}