{"id":6034,"date":"2022-10-26T15:12:29","date_gmt":"2022-10-26T14:12:29","guid":{"rendered":"https:\/\/dypall.com\/?p=6034"},"modified":"2022-10-26T15:12:29","modified_gmt":"2022-10-26T14:12:29","slug":"fostering-a-culture-of-participation-mainstreaming-local-youth-councils-in-europe-transnational-project-meeting","status":"publish","type":"post","link":"https:\/\/dypall.com\/fr\/activity\/fostering-a-culture-of-participation-mainstreaming-local-youth-councils-in-europe-transnational-project-meeting\/","title":{"rendered":"\u00abPromouvoir une culture de la participation: R\u00e9union du projet transnational \u00abInt\u00e9gration des conseils locaux de la jeunesse en Europe\u00bb"},"content":{"rendered":"<p style=\"font-weight: 400;\">La 2\u00e8me et derni\u00e8re r\u00e9union transnationale du projet <em><strong>\u00abPromouvoir une culture de la participation: Int\u00e9gration des conseils locaux de la jeunesse en Europe\u00bb<\/strong><\/em> a eu lieu du 18 au 19 octobre 2022 \u00e0 Namur, en Belgique.<\/p>\n<p style=\"font-weight: 400;\">La r\u00e9union a \u00e9t\u00e9 accueillie par le CRECCIDE et a donn\u00e9 l'occasion d'explorer les <strong>publication<\/strong> produit pendant le projet, \u00e9valuer le <strong>diff\u00e9rentes phases<\/strong> et <strong>activit\u00e9s<\/strong>, et explorer <strong>opportunit\u00e9s de coop\u00e9ration \u00e0 venir<\/strong>.<\/p>\n<p style=\"font-weight: 400;\">La publication \u00ab<strong><a href=\"https:\/\/u.pcloud.link\/publink\/show?code=XZDXBfVZi9vDzl6qGpjYtK89AOtwH0DxjMUV\" data-saferedirecturl=\"https:\/\/www.google.com\/url?q=https:\/\/u.pcloud.link\/publink\/show?code%3DXZDXBfVZi9vDzl6qGpjYtK89AOtwH0DxjMUV&amp;source=gmail&amp;ust=1667655082973000&amp;usg=AOvVaw0UCToq28-V0hM-NxvmIgDv\">Conseils locaux de la jeunesse \u2013 cartographie des pratiques<\/a><\/strong>\u201d, un ensemble d\u2019approches diff\u00e9rentes, a permis aux cinq pays partenaires de r\u00e9fl\u00e9chir \u00e0 leurs approches nationales, r\u00e9gionales et locales et d\u2019\u00e9tablir des ponts avec d\u2019autres structures et acteurs pertinents. Les pratiques pr\u00e9sent\u00e9es visent \u00e0 pr\u00e9senter diverses possibilit\u00e9s, en fournissant des exemples pratiques de l'applicabilit\u00e9, de la transf\u00e9rabilit\u00e9 et de la mise en \u0153uvre de diff\u00e9rentes solutions et dimensions, telles que le nombre de personnes impliqu\u00e9es, la moyenne d'\u00e2ge, le lien entre la gouvernance locale, ses objectifs et les ressources disponibles. Bien que les perspectives internes recueillies ne soient pas une transcription exhaustive des entretiens, elles sont tr\u00e8s perspicaces dans la compr\u00e9hension des diff\u00e9rentes perceptions et sentiments concernant la m\u00eame structure participative.<\/p>\n<p style=\"font-weight: 400;\">Dans le cadre du projet, l\u2019une des activit\u00e9s \u00e9tait la suivante:<strong><a href=\"https:\/\/u.pcloud.link\/publink\/show?code=XZzJsbVZnpevOT6SFdpzOrL0UVigTfDhLLzV\" data-saferedirecturl=\"https:\/\/www.google.com\/url?q=https:\/\/u.pcloud.link\/publink\/show?code%3DXZzJsbVZnpevOT6SFdpzOrL0UVigTfDhLLzV&amp;source=gmail&amp;ust=1667655082973000&amp;usg=AOvVaw1uhdKuGoAg8qFEYyd44dw8\">Assurance de la qualit\u00e9 dans les conseils locaux de la jeunesse<\/a><\/strong>Cours de formation, qui a eu lieu du 2 au 8 mai 2022 \u00e0 Portim\u00e3o, au Portugal. La formation a \u00e9t\u00e9 l\u2019occasion d\u2019engager 23 participants des quatre pays partenaires et a cr\u00e9\u00e9 un espace digne de ce nom dans lequel plus de 50 personnes, jeunes, animateurs socio-\u00e9ducatifs et d\u00e9cideurs ont partag\u00e9 leur expertise et leurs id\u00e9es.<\/p>\n<p style=\"font-weight: 400;\">Le dernier jour, le consortium a encore eu la possibilit\u00e9 de conna\u00eetre plus en d\u00e9tail le soutien apport\u00e9 par CRECCIDE aux municipalit\u00e9s belges et ses outils, approches et m\u00e9canismes de participation des enfants et des jeunes.<\/p>\n<p style=\"font-weight: 400;\">Le projet a \u00e9t\u00e9 mis en \u0153uvre par le r\u00e9seau DYPALL en coop\u00e9ration avec <a href=\"http:\/\/www.creccide.be\/\">CRECCIDE<\/a><a href=\"http:\/\/www.creccide.be\/\" data-saferedirecturl=\"https:\/\/www.google.com\/url?q=http:\/\/www.creccide.be\/&amp;source=gmail&amp;ust=1667655082973000&amp;usg=AOvVaw2dcLKTBKnwp7JrehkKGSkJ\">\u00a0<\/a>(Belgique),\u00a0<a href=\"https:\/\/www.comune.collegno.gov.it\/home\" data-saferedirecturl=\"https:\/\/www.google.com\/url?q=https:\/\/www.comune.collegno.gov.it\/home&amp;source=gmail&amp;ust=1667655082973000&amp;usg=AOvVaw2Kl24KRgn799zsYVqL-yAn\">Citt\u00e0 di Collegno<\/a>\u00a0(Italie),\u00a0<a href=\"https:\/\/www.kzz.hr\/\" data-saferedirecturl=\"https:\/\/www.google.com\/url?q=https:\/\/www.kzz.hr\/&amp;source=gmail&amp;ust=1667655082973000&amp;usg=AOvVaw2sKWU2vh7sZL1T8WDqTUPh\">KRAPINSKO-ZAGORSKA ZUPANIJA<\/a>\u00a0(Croatie) et\u00a0<a href=\"https:\/\/msa.si\/\" data-saferedirecturl=\"https:\/\/www.google.com\/url?q=https:\/\/msa.si\/&amp;source=gmail&amp;ust=1667655082973000&amp;usg=AOvVaw3zr9G6oDK_Tk4HSbCmsbwv\">Mladinski svet Ajdov\u0161\u010dina<\/a> (Slov\u00e9nie). Il est financ\u00e9 au titre du programme d\u2019\u00e9change de bonnes pratiques Erasmus+ KA2 par le\u00a0<a href=\"https:\/\/www.lebij.be\/\" data-saferedirecturl=\"https:\/\/www.google.com\/url?q=https:\/\/www.lebij.be\/&amp;source=gmail&amp;ust=1667655082973000&amp;usg=AOvVaw1Tmus7HGOoQxW0wCq2sUap\">BIJ \u2013 Bureau International Jaunesse<\/a>\u00a0Agence nationale.<\/p>\n<p>&nbsp;<\/p>\n<p><a href=\"https:\/\/dypall.com\/fr\/2022\/11\/04\/fostering-a-culture-of-participation-mainstreaming-local-youth-councils-in-europe-transnational-project-meeting\/311607478_6768349466513747_133668428425177337_n\/#main\" rel=\"attachment wp-att-6037\"><img loading=\"lazy\" decoding=\"async\" class=\"alignnone size-full wp-image-6037\" src=\"https:\/\/dypall.com\/wp-content\/uploads\/2022\/11\/311607478_6768349466513747_133668428425177337_n.jpeg\" alt=\"\" width=\"1920\" height=\"1440\" \/><\/a><\/p>\n<p><a href=\"https:\/\/dypall.com\/fr\/2022\/11\/04\/fostering-a-culture-of-participation-mainstreaming-local-youth-councils-in-europe-transnational-project-meeting\/312090431_6768349366513757_4395357973962703445_n\/#main\" rel=\"attachment wp-att-6036\"><img loading=\"lazy\" decoding=\"async\" class=\"alignnone size-full wp-image-6036\" src=\"https:\/\/dypall.com\/wp-content\/uploads\/2022\/11\/312090431_6768349366513757_4395357973962703445_n.jpeg\" alt=\"\" width=\"1024\" height=\"768\" \/><\/a><\/p>\n<p><a href=\"https:\/\/dypall.com\/fr\/2022\/11\/04\/fostering-a-culture-of-participation-mainstreaming-local-youth-councils-in-europe-transnational-project-meeting\/311610525_6768349489847078_3205972627485120589_n\/#main\" rel=\"attachment wp-att-6035\"><img loading=\"lazy\" decoding=\"async\" class=\"alignnone size-full wp-image-6035\" src=\"https:\/\/dypall.com\/wp-content\/uploads\/2022\/11\/311610525_6768349489847078_3205972627485120589_n.jpeg\" alt=\"\" width=\"2048\" height=\"1536\" \/><\/a><\/p>","protected":false},"excerpt":{"rendered":"<p>Deuxi\u00e8me et derni\u00e8re r\u00e9union transnationale du projet \u00abPromouvoir une culture de la participation: Mainstreaming Local Youth Councils in Europe\u00bb (Int\u00e9gration des conseils locaux de la jeunesse en Europe) s\u2019est tenue du 18 au 19 octobre 2022 \u00e0 Namur, en Belgique. La r\u00e9union a \u00e9t\u00e9 organis\u00e9e par le CRECCIDE et a donn\u00e9 l'occasion d'explorer la publication produite au cours du projet, d'\u00e9valuer les diff\u00e9rentes phases et... <a class=\"more-link\" href=\"https:\/\/dypall.com\/fr\/activity\/fostering-a-culture-of-participation-mainstreaming-local-youth-councils-in-europe-transnational-project-meeting\/\">Poursuivre la lecture <span class=\"screen-reader-text\">\u00abPromouvoir une culture de la participation: R\u00e9union du projet transnational \u00abInt\u00e9gration des conseils locaux de la jeunesse en Europe\u00bb<\/span><\/a><\/p>","protected":false},"author":1,"featured_media":6037,"comment_status":"closed","ping_status":"open","sticky":false,"template":"","format":"standard","meta":{"_acf_changed":false,"_jetpack_memberships_contains_paid_content":false,"footnotes":""},"categories":[111],"tags":[],"class_list":["post-6034","post","type-post","status-publish","format-standard","has-post-thumbnail","hentry","category-activity","entry"],"acf":[],"yoast_head":"<!-- This site is optimized with the Yoast SEO plugin v22.8 - https:\/\/yoast.com\/wordpress\/plugins\/seo\/ -->\n<title>&quot;Fostering a Culture of Participation: Mainstreaming Local Youth Councils in Europe&quot; Transnational Project Meeting - DYPALL Network<\/title>\n<meta name=\"robots\" content=\"index, follow, max-snippet:-1, max-image-preview:large, max-video-preview:-1\" \/>\n<link rel=\"canonical\" href=\"https:\/\/dypall.com\/fr\/activity\/fostering-a-culture-of-participation-mainstreaming-local-youth-councils-in-europe-transnational-project-meeting\/\" \/>\n<meta property=\"og:locale\" content=\"fr_FR\" \/>\n<meta property=\"og:type\" content=\"article\" \/>\n<meta property=\"og:title\" content=\"&quot;Fostering a Culture of Participation: Mainstreaming Local Youth Councils in Europe&quot; Transnational Project Meeting - DYPALL Network\" \/>\n<meta property=\"og:description\" content=\"The 2nd and last Transnational Project Meeting of the project &#8220;Fostering a Culture of Participation: Mainstreaming Local Youth Councils in Europe&#8221; took place from 18th &#8211; 19th October 2022 in Namur, Belgium. The meeting was hosted by CRECCIDE and gave the opportunity to explore the publication produced during the project, evaluate the different phases and&hellip; Poursuivre la lecture &#8220;Fostering a Culture of Participation: Mainstreaming Local Youth Councils in Europe&#8221; Transnational Project Meeting\" \/>\n<meta property=\"og:url\" content=\"https:\/\/dypall.com\/fr\/activity\/fostering-a-culture-of-participation-mainstreaming-local-youth-councils-in-europe-transnational-project-meeting\/\" \/>\n<meta property=\"og:site_name\" content=\"DYPALL Network\" \/>\n<meta property=\"article:published_time\" content=\"2022-10-26T14:12:29+00:00\" \/>\n<meta name=\"author\" content=\"DYPALL Network\" \/>\n<meta name=\"twitter:card\" content=\"summary_large_image\" \/>\n<meta name=\"twitter:label1\" content=\"Written by\" \/>\n\t<meta name=\"twitter:data1\" content=\"DYPALL Network\" \/>\n\t<meta name=\"twitter:label2\" content=\"Est. reading time\" \/>\n\t<meta name=\"twitter:data2\" content=\"2 minutes\" \/>\n<script type=\"application\/ld+json\" class=\"yoast-schema-graph\">{\"@context\":\"https:\/\/schema.org\",\"@graph\":[{\"@type\":\"WebPage\",\"@id\":\"https:\/\/dypall.com\/activity\/fostering-a-culture-of-participation-mainstreaming-local-youth-councils-in-europe-transnational-project-meeting\/\",\"url\":\"https:\/\/dypall.com\/activity\/fostering-a-culture-of-participation-mainstreaming-local-youth-councils-in-europe-transnational-project-meeting\/\",\"name\":\"\\\"Fostering a Culture of Participation: Mainstreaming Local Youth Councils in Europe\\\" Transnational Project Meeting - DYPALL Network\",\"isPartOf\":{\"@id\":\"https:\/\/dypall.com\/#website\"},\"primaryImageOfPage\":{\"@id\":\"https:\/\/dypall.com\/activity\/fostering-a-culture-of-participation-mainstreaming-local-youth-councils-in-europe-transnational-project-meeting\/#primaryimage\"},\"image\":{\"@id\":\"https:\/\/dypall.com\/activity\/fostering-a-culture-of-participation-mainstreaming-local-youth-councils-in-europe-transnational-project-meeting\/#primaryimage\"},\"thumbnailUrl\":\"\",\"datePublished\":\"2022-10-26T14:12:29+00:00\",\"dateModified\":\"2022-10-26T14:12:29+00:00\",\"author\":{\"@id\":\"https:\/\/dypall.com\/#\/schema\/person\/f92e08aa15c8ba711a9d153129f03377\"},\"breadcrumb\":{\"@id\":\"https:\/\/dypall.com\/activity\/fostering-a-culture-of-participation-mainstreaming-local-youth-councils-in-europe-transnational-project-meeting\/#breadcrumb\"},\"inLanguage\":\"fr-FR\",\"potentialAction\":[{\"@type\":\"ReadAction\",\"target\":[\"https:\/\/dypall.com\/activity\/fostering-a-culture-of-participation-mainstreaming-local-youth-councils-in-europe-transnational-project-meeting\/\"]}]},{\"@type\":\"ImageObject\",\"inLanguage\":\"fr-FR\",\"@id\":\"https:\/\/dypall.com\/activity\/fostering-a-culture-of-participation-mainstreaming-local-youth-councils-in-europe-transnational-project-meeting\/#primaryimage\",\"url\":\"\",\"contentUrl\":\"\"},{\"@type\":\"BreadcrumbList\",\"@id\":\"https:\/\/dypall.com\/activity\/fostering-a-culture-of-participation-mainstreaming-local-youth-councils-in-europe-transnational-project-meeting\/#breadcrumb\",\"itemListElement\":[{\"@type\":\"ListItem\",\"position\":1,\"name\":\"Home\",\"item\":\"https:\/\/dypall.com\/\"},{\"@type\":\"ListItem\",\"position\":2,\"name\":\"&#8220;Fostering a Culture of Participation: Mainstreaming Local Youth Councils in Europe&#8221; Transnational Project Meeting\"}]},{\"@type\":\"WebSite\",\"@id\":\"https:\/\/dypall.com\/#website\",\"url\":\"https:\/\/dypall.com\/\",\"name\":\"DYPALL Network\",\"description\":\"We are a European network of civil society organisations, municipalities and research institutions dedicated to improving democracy through youth participation.\",\"potentialAction\":[{\"@type\":\"SearchAction\",\"target\":{\"@type\":\"EntryPoint\",\"urlTemplate\":\"https:\/\/dypall.com\/?s={search_term_string}\"},\"query-input\":\"required name=search_term_string\"}],\"inLanguage\":\"fr-FR\"},{\"@type\":\"Person\",\"@id\":\"https:\/\/dypall.com\/#\/schema\/person\/f92e08aa15c8ba711a9d153129f03377\",\"name\":\"DYPALL Network\",\"image\":{\"@type\":\"ImageObject\",\"inLanguage\":\"fr-FR\",\"@id\":\"https:\/\/dypall.com\/#\/schema\/person\/image\/\",\"url\":\"https:\/\/secure.gravatar.com\/avatar\/9c39e299279800c6d69c5e02cf613e7bab060889f373052a03d7ac399e8f0d3c?s=96&d=mm&r=g\",\"contentUrl\":\"https:\/\/secure.gravatar.com\/avatar\/9c39e299279800c6d69c5e02cf613e7bab060889f373052a03d7ac399e8f0d3c?s=96&d=mm&r=g\",\"caption\":\"DYPALL Network\"},\"sameAs\":[\"https:\/\/dypall.com\"],\"url\":\"https:\/\/dypall.com\/fr\/author\/dypall\/\"}]}<\/script>\n<!-- \/ Yoast SEO plugin. -->","yoast_head_json":{"title":"\"Fostering a Culture of Participation: Mainstreaming Local Youth Councils in Europe\" Transnational Project Meeting - DYPALL Network","robots":{"index":"index","follow":"follow","max-snippet":"max-snippet:-1","max-image-preview":"max-image-preview:large","max-video-preview":"max-video-preview:-1"},"canonical":"https:\/\/dypall.com\/fr\/activity\/fostering-a-culture-of-participation-mainstreaming-local-youth-councils-in-europe-transnational-project-meeting\/","og_locale":"fr_FR","og_type":"article","og_title":"\"Fostering a Culture of Participation: Mainstreaming Local Youth Councils in Europe\" Transnational Project Meeting - DYPALL Network","og_description":"The 2nd and last Transnational Project Meeting of the project &#8220;Fostering a Culture of Participation: Mainstreaming Local Youth Councils in Europe&#8221; took place from 18th &#8211; 19th October 2022 in Namur, Belgium. The meeting was hosted by CRECCIDE and gave the opportunity to explore the publication produced during the project, evaluate the different phases and&hellip; Poursuivre la lecture &#8220;Fostering a Culture of Participation: Mainstreaming Local Youth Councils in Europe&#8221; Transnational Project Meeting","og_url":"https:\/\/dypall.com\/fr\/activity\/fostering-a-culture-of-participation-mainstreaming-local-youth-councils-in-europe-transnational-project-meeting\/","og_site_name":"DYPALL Network","article_published_time":"2022-10-26T14:12:29+00:00","author":"DYPALL Network","twitter_card":"summary_large_image","twitter_misc":{"Written by":"DYPALL Network","Est. reading time":"2 minutes"},"schema":{"@context":"https:\/\/schema.org","@graph":[{"@type":"WebPage","@id":"https:\/\/dypall.com\/activity\/fostering-a-culture-of-participation-mainstreaming-local-youth-councils-in-europe-transnational-project-meeting\/","url":"https:\/\/dypall.com\/activity\/fostering-a-culture-of-participation-mainstreaming-local-youth-councils-in-europe-transnational-project-meeting\/","name":"\"Fostering a Culture of Participation: Mainstreaming Local Youth Councils in Europe\" Transnational Project Meeting - DYPALL Network","isPartOf":{"@id":"https:\/\/dypall.com\/#website"},"primaryImageOfPage":{"@id":"https:\/\/dypall.com\/activity\/fostering-a-culture-of-participation-mainstreaming-local-youth-councils-in-europe-transnational-project-meeting\/#primaryimage"},"image":{"@id":"https:\/\/dypall.com\/activity\/fostering-a-culture-of-participation-mainstreaming-local-youth-councils-in-europe-transnational-project-meeting\/#primaryimage"},"thumbnailUrl":"","datePublished":"2022-10-26T14:12:29+00:00","dateModified":"2022-10-26T14:12:29+00:00","author":{"@id":"https:\/\/dypall.com\/#\/schema\/person\/f92e08aa15c8ba711a9d153129f03377"},"breadcrumb":{"@id":"https:\/\/dypall.com\/activity\/fostering-a-culture-of-participation-mainstreaming-local-youth-councils-in-europe-transnational-project-meeting\/#breadcrumb"},"inLanguage":"fr-FR","potentialAction":[{"@type":"ReadAction","target":["https:\/\/dypall.com\/activity\/fostering-a-culture-of-participation-mainstreaming-local-youth-councils-in-europe-transnational-project-meeting\/"]}]},{"@type":"ImageObject","inLanguage":"fr-FR","@id":"https:\/\/dypall.com\/activity\/fostering-a-culture-of-participation-mainstreaming-local-youth-councils-in-europe-transnational-project-meeting\/#primaryimage","url":"","contentUrl":""},{"@type":"BreadcrumbList","@id":"https:\/\/dypall.com\/activity\/fostering-a-culture-of-participation-mainstreaming-local-youth-councils-in-europe-transnational-project-meeting\/#breadcrumb","itemListElement":[{"@type":"ListItem","position":1,"name":"Home","item":"https:\/\/dypall.com\/"},{"@type":"ListItem","position":2,"name":"&#8220;Fostering a Culture of Participation: Mainstreaming Local Youth Councils in Europe&#8221; Transnational Project Meeting"}]},{"@type":"WebSite","@id":"https:\/\/dypall.com\/#website","url":"https:\/\/dypall.com\/","name":"DYPALL Network","description":"We are a European network of civil society organisations, municipalities and research institutions dedicated to improving democracy through youth participation.","potentialAction":[{"@type":"SearchAction","target":{"@type":"EntryPoint","urlTemplate":"https:\/\/dypall.com\/?s={search_term_string}"},"query-input":"required name=search_term_string"}],"inLanguage":"fr-FR"},{"@type":"Person","@id":"https:\/\/dypall.com\/#\/schema\/person\/f92e08aa15c8ba711a9d153129f03377","name":"DYPALL Network","image":{"@type":"ImageObject","inLanguage":"fr-FR","@id":"https:\/\/dypall.com\/#\/schema\/person\/image\/","url":"https:\/\/secure.gravatar.com\/avatar\/9c39e299279800c6d69c5e02cf613e7bab060889f373052a03d7ac399e8f0d3c?s=96&d=mm&r=g","contentUrl":"https:\/\/secure.gravatar.com\/avatar\/9c39e299279800c6d69c5e02cf613e7bab060889f373052a03d7ac399e8f0d3c?s=96&d=mm&r=g","caption":"DYPALL Network"},"sameAs":["https:\/\/dypall.com"],"url":"https:\/\/dypall.com\/fr\/author\/dypall\/"}]}},"jetpack_featured_media_url":"","jetpack_sharing_enabled":true,"_links":{"self":[{"href":"https:\/\/dypall.com\/fr\/wp-json\/wp\/v2\/posts\/6034","targetHints":{"allow":["GET"]}}],"collection":[{"href":"https:\/\/dypall.com\/fr\/wp-json\/wp\/v2\/posts"}],"about":[{"href":"https:\/\/dypall.com\/fr\/wp-json\/wp\/v2\/types\/post"}],"author":[{"embeddable":true,"href":"https:\/\/dypall.com\/fr\/wp-json\/wp\/v2\/users\/1"}],"replies":[{"embeddable":true,"href":"https:\/\/dypall.com\/fr\/wp-json\/wp\/v2\/comments?post=6034"}],"version-history":[{"count":0,"href":"https:\/\/dypall.com\/fr\/wp-json\/wp\/v2\/posts\/6034\/revisions"}],"wp:featuredmedia":[{"embeddable":true,"href":"https:\/\/dypall.com\/fr\/wp-json\/"}],"wp:attachment":[{"href":"https:\/\/dypall.com\/fr\/wp-json\/wp\/v2\/media?parent=6034"}],"wp:term":[{"taxonomy":"category","embeddable":true,"href":"https:\/\/dypall.com\/fr\/wp-json\/wp\/v2\/categories?post=6034"},{"taxonomy":"post_tag","embeddable":true,"href":"https:\/\/dypall.com\/fr\/wp-json\/wp\/v2\/tags?post=6034"}],"curies":[{"name":"wp","href":"https:\/\/api.w.org\/{rel}","templated":true}]}}