{"id":5914,"date":"2022-09-21T17:15:11","date_gmt":"2022-09-21T16:15:11","guid":{"rendered":"https:\/\/dypall.com\/?p=5914"},"modified":"2022-09-21T17:15:11","modified_gmt":"2022-09-21T16:15:11","slug":"building-synergies-for-stronger-local-democracies-partnership-building-activity","status":"publish","type":"post","link":"https:\/\/dypall.com\/fr\/activity\/building-synergies-for-stronger-local-democracies-partnership-building-activity\/","title":{"rendered":"\u00abSYNERGIES DE RENFORCEMENT DES D\u00c9MOCRATIES LOCALES\u00bb Activit\u00e9 de renforcement des partenariats"},"content":{"rendered":"<p>L\u2019activit\u00e9 de renforcement des partenariats \u00abConstruire des synergies pour des d\u00e9mocraties locales plus fortes\u00bb (PBA) a eu lieu \u00e0 partir des 12<sup>i\u00e8me<\/sup> \u00e0 17<sup>i\u00e8me<\/sup> Septembre 2022 \u00e0 Portim\u00e3o, Portugal. L'activit\u00e9 \u00e9tait d\u00e9di\u00e9e aux membres et partenaires potentiels du r\u00e9seau DYPALL. Son objectif principal \u00e9tait de mettre en place des partenariats durables et des projets futurs dans le domaine de la participation des jeunes aux processus d\u00e9cisionnels au niveau local, en tenant compte des prochaines \u00e9ch\u00e9ances d\u2019Erasmus+.<\/p>\n<p>Des repr\u00e9sentants d'organisations d'Albanie, de Gr\u00e8ce, de Pologne, du Portugal, de Mac\u00e9doine du Nord, de Roumanie, de Turquie, d'Italie, de Slov\u00e9nie, de Slovaquie et d'Allemagne se sont r\u00e9unis pour:<\/p>\n<ul>\n<li>\u00c9changer des exp\u00e9riences dans le domaine de la participation des jeunes aux processus d\u00e9cisionnels au niveau local<\/li>\n<li>Mettre en r\u00e9seau et construire des partenariats durables pour l'avenir<\/li>\n<li>Discuter des d\u00e9fis auxquels sont confront\u00e9es les d\u00e9mocraties locales et analyser les solutions possibles<\/li>\n<li>Explorer le programme Erasmus+, y compris ses nouvelles actions, r\u00e8gles et possibilit\u00e9s financi\u00e8res<\/li>\n<li>Cr\u00e9er et planifier des projets complexes dans le domaine de la participation des jeunes aux processus d\u00e9cisionnels \u00e0 appliquer dans un avenir proche.<\/li>\n<\/ul>\n<p>L'activit\u00e9 a \u00e9t\u00e9 organis\u00e9e dans le cadre d'activit\u00e9s accr\u00e9dit\u00e9es dans le domaine de la jeunesse. Il a \u00e9t\u00e9 financ\u00e9 par l'Agence nationale portugaise du programme Erasmus+ avec le soutien de la municipalit\u00e9 de Portim\u00e3o.<\/p>\n<p><a href=\"https:\/\/dypall.com\/fr\/2022\/09\/21\/building-synergies-for-stronger-local-democracies-partnership-building-activity\/whatsapp-image-2022-09-19-at-12-24-58-1\/#main\" rel=\"attachment wp-att-5928\"><img loading=\"lazy\" decoding=\"async\" class=\"alignleft size-full wp-image-5928\" src=\"https:\/\/dypall.com\/wp-content\/uploads\/2022\/09\/WhatsApp-Image-2022-09-19-at-12.24.58-1.jpeg\" alt=\"\" width=\"1600\" height=\"1462\" \/><\/a> <a href=\"https:\/\/dypall.com\/fr\/2022\/09\/21\/building-synergies-for-stronger-local-democracies-partnership-building-activity\/whatsapp-image-2022-09-19-at-12-24-58\/#main\" rel=\"attachment wp-att-5927\"><img loading=\"lazy\" decoding=\"async\" class=\"alignleft size-full wp-image-5927\" src=\"https:\/\/dypall.com\/wp-content\/uploads\/2022\/09\/WhatsApp-Image-2022-09-19-at-12.24.58.jpeg\" alt=\"\" width=\"1600\" height=\"1313\" \/><\/a> <a href=\"https:\/\/dypall.com\/fr\/2022\/09\/21\/building-synergies-for-stronger-local-democracies-partnership-building-activity\/whatsapp-image-2022-09-14-at-16-20-28-4\/#main\" rel=\"attachment wp-att-5926\"><img loading=\"lazy\" decoding=\"async\" class=\"alignleft size-full wp-image-5926\" src=\"https:\/\/dypall.com\/wp-content\/uploads\/2022\/09\/WhatsApp-Image-2022-09-14-at-16.20.28-4.jpeg\" alt=\"\" width=\"1221\" height=\"1258\" \/><\/a> <a href=\"https:\/\/dypall.com\/fr\/2022\/09\/21\/building-synergies-for-stronger-local-democracies-partnership-building-activity\/whatsapp-image-2022-09-15-at-17-13-41\/#main\" rel=\"attachment wp-att-5925\"><img loading=\"lazy\" decoding=\"async\" class=\"alignleft size-full wp-image-5925\" src=\"https:\/\/dypall.com\/wp-content\/uploads\/2022\/09\/WhatsApp-Image-2022-09-15-at-17.13.41.jpeg\" alt=\"\" width=\"923\" height=\"2048\" \/><\/a> <a href=\"https:\/\/dypall.com\/fr\/2022\/09\/21\/building-synergies-for-stronger-local-democracies-partnership-building-activity\/whatsapp-image-2022-09-14-at-19-59-12\/#main\" rel=\"attachment wp-att-5924\"><img loading=\"lazy\" decoding=\"async\" class=\"alignleft size-full wp-image-5924\" src=\"https:\/\/dypall.com\/wp-content\/uploads\/2022\/09\/WhatsApp-Image-2022-09-14-at-19.59.12.jpeg\" alt=\"\" width=\"923\" height=\"2048\" \/><\/a> <a href=\"https:\/\/dypall.com\/fr\/2022\/09\/21\/building-synergies-for-stronger-local-democracies-partnership-building-activity\/whatsapp-image-2022-09-13-at-12-46-51-1\/#main\" rel=\"attachment wp-att-5923\"><img loading=\"lazy\" decoding=\"async\" class=\"alignleft size-full wp-image-5923\" src=\"https:\/\/dypall.com\/wp-content\/uploads\/2022\/09\/WhatsApp-Image-2022-09-13-at-12.46.51-1.jpeg\" alt=\"\" width=\"1500\" height=\"2000\" \/><\/a> <a href=\"https:\/\/dypall.com\/fr\/2022\/09\/21\/building-synergies-for-stronger-local-democracies-partnership-building-activity\/whatsapp-image-2022-09-13-at-14-45-10-1\/#main\" rel=\"attachment wp-att-5922\"><img loading=\"lazy\" decoding=\"async\" class=\"alignleft size-full wp-image-5922\" src=\"https:\/\/dypall.com\/wp-content\/uploads\/2022\/09\/WhatsApp-Image-2022-09-13-at-14.45.10-1.jpeg\" alt=\"\" width=\"1500\" height=\"2000\" \/><\/a> <a href=\"https:\/\/dypall.com\/fr\/2022\/09\/21\/building-synergies-for-stronger-local-democracies-partnership-building-activity\/whatsapp-image-2022-09-13-at-14-45-11-3\/#main\" rel=\"attachment wp-att-5921\"><img loading=\"lazy\" decoding=\"async\" class=\"alignleft size-full wp-image-5921\" src=\"https:\/\/dypall.com\/wp-content\/uploads\/2022\/09\/WhatsApp-Image-2022-09-13-at-14.45.11-3.jpeg\" alt=\"\" width=\"1500\" height=\"2000\" \/><\/a><a href=\"https:\/\/dypall.com\/fr\/2022\/09\/21\/building-synergies-for-stronger-local-democracies-partnership-building-activity\/whatsapp-image-2022-09-14-at-11-37-01\/#main\" rel=\"attachment wp-att-5919\"><img loading=\"lazy\" decoding=\"async\" class=\"alignleft size-full wp-image-5919\" src=\"https:\/\/dypall.com\/wp-content\/uploads\/2022\/09\/WhatsApp-Image-2022-09-14-at-11.37.01.jpeg\" alt=\"\" width=\"1500\" height=\"2000\" \/><\/a> <a href=\"https:\/\/dypall.com\/fr\/2022\/09\/21\/building-synergies-for-stronger-local-democracies-partnership-building-activity\/whatsapp-image-2022-09-14-at-11-59-54-1\/#main\" rel=\"attachment wp-att-5918\"><img loading=\"lazy\" decoding=\"async\" class=\"alignleft size-full wp-image-5918\" src=\"https:\/\/dypall.com\/wp-content\/uploads\/2022\/09\/WhatsApp-Image-2022-09-14-at-11.59.54-1.jpeg\" alt=\"\" width=\"1600\" height=\"1478\" \/><\/a> <a href=\"https:\/\/dypall.com\/fr\/2022\/09\/21\/building-synergies-for-stronger-local-democracies-partnership-building-activity\/whatsapp-image-2022-09-14-at-11-59-54\/#main\" rel=\"attachment wp-att-5917\"><img loading=\"lazy\" decoding=\"async\" class=\"alignleft size-full wp-image-5917\" src=\"https:\/\/dypall.com\/wp-content\/uploads\/2022\/09\/WhatsApp-Image-2022-09-14-at-11.59.54.jpeg\" alt=\"\" width=\"1600\" height=\"1114\" \/><\/a> <a href=\"https:\/\/dypall.com\/fr\/2022\/09\/21\/building-synergies-for-stronger-local-democracies-partnership-building-activity\/whatsapp-image-2022-09-14-at-16-20-28-3\/#main\" rel=\"attachment wp-att-5916\"><img loading=\"lazy\" decoding=\"async\" class=\"alignleft size-full wp-image-5916\" src=\"https:\/\/dypall.com\/wp-content\/uploads\/2022\/09\/WhatsApp-Image-2022-09-14-at-16.20.28-3.jpeg\" alt=\"\" width=\"1531\" height=\"1600\" \/><\/a> <a href=\"https:\/\/dypall.com\/fr\/2022\/09\/21\/building-synergies-for-stronger-local-democracies-partnership-building-activity\/whatsapp-image-2022-09-14-at-16-20-28-2\/#main\" rel=\"attachment wp-att-5915\"><img loading=\"lazy\" decoding=\"async\" class=\"alignnone size-full wp-image-5915\" src=\"https:\/\/dypall.com\/wp-content\/uploads\/2022\/09\/WhatsApp-Image-2022-09-14-at-16.20.28-2.jpeg\" alt=\"\" width=\"1600\" height=\"1551\" \/><\/a><\/p>","protected":false},"excerpt":{"rendered":"<p>L\u2019activit\u00e9 de renforcement des partenariats \u00abConstruire des synergies pour des d\u00e9mocraties locales plus fortes\u00bb (PBA) a eu lieu du 12 au 17 septembre 2022 \u00e0 Portim\u00e3o, au Portugal. L'activit\u00e9 \u00e9tait d\u00e9di\u00e9e aux membres et partenaires potentiels du r\u00e9seau DYPALL. Son objectif principal \u00e9tait de construire des partenariats durables et des projets futurs dans le domaine de la participation des jeunes aux processus d\u00e9cisionnels... <a class=\"more-link\" href=\"https:\/\/dypall.com\/fr\/activity\/building-synergies-for-stronger-local-democracies-partnership-building-activity\/\">Poursuivre la lecture <span class=\"screen-reader-text\">\u00abSYNERGIES DE RENFORCEMENT DES D\u00c9MOCRATIES LOCALES\u00bb Activit\u00e9 de renforcement des partenariats<\/span><\/a><\/p>","protected":false},"author":1,"featured_media":5919,"comment_status":"closed","ping_status":"open","sticky":false,"template":"","format":"standard","meta":{"_acf_changed":false,"_jetpack_memberships_contains_paid_content":false,"footnotes":""},"categories":[111],"tags":[],"class_list":["post-5914","post","type-post","status-publish","format-standard","has-post-thumbnail","hentry","category-activity","entry"],"acf":[],"yoast_head":"<!-- This site is optimized with the Yoast SEO plugin v22.8 - https:\/\/yoast.com\/wordpress\/plugins\/seo\/ -->\n<title>&quot;BUILDING SYNERGIES FOR STRONGER LOCAL DEMOCRACIES&quot; Partnership Building Activity - DYPALL Network<\/title>\n<meta name=\"robots\" content=\"index, follow, max-snippet:-1, max-image-preview:large, max-video-preview:-1\" \/>\n<link rel=\"canonical\" href=\"https:\/\/dypall.com\/fr\/activity\/building-synergies-for-stronger-local-democracies-partnership-building-activity\/\" \/>\n<meta property=\"og:locale\" content=\"fr_FR\" \/>\n<meta property=\"og:type\" content=\"article\" \/>\n<meta property=\"og:title\" content=\"&quot;BUILDING SYNERGIES FOR STRONGER LOCAL DEMOCRACIES&quot; Partnership Building Activity - DYPALL Network\" \/>\n<meta property=\"og:description\" content=\"Partnership Building Activity &#8220;Building Synergies for Stronger Local Democracies&#8221; (PBA) took place from the 12th to 17th September 2022 in Portim\u00e3o, Portugal. The activity was dedicated to the members and prospective partners of DYPALL Network. Its main aim was to build sustainable partnerships and future projects in the area of youth participation in decision-making processes&hellip; Poursuivre la lecture &#8220;BUILDING SYNERGIES FOR STRONGER LOCAL DEMOCRACIES&#8221; Partnership Building Activity\" \/>\n<meta property=\"og:url\" content=\"https:\/\/dypall.com\/fr\/activity\/building-synergies-for-stronger-local-democracies-partnership-building-activity\/\" \/>\n<meta property=\"og:site_name\" content=\"DYPALL Network\" \/>\n<meta property=\"article:published_time\" content=\"2022-09-21T16:15:11+00:00\" \/>\n<meta name=\"author\" content=\"DYPALL Network\" \/>\n<meta name=\"twitter:card\" content=\"summary_large_image\" \/>\n<meta name=\"twitter:label1\" content=\"Written by\" \/>\n\t<meta name=\"twitter:data1\" content=\"DYPALL Network\" \/>\n\t<meta name=\"twitter:label2\" content=\"Est. reading time\" \/>\n\t<meta name=\"twitter:data2\" content=\"1 minute\" \/>\n<script type=\"application\/ld+json\" class=\"yoast-schema-graph\">{\"@context\":\"https:\/\/schema.org\",\"@graph\":[{\"@type\":\"WebPage\",\"@id\":\"https:\/\/dypall.com\/activity\/building-synergies-for-stronger-local-democracies-partnership-building-activity\/\",\"url\":\"https:\/\/dypall.com\/activity\/building-synergies-for-stronger-local-democracies-partnership-building-activity\/\",\"name\":\"\\\"BUILDING SYNERGIES FOR STRONGER LOCAL DEMOCRACIES\\\" Partnership Building Activity - DYPALL Network\",\"isPartOf\":{\"@id\":\"https:\/\/dypall.com\/#website\"},\"primaryImageOfPage\":{\"@id\":\"https:\/\/dypall.com\/activity\/building-synergies-for-stronger-local-democracies-partnership-building-activity\/#primaryimage\"},\"image\":{\"@id\":\"https:\/\/dypall.com\/activity\/building-synergies-for-stronger-local-democracies-partnership-building-activity\/#primaryimage\"},\"thumbnailUrl\":\"\",\"datePublished\":\"2022-09-21T16:15:11+00:00\",\"dateModified\":\"2022-09-21T16:15:11+00:00\",\"author\":{\"@id\":\"https:\/\/dypall.com\/#\/schema\/person\/f92e08aa15c8ba711a9d153129f03377\"},\"breadcrumb\":{\"@id\":\"https:\/\/dypall.com\/activity\/building-synergies-for-stronger-local-democracies-partnership-building-activity\/#breadcrumb\"},\"inLanguage\":\"fr-FR\",\"potentialAction\":[{\"@type\":\"ReadAction\",\"target\":[\"https:\/\/dypall.com\/activity\/building-synergies-for-stronger-local-democracies-partnership-building-activity\/\"]}]},{\"@type\":\"ImageObject\",\"inLanguage\":\"fr-FR\",\"@id\":\"https:\/\/dypall.com\/activity\/building-synergies-for-stronger-local-democracies-partnership-building-activity\/#primaryimage\",\"url\":\"\",\"contentUrl\":\"\"},{\"@type\":\"BreadcrumbList\",\"@id\":\"https:\/\/dypall.com\/activity\/building-synergies-for-stronger-local-democracies-partnership-building-activity\/#breadcrumb\",\"itemListElement\":[{\"@type\":\"ListItem\",\"position\":1,\"name\":\"Home\",\"item\":\"https:\/\/dypall.com\/\"},{\"@type\":\"ListItem\",\"position\":2,\"name\":\"&#8220;BUILDING SYNERGIES FOR STRONGER LOCAL DEMOCRACIES&#8221; Partnership Building Activity\"}]},{\"@type\":\"WebSite\",\"@id\":\"https:\/\/dypall.com\/#website\",\"url\":\"https:\/\/dypall.com\/\",\"name\":\"DYPALL Network\",\"description\":\"We are a European network of civil society organisations, municipalities and research institutions dedicated to improving democracy through youth participation.\",\"potentialAction\":[{\"@type\":\"SearchAction\",\"target\":{\"@type\":\"EntryPoint\",\"urlTemplate\":\"https:\/\/dypall.com\/?s={search_term_string}\"},\"query-input\":\"required name=search_term_string\"}],\"inLanguage\":\"fr-FR\"},{\"@type\":\"Person\",\"@id\":\"https:\/\/dypall.com\/#\/schema\/person\/f92e08aa15c8ba711a9d153129f03377\",\"name\":\"DYPALL Network\",\"image\":{\"@type\":\"ImageObject\",\"inLanguage\":\"fr-FR\",\"@id\":\"https:\/\/dypall.com\/#\/schema\/person\/image\/\",\"url\":\"https:\/\/secure.gravatar.com\/avatar\/9c39e299279800c6d69c5e02cf613e7bab060889f373052a03d7ac399e8f0d3c?s=96&d=mm&r=g\",\"contentUrl\":\"https:\/\/secure.gravatar.com\/avatar\/9c39e299279800c6d69c5e02cf613e7bab060889f373052a03d7ac399e8f0d3c?s=96&d=mm&r=g\",\"caption\":\"DYPALL Network\"},\"sameAs\":[\"https:\/\/dypall.com\"],\"url\":\"https:\/\/dypall.com\/fr\/author\/dypall\/\"}]}<\/script>\n<!-- \/ Yoast SEO plugin. -->","yoast_head_json":{"title":"\"BUILDING SYNERGIES FOR STRONGER LOCAL DEMOCRACIES\" Partnership Building Activity - DYPALL Network","robots":{"index":"index","follow":"follow","max-snippet":"max-snippet:-1","max-image-preview":"max-image-preview:large","max-video-preview":"max-video-preview:-1"},"canonical":"https:\/\/dypall.com\/fr\/activity\/building-synergies-for-stronger-local-democracies-partnership-building-activity\/","og_locale":"fr_FR","og_type":"article","og_title":"\"BUILDING SYNERGIES FOR STRONGER LOCAL DEMOCRACIES\" Partnership Building Activity - DYPALL Network","og_description":"Partnership Building Activity &#8220;Building Synergies for Stronger Local Democracies&#8221; (PBA) took place from the 12th to 17th September 2022 in Portim\u00e3o, Portugal. The activity was dedicated to the members and prospective partners of DYPALL Network. Its main aim was to build sustainable partnerships and future projects in the area of youth participation in decision-making processes&hellip; Poursuivre la lecture &#8220;BUILDING SYNERGIES FOR STRONGER LOCAL DEMOCRACIES&#8221; Partnership Building Activity","og_url":"https:\/\/dypall.com\/fr\/activity\/building-synergies-for-stronger-local-democracies-partnership-building-activity\/","og_site_name":"DYPALL Network","article_published_time":"2022-09-21T16:15:11+00:00","author":"DYPALL Network","twitter_card":"summary_large_image","twitter_misc":{"Written by":"DYPALL Network","Est. reading time":"1 minute"},"schema":{"@context":"https:\/\/schema.org","@graph":[{"@type":"WebPage","@id":"https:\/\/dypall.com\/activity\/building-synergies-for-stronger-local-democracies-partnership-building-activity\/","url":"https:\/\/dypall.com\/activity\/building-synergies-for-stronger-local-democracies-partnership-building-activity\/","name":"\"BUILDING SYNERGIES FOR STRONGER LOCAL DEMOCRACIES\" Partnership Building Activity - DYPALL Network","isPartOf":{"@id":"https:\/\/dypall.com\/#website"},"primaryImageOfPage":{"@id":"https:\/\/dypall.com\/activity\/building-synergies-for-stronger-local-democracies-partnership-building-activity\/#primaryimage"},"image":{"@id":"https:\/\/dypall.com\/activity\/building-synergies-for-stronger-local-democracies-partnership-building-activity\/#primaryimage"},"thumbnailUrl":"","datePublished":"2022-09-21T16:15:11+00:00","dateModified":"2022-09-21T16:15:11+00:00","author":{"@id":"https:\/\/dypall.com\/#\/schema\/person\/f92e08aa15c8ba711a9d153129f03377"},"breadcrumb":{"@id":"https:\/\/dypall.com\/activity\/building-synergies-for-stronger-local-democracies-partnership-building-activity\/#breadcrumb"},"inLanguage":"fr-FR","potentialAction":[{"@type":"ReadAction","target":["https:\/\/dypall.com\/activity\/building-synergies-for-stronger-local-democracies-partnership-building-activity\/"]}]},{"@type":"ImageObject","inLanguage":"fr-FR","@id":"https:\/\/dypall.com\/activity\/building-synergies-for-stronger-local-democracies-partnership-building-activity\/#primaryimage","url":"","contentUrl":""},{"@type":"BreadcrumbList","@id":"https:\/\/dypall.com\/activity\/building-synergies-for-stronger-local-democracies-partnership-building-activity\/#breadcrumb","itemListElement":[{"@type":"ListItem","position":1,"name":"Home","item":"https:\/\/dypall.com\/"},{"@type":"ListItem","position":2,"name":"&#8220;BUILDING SYNERGIES FOR STRONGER LOCAL DEMOCRACIES&#8221; Partnership Building Activity"}]},{"@type":"WebSite","@id":"https:\/\/dypall.com\/#website","url":"https:\/\/dypall.com\/","name":"DYPALL Network","description":"We are a European network of civil society organisations, municipalities and research institutions dedicated to improving democracy through youth participation.","potentialAction":[{"@type":"SearchAction","target":{"@type":"EntryPoint","urlTemplate":"https:\/\/dypall.com\/?s={search_term_string}"},"query-input":"required name=search_term_string"}],"inLanguage":"fr-FR"},{"@type":"Person","@id":"https:\/\/dypall.com\/#\/schema\/person\/f92e08aa15c8ba711a9d153129f03377","name":"DYPALL Network","image":{"@type":"ImageObject","inLanguage":"fr-FR","@id":"https:\/\/dypall.com\/#\/schema\/person\/image\/","url":"https:\/\/secure.gravatar.com\/avatar\/9c39e299279800c6d69c5e02cf613e7bab060889f373052a03d7ac399e8f0d3c?s=96&d=mm&r=g","contentUrl":"https:\/\/secure.gravatar.com\/avatar\/9c39e299279800c6d69c5e02cf613e7bab060889f373052a03d7ac399e8f0d3c?s=96&d=mm&r=g","caption":"DYPALL Network"},"sameAs":["https:\/\/dypall.com"],"url":"https:\/\/dypall.com\/fr\/author\/dypall\/"}]}},"jetpack_featured_media_url":"","jetpack_sharing_enabled":true,"_links":{"self":[{"href":"https:\/\/dypall.com\/fr\/wp-json\/wp\/v2\/posts\/5914","targetHints":{"allow":["GET"]}}],"collection":[{"href":"https:\/\/dypall.com\/fr\/wp-json\/wp\/v2\/posts"}],"about":[{"href":"https:\/\/dypall.com\/fr\/wp-json\/wp\/v2\/types\/post"}],"author":[{"embeddable":true,"href":"https:\/\/dypall.com\/fr\/wp-json\/wp\/v2\/users\/1"}],"replies":[{"embeddable":true,"href":"https:\/\/dypall.com\/fr\/wp-json\/wp\/v2\/comments?post=5914"}],"version-history":[{"count":0,"href":"https:\/\/dypall.com\/fr\/wp-json\/wp\/v2\/posts\/5914\/revisions"}],"wp:featuredmedia":[{"embeddable":true,"href":"https:\/\/dypall.com\/fr\/wp-json\/"}],"wp:attachment":[{"href":"https:\/\/dypall.com\/fr\/wp-json\/wp\/v2\/media?parent=5914"}],"wp:term":[{"taxonomy":"category","embeddable":true,"href":"https:\/\/dypall.com\/fr\/wp-json\/wp\/v2\/categories?post=5914"},{"taxonomy":"post_tag","embeddable":true,"href":"https:\/\/dypall.com\/fr\/wp-json\/wp\/v2\/tags?post=5914"}],"curies":[{"name":"wp","href":"https:\/\/api.w.org\/{rel}","templated":true}]}}