{"id":5745,"date":"2022-07-29T12:13:27","date_gmt":"2022-07-29T11:13:27","guid":{"rendered":"https:\/\/dypall.com\/?p=5745"},"modified":"2022-07-29T12:13:27","modified_gmt":"2022-07-29T11:13:27","slug":"youth-for-active-society-yas-project-kickoff-meeting-in-bologna-italy","status":"publish","type":"post","link":"https:\/\/dypall.com\/fr\/activity\/youth-for-active-society-yas-project-kickoff-meeting-in-bologna-italy\/","title":{"rendered":"PROJET \u00abYOUTH FOR ACTIVE SOCIETY (YAS)\u00bb \u2013 R\u00c9UNION DE KICKOFF \u00e0 BOLOGNE, ITALIE"},"content":{"rendered":"<p>Les 28 et 29 juillet, la r\u00e9union de lancement du <strong>\u00abJeunesse pour une soci\u00e9t\u00e9 active\u00bb<\/strong> Le projet a eu lieu \u00e0 Bologne, en Italie. Le projet vise \u00e0 cartographier les politiques de la jeunesse dans les municipalit\u00e9s locales et \u00e0 jeter des ponts entre les jeunes, les animateurs socio-\u00e9ducatifs des ONG et les autorit\u00e9s locales.<\/p>\n<p>Cette premi\u00e8re rencontre a \u00e9t\u00e9 une excellente occasion pour les partenaires de se rencontrer en personne et de discuter des recherches r\u00e9alis\u00e9es pour la premi\u00e8re production intellectuelle, \u00e0 savoir une vid\u00e9o interactive sur les politiques locales de la jeunesse dans certaines municipalit\u00e9s des pays partenaires, cartographi\u00e9e gr\u00e2ce aux entretiens men\u00e9s par tous les animateurs socio-\u00e9ducatifs depuis le d\u00e9but du projet en mars 2022.<\/p>\n<p>De plus, h\u00e9berg\u00e9s \u00e0 la Villa Terracini, un lieu historique dans la campagne de Bologne, tous les partenaires ont eu l'occasion de discuter de l'\u00e9valuation, de la strat\u00e9gie de diffusion et de la communication, de planifier les prochaines \u00e9tapes et de pr\u00e9voir les prochains r\u00e9sultats des projets, \u00e0 savoir: <strong>Deuxi\u00e8me r\u00e9union transnationale de projet au Portugal<\/strong>, le <strong>LTTA en Pologne<\/strong> et la <strong>deuxi\u00e8me production intellectuelle<\/strong>.<\/p>\n<p>Le projet est men\u00e9 par <a href=\"https:\/\/www.facebook.com\/Fundacja-Ornament-106372355063466\/\">Ornement de Fundacja<\/a> (Pologne), en partenariat avec le r\u00e9seau DYPALL, <a href=\"http:\/\/krik.org.mk\/?fbclid=IwAR1hQyFXxuTKlVzlPjas2aoh9WAhPxkG7buU4zKaNF43za5Yu6vaHnFVHx0\">Krik<\/a> (Mac\u00e9doine du Nord), <a href=\"https:\/\/dark-1.com\/\">Obscur \u2013 1<\/a> (Mac\u00e9doine du Nord), <a href=\"https:\/\/www.bangherang.it\/?page_id=5044&amp;lang=en\">Bangherang<\/a> (Italie), cofinanc\u00e9 par <strong>Union europ\u00e9enne<\/strong> \u00e0 travers le <strong>Programme Erasmus+<\/strong> et \u00e0 travers le <strong>Agence nationale polonaise.<\/strong><\/p>\n<p><a href=\"https:\/\/dypall.com\/fr\/2022\/07\/29\/youth-for-active-society-yas-project-kickoff-meeting-in-bologna-italy\/whatsapp-image-2022-07-28-at-13-33-59-1\/#main\" rel=\"attachment wp-att-5746\"><img loading=\"lazy\" decoding=\"async\" class=\"alignleft size-full wp-image-5746\" src=\"https:\/\/dypall.com\/wp-content\/uploads\/2022\/07\/WhatsApp-Image-2022-07-28-at-13.33.59-1.jpeg\" alt=\"\" width=\"2048\" height=\"1536\" \/><\/a> <a href=\"https:\/\/dypall.com\/fr\/2022\/07\/29\/youth-for-active-society-yas-project-kickoff-meeting-in-bologna-italy\/whatsapp-image-2022-07-28-at-13-33-59-2\/#main\" rel=\"attachment wp-att-5747\"><img loading=\"lazy\" decoding=\"async\" class=\"alignleft size-full wp-image-5747\" src=\"https:\/\/dypall.com\/wp-content\/uploads\/2022\/07\/WhatsApp-Image-2022-07-28-at-13.33.59-2.jpeg\" alt=\"\" width=\"1536\" height=\"2048\" \/><\/a> <a href=\"https:\/\/dypall.com\/fr\/2022\/07\/29\/youth-for-active-society-yas-project-kickoff-meeting-in-bologna-italy\/whatsapp-image-2022-07-28-at-13-33-59-3\/#main\" rel=\"attachment wp-att-5748\"><img loading=\"lazy\" decoding=\"async\" class=\"alignleft size-full wp-image-5748\" src=\"https:\/\/dypall.com\/wp-content\/uploads\/2022\/07\/WhatsApp-Image-2022-07-28-at-13.33.59-3.jpeg\" alt=\"\" width=\"1536\" height=\"2048\" \/><\/a><\/p>","protected":false},"excerpt":{"rendered":"<p>Les 28 et 29 juillet, la r\u00e9union de lancement du projet \u00abJeunesse pour une soci\u00e9t\u00e9 active\u00bb a eu lieu \u00e0 Bologne, en Italie. Le projet vise \u00e0 cartographier les politiques de la jeunesse dans les municipalit\u00e9s locales et \u00e0 jeter des ponts entre les jeunes, les animateurs socio-\u00e9ducatifs des ONG et les autorit\u00e9s locales. Cette premi\u00e8re rencontre a \u00e9t\u00e9 une belle occasion pour les partenaires de se rencontrer... <a class=\"more-link\" href=\"https:\/\/dypall.com\/fr\/activity\/youth-for-active-society-yas-project-kickoff-meeting-in-bologna-italy\/\">Poursuivre la lecture <span class=\"screen-reader-text\">PROJET \u00abYOUTH FOR ACTIVE SOCIETY (YAS)\u00bb \u2013 R\u00c9UNION DE KICKOFF \u00e0 BOLOGNE, ITALIE<\/span><\/a><\/p>","protected":false},"author":1,"featured_media":5750,"comment_status":"closed","ping_status":"open","sticky":false,"template":"","format":"standard","meta":{"_acf_changed":false,"_jetpack_memberships_contains_paid_content":false,"footnotes":""},"categories":[111],"tags":[],"class_list":["post-5745","post","type-post","status-publish","format-standard","has-post-thumbnail","hentry","category-activity","entry"],"acf":[],"yoast_head":"<!-- This site is optimized with the Yoast SEO plugin v22.8 - https:\/\/yoast.com\/wordpress\/plugins\/seo\/ -->\n<title>\u201cYOUTH FOR ACTIVE SOCIETY (YAS)\u201d PROJECT - KICKOFF MEETING in BOLOGNA, ITALY - DYPALL Network<\/title>\n<meta name=\"robots\" content=\"index, follow, max-snippet:-1, max-image-preview:large, max-video-preview:-1\" \/>\n<link rel=\"canonical\" href=\"https:\/\/dypall.com\/fr\/activity\/youth-for-active-society-yas-project-kickoff-meeting-in-bologna-italy\/\" \/>\n<meta property=\"og:locale\" content=\"fr_FR\" \/>\n<meta property=\"og:type\" content=\"article\" \/>\n<meta property=\"og:title\" content=\"\u201cYOUTH FOR ACTIVE SOCIETY (YAS)\u201d PROJECT - KICKOFF MEETING in BOLOGNA, ITALY - DYPALL Network\" \/>\n<meta property=\"og:description\" content=\"On 28th &#8211; 29th July, the kick-off meeting of the &#8220;Youth for Active Society (YAS)&#8221; project took place in Bologna, Italy. The project aims to map youth policies in local municipalities and build bridges between youngsters, youth workers from NGOs and local authorities. This first meeting was a great opportunity for the partners to meet&hellip; Poursuivre la lecture \u201cYOUTH FOR ACTIVE SOCIETY (YAS)\u201d PROJECT &#8211; KICKOFF MEETING in BOLOGNA, ITALY\" \/>\n<meta property=\"og:url\" content=\"https:\/\/dypall.com\/fr\/activity\/youth-for-active-society-yas-project-kickoff-meeting-in-bologna-italy\/\" \/>\n<meta property=\"og:site_name\" content=\"DYPALL Network\" \/>\n<meta property=\"article:published_time\" content=\"2022-07-29T11:13:27+00:00\" \/>\n<meta name=\"author\" content=\"DYPALL Network\" \/>\n<meta name=\"twitter:card\" content=\"summary_large_image\" \/>\n<meta name=\"twitter:label1\" content=\"Written by\" \/>\n\t<meta name=\"twitter:data1\" content=\"DYPALL Network\" \/>\n\t<meta name=\"twitter:label2\" content=\"Est. reading time\" \/>\n\t<meta name=\"twitter:data2\" content=\"1 minute\" \/>\n<script type=\"application\/ld+json\" class=\"yoast-schema-graph\">{\"@context\":\"https:\/\/schema.org\",\"@graph\":[{\"@type\":\"WebPage\",\"@id\":\"https:\/\/dypall.com\/activity\/youth-for-active-society-yas-project-kickoff-meeting-in-bologna-italy\/\",\"url\":\"https:\/\/dypall.com\/activity\/youth-for-active-society-yas-project-kickoff-meeting-in-bologna-italy\/\",\"name\":\"\u201cYOUTH FOR ACTIVE SOCIETY (YAS)\u201d PROJECT - KICKOFF MEETING in BOLOGNA, ITALY - DYPALL Network\",\"isPartOf\":{\"@id\":\"https:\/\/dypall.com\/#website\"},\"primaryImageOfPage\":{\"@id\":\"https:\/\/dypall.com\/activity\/youth-for-active-society-yas-project-kickoff-meeting-in-bologna-italy\/#primaryimage\"},\"image\":{\"@id\":\"https:\/\/dypall.com\/activity\/youth-for-active-society-yas-project-kickoff-meeting-in-bologna-italy\/#primaryimage\"},\"thumbnailUrl\":\"\",\"datePublished\":\"2022-07-29T11:13:27+00:00\",\"dateModified\":\"2022-07-29T11:13:27+00:00\",\"author\":{\"@id\":\"https:\/\/dypall.com\/#\/schema\/person\/f92e08aa15c8ba711a9d153129f03377\"},\"breadcrumb\":{\"@id\":\"https:\/\/dypall.com\/activity\/youth-for-active-society-yas-project-kickoff-meeting-in-bologna-italy\/#breadcrumb\"},\"inLanguage\":\"fr-FR\",\"potentialAction\":[{\"@type\":\"ReadAction\",\"target\":[\"https:\/\/dypall.com\/activity\/youth-for-active-society-yas-project-kickoff-meeting-in-bologna-italy\/\"]}]},{\"@type\":\"ImageObject\",\"inLanguage\":\"fr-FR\",\"@id\":\"https:\/\/dypall.com\/activity\/youth-for-active-society-yas-project-kickoff-meeting-in-bologna-italy\/#primaryimage\",\"url\":\"\",\"contentUrl\":\"\"},{\"@type\":\"BreadcrumbList\",\"@id\":\"https:\/\/dypall.com\/activity\/youth-for-active-society-yas-project-kickoff-meeting-in-bologna-italy\/#breadcrumb\",\"itemListElement\":[{\"@type\":\"ListItem\",\"position\":1,\"name\":\"Home\",\"item\":\"https:\/\/dypall.com\/\"},{\"@type\":\"ListItem\",\"position\":2,\"name\":\"\u201cYOUTH FOR ACTIVE SOCIETY (YAS)\u201d PROJECT &#8211; KICKOFF MEETING in BOLOGNA, ITALY\"}]},{\"@type\":\"WebSite\",\"@id\":\"https:\/\/dypall.com\/#website\",\"url\":\"https:\/\/dypall.com\/\",\"name\":\"DYPALL Network\",\"description\":\"We are a European network of civil society organisations, municipalities and research institutions dedicated to improving democracy through youth participation.\",\"potentialAction\":[{\"@type\":\"SearchAction\",\"target\":{\"@type\":\"EntryPoint\",\"urlTemplate\":\"https:\/\/dypall.com\/?s={search_term_string}\"},\"query-input\":\"required name=search_term_string\"}],\"inLanguage\":\"fr-FR\"},{\"@type\":\"Person\",\"@id\":\"https:\/\/dypall.com\/#\/schema\/person\/f92e08aa15c8ba711a9d153129f03377\",\"name\":\"DYPALL Network\",\"image\":{\"@type\":\"ImageObject\",\"inLanguage\":\"fr-FR\",\"@id\":\"https:\/\/dypall.com\/#\/schema\/person\/image\/\",\"url\":\"https:\/\/secure.gravatar.com\/avatar\/9c39e299279800c6d69c5e02cf613e7bab060889f373052a03d7ac399e8f0d3c?s=96&d=mm&r=g\",\"contentUrl\":\"https:\/\/secure.gravatar.com\/avatar\/9c39e299279800c6d69c5e02cf613e7bab060889f373052a03d7ac399e8f0d3c?s=96&d=mm&r=g\",\"caption\":\"DYPALL Network\"},\"sameAs\":[\"https:\/\/dypall.com\"],\"url\":\"https:\/\/dypall.com\/fr\/author\/dypall\/\"}]}<\/script>\n<!-- \/ Yoast SEO plugin. -->","yoast_head_json":{"title":"\u201cYOUTH FOR ACTIVE SOCIETY (YAS)\u201d PROJECT - KICKOFF MEETING in BOLOGNA, ITALY - DYPALL Network","robots":{"index":"index","follow":"follow","max-snippet":"max-snippet:-1","max-image-preview":"max-image-preview:large","max-video-preview":"max-video-preview:-1"},"canonical":"https:\/\/dypall.com\/fr\/activity\/youth-for-active-society-yas-project-kickoff-meeting-in-bologna-italy\/","og_locale":"fr_FR","og_type":"article","og_title":"\u201cYOUTH FOR ACTIVE SOCIETY (YAS)\u201d PROJECT - KICKOFF MEETING in BOLOGNA, ITALY - DYPALL Network","og_description":"On 28th &#8211; 29th July, the kick-off meeting of the &#8220;Youth for Active Society (YAS)&#8221; project took place in Bologna, Italy. The project aims to map youth policies in local municipalities and build bridges between youngsters, youth workers from NGOs and local authorities. This first meeting was a great opportunity for the partners to meet&hellip; Poursuivre la lecture \u201cYOUTH FOR ACTIVE SOCIETY (YAS)\u201d PROJECT &#8211; KICKOFF MEETING in BOLOGNA, ITALY","og_url":"https:\/\/dypall.com\/fr\/activity\/youth-for-active-society-yas-project-kickoff-meeting-in-bologna-italy\/","og_site_name":"DYPALL Network","article_published_time":"2022-07-29T11:13:27+00:00","author":"DYPALL Network","twitter_card":"summary_large_image","twitter_misc":{"Written by":"DYPALL Network","Est. reading time":"1 minute"},"schema":{"@context":"https:\/\/schema.org","@graph":[{"@type":"WebPage","@id":"https:\/\/dypall.com\/activity\/youth-for-active-society-yas-project-kickoff-meeting-in-bologna-italy\/","url":"https:\/\/dypall.com\/activity\/youth-for-active-society-yas-project-kickoff-meeting-in-bologna-italy\/","name":"\u201cYOUTH FOR ACTIVE SOCIETY (YAS)\u201d PROJECT - KICKOFF MEETING in BOLOGNA, ITALY - DYPALL Network","isPartOf":{"@id":"https:\/\/dypall.com\/#website"},"primaryImageOfPage":{"@id":"https:\/\/dypall.com\/activity\/youth-for-active-society-yas-project-kickoff-meeting-in-bologna-italy\/#primaryimage"},"image":{"@id":"https:\/\/dypall.com\/activity\/youth-for-active-society-yas-project-kickoff-meeting-in-bologna-italy\/#primaryimage"},"thumbnailUrl":"","datePublished":"2022-07-29T11:13:27+00:00","dateModified":"2022-07-29T11:13:27+00:00","author":{"@id":"https:\/\/dypall.com\/#\/schema\/person\/f92e08aa15c8ba711a9d153129f03377"},"breadcrumb":{"@id":"https:\/\/dypall.com\/activity\/youth-for-active-society-yas-project-kickoff-meeting-in-bologna-italy\/#breadcrumb"},"inLanguage":"fr-FR","potentialAction":[{"@type":"ReadAction","target":["https:\/\/dypall.com\/activity\/youth-for-active-society-yas-project-kickoff-meeting-in-bologna-italy\/"]}]},{"@type":"ImageObject","inLanguage":"fr-FR","@id":"https:\/\/dypall.com\/activity\/youth-for-active-society-yas-project-kickoff-meeting-in-bologna-italy\/#primaryimage","url":"","contentUrl":""},{"@type":"BreadcrumbList","@id":"https:\/\/dypall.com\/activity\/youth-for-active-society-yas-project-kickoff-meeting-in-bologna-italy\/#breadcrumb","itemListElement":[{"@type":"ListItem","position":1,"name":"Home","item":"https:\/\/dypall.com\/"},{"@type":"ListItem","position":2,"name":"\u201cYOUTH FOR ACTIVE SOCIETY (YAS)\u201d PROJECT &#8211; KICKOFF MEETING in BOLOGNA, ITALY"}]},{"@type":"WebSite","@id":"https:\/\/dypall.com\/#website","url":"https:\/\/dypall.com\/","name":"DYPALL Network","description":"We are a European network of civil society organisations, municipalities and research institutions dedicated to improving democracy through youth participation.","potentialAction":[{"@type":"SearchAction","target":{"@type":"EntryPoint","urlTemplate":"https:\/\/dypall.com\/?s={search_term_string}"},"query-input":"required name=search_term_string"}],"inLanguage":"fr-FR"},{"@type":"Person","@id":"https:\/\/dypall.com\/#\/schema\/person\/f92e08aa15c8ba711a9d153129f03377","name":"DYPALL Network","image":{"@type":"ImageObject","inLanguage":"fr-FR","@id":"https:\/\/dypall.com\/#\/schema\/person\/image\/","url":"https:\/\/secure.gravatar.com\/avatar\/9c39e299279800c6d69c5e02cf613e7bab060889f373052a03d7ac399e8f0d3c?s=96&d=mm&r=g","contentUrl":"https:\/\/secure.gravatar.com\/avatar\/9c39e299279800c6d69c5e02cf613e7bab060889f373052a03d7ac399e8f0d3c?s=96&d=mm&r=g","caption":"DYPALL Network"},"sameAs":["https:\/\/dypall.com"],"url":"https:\/\/dypall.com\/fr\/author\/dypall\/"}]}},"jetpack_featured_media_url":"","jetpack_sharing_enabled":true,"_links":{"self":[{"href":"https:\/\/dypall.com\/fr\/wp-json\/wp\/v2\/posts\/5745","targetHints":{"allow":["GET"]}}],"collection":[{"href":"https:\/\/dypall.com\/fr\/wp-json\/wp\/v2\/posts"}],"about":[{"href":"https:\/\/dypall.com\/fr\/wp-json\/wp\/v2\/types\/post"}],"author":[{"embeddable":true,"href":"https:\/\/dypall.com\/fr\/wp-json\/wp\/v2\/users\/1"}],"replies":[{"embeddable":true,"href":"https:\/\/dypall.com\/fr\/wp-json\/wp\/v2\/comments?post=5745"}],"version-history":[{"count":0,"href":"https:\/\/dypall.com\/fr\/wp-json\/wp\/v2\/posts\/5745\/revisions"}],"wp:featuredmedia":[{"embeddable":true,"href":"https:\/\/dypall.com\/fr\/wp-json\/"}],"wp:attachment":[{"href":"https:\/\/dypall.com\/fr\/wp-json\/wp\/v2\/media?parent=5745"}],"wp:term":[{"taxonomy":"category","embeddable":true,"href":"https:\/\/dypall.com\/fr\/wp-json\/wp\/v2\/categories?post=5745"},{"taxonomy":"post_tag","embeddable":true,"href":"https:\/\/dypall.com\/fr\/wp-json\/wp\/v2\/tags?post=5745"}],"curies":[{"name":"wp","href":"https:\/\/api.w.org\/{rel}","templated":true}]}}