{"id":5593,"date":"2022-05-26T16:39:11","date_gmt":"2022-05-26T15:39:11","guid":{"rendered":"https:\/\/dypall.com\/?p=5593"},"modified":"2022-05-26T16:39:11","modified_gmt":"2022-05-26T15:39:11","slug":"final-conference-of-the-project-management-systems-of-coworking-spaces-for-social-innovation-athens","status":"publish","type":"post","link":"https:\/\/dypall.com\/fr\/conference\/final-conference-of-the-project-management-systems-of-coworking-spaces-for-social-innovation-athens\/","title":{"rendered":"Conf\u00e9rence finale du projet \u00abSyst\u00e8mes de gestion des espaces de coworking pour l\u2019innovation sociale\u00bb"},"content":{"rendered":"<div>\n<div class=\"\" dir=\"auto\">\n<div id=\"jsc_c_rb\" class=\"ecm0bbzt hv4rvrfc ihqw7lf3 dati1w0a\" data-ad-comet-preview=\"message\" data-ad-preview=\"message\">\n<div class=\"j83agx80 cbu4d94t ew0dbk1b irj2b8pg\">\n<div class=\"qzhwtbm6 knvmm38d\">\n<div class=\"kvgmc6g5 cxmmr5t8 oygrvhab hcukyx3x c1et5uql ii04i59q\">\n<div dir=\"auto\">\n<p>Du 23 au 26 mai, le r\u00e9seau DYPALL a particip\u00e9 \u00e0 la r\u00e9union finale et \u00e0 la conf\u00e9rence du <strong>projet \u00abSyst\u00e8mes de gestion des espaces de coworking pour l\u2019innovation sociale\u00bb<\/strong>.<\/p>\n<p>Au cours de la conf\u00e9rence, les partenaires du projet ont partag\u00e9 les bonnes pratiques et les outils pratiques cartographi\u00e9s au cours du projet, sous les th\u00e8mes suivants:<\/p>\n<ul>\n<li>Stimuler le potentiel d\u2019apprentissage des espaces de coworking<\/li>\n<li>Jeunes et espaces de coworking \u2013 Univers des possibilit\u00e9s.<\/li>\n<li>Impact des espaces de coworking dans les communaut\u00e9s locales<\/li>\n<\/ul>\n<p>La conf\u00e9rence a \u00e9t\u00e9 l\u2019occasion de partager les r\u00e9sultats finaux du projet: <strong>la publication Espaces de coworking pour l\u2019innovation sociale \u2013 \u00c9tude sur les bonnes pratiques<\/strong>. Il pr\u00e9sente 19 pratiques soigneusement s\u00e9lectionn\u00e9es cartographi\u00e9es parmi les espaces de coworking de 9 pays en mettant l'accent sur le renforcement de l'entrepreneuriat social et l'impact positif sur les communaut\u00e9s locales.<\/p>\n<\/div>\n<\/div>\n<div class=\"kvgmc6g5 cxmmr5t8 oygrvhab hcukyx3x c1et5uql ii04i59q\">\n<div dir=\"auto\">\n<p>Nous avons concentr\u00e9 nos recherches sur les pratiques qui:<\/p>\n<ul>\n<li><strong>POTENTIEL D'APPRENTISSAGE<\/strong> parmi les membres des espaces de coworking<\/li>\n<li>sont<strong> ORIENT\u00c9 SUR LES JEUNES<\/strong> et soutenir les jeunes par des programmes sp\u00e9ciaux<\/li>\n<li>augmenter le positif <strong>IMPACT SOCIAL LOCAL<\/strong> d'un espace de coworking<\/li>\n<li>repr\u00e9sentent int\u00e9ressant et pr\u00e9cieux <strong>PROGRAMMES DE SOUTIEN<\/strong>.<\/li>\n<\/ul>\n<p><strong>La publication est disponible ici<\/strong>: <a href=\"http:\/\/tiny.cc\/coworkingpublication\">http:\/\/tiny.cc\/coworkingpublication<\/a><\/p>\n<p>La publication est le r\u00e9sultat final du projet.<strong>Syst\u00e8mes de gestion des espaces de coworking pour l'innovation sociale<\/strong>\u201d g\u00e9r\u00e9 par DYPALL Network (Portugal) en coop\u00e9ration avec <a href=\"http:\/\/cris.org.pl\/\">Centrum Rozwoju Inicjatyw Spo\u0142ecznych CRIS<\/a>\u00a0(Pologne),\u00a0<a href=\"http:\/\/sende.co\/\">Envoyer<\/a>\u00a0(Espagne),\u00a0<a href=\"https:\/\/www.socialcity.at\/\">Ville sociale Wien<\/a> (Autriche),\u00a0<a href=\"https:\/\/higgs3.org\/en\/higgs\/\">HIGGS<\/a> (Gr\u00e8ce), et le r\u00e9seau international d'espaces de coworking <a href=\"https:\/\/impacthub.net\/\">P\u00f4le d'impact<\/a>. Il a \u00e9t\u00e9 financ\u00e9 dans le cadre du programme d\u2019\u00e9change de bonnes pratiques Erasmus+ KA2 par le <a href=\"https:\/\/erasmusplus.org.pl\/\">Agence nationale polonaise du programme Erasmus+<\/a>.<\/p>\n<\/div>\n<\/div>\n<\/div>\n<\/div>\n<\/div>\n<\/div>\n<\/div>\n<div>\n<div class=\"\" dir=\"auto\">\n<div id=\"jsc_c_rb\" class=\"ecm0bbzt hv4rvrfc ihqw7lf3 dati1w0a\" data-ad-comet-preview=\"message\" data-ad-preview=\"message\">\n<div class=\"j83agx80 cbu4d94t ew0dbk1b irj2b8pg\">\n<div class=\"qzhwtbm6 knvmm38d\">\n<div class=\"cxmmr5t8 oygrvhab hcukyx3x c1et5uql o9v6fnle ii04i59q\">\n<div dir=\"auto\"><\/div>\n<\/div>\n<\/div>\n<\/div>\n<\/div>\n<div dir=\"auto\"><a href=\"https:\/\/dypall.com\/fr\/2022\/05\/26\/final-conference-of-the-project-management-systems-of-coworking-spaces-for-social-innovation-athens\/1-21\/#main\" rel=\"attachment wp-att-5594\"><img loading=\"lazy\" decoding=\"async\" class=\"alignleft size-large wp-image-5594\" src=\"https:\/\/dypall.com\/wp-content\/uploads\/2022\/06\/1-1024x768.jpeg\" alt=\"\" width=\"1024\" height=\"768\" \/><\/a> <a href=\"https:\/\/dypall.com\/fr\/2022\/05\/26\/final-conference-of-the-project-management-systems-of-coworking-spaces-for-social-innovation-athens\/2-22\/#main\" rel=\"attachment wp-att-5595\"><img loading=\"lazy\" decoding=\"async\" class=\"alignleft size-large wp-image-5595\" src=\"https:\/\/dypall.com\/wp-content\/uploads\/2022\/06\/2-1024x768.jpeg\" alt=\"\" width=\"1024\" height=\"768\" \/><\/a> <a href=\"https:\/\/dypall.com\/fr\/2022\/05\/26\/final-conference-of-the-project-management-systems-of-coworking-spaces-for-social-innovation-athens\/3-18\/#main\" rel=\"attachment wp-att-5596\"><img loading=\"lazy\" decoding=\"async\" class=\"alignleft size-large wp-image-5596\" src=\"https:\/\/dypall.com\/wp-content\/uploads\/2022\/06\/3-1024x768.jpeg\" alt=\"\" width=\"1024\" height=\"768\" \/><\/a> <a href=\"https:\/\/dypall.com\/fr\/2022\/05\/26\/final-conference-of-the-project-management-systems-of-coworking-spaces-for-social-innovation-athens\/7-10\/#main\" rel=\"attachment wp-att-5597\"><img loading=\"lazy\" decoding=\"async\" class=\"alignleft size-large wp-image-5597\" src=\"https:\/\/dypall.com\/wp-content\/uploads\/2022\/06\/7-1024x768.jpeg\" alt=\"\" width=\"1024\" height=\"768\" \/><\/a><\/div>\n<\/div>\n<\/div>","protected":false},"excerpt":{"rendered":"<p>Du 23 au 26 mai, le r\u00e9seau DYPALL a particip\u00e9 \u00e0 la r\u00e9union finale et \u00e0 la conf\u00e9rence du projet \u00abSyst\u00e8mes de gestion des espaces de coworking pour l\u2019innovation sociale\u00bb. Au cours de la conf\u00e9rence, les partenaires du projet ont partag\u00e9 les bonnes pratiques et les outils pratiques cartographi\u00e9s au cours du projet, sous les th\u00e8mes suivants: Stimuler le potentiel d\u2019apprentissage des espaces de coworking Jeunes et espaces de coworking \u2013... <a class=\"more-link\" href=\"https:\/\/dypall.com\/fr\/conference\/final-conference-of-the-project-management-systems-of-coworking-spaces-for-social-innovation-athens\/\">Poursuivre la lecture <span class=\"screen-reader-text\">Conf\u00e9rence finale du projet \u00abSyst\u00e8mes de gestion des espaces de coworking pour l\u2019innovation sociale\u00bb<\/span><\/a><\/p>","protected":false},"author":2,"featured_media":5594,"comment_status":"closed","ping_status":"open","sticky":false,"template":"","format":"standard","meta":{"_acf_changed":false,"_jetpack_memberships_contains_paid_content":false,"footnotes":""},"categories":[112],"tags":[],"class_list":["post-5593","post","type-post","status-publish","format-standard","has-post-thumbnail","hentry","category-conference","entry"],"acf":[],"yoast_head":"<!-- This site is optimized with the Yoast SEO plugin v22.8 - https:\/\/yoast.com\/wordpress\/plugins\/seo\/ -->\n<title>Final conference of the project &quot;Management systems of coworking spaces for social innovation&quot; - DYPALL Network<\/title>\n<meta name=\"robots\" content=\"index, follow, max-snippet:-1, max-image-preview:large, max-video-preview:-1\" \/>\n<link rel=\"canonical\" href=\"https:\/\/dypall.com\/fr\/conference\/final-conference-of-the-project-management-systems-of-coworking-spaces-for-social-innovation-athens\/\" \/>\n<meta property=\"og:locale\" content=\"fr_FR\" \/>\n<meta property=\"og:type\" content=\"article\" \/>\n<meta property=\"og:title\" content=\"Final conference of the project &quot;Management systems of coworking spaces for social innovation&quot; - DYPALL Network\" \/>\n<meta property=\"og:description\" content=\"On the 23-26.05 DYPALL Network took part in the final meeting and conference of the project &#8220;Management Systems of Coworking Spaces for Social Innovation&#8221;. During the conference, project partners shared good practices and practical tools mapped during the project, under the following topics: Boosting learning potential of coworking spaces Young people and coworking spaces &#8211;&hellip; Poursuivre la lecture Final conference of the project &#8220;Management systems of coworking spaces for social innovation&#8221;\" \/>\n<meta property=\"og:url\" content=\"https:\/\/dypall.com\/fr\/conference\/final-conference-of-the-project-management-systems-of-coworking-spaces-for-social-innovation-athens\/\" \/>\n<meta property=\"og:site_name\" content=\"DYPALL Network\" \/>\n<meta property=\"article:published_time\" content=\"2022-05-26T15:39:11+00:00\" \/>\n<meta name=\"author\" content=\"dypall\" \/>\n<meta name=\"twitter:card\" content=\"summary_large_image\" \/>\n<meta name=\"twitter:label1\" content=\"Written by\" \/>\n\t<meta name=\"twitter:data1\" content=\"dypall\" \/>\n\t<meta name=\"twitter:label2\" content=\"Est. reading time\" \/>\n\t<meta name=\"twitter:data2\" content=\"1 minute\" \/>\n<script type=\"application\/ld+json\" class=\"yoast-schema-graph\">{\"@context\":\"https:\/\/schema.org\",\"@graph\":[{\"@type\":\"WebPage\",\"@id\":\"https:\/\/dypall.com\/conference\/final-conference-of-the-project-management-systems-of-coworking-spaces-for-social-innovation-athens\/\",\"url\":\"https:\/\/dypall.com\/conference\/final-conference-of-the-project-management-systems-of-coworking-spaces-for-social-innovation-athens\/\",\"name\":\"Final conference of the project \\\"Management systems of coworking spaces for social innovation\\\" - DYPALL Network\",\"isPartOf\":{\"@id\":\"https:\/\/dypall.com\/#website\"},\"primaryImageOfPage\":{\"@id\":\"https:\/\/dypall.com\/conference\/final-conference-of-the-project-management-systems-of-coworking-spaces-for-social-innovation-athens\/#primaryimage\"},\"image\":{\"@id\":\"https:\/\/dypall.com\/conference\/final-conference-of-the-project-management-systems-of-coworking-spaces-for-social-innovation-athens\/#primaryimage\"},\"thumbnailUrl\":\"\",\"datePublished\":\"2022-05-26T15:39:11+00:00\",\"dateModified\":\"2022-05-26T15:39:11+00:00\",\"author\":{\"@id\":\"https:\/\/dypall.com\/#\/schema\/person\/206350efe851997fcdedef75d118766b\"},\"breadcrumb\":{\"@id\":\"https:\/\/dypall.com\/conference\/final-conference-of-the-project-management-systems-of-coworking-spaces-for-social-innovation-athens\/#breadcrumb\"},\"inLanguage\":\"fr-FR\",\"potentialAction\":[{\"@type\":\"ReadAction\",\"target\":[\"https:\/\/dypall.com\/conference\/final-conference-of-the-project-management-systems-of-coworking-spaces-for-social-innovation-athens\/\"]}]},{\"@type\":\"ImageObject\",\"inLanguage\":\"fr-FR\",\"@id\":\"https:\/\/dypall.com\/conference\/final-conference-of-the-project-management-systems-of-coworking-spaces-for-social-innovation-athens\/#primaryimage\",\"url\":\"\",\"contentUrl\":\"\"},{\"@type\":\"BreadcrumbList\",\"@id\":\"https:\/\/dypall.com\/conference\/final-conference-of-the-project-management-systems-of-coworking-spaces-for-social-innovation-athens\/#breadcrumb\",\"itemListElement\":[{\"@type\":\"ListItem\",\"position\":1,\"name\":\"Home\",\"item\":\"https:\/\/dypall.com\/\"},{\"@type\":\"ListItem\",\"position\":2,\"name\":\"Final conference of the project &#8220;Management systems of coworking spaces for social innovation&#8221;\"}]},{\"@type\":\"WebSite\",\"@id\":\"https:\/\/dypall.com\/#website\",\"url\":\"https:\/\/dypall.com\/\",\"name\":\"DYPALL Network\",\"description\":\"We are a European network of civil society organisations, municipalities and research institutions dedicated to improving democracy through youth participation.\",\"potentialAction\":[{\"@type\":\"SearchAction\",\"target\":{\"@type\":\"EntryPoint\",\"urlTemplate\":\"https:\/\/dypall.com\/?s={search_term_string}\"},\"query-input\":\"required name=search_term_string\"}],\"inLanguage\":\"fr-FR\"},{\"@type\":\"Person\",\"@id\":\"https:\/\/dypall.com\/#\/schema\/person\/206350efe851997fcdedef75d118766b\",\"name\":\"dypall\",\"image\":{\"@type\":\"ImageObject\",\"inLanguage\":\"fr-FR\",\"@id\":\"https:\/\/dypall.com\/#\/schema\/person\/image\/\",\"url\":\"https:\/\/secure.gravatar.com\/avatar\/14e8d3d8841cd0bdf69915120bcf9fcfac1567f1dc7035664907322ac47efe29?s=96&d=mm&r=g\",\"contentUrl\":\"https:\/\/secure.gravatar.com\/avatar\/14e8d3d8841cd0bdf69915120bcf9fcfac1567f1dc7035664907322ac47efe29?s=96&d=mm&r=g\",\"caption\":\"dypall\"},\"url\":\"https:\/\/dypall.com\/fr\/author\/dypall_info\/\"}]}<\/script>\n<!-- \/ Yoast SEO plugin. -->","yoast_head_json":{"title":"Final conference of the project \"Management systems of coworking spaces for social innovation\" - DYPALL Network","robots":{"index":"index","follow":"follow","max-snippet":"max-snippet:-1","max-image-preview":"max-image-preview:large","max-video-preview":"max-video-preview:-1"},"canonical":"https:\/\/dypall.com\/fr\/conference\/final-conference-of-the-project-management-systems-of-coworking-spaces-for-social-innovation-athens\/","og_locale":"fr_FR","og_type":"article","og_title":"Final conference of the project \"Management systems of coworking spaces for social innovation\" - DYPALL Network","og_description":"On the 23-26.05 DYPALL Network took part in the final meeting and conference of the project &#8220;Management Systems of Coworking Spaces for Social Innovation&#8221;. During the conference, project partners shared good practices and practical tools mapped during the project, under the following topics: Boosting learning potential of coworking spaces Young people and coworking spaces &#8211;&hellip; Poursuivre la lecture Final conference of the project &#8220;Management systems of coworking spaces for social innovation&#8221;","og_url":"https:\/\/dypall.com\/fr\/conference\/final-conference-of-the-project-management-systems-of-coworking-spaces-for-social-innovation-athens\/","og_site_name":"DYPALL Network","article_published_time":"2022-05-26T15:39:11+00:00","author":"dypall","twitter_card":"summary_large_image","twitter_misc":{"Written by":"dypall","Est. reading time":"1 minute"},"schema":{"@context":"https:\/\/schema.org","@graph":[{"@type":"WebPage","@id":"https:\/\/dypall.com\/conference\/final-conference-of-the-project-management-systems-of-coworking-spaces-for-social-innovation-athens\/","url":"https:\/\/dypall.com\/conference\/final-conference-of-the-project-management-systems-of-coworking-spaces-for-social-innovation-athens\/","name":"Final conference of the project \"Management systems of coworking spaces for social innovation\" - DYPALL Network","isPartOf":{"@id":"https:\/\/dypall.com\/#website"},"primaryImageOfPage":{"@id":"https:\/\/dypall.com\/conference\/final-conference-of-the-project-management-systems-of-coworking-spaces-for-social-innovation-athens\/#primaryimage"},"image":{"@id":"https:\/\/dypall.com\/conference\/final-conference-of-the-project-management-systems-of-coworking-spaces-for-social-innovation-athens\/#primaryimage"},"thumbnailUrl":"","datePublished":"2022-05-26T15:39:11+00:00","dateModified":"2022-05-26T15:39:11+00:00","author":{"@id":"https:\/\/dypall.com\/#\/schema\/person\/206350efe851997fcdedef75d118766b"},"breadcrumb":{"@id":"https:\/\/dypall.com\/conference\/final-conference-of-the-project-management-systems-of-coworking-spaces-for-social-innovation-athens\/#breadcrumb"},"inLanguage":"fr-FR","potentialAction":[{"@type":"ReadAction","target":["https:\/\/dypall.com\/conference\/final-conference-of-the-project-management-systems-of-coworking-spaces-for-social-innovation-athens\/"]}]},{"@type":"ImageObject","inLanguage":"fr-FR","@id":"https:\/\/dypall.com\/conference\/final-conference-of-the-project-management-systems-of-coworking-spaces-for-social-innovation-athens\/#primaryimage","url":"","contentUrl":""},{"@type":"BreadcrumbList","@id":"https:\/\/dypall.com\/conference\/final-conference-of-the-project-management-systems-of-coworking-spaces-for-social-innovation-athens\/#breadcrumb","itemListElement":[{"@type":"ListItem","position":1,"name":"Home","item":"https:\/\/dypall.com\/"},{"@type":"ListItem","position":2,"name":"Final conference of the project &#8220;Management systems of coworking spaces for social innovation&#8221;"}]},{"@type":"WebSite","@id":"https:\/\/dypall.com\/#website","url":"https:\/\/dypall.com\/","name":"DYPALL Network","description":"We are a European network of civil society organisations, municipalities and research institutions dedicated to improving democracy through youth participation.","potentialAction":[{"@type":"SearchAction","target":{"@type":"EntryPoint","urlTemplate":"https:\/\/dypall.com\/?s={search_term_string}"},"query-input":"required name=search_term_string"}],"inLanguage":"fr-FR"},{"@type":"Person","@id":"https:\/\/dypall.com\/#\/schema\/person\/206350efe851997fcdedef75d118766b","name":"dypall","image":{"@type":"ImageObject","inLanguage":"fr-FR","@id":"https:\/\/dypall.com\/#\/schema\/person\/image\/","url":"https:\/\/secure.gravatar.com\/avatar\/14e8d3d8841cd0bdf69915120bcf9fcfac1567f1dc7035664907322ac47efe29?s=96&d=mm&r=g","contentUrl":"https:\/\/secure.gravatar.com\/avatar\/14e8d3d8841cd0bdf69915120bcf9fcfac1567f1dc7035664907322ac47efe29?s=96&d=mm&r=g","caption":"dypall"},"url":"https:\/\/dypall.com\/fr\/author\/dypall_info\/"}]}},"jetpack_featured_media_url":"","jetpack_sharing_enabled":true,"_links":{"self":[{"href":"https:\/\/dypall.com\/fr\/wp-json\/wp\/v2\/posts\/5593","targetHints":{"allow":["GET"]}}],"collection":[{"href":"https:\/\/dypall.com\/fr\/wp-json\/wp\/v2\/posts"}],"about":[{"href":"https:\/\/dypall.com\/fr\/wp-json\/wp\/v2\/types\/post"}],"author":[{"embeddable":true,"href":"https:\/\/dypall.com\/fr\/wp-json\/wp\/v2\/users\/2"}],"replies":[{"embeddable":true,"href":"https:\/\/dypall.com\/fr\/wp-json\/wp\/v2\/comments?post=5593"}],"version-history":[{"count":0,"href":"https:\/\/dypall.com\/fr\/wp-json\/wp\/v2\/posts\/5593\/revisions"}],"wp:featuredmedia":[{"embeddable":true,"href":"https:\/\/dypall.com\/fr\/wp-json\/"}],"wp:attachment":[{"href":"https:\/\/dypall.com\/fr\/wp-json\/wp\/v2\/media?parent=5593"}],"wp:term":[{"taxonomy":"category","embeddable":true,"href":"https:\/\/dypall.com\/fr\/wp-json\/wp\/v2\/categories?post=5593"},{"taxonomy":"post_tag","embeddable":true,"href":"https:\/\/dypall.com\/fr\/wp-json\/wp\/v2\/tags?post=5593"}],"curies":[{"name":"wp","href":"https:\/\/api.w.org\/{rel}","templated":true}]}}