{"id":5572,"date":"2022-03-18T17:21:54","date_gmt":"2022-03-18T17:21:54","guid":{"rendered":"https:\/\/dypall.com\/?p=5405"},"modified":"2022-03-18T17:21:54","modified_gmt":"2022-03-18T17:21:54","slug":"international-conference-building-resilient-communities-training-course-youth-takes-the-floor-2","status":"publish","type":"post","link":"https:\/\/dypall.com\/fr\/conference\/international-conference-building-resilient-communities-training-course-youth-takes-the-floor-2\/","title":{"rendered":"Conf\u00e9rence internationale: Construire des communaut\u00e9s r\u00e9silientes &amp; Cours de formation Les jeunes prennent la parole"},"content":{"rendered":"<p>La semaine prochaine, le r\u00e9seau DYPALL organisera deux activit\u00e9s en parall\u00e8le \u00e0 Braga, au Portugal, qui rassembleront plus de 80 animateurs socio-\u00e9ducatifs, repr\u00e9sentants de municipalit\u00e9s et responsables de jeunesse de toute l'Europe.<\/p>\n<p>L'une d'entre elles est la Conf\u00e9rence internationale: Construire des communaut\u00e9s r\u00e9silientes \u2013 Travail des jeunes au niveau des municipalit\u00e9s pendant la pand\u00e9mie de COVID-19, qui constituera une plateforme permettant aux organisations de la soci\u00e9t\u00e9 civile et aux municipalit\u00e9s de toute l\u2019Europe de se r\u00e9unir, d\u2019explorer et de discuter de nouveaux outils et pratiques en mati\u00e8re d\u2019animation socio-\u00e9ducative qui servent \u00e0 relever les nouveaux d\u00e9fis en Europe, en mettant particuli\u00e8rement l\u2019accent sur les pratiques et outils durables qui promeuvent des communaut\u00e9s r\u00e9silientes, pr\u00eates \u00e0 faire face \u00e0 des circonstances extraordinaires.<\/p>\n<p>L'autre activit\u00e9 est un cours de formation sur la mani\u00e8re d'accro\u00eetre la participation des jeunes \u00e0 la prise de d\u00e9cision. Au cours de la formation, les participants d\u00e9velopperont des comp\u00e9tences pour cr\u00e9er et autonomiser des structures et des instruments de participation des jeunes qui permettent aux jeunes de participer activement aux processus d\u00e9cisionnels au niveau local.<\/p>\n<p>La conf\u00e9rence est organis\u00e9e avec le soutien du programme Erasmus + par l'interm\u00e9diaire de l'Agence nationale portugaise. La formation est organis\u00e9e avec le soutien de la Fondation europ\u00e9enne pour la jeunesse du Conseil de l'Europe. Les deux activit\u00e9s sont soutenues par la municipalit\u00e9 de Braga.<\/p>\n<p><a href=\"https:\/\/dypall.com\/fr\/2022\/03\/18\/international-conference-building-resilient-communities-training-course-youth-takes-the-floor\/whatsapp-image-2022-03-18-at-15-56-47\/#main\" rel=\"attachment wp-att-5406\"><img loading=\"lazy\" decoding=\"async\" class=\"alignleft size-large wp-image-5406\" src=\"https:\/\/dypall.com\/wp-content\/uploads\/2022\/03\/WhatsApp-Image-2022-03-18-at-15.56.47-1024x858.jpeg\" alt=\"\" width=\"1024\" height=\"858\" \/><\/a><\/p>\n<p><a href=\"https:\/\/dypall.com\/fr\/2022\/03\/18\/international-conference-building-resilient-communities-training-course-youth-takes-the-floor\/whatsapp-image-2022-03-18-at-15-57-08\/#main\" rel=\"attachment wp-att-5407\"><img loading=\"lazy\" decoding=\"async\" class=\"alignleft size-large wp-image-5407\" src=\"https:\/\/dypall.com\/wp-content\/uploads\/2022\/03\/WhatsApp-Image-2022-03-18-at-15.57.08-1024x1024.jpeg\" alt=\"\" width=\"1024\" height=\"1024\" \/><\/a><\/p>","protected":false},"excerpt":{"rendered":"<p>La semaine prochaine, le r\u00e9seau DYPALL organisera deux activit\u00e9s en parall\u00e8le \u00e0 Braga, au Portugal, qui rassembleront plus de 80 animateurs socio-\u00e9ducatifs, repr\u00e9sentants de municipalit\u00e9s et responsables de jeunesse de toute l'Europe. L'une d'entre elles est la Conf\u00e9rence internationale: Construire des communaut\u00e9s r\u00e9silientes \u2013 Le travail des jeunes au niveau des municipalit\u00e9s pendant la pand\u00e9mie de COVID-19, qui constituera une plateforme pour la soci\u00e9t\u00e9 civile... <a class=\"more-link\" href=\"https:\/\/dypall.com\/fr\/conference\/international-conference-building-resilient-communities-training-course-youth-takes-the-floor-2\/\">Poursuivre la lecture <span class=\"screen-reader-text\">Conf\u00e9rence internationale: Construire des communaut\u00e9s r\u00e9silientes &amp; Cours de formation Les jeunes prennent la parole<\/span><\/a><\/p>","protected":false},"author":1,"featured_media":5406,"comment_status":"closed","ping_status":"open","sticky":false,"template":"","format":"standard","meta":{"_acf_changed":false,"_jetpack_memberships_contains_paid_content":false,"footnotes":""},"categories":[112,141],"tags":[],"class_list":["post-5572","post","type-post","status-publish","format-standard","has-post-thumbnail","hentry","category-conference","category-training-course","entry"],"acf":[],"yoast_head":"<!-- This site is optimized with the Yoast SEO plugin v22.8 - https:\/\/yoast.com\/wordpress\/plugins\/seo\/ -->\n<title>International Conference: Building Resilient Communities &amp; Training Course Youth Takes the Floor - DYPALL Network<\/title>\n<meta name=\"robots\" content=\"index, follow, max-snippet:-1, max-image-preview:large, max-video-preview:-1\" \/>\n<link rel=\"canonical\" href=\"https:\/\/dypall.com\/fr\/conference\/international-conference-building-resilient-communities-training-course-youth-takes-the-floor-2\/\" \/>\n<meta property=\"og:locale\" content=\"fr_FR\" \/>\n<meta property=\"og:type\" content=\"article\" \/>\n<meta property=\"og:title\" content=\"International Conference: Building Resilient Communities &amp; Training Course Youth Takes the Floor - DYPALL Network\" \/>\n<meta property=\"og:description\" content=\"Next week DYPALL Network is organising two activities in parallel in Braga, Portugal, that will gather more than 80 youth workers, municipality representatives and youth leaders from all over Europe. One of them is International Conference: Building Resilient Communities \u2013Youth Work at Municipality Level during COVID-19 times that will be a platform for civil society&hellip; Poursuivre la lecture International Conference: Building Resilient Communities &#038; Training Course Youth Takes the Floor\" \/>\n<meta property=\"og:url\" content=\"https:\/\/dypall.com\/fr\/conference\/international-conference-building-resilient-communities-training-course-youth-takes-the-floor-2\/\" \/>\n<meta property=\"og:site_name\" content=\"DYPALL Network\" \/>\n<meta property=\"article:published_time\" content=\"2022-03-18T17:21:54+00:00\" \/>\n<meta name=\"author\" content=\"DYPALL Network\" \/>\n<meta name=\"twitter:card\" content=\"summary_large_image\" \/>\n<meta name=\"twitter:label1\" content=\"Written by\" \/>\n\t<meta name=\"twitter:data1\" content=\"DYPALL Network\" \/>\n\t<meta name=\"twitter:label2\" content=\"Est. reading time\" \/>\n\t<meta name=\"twitter:data2\" content=\"1 minute\" \/>\n<script type=\"application\/ld+json\" class=\"yoast-schema-graph\">{\"@context\":\"https:\/\/schema.org\",\"@graph\":[{\"@type\":\"WebPage\",\"@id\":\"https:\/\/dypall.com\/conference\/international-conference-building-resilient-communities-training-course-youth-takes-the-floor-2\/\",\"url\":\"https:\/\/dypall.com\/conference\/international-conference-building-resilient-communities-training-course-youth-takes-the-floor-2\/\",\"name\":\"International Conference: Building Resilient Communities & Training Course Youth Takes the Floor - DYPALL Network\",\"isPartOf\":{\"@id\":\"https:\/\/dypall.com\/#website\"},\"primaryImageOfPage\":{\"@id\":\"https:\/\/dypall.com\/conference\/international-conference-building-resilient-communities-training-course-youth-takes-the-floor-2\/#primaryimage\"},\"image\":{\"@id\":\"https:\/\/dypall.com\/conference\/international-conference-building-resilient-communities-training-course-youth-takes-the-floor-2\/#primaryimage\"},\"thumbnailUrl\":\"\",\"datePublished\":\"2022-03-18T17:21:54+00:00\",\"dateModified\":\"2022-03-18T17:21:54+00:00\",\"author\":{\"@id\":\"https:\/\/dypall.com\/#\/schema\/person\/f92e08aa15c8ba711a9d153129f03377\"},\"breadcrumb\":{\"@id\":\"https:\/\/dypall.com\/conference\/international-conference-building-resilient-communities-training-course-youth-takes-the-floor-2\/#breadcrumb\"},\"inLanguage\":\"fr-FR\",\"potentialAction\":[{\"@type\":\"ReadAction\",\"target\":[\"https:\/\/dypall.com\/conference\/international-conference-building-resilient-communities-training-course-youth-takes-the-floor-2\/\"]}]},{\"@type\":\"ImageObject\",\"inLanguage\":\"fr-FR\",\"@id\":\"https:\/\/dypall.com\/conference\/international-conference-building-resilient-communities-training-course-youth-takes-the-floor-2\/#primaryimage\",\"url\":\"\",\"contentUrl\":\"\"},{\"@type\":\"BreadcrumbList\",\"@id\":\"https:\/\/dypall.com\/conference\/international-conference-building-resilient-communities-training-course-youth-takes-the-floor-2\/#breadcrumb\",\"itemListElement\":[{\"@type\":\"ListItem\",\"position\":1,\"name\":\"Home\",\"item\":\"https:\/\/dypall.com\/\"},{\"@type\":\"ListItem\",\"position\":2,\"name\":\"International Conference: Building Resilient Communities &#038; Training Course Youth Takes the Floor\"}]},{\"@type\":\"WebSite\",\"@id\":\"https:\/\/dypall.com\/#website\",\"url\":\"https:\/\/dypall.com\/\",\"name\":\"DYPALL Network\",\"description\":\"We are a European network of civil society organisations, municipalities and research institutions dedicated to improving democracy through youth participation.\",\"potentialAction\":[{\"@type\":\"SearchAction\",\"target\":{\"@type\":\"EntryPoint\",\"urlTemplate\":\"https:\/\/dypall.com\/?s={search_term_string}\"},\"query-input\":\"required name=search_term_string\"}],\"inLanguage\":\"fr-FR\"},{\"@type\":\"Person\",\"@id\":\"https:\/\/dypall.com\/#\/schema\/person\/f92e08aa15c8ba711a9d153129f03377\",\"name\":\"DYPALL Network\",\"image\":{\"@type\":\"ImageObject\",\"inLanguage\":\"fr-FR\",\"@id\":\"https:\/\/dypall.com\/#\/schema\/person\/image\/\",\"url\":\"https:\/\/secure.gravatar.com\/avatar\/9c39e299279800c6d69c5e02cf613e7bab060889f373052a03d7ac399e8f0d3c?s=96&d=mm&r=g\",\"contentUrl\":\"https:\/\/secure.gravatar.com\/avatar\/9c39e299279800c6d69c5e02cf613e7bab060889f373052a03d7ac399e8f0d3c?s=96&d=mm&r=g\",\"caption\":\"DYPALL Network\"},\"sameAs\":[\"https:\/\/dypall.com\"],\"url\":\"https:\/\/dypall.com\/fr\/author\/dypall\/\"}]}<\/script>\n<!-- \/ Yoast SEO plugin. -->","yoast_head_json":{"title":"International Conference: Building Resilient Communities & Training Course Youth Takes the Floor - DYPALL Network","robots":{"index":"index","follow":"follow","max-snippet":"max-snippet:-1","max-image-preview":"max-image-preview:large","max-video-preview":"max-video-preview:-1"},"canonical":"https:\/\/dypall.com\/fr\/conference\/international-conference-building-resilient-communities-training-course-youth-takes-the-floor-2\/","og_locale":"fr_FR","og_type":"article","og_title":"International Conference: Building Resilient Communities & Training Course Youth Takes the Floor - DYPALL Network","og_description":"Next week DYPALL Network is organising two activities in parallel in Braga, Portugal, that will gather more than 80 youth workers, municipality representatives and youth leaders from all over Europe. One of them is International Conference: Building Resilient Communities \u2013Youth Work at Municipality Level during COVID-19 times that will be a platform for civil society&hellip; Poursuivre la lecture International Conference: Building Resilient Communities &#038; Training Course Youth Takes the Floor","og_url":"https:\/\/dypall.com\/fr\/conference\/international-conference-building-resilient-communities-training-course-youth-takes-the-floor-2\/","og_site_name":"DYPALL Network","article_published_time":"2022-03-18T17:21:54+00:00","author":"DYPALL Network","twitter_card":"summary_large_image","twitter_misc":{"Written by":"DYPALL Network","Est. reading time":"1 minute"},"schema":{"@context":"https:\/\/schema.org","@graph":[{"@type":"WebPage","@id":"https:\/\/dypall.com\/conference\/international-conference-building-resilient-communities-training-course-youth-takes-the-floor-2\/","url":"https:\/\/dypall.com\/conference\/international-conference-building-resilient-communities-training-course-youth-takes-the-floor-2\/","name":"International Conference: Building Resilient Communities & Training Course Youth Takes the Floor - DYPALL Network","isPartOf":{"@id":"https:\/\/dypall.com\/#website"},"primaryImageOfPage":{"@id":"https:\/\/dypall.com\/conference\/international-conference-building-resilient-communities-training-course-youth-takes-the-floor-2\/#primaryimage"},"image":{"@id":"https:\/\/dypall.com\/conference\/international-conference-building-resilient-communities-training-course-youth-takes-the-floor-2\/#primaryimage"},"thumbnailUrl":"","datePublished":"2022-03-18T17:21:54+00:00","dateModified":"2022-03-18T17:21:54+00:00","author":{"@id":"https:\/\/dypall.com\/#\/schema\/person\/f92e08aa15c8ba711a9d153129f03377"},"breadcrumb":{"@id":"https:\/\/dypall.com\/conference\/international-conference-building-resilient-communities-training-course-youth-takes-the-floor-2\/#breadcrumb"},"inLanguage":"fr-FR","potentialAction":[{"@type":"ReadAction","target":["https:\/\/dypall.com\/conference\/international-conference-building-resilient-communities-training-course-youth-takes-the-floor-2\/"]}]},{"@type":"ImageObject","inLanguage":"fr-FR","@id":"https:\/\/dypall.com\/conference\/international-conference-building-resilient-communities-training-course-youth-takes-the-floor-2\/#primaryimage","url":"","contentUrl":""},{"@type":"BreadcrumbList","@id":"https:\/\/dypall.com\/conference\/international-conference-building-resilient-communities-training-course-youth-takes-the-floor-2\/#breadcrumb","itemListElement":[{"@type":"ListItem","position":1,"name":"Home","item":"https:\/\/dypall.com\/"},{"@type":"ListItem","position":2,"name":"International Conference: Building Resilient Communities &#038; Training Course Youth Takes the Floor"}]},{"@type":"WebSite","@id":"https:\/\/dypall.com\/#website","url":"https:\/\/dypall.com\/","name":"DYPALL Network","description":"We are a European network of civil society organisations, municipalities and research institutions dedicated to improving democracy through youth participation.","potentialAction":[{"@type":"SearchAction","target":{"@type":"EntryPoint","urlTemplate":"https:\/\/dypall.com\/?s={search_term_string}"},"query-input":"required name=search_term_string"}],"inLanguage":"fr-FR"},{"@type":"Person","@id":"https:\/\/dypall.com\/#\/schema\/person\/f92e08aa15c8ba711a9d153129f03377","name":"DYPALL Network","image":{"@type":"ImageObject","inLanguage":"fr-FR","@id":"https:\/\/dypall.com\/#\/schema\/person\/image\/","url":"https:\/\/secure.gravatar.com\/avatar\/9c39e299279800c6d69c5e02cf613e7bab060889f373052a03d7ac399e8f0d3c?s=96&d=mm&r=g","contentUrl":"https:\/\/secure.gravatar.com\/avatar\/9c39e299279800c6d69c5e02cf613e7bab060889f373052a03d7ac399e8f0d3c?s=96&d=mm&r=g","caption":"DYPALL Network"},"sameAs":["https:\/\/dypall.com"],"url":"https:\/\/dypall.com\/fr\/author\/dypall\/"}]}},"jetpack_featured_media_url":"","jetpack_sharing_enabled":true,"_links":{"self":[{"href":"https:\/\/dypall.com\/fr\/wp-json\/wp\/v2\/posts\/5572","targetHints":{"allow":["GET"]}}],"collection":[{"href":"https:\/\/dypall.com\/fr\/wp-json\/wp\/v2\/posts"}],"about":[{"href":"https:\/\/dypall.com\/fr\/wp-json\/wp\/v2\/types\/post"}],"author":[{"embeddable":true,"href":"https:\/\/dypall.com\/fr\/wp-json\/wp\/v2\/users\/1"}],"replies":[{"embeddable":true,"href":"https:\/\/dypall.com\/fr\/wp-json\/wp\/v2\/comments?post=5572"}],"version-history":[{"count":0,"href":"https:\/\/dypall.com\/fr\/wp-json\/wp\/v2\/posts\/5572\/revisions"}],"wp:featuredmedia":[{"embeddable":true,"href":"https:\/\/dypall.com\/fr\/wp-json\/"}],"wp:attachment":[{"href":"https:\/\/dypall.com\/fr\/wp-json\/wp\/v2\/media?parent=5572"}],"wp:term":[{"taxonomy":"category","embeddable":true,"href":"https:\/\/dypall.com\/fr\/wp-json\/wp\/v2\/categories?post=5572"},{"taxonomy":"post_tag","embeddable":true,"href":"https:\/\/dypall.com\/fr\/wp-json\/wp\/v2\/tags?post=5572"}],"curies":[{"name":"wp","href":"https:\/\/api.w.org\/{rel}","templated":true}]}}