{"id":5547,"date":"2016-06-10T12:00:36","date_gmt":"2016-06-10T10:00:36","guid":{"rendered":"http:\/\/dypall.com\/?p=519"},"modified":"2016-06-10T12:00:36","modified_gmt":"2016-06-10T10:00:36","slug":"first-iberian-meeting-of-municipality-youth-departments","status":"publish","type":"post","link":"https:\/\/dypall.com\/fr\/calls\/first-iberian-meeting-of-municipality-youth-departments\/","title":{"rendered":"Premi\u00e8re r\u00e9union ib\u00e9rique des d\u00e9partements municipaux de la jeunesse"},"content":{"rendered":"<h1>1<sup>st<\/sup> R\u00e9union ib\u00e9rique des d\u00e9partements municipaux de la jeunesse<\/h1>\n<blockquote class=\"\"><p><strong>\u00abLes politiques en faveur de la jeunesse font partie int\u00e9grante de la gestion municipale et jouent un r\u00f4le crucial \u00e0 cet \u00e9gard. Nous voulons renforcer la composante institutionnelle, en faisant de Braga un point de r\u00e9f\u00e9rence pour ce \u00e0 quoi ces politiques devraient ressembler \u00e0 l\u2019avenir.\u00bb<\/strong> Ricardo Rio, maire de Braga<\/p><\/blockquote>\n<p><img loading=\"lazy\" decoding=\"async\" class=\"wp-image-522 alignleft\" src=\"http:\/\/dypall.com\/wp-content\/uploads\/2016\/07\/Encontro_iberico_2.jpg\" alt=\"Encontro_iberico_2\" width=\"485\" height=\"323\" \/>Le 9 juin, ECOS et DYPALL ont eu l'occasion de partager l'exp\u00e9rience sur la conception et la mise en \u0153uvre de la politique locale et r\u00e9gionale de la jeunesse avec des repr\u00e9sentants de plus de <strong>30 communes portugaises et espagnoles,<\/strong> dans ce qui a \u00e9t\u00e9 le tout premier \u00e9v\u00e9nement avec cette port\u00e9e.\u00a0Le maire de Braga a soulign\u00e9 l'importance du partage d'exp\u00e9riences et de l'identification de bonnes pratiques afin de renforcer les efforts des autorit\u00e9s locales en faveur de la jeunesse, d'aider les municipalit\u00e9s \u00e0 cr\u00e9er de nouvelles strat\u00e9gies innovantes et de veiller \u00e0 ce que cet engagement se poursuive.<\/p>\n<p>Cet \u00e9v\u00e9nement d\u00e9montre l\u2019\u00e9lan et l\u2019importance que l\u2019animation socio-\u00e9ducative locale gagne au sein des municipalit\u00e9s, renfor\u00e7ant l\u2019importance de penser la jeunesse dans une \u00abdimension politique\u00bb \u00e9galement au niveau local.<\/p>\n<p>&nbsp;<\/p>\n<p>&nbsp;<\/p>\n<p>&nbsp;<\/p>\n<p>L'\u00e9v\u00e9nement a eu lieu dans le cadre de Braga 2016 Capitale ib\u00e9ro-am\u00e9ricaine de la jeunesse, nous avons eu l'occasion de partager et de se familiariser avec diff\u00e9rentes meilleures pratiques, mais aussi de r\u00e9seauter avec de futurs partenaires.<\/p>\n<p>Retrouvez le programme de l'\u00e9v\u00e9nement <a href=\"http:\/\/bragaciaj.cm-braga.pt\/index.php\/noticias\/238-1-encontro-iberico-de-responsaveis-municipais-de-juventude\">ici &gt;<\/a><a href=\"http:\/\/dypall.com\/fr\/2016\/06\/10\/first-iberian-meeting-of-municipality-youth-departments\/braga-16-capital\/\" rel=\"attachment wp-att-520\"><br \/>\n<img loading=\"lazy\" decoding=\"async\" class=\"wp-image-521 alignleft\" src=\"http:\/\/dypall.com\/wp-content\/uploads\/2016\/07\/braga.jpg\" alt=\"braga\" width=\"141\" height=\"141\" \/><img loading=\"lazy\" decoding=\"async\" class=\"wp-image-520 alignleft\" src=\"http:\/\/dypall.com\/wp-content\/uploads\/2016\/07\/braga-16-capital-1024x352.jpg\" alt=\"Braga (16 capitales)\" width=\"382\" height=\"96\" \/><\/a><\/p>","protected":false},"excerpt":{"rendered":"<p>1re r\u00e9union ib\u00e9rique des d\u00e9partements municipaux de la jeunesse \u00abLes politiques de la jeunesse font partie int\u00e9grante et cruciale de la gestion municipale. Nous voulons renforcer la composante institutionnelle, en faisant de Braga un point de r\u00e9f\u00e9rence pour ce \u00e0 quoi ces politiques devraient ressembler \u00e0 l\u2019avenir\u00bb Ricardo Rio, maire de Braga Le 9 juin, ECOS et DYPALL ont eu l\u2019occasion de... <a class=\"more-link\" href=\"https:\/\/dypall.com\/fr\/calls\/first-iberian-meeting-of-municipality-youth-departments\/\">Poursuivre la lecture <span class=\"screen-reader-text\">Premi\u00e8re r\u00e9union ib\u00e9rique des d\u00e9partements municipaux de la jeunesse<\/span><\/a><\/p>","protected":false},"author":2,"featured_media":522,"comment_status":"closed","ping_status":"open","sticky":false,"template":"","format":"standard","meta":{"_acf_changed":false,"_jetpack_memberships_contains_paid_content":false,"footnotes":""},"categories":[1],"tags":[134],"class_list":["post-5547","post","type-post","status-publish","format-standard","has-post-thumbnail","hentry","category-calls","tag-consultancy","entry"],"acf":[],"yoast_head":"<!-- This site is optimized with the Yoast SEO plugin v22.8 - https:\/\/yoast.com\/wordpress\/plugins\/seo\/ -->\n<title>First Iberian Meeting of Municipality Youth Departments - DYPALL Network<\/title>\n<meta name=\"robots\" content=\"index, follow, max-snippet:-1, max-image-preview:large, max-video-preview:-1\" \/>\n<link rel=\"canonical\" href=\"https:\/\/dypall.com\/fr\/calls\/first-iberian-meeting-of-municipality-youth-departments\/\" \/>\n<meta property=\"og:locale\" content=\"fr_FR\" \/>\n<meta property=\"og:type\" content=\"article\" \/>\n<meta property=\"og:title\" content=\"First Iberian Meeting of Municipality Youth Departments - DYPALL Network\" \/>\n<meta property=\"og:description\" content=\"1st Iberian Meeting of Municipality Youth Departments &#8220;Youth policies are an integral and crucial part of municipality management. We want to reinforce the institutional component, making of Braga a reference point for what these policies should look like in the future&#8221; Ricardo Rio, Mayor of Braga On\u00a0June 9, ECOS and DYPALL had the opportunity to&hellip; Poursuivre la lecture First Iberian Meeting of Municipality Youth Departments\" \/>\n<meta property=\"og:url\" content=\"https:\/\/dypall.com\/fr\/calls\/first-iberian-meeting-of-municipality-youth-departments\/\" \/>\n<meta property=\"og:site_name\" content=\"DYPALL Network\" \/>\n<meta property=\"article:published_time\" content=\"2016-06-10T10:00:36+00:00\" \/>\n<meta name=\"author\" content=\"dypall\" \/>\n<meta name=\"twitter:card\" content=\"summary_large_image\" \/>\n<meta name=\"twitter:label1\" content=\"Written by\" \/>\n\t<meta name=\"twitter:data1\" content=\"dypall\" \/>\n\t<meta name=\"twitter:label2\" content=\"Est. reading time\" \/>\n\t<meta name=\"twitter:data2\" content=\"1 minute\" \/>\n<script type=\"application\/ld+json\" class=\"yoast-schema-graph\">{\"@context\":\"https:\/\/schema.org\",\"@graph\":[{\"@type\":\"WebPage\",\"@id\":\"https:\/\/dypall.com\/calls\/first-iberian-meeting-of-municipality-youth-departments\/\",\"url\":\"https:\/\/dypall.com\/calls\/first-iberian-meeting-of-municipality-youth-departments\/\",\"name\":\"First Iberian Meeting of Municipality Youth Departments - DYPALL Network\",\"isPartOf\":{\"@id\":\"https:\/\/dypall.com\/#website\"},\"primaryImageOfPage\":{\"@id\":\"https:\/\/dypall.com\/calls\/first-iberian-meeting-of-municipality-youth-departments\/#primaryimage\"},\"image\":{\"@id\":\"https:\/\/dypall.com\/calls\/first-iberian-meeting-of-municipality-youth-departments\/#primaryimage\"},\"thumbnailUrl\":\"\",\"datePublished\":\"2016-06-10T10:00:36+00:00\",\"dateModified\":\"2016-06-10T10:00:36+00:00\",\"author\":{\"@id\":\"https:\/\/dypall.com\/#\/schema\/person\/206350efe851997fcdedef75d118766b\"},\"breadcrumb\":{\"@id\":\"https:\/\/dypall.com\/calls\/first-iberian-meeting-of-municipality-youth-departments\/#breadcrumb\"},\"inLanguage\":\"fr-FR\",\"potentialAction\":[{\"@type\":\"ReadAction\",\"target\":[\"https:\/\/dypall.com\/calls\/first-iberian-meeting-of-municipality-youth-departments\/\"]}]},{\"@type\":\"ImageObject\",\"inLanguage\":\"fr-FR\",\"@id\":\"https:\/\/dypall.com\/calls\/first-iberian-meeting-of-municipality-youth-departments\/#primaryimage\",\"url\":\"\",\"contentUrl\":\"\"},{\"@type\":\"BreadcrumbList\",\"@id\":\"https:\/\/dypall.com\/calls\/first-iberian-meeting-of-municipality-youth-departments\/#breadcrumb\",\"itemListElement\":[{\"@type\":\"ListItem\",\"position\":1,\"name\":\"Home\",\"item\":\"https:\/\/dypall.com\/\"},{\"@type\":\"ListItem\",\"position\":2,\"name\":\"First Iberian Meeting of Municipality Youth Departments\"}]},{\"@type\":\"WebSite\",\"@id\":\"https:\/\/dypall.com\/#website\",\"url\":\"https:\/\/dypall.com\/\",\"name\":\"DYPALL Network\",\"description\":\"We are a European network of civil society organisations, municipalities and research institutions dedicated to improving democracy through youth participation.\",\"potentialAction\":[{\"@type\":\"SearchAction\",\"target\":{\"@type\":\"EntryPoint\",\"urlTemplate\":\"https:\/\/dypall.com\/?s={search_term_string}\"},\"query-input\":\"required name=search_term_string\"}],\"inLanguage\":\"fr-FR\"},{\"@type\":\"Person\",\"@id\":\"https:\/\/dypall.com\/#\/schema\/person\/206350efe851997fcdedef75d118766b\",\"name\":\"dypall\",\"image\":{\"@type\":\"ImageObject\",\"inLanguage\":\"fr-FR\",\"@id\":\"https:\/\/dypall.com\/#\/schema\/person\/image\/\",\"url\":\"https:\/\/secure.gravatar.com\/avatar\/14e8d3d8841cd0bdf69915120bcf9fcfac1567f1dc7035664907322ac47efe29?s=96&d=mm&r=g\",\"contentUrl\":\"https:\/\/secure.gravatar.com\/avatar\/14e8d3d8841cd0bdf69915120bcf9fcfac1567f1dc7035664907322ac47efe29?s=96&d=mm&r=g\",\"caption\":\"dypall\"},\"url\":\"https:\/\/dypall.com\/fr\/author\/dypall_info\/\"}]}<\/script>\n<!-- \/ Yoast SEO plugin. -->","yoast_head_json":{"title":"First Iberian Meeting of Municipality Youth Departments - DYPALL Network","robots":{"index":"index","follow":"follow","max-snippet":"max-snippet:-1","max-image-preview":"max-image-preview:large","max-video-preview":"max-video-preview:-1"},"canonical":"https:\/\/dypall.com\/fr\/calls\/first-iberian-meeting-of-municipality-youth-departments\/","og_locale":"fr_FR","og_type":"article","og_title":"First Iberian Meeting of Municipality Youth Departments - DYPALL Network","og_description":"1st Iberian Meeting of Municipality Youth Departments &#8220;Youth policies are an integral and crucial part of municipality management. We want to reinforce the institutional component, making of Braga a reference point for what these policies should look like in the future&#8221; Ricardo Rio, Mayor of Braga On\u00a0June 9, ECOS and DYPALL had the opportunity to&hellip; Poursuivre la lecture First Iberian Meeting of Municipality Youth Departments","og_url":"https:\/\/dypall.com\/fr\/calls\/first-iberian-meeting-of-municipality-youth-departments\/","og_site_name":"DYPALL Network","article_published_time":"2016-06-10T10:00:36+00:00","author":"dypall","twitter_card":"summary_large_image","twitter_misc":{"Written by":"dypall","Est. reading time":"1 minute"},"schema":{"@context":"https:\/\/schema.org","@graph":[{"@type":"WebPage","@id":"https:\/\/dypall.com\/calls\/first-iberian-meeting-of-municipality-youth-departments\/","url":"https:\/\/dypall.com\/calls\/first-iberian-meeting-of-municipality-youth-departments\/","name":"First Iberian Meeting of Municipality Youth Departments - DYPALL Network","isPartOf":{"@id":"https:\/\/dypall.com\/#website"},"primaryImageOfPage":{"@id":"https:\/\/dypall.com\/calls\/first-iberian-meeting-of-municipality-youth-departments\/#primaryimage"},"image":{"@id":"https:\/\/dypall.com\/calls\/first-iberian-meeting-of-municipality-youth-departments\/#primaryimage"},"thumbnailUrl":"","datePublished":"2016-06-10T10:00:36+00:00","dateModified":"2016-06-10T10:00:36+00:00","author":{"@id":"https:\/\/dypall.com\/#\/schema\/person\/206350efe851997fcdedef75d118766b"},"breadcrumb":{"@id":"https:\/\/dypall.com\/calls\/first-iberian-meeting-of-municipality-youth-departments\/#breadcrumb"},"inLanguage":"fr-FR","potentialAction":[{"@type":"ReadAction","target":["https:\/\/dypall.com\/calls\/first-iberian-meeting-of-municipality-youth-departments\/"]}]},{"@type":"ImageObject","inLanguage":"fr-FR","@id":"https:\/\/dypall.com\/calls\/first-iberian-meeting-of-municipality-youth-departments\/#primaryimage","url":"","contentUrl":""},{"@type":"BreadcrumbList","@id":"https:\/\/dypall.com\/calls\/first-iberian-meeting-of-municipality-youth-departments\/#breadcrumb","itemListElement":[{"@type":"ListItem","position":1,"name":"Home","item":"https:\/\/dypall.com\/"},{"@type":"ListItem","position":2,"name":"First Iberian Meeting of Municipality Youth Departments"}]},{"@type":"WebSite","@id":"https:\/\/dypall.com\/#website","url":"https:\/\/dypall.com\/","name":"DYPALL Network","description":"We are a European network of civil society organisations, municipalities and research institutions dedicated to improving democracy through youth participation.","potentialAction":[{"@type":"SearchAction","target":{"@type":"EntryPoint","urlTemplate":"https:\/\/dypall.com\/?s={search_term_string}"},"query-input":"required name=search_term_string"}],"inLanguage":"fr-FR"},{"@type":"Person","@id":"https:\/\/dypall.com\/#\/schema\/person\/206350efe851997fcdedef75d118766b","name":"dypall","image":{"@type":"ImageObject","inLanguage":"fr-FR","@id":"https:\/\/dypall.com\/#\/schema\/person\/image\/","url":"https:\/\/secure.gravatar.com\/avatar\/14e8d3d8841cd0bdf69915120bcf9fcfac1567f1dc7035664907322ac47efe29?s=96&d=mm&r=g","contentUrl":"https:\/\/secure.gravatar.com\/avatar\/14e8d3d8841cd0bdf69915120bcf9fcfac1567f1dc7035664907322ac47efe29?s=96&d=mm&r=g","caption":"dypall"},"url":"https:\/\/dypall.com\/fr\/author\/dypall_info\/"}]}},"jetpack_featured_media_url":"","jetpack_sharing_enabled":true,"_links":{"self":[{"href":"https:\/\/dypall.com\/fr\/wp-json\/wp\/v2\/posts\/5547","targetHints":{"allow":["GET"]}}],"collection":[{"href":"https:\/\/dypall.com\/fr\/wp-json\/wp\/v2\/posts"}],"about":[{"href":"https:\/\/dypall.com\/fr\/wp-json\/wp\/v2\/types\/post"}],"author":[{"embeddable":true,"href":"https:\/\/dypall.com\/fr\/wp-json\/wp\/v2\/users\/2"}],"replies":[{"embeddable":true,"href":"https:\/\/dypall.com\/fr\/wp-json\/wp\/v2\/comments?post=5547"}],"version-history":[{"count":0,"href":"https:\/\/dypall.com\/fr\/wp-json\/wp\/v2\/posts\/5547\/revisions"}],"wp:featuredmedia":[{"embeddable":true,"href":"https:\/\/dypall.com\/fr\/wp-json\/wp\/v2\/youth_empowerment\/522"}],"wp:attachment":[{"href":"https:\/\/dypall.com\/fr\/wp-json\/wp\/v2\/media?parent=5547"}],"wp:term":[{"taxonomy":"category","embeddable":true,"href":"https:\/\/dypall.com\/fr\/wp-json\/wp\/v2\/categories?post=5547"},{"taxonomy":"post_tag","embeddable":true,"href":"https:\/\/dypall.com\/fr\/wp-json\/wp\/v2\/tags?post=5547"}],"curies":[{"name":"wp","href":"https:\/\/api.w.org\/{rel}","templated":true}]}}