{"id":5544,"date":"2016-07-01T19:00:43","date_gmt":"2016-07-01T17:00:43","guid":{"rendered":"http:\/\/dypall.com\/?p=432"},"modified":"2016-07-01T19:00:43","modified_gmt":"2016-07-01T17:00:43","slug":"study-session-preparatory-meeting-meet-the-team","status":"publish","type":"post","link":"https:\/\/dypall.com\/fr\/activity\/study-session-preparatory-meeting-meet-the-team\/","title":{"rendered":"R\u00e9union pr\u00e9paratoire de la session d\u2019\u00e9tude \u2013 Rencontre avec l\u2019\u00e9quipe"},"content":{"rendered":"<div class=\"row gridblock\">\n<div class=\"col-md-6 col-xs-12 col-sm-12\">\n<p class=\"mod-img\"><img loading=\"lazy\" decoding=\"async\" class=\"alignnone wp-image-433 size-large\" src=\"http:\/\/dypall.com\/wp-content\/uploads\/2016\/07\/0_0_458_267.553752535_13549225_10154457404879835_701315865_o-1-1024x576.jpg\" width=\"458\" height=\"267\" \/><\/p>\n<div class=\"mod-blockquote\">\n<p><strong>La session d\u2019\u00e9tude intitul\u00e9e \u00abTransferting positive practices of Democratic Youth Participation Models from European to Local Level\u00bb (Transf\u00e9rer les pratiques positives des mod\u00e8les d\u00e9mocratiques de participation des jeunes du niveau europ\u00e9en au niveau local) aura lieu \u00e0 Strasbourg (France), du\u00a0<\/strong><strong>9 au 15 octobre 2016<\/strong><\/p>\n<\/div>\n<\/div>\n<div class=\"col-md-6 col-xs-12 col-sm-12\">\n<h4>L'\u00e9quipe p\u00e9dagogique se r\u00e9unit \u00e0 Strasbourg<\/h4>\n<p class=\"heading-alt\" style=\"text-align: center;\">\u00cates-vous pr\u00eat pour la session d'\u00e9tude?<\/p>\n<p style=\"text-align: justify;\">L\u2019\u00e9quipe p\u00e9dagogique d\u00e9sign\u00e9e pour la session d\u2019\u00e9tude de DYPALL se r\u00e9unit pour commencer la pr\u00e9paration de l\u2019\u00e9v\u00e9nement.<strong>Transf\u00e9rer les pratiques positives des mod\u00e8les d\u00e9mocratiques de participation des jeunes de l\u2019\u00e9chelon europ\u00e9en \u00e0 l\u2019\u00e9chelon local\u00bb,<\/strong>\u00a0financ\u00e9 par la Fondation europ\u00e9enne pour la jeunesse (FEJ) du Conseil de l'Europe.<\/p>\n<p style=\"text-align: justify;\">La session d'\u00e9tude sera un espace permettant aux jeunes travailleurs des autorit\u00e9s locales et de la soci\u00e9t\u00e9 civile, aux jeunes et aux animateurs de jeunesse de se rassembler et de rechercher les pratiques positives de participation significative mises en \u0153uvre au niveau europ\u00e9en. L'objectif principal est d'approfondir la discussion de ces processus, de partager les exp\u00e9riences, d'analyser les difficult\u00e9s et les obstacles, ainsi que les m\u00e9thodes et syst\u00e8mes efficaces de mod\u00e8les d\u00e9mocratiques de participation des jeunes aux niveaux europ\u00e9en et local.<\/p>\n<div class=\"training-description running-text mrgn-btm-33\"><\/div>\n<p style=\"text-align: justify;\">Ce week-end, l'\u00e9quipe pr\u00e9paratoire rencontrera Jackie Lubelli (EYF) et Mara Georgescu, conseill\u00e8re p\u00e9dagogique du d\u00e9partement Jeunesse du Conseil, qui soutiendra l'\u00e9quipe dans la pr\u00e9paration et le d\u00e9roulement de l'\u00e9v\u00e9nement.\u00a0Ensemble, ils examineront et finaliseront le programme et pr\u00e9pareront l'appel aux participants qui sera lanc\u00e9 au d\u00e9but de la semaine prochaine.<\/p>\n<h5>RENCONTREZ L'\u00c9QUIPE<\/h5>\n<div class=\"row\">\n<div class=\"col-md-12 col-xs-12 col-sm-12\">\n<ul>\n<li>Dragana Jovanovska, Centre pour le dialogue interculturel (Mac\u00e9doine)<\/li>\n<li>Ana Morgado, ECOS, CRL (Portugal)<\/li>\n<li>Bertrand Manegabe, ADYNE Pays-Bas (Pays-Bas)<\/li>\n<li>Leila Rasima, municipalit\u00e9 du district de Rezekne (Lettonie)<\/li>\n<li>Lenka Karafiatova, AGU Youth Factory (Turquie)<\/li>\n<\/ul>\n<\/div>\n<\/div>\n<div class=\"row\">\n<div class=\"col-md-12 col-xs-12 col-sm-12\">\n<hr \/>\n<\/div>\n<\/div>\n<\/div>\n<\/div>","protected":false},"excerpt":{"rendered":"<p>La session d\u2019\u00e9tude intitul\u00e9e \u00abTransferting positive practices of Democratic Youth Participation Models from European to Local Level\u00bb (Transf\u00e9rer les pratiques positives des mod\u00e8les d\u00e9mocratiques de participation des jeunes du niveau europ\u00e9en au niveau local) se tiendra \u00e0 Strasbourg (France), du 9 au 15 octobre 2016. L\u2019\u00e9quipe p\u00e9dagogique se r\u00e9unit \u00e0 Strasbourg. \u00cates-vous pr\u00eat pour la session d\u2019\u00e9tude? L'\u00e9quipe p\u00e9dagogique nomm\u00e9e \u00e0 la session d'\u00e9tude de DYPALL se r\u00e9unit pour... <a class=\"more-link\" href=\"https:\/\/dypall.com\/fr\/activity\/study-session-preparatory-meeting-meet-the-team\/\">Poursuivre la lecture <span class=\"screen-reader-text\">R\u00e9union pr\u00e9paratoire de la session d\u2019\u00e9tude \u2013 Rencontre avec l\u2019\u00e9quipe<\/span><\/a><\/p>","protected":false},"author":2,"featured_media":433,"comment_status":"closed","ping_status":"open","sticky":false,"template":"","format":"standard","meta":{"_acf_changed":false,"_jetpack_memberships_contains_paid_content":false,"footnotes":""},"categories":[111,132],"tags":[131,133],"class_list":["post-5544","post","type-post","status-publish","format-standard","has-post-thumbnail","hentry","category-activity","category-study-session","tag-preparatory-meeting","tag-study-session","entry"],"acf":[],"yoast_head":"<!-- This site is optimized with the Yoast SEO plugin v22.8 - https:\/\/yoast.com\/wordpress\/plugins\/seo\/ -->\n<title>Study Session Preparatory Meeting - Meet the team - DYPALL Network<\/title>\n<meta name=\"robots\" content=\"index, follow, max-snippet:-1, max-image-preview:large, max-video-preview:-1\" \/>\n<link rel=\"canonical\" href=\"https:\/\/dypall.com\/fr\/activity\/study-session-preparatory-meeting-meet-the-team\/\" \/>\n<meta property=\"og:locale\" content=\"fr_FR\" \/>\n<meta property=\"og:type\" content=\"article\" \/>\n<meta property=\"og:title\" content=\"Study Session Preparatory Meeting - Meet the team - DYPALL Network\" \/>\n<meta property=\"og:description\" content=\"The Study Session &#8220;Transferring positive practices of Democratic Youth Participation Models from European to Local Level&#8221; will take place in Strasbourg (France), from\u00a09 to\u00a015 October 2016 The pedagogical team is meeting in Strasbourg Are you ready for the Study Session? The Pedagogical Team appointed to the Study Session of DYPALL is meeting to start the&hellip; Poursuivre la lecture Study Session Preparatory Meeting &#8211; Meet the team\" \/>\n<meta property=\"og:url\" content=\"https:\/\/dypall.com\/fr\/activity\/study-session-preparatory-meeting-meet-the-team\/\" \/>\n<meta property=\"og:site_name\" content=\"DYPALL Network\" \/>\n<meta property=\"article:published_time\" content=\"2016-07-01T17:00:43+00:00\" \/>\n<meta property=\"og:image\" content=\"https:\/\/dypall.com\/wp-content\/uploads\/2024\/05\/Captura-de-ecra-2024-05-27-as-12.34.26.png\" \/>\n\t<meta property=\"og:image:width\" content=\"600\" \/>\n\t<meta property=\"og:image:height\" content=\"849\" \/>\n\t<meta property=\"og:image:type\" content=\"image\/png\" \/>\n<meta name=\"author\" content=\"dypall\" \/>\n<meta name=\"twitter:card\" content=\"summary_large_image\" \/>\n<meta name=\"twitter:label1\" content=\"Written by\" \/>\n\t<meta name=\"twitter:data1\" content=\"dypall\" \/>\n\t<meta name=\"twitter:label2\" content=\"Est. reading time\" \/>\n\t<meta name=\"twitter:data2\" content=\"1 minute\" \/>\n<script type=\"application\/ld+json\" class=\"yoast-schema-graph\">{\"@context\":\"https:\/\/schema.org\",\"@graph\":[{\"@type\":\"WebPage\",\"@id\":\"https:\/\/dypall.com\/activity\/study-session-preparatory-meeting-meet-the-team\/\",\"url\":\"https:\/\/dypall.com\/activity\/study-session-preparatory-meeting-meet-the-team\/\",\"name\":\"Study Session Preparatory Meeting - Meet the team - DYPALL Network\",\"isPartOf\":{\"@id\":\"https:\/\/dypall.com\/#website\"},\"primaryImageOfPage\":{\"@id\":\"https:\/\/dypall.com\/activity\/study-session-preparatory-meeting-meet-the-team\/#primaryimage\"},\"image\":{\"@id\":\"https:\/\/dypall.com\/activity\/study-session-preparatory-meeting-meet-the-team\/#primaryimage\"},\"thumbnailUrl\":\"https:\/\/dypall.com\/wp-content\/uploads\/2024\/05\/Captura-de-ecra-2024-05-27-as-12.34.26.png\",\"datePublished\":\"2016-07-01T17:00:43+00:00\",\"dateModified\":\"2016-07-01T17:00:43+00:00\",\"author\":{\"@id\":\"https:\/\/dypall.com\/#\/schema\/person\/206350efe851997fcdedef75d118766b\"},\"breadcrumb\":{\"@id\":\"https:\/\/dypall.com\/activity\/study-session-preparatory-meeting-meet-the-team\/#breadcrumb\"},\"inLanguage\":\"fr-FR\",\"potentialAction\":[{\"@type\":\"ReadAction\",\"target\":[\"https:\/\/dypall.com\/activity\/study-session-preparatory-meeting-meet-the-team\/\"]}]},{\"@type\":\"ImageObject\",\"inLanguage\":\"fr-FR\",\"@id\":\"https:\/\/dypall.com\/activity\/study-session-preparatory-meeting-meet-the-team\/#primaryimage\",\"url\":\"https:\/\/dypall.com\/wp-content\/uploads\/2024\/05\/Captura-de-ecra-2024-05-27-as-12.34.26.png\",\"contentUrl\":\"https:\/\/dypall.com\/wp-content\/uploads\/2024\/05\/Captura-de-ecra-2024-05-27-as-12.34.26.png\",\"width\":600,\"height\":849},{\"@type\":\"BreadcrumbList\",\"@id\":\"https:\/\/dypall.com\/activity\/study-session-preparatory-meeting-meet-the-team\/#breadcrumb\",\"itemListElement\":[{\"@type\":\"ListItem\",\"position\":1,\"name\":\"Home\",\"item\":\"https:\/\/dypall.com\/\"},{\"@type\":\"ListItem\",\"position\":2,\"name\":\"Study Session Preparatory Meeting &#8211; Meet the team\"}]},{\"@type\":\"WebSite\",\"@id\":\"https:\/\/dypall.com\/#website\",\"url\":\"https:\/\/dypall.com\/\",\"name\":\"DYPALL Network\",\"description\":\"We are a European network of civil society organisations, municipalities and research institutions dedicated to improving democracy through youth participation.\",\"potentialAction\":[{\"@type\":\"SearchAction\",\"target\":{\"@type\":\"EntryPoint\",\"urlTemplate\":\"https:\/\/dypall.com\/?s={search_term_string}\"},\"query-input\":\"required name=search_term_string\"}],\"inLanguage\":\"fr-FR\"},{\"@type\":\"Person\",\"@id\":\"https:\/\/dypall.com\/#\/schema\/person\/206350efe851997fcdedef75d118766b\",\"name\":\"dypall\",\"image\":{\"@type\":\"ImageObject\",\"inLanguage\":\"fr-FR\",\"@id\":\"https:\/\/dypall.com\/#\/schema\/person\/image\/\",\"url\":\"https:\/\/secure.gravatar.com\/avatar\/14e8d3d8841cd0bdf69915120bcf9fcfac1567f1dc7035664907322ac47efe29?s=96&d=mm&r=g\",\"contentUrl\":\"https:\/\/secure.gravatar.com\/avatar\/14e8d3d8841cd0bdf69915120bcf9fcfac1567f1dc7035664907322ac47efe29?s=96&d=mm&r=g\",\"caption\":\"dypall\"},\"url\":\"https:\/\/dypall.com\/fr\/author\/dypall_info\/\"}]}<\/script>\n<!-- \/ Yoast SEO plugin. -->","yoast_head_json":{"title":"Study Session Preparatory Meeting - Meet the team - DYPALL Network","robots":{"index":"index","follow":"follow","max-snippet":"max-snippet:-1","max-image-preview":"max-image-preview:large","max-video-preview":"max-video-preview:-1"},"canonical":"https:\/\/dypall.com\/fr\/activity\/study-session-preparatory-meeting-meet-the-team\/","og_locale":"fr_FR","og_type":"article","og_title":"Study Session Preparatory Meeting - Meet the team - DYPALL Network","og_description":"The Study Session &#8220;Transferring positive practices of Democratic Youth Participation Models from European to Local Level&#8221; will take place in Strasbourg (France), from\u00a09 to\u00a015 October 2016 The pedagogical team is meeting in Strasbourg Are you ready for the Study Session? The Pedagogical Team appointed to the Study Session of DYPALL is meeting to start the&hellip; Poursuivre la lecture Study Session Preparatory Meeting &#8211; Meet the team","og_url":"https:\/\/dypall.com\/fr\/activity\/study-session-preparatory-meeting-meet-the-team\/","og_site_name":"DYPALL Network","article_published_time":"2016-07-01T17:00:43+00:00","og_image":[{"width":600,"height":849,"url":"https:\/\/dypall.com\/wp-content\/uploads\/2024\/05\/Captura-de-ecra-2024-05-27-as-12.34.26.png","type":"image\/png"}],"author":"dypall","twitter_card":"summary_large_image","twitter_misc":{"Written by":"dypall","Est. reading time":"1 minute"},"schema":{"@context":"https:\/\/schema.org","@graph":[{"@type":"WebPage","@id":"https:\/\/dypall.com\/activity\/study-session-preparatory-meeting-meet-the-team\/","url":"https:\/\/dypall.com\/activity\/study-session-preparatory-meeting-meet-the-team\/","name":"Study Session Preparatory Meeting - Meet the team - DYPALL Network","isPartOf":{"@id":"https:\/\/dypall.com\/#website"},"primaryImageOfPage":{"@id":"https:\/\/dypall.com\/activity\/study-session-preparatory-meeting-meet-the-team\/#primaryimage"},"image":{"@id":"https:\/\/dypall.com\/activity\/study-session-preparatory-meeting-meet-the-team\/#primaryimage"},"thumbnailUrl":"https:\/\/dypall.com\/wp-content\/uploads\/2024\/05\/Captura-de-ecra-2024-05-27-as-12.34.26.png","datePublished":"2016-07-01T17:00:43+00:00","dateModified":"2016-07-01T17:00:43+00:00","author":{"@id":"https:\/\/dypall.com\/#\/schema\/person\/206350efe851997fcdedef75d118766b"},"breadcrumb":{"@id":"https:\/\/dypall.com\/activity\/study-session-preparatory-meeting-meet-the-team\/#breadcrumb"},"inLanguage":"fr-FR","potentialAction":[{"@type":"ReadAction","target":["https:\/\/dypall.com\/activity\/study-session-preparatory-meeting-meet-the-team\/"]}]},{"@type":"ImageObject","inLanguage":"fr-FR","@id":"https:\/\/dypall.com\/activity\/study-session-preparatory-meeting-meet-the-team\/#primaryimage","url":"https:\/\/dypall.com\/wp-content\/uploads\/2024\/05\/Captura-de-ecra-2024-05-27-as-12.34.26.png","contentUrl":"https:\/\/dypall.com\/wp-content\/uploads\/2024\/05\/Captura-de-ecra-2024-05-27-as-12.34.26.png","width":600,"height":849},{"@type":"BreadcrumbList","@id":"https:\/\/dypall.com\/activity\/study-session-preparatory-meeting-meet-the-team\/#breadcrumb","itemListElement":[{"@type":"ListItem","position":1,"name":"Home","item":"https:\/\/dypall.com\/"},{"@type":"ListItem","position":2,"name":"Study Session Preparatory Meeting &#8211; Meet the team"}]},{"@type":"WebSite","@id":"https:\/\/dypall.com\/#website","url":"https:\/\/dypall.com\/","name":"DYPALL Network","description":"We are a European network of civil society organisations, municipalities and research institutions dedicated to improving democracy through youth participation.","potentialAction":[{"@type":"SearchAction","target":{"@type":"EntryPoint","urlTemplate":"https:\/\/dypall.com\/?s={search_term_string}"},"query-input":"required name=search_term_string"}],"inLanguage":"fr-FR"},{"@type":"Person","@id":"https:\/\/dypall.com\/#\/schema\/person\/206350efe851997fcdedef75d118766b","name":"dypall","image":{"@type":"ImageObject","inLanguage":"fr-FR","@id":"https:\/\/dypall.com\/#\/schema\/person\/image\/","url":"https:\/\/secure.gravatar.com\/avatar\/14e8d3d8841cd0bdf69915120bcf9fcfac1567f1dc7035664907322ac47efe29?s=96&d=mm&r=g","contentUrl":"https:\/\/secure.gravatar.com\/avatar\/14e8d3d8841cd0bdf69915120bcf9fcfac1567f1dc7035664907322ac47efe29?s=96&d=mm&r=g","caption":"dypall"},"url":"https:\/\/dypall.com\/fr\/author\/dypall_info\/"}]}},"jetpack_featured_media_url":"https:\/\/dypall.com\/wp-content\/uploads\/2024\/05\/Captura-de-ecra-2024-05-27-as-12.34.26.png","jetpack_sharing_enabled":true,"_links":{"self":[{"href":"https:\/\/dypall.com\/fr\/wp-json\/wp\/v2\/posts\/5544","targetHints":{"allow":["GET"]}}],"collection":[{"href":"https:\/\/dypall.com\/fr\/wp-json\/wp\/v2\/posts"}],"about":[{"href":"https:\/\/dypall.com\/fr\/wp-json\/wp\/v2\/types\/post"}],"author":[{"embeddable":true,"href":"https:\/\/dypall.com\/fr\/wp-json\/wp\/v2\/users\/2"}],"replies":[{"embeddable":true,"href":"https:\/\/dypall.com\/fr\/wp-json\/wp\/v2\/comments?post=5544"}],"version-history":[{"count":0,"href":"https:\/\/dypall.com\/fr\/wp-json\/wp\/v2\/posts\/5544\/revisions"}],"wp:featuredmedia":[{"embeddable":true,"href":"https:\/\/dypall.com\/fr\/wp-json\/wp\/v2\/media\/433"}],"wp:attachment":[{"href":"https:\/\/dypall.com\/fr\/wp-json\/wp\/v2\/media?parent=5544"}],"wp:term":[{"taxonomy":"category","embeddable":true,"href":"https:\/\/dypall.com\/fr\/wp-json\/wp\/v2\/categories?post=5544"},{"taxonomy":"post_tag","embeddable":true,"href":"https:\/\/dypall.com\/fr\/wp-json\/wp\/v2\/tags?post=5544"}],"curies":[{"name":"wp","href":"https:\/\/api.w.org\/{rel}","templated":true}]}}