{"id":5413,"date":"2022-03-17T15:25:07","date_gmt":"2022-03-17T15:25:07","guid":{"rendered":"https:\/\/dypall.com\/?p=5413"},"modified":"2022-03-17T15:25:07","modified_gmt":"2022-03-17T15:25:07","slug":"level-up-life-after-mobilities-final-conference-and-partners-meeting-in-brussels-belgium","status":"publish","type":"post","link":"https:\/\/dypall.com\/fr\/activity\/level-up-life-after-mobilities-final-conference-and-partners-meeting-in-brussels-belgium\/","title":{"rendered":"Montez de niveau! Life after mobilities \u2013 CONF\u00c9RENCE FINALE ET R\u00c9UNION DES PARTENAIRES \u00c0 BRUXELLES, BELGIQUE"},"content":{"rendered":"<p>La r\u00e9union finale du projet \u00abLevel up! Life after mobilities\u00bb a eu lieu du 16 au 19 mars \u00e0 Bruxelles, en Belgique. Les partenaires du consortium se sont r\u00e9unis pour pr\u00e9senter les r\u00e9sultats du projet, \u00e9valuer le processus de d\u00e9veloppement du projet et discuter et planifier de futures id\u00e9es de suivi.<\/p>\n<p>Le premier jour de la r\u00e9union a \u00e9t\u00e9 consacr\u00e9 \u00e0 la conf\u00e9rence internationale \u00abLevel up! Life after mobilities\u00bb organis\u00e9e par Youth for Exchange and Understanding, au cours de laquelle les partenaires du projet ont partag\u00e9 ses principaux r\u00e9sultats:<\/p>\n<ul>\n<li><a href=\"https:\/\/www.levelup-project.com\/\">Outil num\u00e9rique \u00abLEVEL UP!\u00bb pour le suivi apr\u00e8s les mobilit\u00e9s<\/a> (IO1), qui offre un espace pour le partage et l'organisation d'\u00e9v\u00e9nements de diffusion de suivi des mobilit\u00e9s d'apprentissage. L'objectif de ce site est de fournir aux participants aux projets Erasmus+ les outils et les possibilit\u00e9s de canaliser leur engagement et leur motivation dans les r\u00e9alit\u00e9s locales, en offrant un espace et du temps pour des \u00e9v\u00e9nements de suivi efficaces qui redonnent aux communaut\u00e9s.<\/li>\n<li><a href=\"https:\/\/www.levelup-project.com\/_files\/ugd\/615d28_4979522a6ebe42b09d8e018259f9bd88.pdf\">Publication \u00abLEVEL UP!\u00bb (IO2)<\/a>, qui est un guide \u00e9tape par \u00e9tape sur la mani\u00e8re de cr\u00e9er une strat\u00e9gie de suivi de qualit\u00e9.<\/li>\n<\/ul>\n<p>Le projet \u00abLevel Up! Life After Mobility\u00bb visait \u00e0 combler le foss\u00e9 entre les mobilit\u00e9s internationales et la vie dans les communaut\u00e9s locales apr\u00e8s ces exp\u00e9riences. Ainsi, l'objectif principal du projet \u00e9tait de soutenir le suivi des mobilit\u00e9s internationales au niveau local, en essayant d'engager les jeunes qui participent activement \u00e0 des exp\u00e9riences similaires \u00e0 devenir plus actifs au sein de leurs propres communaut\u00e9s, et d'avoir une chance de transmettre leur apprentissage et l'expertise \/ comp\u00e9tences nouvellement acquises pour am\u00e9liorer leurs propres r\u00e9alit\u00e9s.<\/p>\n<p>Le projet visait \u00e0 fournir aux jeunes les outils et les m\u00e9canismes qui permettent cet engagement avec leurs communaut\u00e9s locales, ainsi que les activit\u00e9s de suivi susmentionn\u00e9es. Plus pr\u00e9cis\u00e9ment, ce projet visait \u00e0 soutenir le renforcement des capacit\u00e9s des animateurs socio-\u00e9ducatifs et des organisations de jeunesse afin de mettre en \u0153uvre des strat\u00e9gies de suivi efficaces et de garantir l\u2019impact local des mobilit\u00e9s internationales. En outre, il vise \u00e0 encourager l'engagement, le volontariat et la participation des jeunes qui ont \u00e9t\u00e9 impliqu\u00e9s dans des mobilit\u00e9s internationales, en<br \/>\nleurs propres communaut\u00e9s.<\/p>\n<p>Afin d'accro\u00eetre l'engagement des jeunes au niveau local \u00e0 la suite des mobilit\u00e9s internationales, le projet visait \u00e0 permettre aux jeunes impliqu\u00e9s dans les mobilit\u00e9s internationales de se connecter entre eux, avec les d\u00e9cideurs politiques, l'administration publique, les organisations de jeunesse, et<br \/>\nd\u2019autres, et de cette mani\u00e8re, permettre \u00e0 ceux qui ont particip\u00e9 \u00e0 des mobilit\u00e9s \u00e0 l\u2019\u00e9tranger de \u00abredonner\u00bb \u00e0 leurs communaut\u00e9s locales.<\/p>\n<p>Ce projet de 24 mois a \u00e9t\u00e9 d\u00e9velopp\u00e9 sous la coordination de Active Bulgarian Society en partenariat avec DYPALL Network, Youth for Exchange and Understanding et United Society of Balkans, dans le cadre du programme Erasmus+ KA2.<\/p>\n<p><a href=\"https:\/\/dypall.com\/fr\/2022\/03\/19\/level-up-life-after-mobilities-final-conference-and-partners-meeting-in-cracow-poland\/2-21\/#main\" rel=\"attachment wp-att-5414\"><img loading=\"lazy\" decoding=\"async\" class=\"alignleft size-large wp-image-5414\" src=\"https:\/\/dypall.com\/wp-content\/uploads\/2022\/03\/2-1-1024x1024.jpeg\" alt=\"\" width=\"1024\" height=\"1024\" \/><\/a><\/p>\n<p><a href=\"https:\/\/dypall.com\/fr\/2022\/03\/19\/level-up-life-after-mobilities-final-conference-and-partners-meeting-in-cracow-poland\/5-2-3\/#main\" rel=\"attachment wp-att-5416\"><img loading=\"lazy\" decoding=\"async\" class=\"alignleft size-large wp-image-5416\" src=\"https:\/\/dypall.com\/wp-content\/uploads\/2022\/03\/5-2-1024x768.jpeg\" alt=\"\" width=\"1024\" height=\"768\" \/><\/a><a href=\"https:\/\/dypall.com\/fr\/2022\/03\/19\/level-up-life-after-mobilities-final-conference-and-partners-meeting-in-cracow-poland\/1-20\/#main\" rel=\"attachment wp-att-5415\"><img loading=\"lazy\" decoding=\"async\" class=\"alignleft size-large wp-image-5415\" src=\"https:\/\/dypall.com\/wp-content\/uploads\/2022\/03\/1-1024x1024.jpeg\" alt=\"\" width=\"1024\" height=\"1024\" \/><\/a><\/p>","protected":false},"excerpt":{"rendered":"<p>La r\u00e9union finale du projet \u00abLevel up! Life after mobilities\u00bb a eu lieu du 16 au 19 mars \u00e0 Bruxelles, en Belgique. Les partenaires du consortium se sont r\u00e9unis pour pr\u00e9senter les r\u00e9sultats du projet, \u00e9valuer le processus de d\u00e9veloppement du projet et discuter et planifier de futures id\u00e9es de suivi. Le premier jour de la r\u00e9union a \u00e9t\u00e9 consacr\u00e9 \u00e0 la conf\u00e9rence internationale \u00abLevel up! La vie apr\u00e8s... <a class=\"more-link\" href=\"https:\/\/dypall.com\/fr\/activity\/level-up-life-after-mobilities-final-conference-and-partners-meeting-in-brussels-belgium\/\">Poursuivre la lecture <span class=\"screen-reader-text\">Montez de niveau! Life after mobilities \u2013 CONF\u00c9RENCE FINALE ET R\u00c9UNION DES PARTENAIRES \u00c0 BRUXELLES, BELGIQUE<\/span><\/a><\/p>","protected":false},"author":3,"featured_media":5414,"comment_status":"closed","ping_status":"open","sticky":false,"template":"","format":"standard","meta":{"_acf_changed":false,"_jetpack_memberships_contains_paid_content":false,"footnotes":""},"categories":[111,183],"tags":[],"class_list":["post-5413","post","type-post","status-publish","format-standard","has-post-thumbnail","hentry","category-activity","category-research","entry"],"acf":[],"yoast_head":"<!-- This site is optimized with the Yoast SEO plugin v22.8 - https:\/\/yoast.com\/wordpress\/plugins\/seo\/ -->\n<title>Level up! Life after mobilities \u2013 FINAL CONFERENCE AND PARTNERS MEETING IN BRUSSELS, BELGIUM - DYPALL Network<\/title>\n<meta name=\"robots\" content=\"index, follow, max-snippet:-1, max-image-preview:large, max-video-preview:-1\" \/>\n<link rel=\"canonical\" href=\"https:\/\/dypall.com\/fr\/activity\/level-up-life-after-mobilities-final-conference-and-partners-meeting-in-brussels-belgium\/\" \/>\n<meta property=\"og:locale\" content=\"fr_FR\" \/>\n<meta property=\"og:type\" content=\"article\" \/>\n<meta property=\"og:title\" content=\"Level up! Life after mobilities \u2013 FINAL CONFERENCE AND PARTNERS MEETING IN BRUSSELS, BELGIUM - DYPALL Network\" \/>\n<meta property=\"og:description\" content=\"The final meeting of the project \u201cLevel up! Life after mobilities\u201d took place 16-19 March in Brussels, Belgium. The consortium partners met to present the project results, evaluate the project development process and discuss and plan future follow-up ideas. The first day of the meeting was dedicated to the international conference \u201cLevel up! Life after&hellip; Poursuivre la lecture Level up! Life after mobilities \u2013 FINAL CONFERENCE AND PARTNERS MEETING IN BRUSSELS, BELGIUM\" \/>\n<meta property=\"og:url\" content=\"https:\/\/dypall.com\/fr\/activity\/level-up-life-after-mobilities-final-conference-and-partners-meeting-in-brussels-belgium\/\" \/>\n<meta property=\"og:site_name\" content=\"DYPALL Network\" \/>\n<meta property=\"article:published_time\" content=\"2022-03-17T15:25:07+00:00\" \/>\n<meta name=\"author\" content=\"Admin\" \/>\n<meta name=\"twitter:card\" content=\"summary_large_image\" \/>\n<meta name=\"twitter:label1\" content=\"Written by\" \/>\n\t<meta name=\"twitter:data1\" content=\"Admin\" \/>\n\t<meta name=\"twitter:label2\" content=\"Est. reading time\" \/>\n\t<meta name=\"twitter:data2\" content=\"2 minutes\" \/>\n<script type=\"application\/ld+json\" class=\"yoast-schema-graph\">{\"@context\":\"https:\/\/schema.org\",\"@graph\":[{\"@type\":\"WebPage\",\"@id\":\"https:\/\/dypall.com\/activity\/level-up-life-after-mobilities-final-conference-and-partners-meeting-in-brussels-belgium\/\",\"url\":\"https:\/\/dypall.com\/activity\/level-up-life-after-mobilities-final-conference-and-partners-meeting-in-brussels-belgium\/\",\"name\":\"Level up! Life after mobilities \u2013 FINAL CONFERENCE AND PARTNERS MEETING IN BRUSSELS, BELGIUM - DYPALL Network\",\"isPartOf\":{\"@id\":\"https:\/\/dypall.com\/#website\"},\"primaryImageOfPage\":{\"@id\":\"https:\/\/dypall.com\/activity\/level-up-life-after-mobilities-final-conference-and-partners-meeting-in-brussels-belgium\/#primaryimage\"},\"image\":{\"@id\":\"https:\/\/dypall.com\/activity\/level-up-life-after-mobilities-final-conference-and-partners-meeting-in-brussels-belgium\/#primaryimage\"},\"thumbnailUrl\":\"\",\"datePublished\":\"2022-03-17T15:25:07+00:00\",\"dateModified\":\"2022-03-17T15:25:07+00:00\",\"author\":{\"@id\":\"https:\/\/dypall.com\/#\/schema\/person\/15b093a5f6054aadaa6a2f9da7b7f73a\"},\"breadcrumb\":{\"@id\":\"https:\/\/dypall.com\/activity\/level-up-life-after-mobilities-final-conference-and-partners-meeting-in-brussels-belgium\/#breadcrumb\"},\"inLanguage\":\"fr-FR\",\"potentialAction\":[{\"@type\":\"ReadAction\",\"target\":[\"https:\/\/dypall.com\/activity\/level-up-life-after-mobilities-final-conference-and-partners-meeting-in-brussels-belgium\/\"]}]},{\"@type\":\"ImageObject\",\"inLanguage\":\"fr-FR\",\"@id\":\"https:\/\/dypall.com\/activity\/level-up-life-after-mobilities-final-conference-and-partners-meeting-in-brussels-belgium\/#primaryimage\",\"url\":\"\",\"contentUrl\":\"\"},{\"@type\":\"BreadcrumbList\",\"@id\":\"https:\/\/dypall.com\/activity\/level-up-life-after-mobilities-final-conference-and-partners-meeting-in-brussels-belgium\/#breadcrumb\",\"itemListElement\":[{\"@type\":\"ListItem\",\"position\":1,\"name\":\"Home\",\"item\":\"https:\/\/dypall.com\/\"},{\"@type\":\"ListItem\",\"position\":2,\"name\":\"Level up! Life after mobilities \u2013 FINAL CONFERENCE AND PARTNERS MEETING IN BRUSSELS, BELGIUM\"}]},{\"@type\":\"WebSite\",\"@id\":\"https:\/\/dypall.com\/#website\",\"url\":\"https:\/\/dypall.com\/\",\"name\":\"DYPALL Network\",\"description\":\"We are a European network of civil society organisations, municipalities and research institutions dedicated to improving democracy through youth participation.\",\"potentialAction\":[{\"@type\":\"SearchAction\",\"target\":{\"@type\":\"EntryPoint\",\"urlTemplate\":\"https:\/\/dypall.com\/?s={search_term_string}\"},\"query-input\":\"required name=search_term_string\"}],\"inLanguage\":\"fr-FR\"},{\"@type\":\"Person\",\"@id\":\"https:\/\/dypall.com\/#\/schema\/person\/15b093a5f6054aadaa6a2f9da7b7f73a\",\"name\":\"Admin\",\"image\":{\"@type\":\"ImageObject\",\"inLanguage\":\"fr-FR\",\"@id\":\"https:\/\/dypall.com\/#\/schema\/person\/image\/\",\"url\":\"https:\/\/secure.gravatar.com\/avatar\/d61590bc1c655fab87f188c8b9d55a8d8f3680a64ab062456660c4c4bf4019e5?s=96&d=mm&r=g\",\"contentUrl\":\"https:\/\/secure.gravatar.com\/avatar\/d61590bc1c655fab87f188c8b9d55a8d8f3680a64ab062456660c4c4bf4019e5?s=96&d=mm&r=g\",\"caption\":\"Admin\"},\"url\":\"https:\/\/dypall.com\/fr\/author\/dypall5_wp\/\"}]}<\/script>\n<!-- \/ Yoast SEO plugin. -->","yoast_head_json":{"title":"Level up! Life after mobilities \u2013 FINAL CONFERENCE AND PARTNERS MEETING IN BRUSSELS, BELGIUM - DYPALL Network","robots":{"index":"index","follow":"follow","max-snippet":"max-snippet:-1","max-image-preview":"max-image-preview:large","max-video-preview":"max-video-preview:-1"},"canonical":"https:\/\/dypall.com\/fr\/activity\/level-up-life-after-mobilities-final-conference-and-partners-meeting-in-brussels-belgium\/","og_locale":"fr_FR","og_type":"article","og_title":"Level up! Life after mobilities \u2013 FINAL CONFERENCE AND PARTNERS MEETING IN BRUSSELS, BELGIUM - DYPALL Network","og_description":"The final meeting of the project \u201cLevel up! Life after mobilities\u201d took place 16-19 March in Brussels, Belgium. The consortium partners met to present the project results, evaluate the project development process and discuss and plan future follow-up ideas. The first day of the meeting was dedicated to the international conference \u201cLevel up! Life after&hellip; Poursuivre la lecture Level up! Life after mobilities \u2013 FINAL CONFERENCE AND PARTNERS MEETING IN BRUSSELS, BELGIUM","og_url":"https:\/\/dypall.com\/fr\/activity\/level-up-life-after-mobilities-final-conference-and-partners-meeting-in-brussels-belgium\/","og_site_name":"DYPALL Network","article_published_time":"2022-03-17T15:25:07+00:00","author":"Admin","twitter_card":"summary_large_image","twitter_misc":{"Written by":"Admin","Est. reading time":"2 minutes"},"schema":{"@context":"https:\/\/schema.org","@graph":[{"@type":"WebPage","@id":"https:\/\/dypall.com\/activity\/level-up-life-after-mobilities-final-conference-and-partners-meeting-in-brussels-belgium\/","url":"https:\/\/dypall.com\/activity\/level-up-life-after-mobilities-final-conference-and-partners-meeting-in-brussels-belgium\/","name":"Level up! Life after mobilities \u2013 FINAL CONFERENCE AND PARTNERS MEETING IN BRUSSELS, BELGIUM - DYPALL Network","isPartOf":{"@id":"https:\/\/dypall.com\/#website"},"primaryImageOfPage":{"@id":"https:\/\/dypall.com\/activity\/level-up-life-after-mobilities-final-conference-and-partners-meeting-in-brussels-belgium\/#primaryimage"},"image":{"@id":"https:\/\/dypall.com\/activity\/level-up-life-after-mobilities-final-conference-and-partners-meeting-in-brussels-belgium\/#primaryimage"},"thumbnailUrl":"","datePublished":"2022-03-17T15:25:07+00:00","dateModified":"2022-03-17T15:25:07+00:00","author":{"@id":"https:\/\/dypall.com\/#\/schema\/person\/15b093a5f6054aadaa6a2f9da7b7f73a"},"breadcrumb":{"@id":"https:\/\/dypall.com\/activity\/level-up-life-after-mobilities-final-conference-and-partners-meeting-in-brussels-belgium\/#breadcrumb"},"inLanguage":"fr-FR","potentialAction":[{"@type":"ReadAction","target":["https:\/\/dypall.com\/activity\/level-up-life-after-mobilities-final-conference-and-partners-meeting-in-brussels-belgium\/"]}]},{"@type":"ImageObject","inLanguage":"fr-FR","@id":"https:\/\/dypall.com\/activity\/level-up-life-after-mobilities-final-conference-and-partners-meeting-in-brussels-belgium\/#primaryimage","url":"","contentUrl":""},{"@type":"BreadcrumbList","@id":"https:\/\/dypall.com\/activity\/level-up-life-after-mobilities-final-conference-and-partners-meeting-in-brussels-belgium\/#breadcrumb","itemListElement":[{"@type":"ListItem","position":1,"name":"Home","item":"https:\/\/dypall.com\/"},{"@type":"ListItem","position":2,"name":"Level up! Life after mobilities \u2013 FINAL CONFERENCE AND PARTNERS MEETING IN BRUSSELS, BELGIUM"}]},{"@type":"WebSite","@id":"https:\/\/dypall.com\/#website","url":"https:\/\/dypall.com\/","name":"DYPALL Network","description":"We are a European network of civil society organisations, municipalities and research institutions dedicated to improving democracy through youth participation.","potentialAction":[{"@type":"SearchAction","target":{"@type":"EntryPoint","urlTemplate":"https:\/\/dypall.com\/?s={search_term_string}"},"query-input":"required name=search_term_string"}],"inLanguage":"fr-FR"},{"@type":"Person","@id":"https:\/\/dypall.com\/#\/schema\/person\/15b093a5f6054aadaa6a2f9da7b7f73a","name":"Admin","image":{"@type":"ImageObject","inLanguage":"fr-FR","@id":"https:\/\/dypall.com\/#\/schema\/person\/image\/","url":"https:\/\/secure.gravatar.com\/avatar\/d61590bc1c655fab87f188c8b9d55a8d8f3680a64ab062456660c4c4bf4019e5?s=96&d=mm&r=g","contentUrl":"https:\/\/secure.gravatar.com\/avatar\/d61590bc1c655fab87f188c8b9d55a8d8f3680a64ab062456660c4c4bf4019e5?s=96&d=mm&r=g","caption":"Admin"},"url":"https:\/\/dypall.com\/fr\/author\/dypall5_wp\/"}]}},"jetpack_featured_media_url":"","jetpack_sharing_enabled":true,"_links":{"self":[{"href":"https:\/\/dypall.com\/fr\/wp-json\/wp\/v2\/posts\/5413","targetHints":{"allow":["GET"]}}],"collection":[{"href":"https:\/\/dypall.com\/fr\/wp-json\/wp\/v2\/posts"}],"about":[{"href":"https:\/\/dypall.com\/fr\/wp-json\/wp\/v2\/types\/post"}],"author":[{"embeddable":true,"href":"https:\/\/dypall.com\/fr\/wp-json\/wp\/v2\/users\/3"}],"replies":[{"embeddable":true,"href":"https:\/\/dypall.com\/fr\/wp-json\/wp\/v2\/comments?post=5413"}],"version-history":[{"count":0,"href":"https:\/\/dypall.com\/fr\/wp-json\/wp\/v2\/posts\/5413\/revisions"}],"wp:featuredmedia":[{"embeddable":true,"href":"https:\/\/dypall.com\/fr\/wp-json\/"}],"wp:attachment":[{"href":"https:\/\/dypall.com\/fr\/wp-json\/wp\/v2\/media?parent=5413"}],"wp:term":[{"taxonomy":"category","embeddable":true,"href":"https:\/\/dypall.com\/fr\/wp-json\/wp\/v2\/categories?post=5413"},{"taxonomy":"post_tag","embeddable":true,"href":"https:\/\/dypall.com\/fr\/wp-json\/wp\/v2\/tags?post=5413"}],"curies":[{"name":"wp","href":"https:\/\/api.w.org\/{rel}","templated":true}]}}