{"id":4770,"date":"2021-02-19T16:57:40","date_gmt":"2021-02-19T16:57:40","guid":{"rendered":"https:\/\/dypall.com\/?p=4770"},"modified":"2021-02-19T16:57:40","modified_gmt":"2021-02-19T16:57:40","slug":"consultative-meeting-the-climate-crisis-young-people-and-democracy","status":"publish","type":"post","link":"https:\/\/dypall.com\/fr\/calls\/consultative-meeting-the-climate-crisis-young-people-and-democracy\/","title":{"rendered":"R\u00e9union consultative \u00abLa crise climatique, les jeunes et la d\u00e9mocratie\u00bb"},"content":{"rendered":"<p>La crise climatique est un probl\u00e8me qui touche tout le monde et qui n\u00e9cessite des r\u00e9ponses rapides dans le monde entier, mais ce sont les jeunes et les g\u00e9n\u00e9rations futures qui seront les plus touch\u00e9s si nous n'\u00e9valuons pas ces probl\u00e8mes. Cette semaine, le r\u00e9seau DYPALL a particip\u00e9 \u00e0 une r\u00e9union consultative intitul\u00e9e \u00abLa crise climatique, les jeunes et la d\u00e9mocratie\u00bb, organis\u00e9e par le d\u00e9partement de la jeunesse du Conseil de l\u2019Europe. La r\u00e9union s\u2019est tenue du 16 au 18 f\u00e9vrier 2021 et a r\u00e9uni plus de 60 parties prenantes et experts sur la jeunesse et la crise climatique: militants, animateurs et dirigeants de jeunesse, jeunes militants, membres du Conseil conjoint de la jeunesse, experts nationaux et chercheurs sur le changement climatique, la participation des jeunes et la d\u00e9mocratie.<\/p>\n<p style=\"font-weight: 400;\">L'objectif de la r\u00e9union \u00e9tait le suivant:<\/p>\n<ul style=\"font-weight: 400;\">\n<li>r\u00e9fl\u00e9chir \u00e0 l\u2019incidence du changement climatique sur la vie des jeunes en ce qui concerne le droit \u00e0 un environnement sain;<\/li>\n<li>pr\u00e9senter les pratiques existantes et explorer les d\u00e9fis de la participation des jeunes pour influencer les actions politiques sur la crise climatique<\/li>\n<li>aborder les intersections entre la crise climatique et d\u2019autres questions, notamment les droits de l\u2019homme, la d\u00e9mocratie, les migrations, la sant\u00e9, etc.<\/li>\n<li>discuter et explorer les r\u00e9ponses de la politique de la jeunesse \u00e0 la crise climatique<\/li>\n<li>discuter des approches et des actions visant \u00e0 prendre en compte les questions environnementales dans la politique et les programmes en faveur de la jeunesse;<\/li>\n<\/ul>\n<p>Les r\u00e9sultats de la r\u00e9union contribueront aux travaux de la task force du conseil conjoint sur la jeunesse et jetteront les bases des prochaines \u00e9tapes et des travaux futurs du d\u00e9partement de la jeunesse sur le sujet. Plus d'informations sur cette initiative sont disponibles <a href=\"https:\/\/www.coe.int\/en\/web\/youth\/cm-climate\">ici<\/a>.<\/p>\n<p style=\"font-weight: 400;\"><a href=\"https:\/\/dypall.com\/fr\/2021\/02\/19\/consultative-meeting-the-climate-crisis-young-people-and-democracy\/5-2-2\/#main\" rel=\"attachment wp-att-4772\"><img loading=\"lazy\" decoding=\"async\" class=\"aligncenter size-large wp-image-4772\" src=\"https:\/\/dypall.com\/wp-content\/uploads\/2021\/02\/5-2-1024x505.png\" alt=\"\" width=\"1024\" height=\"505\" \/><\/a><\/p>\n<p style=\"font-weight: 400;\"><a href=\"https:\/\/dypall.com\/fr\/2021\/02\/19\/consultative-meeting-the-climate-crisis-young-people-and-democracy\/4-9\/#main\" rel=\"attachment wp-att-4773\"><img loading=\"lazy\" decoding=\"async\" class=\"aligncenter size-large wp-image-4773\" src=\"https:\/\/dypall.com\/wp-content\/uploads\/2021\/02\/4-1024x576.png\" alt=\"\" width=\"1024\" height=\"576\" \/><\/a> <img loading=\"lazy\" decoding=\"async\" class=\"aligncenter size-large wp-image-4776\" src=\"https:\/\/dypall.com\/wp-content\/uploads\/2021\/02\/1-1024x502.png\" alt=\"\" width=\"1024\" height=\"502\" \/><\/p>\n<p style=\"font-weight: 400;\"><a href=\"https:\/\/dypall.com\/fr\/2021\/02\/19\/consultative-meeting-the-climate-crisis-young-people-and-democracy\/2-9\/#main\" rel=\"attachment wp-att-4774\"><img loading=\"lazy\" decoding=\"async\" class=\"aligncenter size-large wp-image-4774\" src=\"https:\/\/dypall.com\/wp-content\/uploads\/2021\/02\/2-1024x507.png\" alt=\"\" width=\"1024\" height=\"507\" \/><\/a><\/p>\n<p style=\"font-weight: 400;\"><a href=\"https:\/\/dypall.com\/fr\/2021\/02\/19\/consultative-meeting-the-climate-crisis-young-people-and-democracy\/3-2-2\/#main\" rel=\"attachment wp-att-4775\"><img loading=\"lazy\" decoding=\"async\" class=\"aligncenter size-large wp-image-4775\" src=\"https:\/\/dypall.com\/wp-content\/uploads\/2021\/02\/3-2-1024x505.png\" alt=\"\" width=\"1024\" height=\"505\" \/><\/a><\/p>","protected":false},"excerpt":{"rendered":"<p>La crise climatique est un probl\u00e8me qui touche tout le monde et qui n\u00e9cessite des r\u00e9ponses rapides dans le monde entier, mais ce sont les jeunes et les g\u00e9n\u00e9rations futures qui seront les plus touch\u00e9s si nous n'\u00e9valuons pas ces probl\u00e8mes. Cette semaine, le r\u00e9seau DYPALL a particip\u00e9 \u00e0 une r\u00e9union consultative intitul\u00e9e \u00abLa crise climatique, les jeunes et la d\u00e9mocratie\u00bb, organis\u00e9e par... <a class=\"more-link\" href=\"https:\/\/dypall.com\/fr\/calls\/consultative-meeting-the-climate-crisis-young-people-and-democracy\/\">Poursuivre la lecture <span class=\"screen-reader-text\">R\u00e9union consultative \u00abLa crise climatique, les jeunes et la d\u00e9mocratie\u00bb<\/span><\/a><\/p>","protected":false},"author":2,"featured_media":4771,"comment_status":"closed","ping_status":"open","sticky":false,"template":"","format":"standard","meta":{"_acf_changed":false,"_jetpack_memberships_contains_paid_content":false,"footnotes":""},"categories":[1],"tags":[],"class_list":["post-4770","post","type-post","status-publish","format-standard","has-post-thumbnail","hentry","category-calls","entry"],"acf":[],"yoast_head":"<!-- This site is optimized with the Yoast SEO plugin v22.8 - https:\/\/yoast.com\/wordpress\/plugins\/seo\/ -->\n<title>Consultative meeting &quot;The climate crisis, young people and democracy&quot; - DYPALL Network<\/title>\n<meta name=\"robots\" content=\"index, follow, max-snippet:-1, max-image-preview:large, max-video-preview:-1\" \/>\n<link rel=\"canonical\" href=\"https:\/\/dypall.com\/fr\/calls\/consultative-meeting-the-climate-crisis-young-people-and-democracy\/\" \/>\n<meta property=\"og:locale\" content=\"fr_FR\" \/>\n<meta property=\"og:type\" content=\"article\" \/>\n<meta property=\"og:title\" content=\"Consultative meeting &quot;The climate crisis, young people and democracy&quot; - DYPALL Network\" \/>\n<meta property=\"og:description\" content=\"The climate crisis is an issue that affects everyone and needs rapid responses worldwide, but it is the young people and future generations, who will be impacted the most if we do not assess these problems. This week DYPALL Network took part in a consultative meeting \u201eThe climate crisis, young people and democracy,\u201d organised by&hellip; Poursuivre la lecture Consultative meeting &#8220;The climate crisis, young people and democracy&#8221;\" \/>\n<meta property=\"og:url\" content=\"https:\/\/dypall.com\/fr\/calls\/consultative-meeting-the-climate-crisis-young-people-and-democracy\/\" \/>\n<meta property=\"og:site_name\" content=\"DYPALL Network\" \/>\n<meta property=\"article:published_time\" content=\"2021-02-19T16:57:40+00:00\" \/>\n<meta name=\"author\" content=\"dypall\" \/>\n<meta name=\"twitter:card\" content=\"summary_large_image\" \/>\n<meta name=\"twitter:label1\" content=\"Written by\" \/>\n\t<meta name=\"twitter:data1\" content=\"dypall\" \/>\n\t<meta name=\"twitter:label2\" content=\"Est. reading time\" \/>\n\t<meta name=\"twitter:data2\" content=\"1 minute\" \/>\n<script type=\"application\/ld+json\" class=\"yoast-schema-graph\">{\"@context\":\"https:\/\/schema.org\",\"@graph\":[{\"@type\":\"WebPage\",\"@id\":\"https:\/\/dypall.com\/calls\/consultative-meeting-the-climate-crisis-young-people-and-democracy\/\",\"url\":\"https:\/\/dypall.com\/calls\/consultative-meeting-the-climate-crisis-young-people-and-democracy\/\",\"name\":\"Consultative meeting \\\"The climate crisis, young people and democracy\\\" - DYPALL Network\",\"isPartOf\":{\"@id\":\"https:\/\/dypall.com\/#website\"},\"primaryImageOfPage\":{\"@id\":\"https:\/\/dypall.com\/calls\/consultative-meeting-the-climate-crisis-young-people-and-democracy\/#primaryimage\"},\"image\":{\"@id\":\"https:\/\/dypall.com\/calls\/consultative-meeting-the-climate-crisis-young-people-and-democracy\/#primaryimage\"},\"thumbnailUrl\":\"\",\"datePublished\":\"2021-02-19T16:57:40+00:00\",\"dateModified\":\"2021-02-19T16:57:40+00:00\",\"author\":{\"@id\":\"https:\/\/dypall.com\/#\/schema\/person\/206350efe851997fcdedef75d118766b\"},\"breadcrumb\":{\"@id\":\"https:\/\/dypall.com\/calls\/consultative-meeting-the-climate-crisis-young-people-and-democracy\/#breadcrumb\"},\"inLanguage\":\"fr-FR\",\"potentialAction\":[{\"@type\":\"ReadAction\",\"target\":[\"https:\/\/dypall.com\/calls\/consultative-meeting-the-climate-crisis-young-people-and-democracy\/\"]}]},{\"@type\":\"ImageObject\",\"inLanguage\":\"fr-FR\",\"@id\":\"https:\/\/dypall.com\/calls\/consultative-meeting-the-climate-crisis-young-people-and-democracy\/#primaryimage\",\"url\":\"\",\"contentUrl\":\"\"},{\"@type\":\"BreadcrumbList\",\"@id\":\"https:\/\/dypall.com\/calls\/consultative-meeting-the-climate-crisis-young-people-and-democracy\/#breadcrumb\",\"itemListElement\":[{\"@type\":\"ListItem\",\"position\":1,\"name\":\"Home\",\"item\":\"https:\/\/dypall.com\/\"},{\"@type\":\"ListItem\",\"position\":2,\"name\":\"Consultative meeting &#8220;The climate crisis, young people and democracy&#8221;\"}]},{\"@type\":\"WebSite\",\"@id\":\"https:\/\/dypall.com\/#website\",\"url\":\"https:\/\/dypall.com\/\",\"name\":\"DYPALL Network\",\"description\":\"We are a European network of civil society organisations, municipalities and research institutions dedicated to improving democracy through youth participation.\",\"potentialAction\":[{\"@type\":\"SearchAction\",\"target\":{\"@type\":\"EntryPoint\",\"urlTemplate\":\"https:\/\/dypall.com\/?s={search_term_string}\"},\"query-input\":\"required name=search_term_string\"}],\"inLanguage\":\"fr-FR\"},{\"@type\":\"Person\",\"@id\":\"https:\/\/dypall.com\/#\/schema\/person\/206350efe851997fcdedef75d118766b\",\"name\":\"dypall\",\"image\":{\"@type\":\"ImageObject\",\"inLanguage\":\"fr-FR\",\"@id\":\"https:\/\/dypall.com\/#\/schema\/person\/image\/\",\"url\":\"https:\/\/secure.gravatar.com\/avatar\/14e8d3d8841cd0bdf69915120bcf9fcfac1567f1dc7035664907322ac47efe29?s=96&d=mm&r=g\",\"contentUrl\":\"https:\/\/secure.gravatar.com\/avatar\/14e8d3d8841cd0bdf69915120bcf9fcfac1567f1dc7035664907322ac47efe29?s=96&d=mm&r=g\",\"caption\":\"dypall\"},\"url\":\"https:\/\/dypall.com\/fr\/author\/dypall_info\/\"}]}<\/script>\n<!-- \/ Yoast SEO plugin. -->","yoast_head_json":{"title":"Consultative meeting \"The climate crisis, young people and democracy\" - DYPALL Network","robots":{"index":"index","follow":"follow","max-snippet":"max-snippet:-1","max-image-preview":"max-image-preview:large","max-video-preview":"max-video-preview:-1"},"canonical":"https:\/\/dypall.com\/fr\/calls\/consultative-meeting-the-climate-crisis-young-people-and-democracy\/","og_locale":"fr_FR","og_type":"article","og_title":"Consultative meeting \"The climate crisis, young people and democracy\" - DYPALL Network","og_description":"The climate crisis is an issue that affects everyone and needs rapid responses worldwide, but it is the young people and future generations, who will be impacted the most if we do not assess these problems. This week DYPALL Network took part in a consultative meeting \u201eThe climate crisis, young people and democracy,\u201d organised by&hellip; Poursuivre la lecture Consultative meeting &#8220;The climate crisis, young people and democracy&#8221;","og_url":"https:\/\/dypall.com\/fr\/calls\/consultative-meeting-the-climate-crisis-young-people-and-democracy\/","og_site_name":"DYPALL Network","article_published_time":"2021-02-19T16:57:40+00:00","author":"dypall","twitter_card":"summary_large_image","twitter_misc":{"Written by":"dypall","Est. reading time":"1 minute"},"schema":{"@context":"https:\/\/schema.org","@graph":[{"@type":"WebPage","@id":"https:\/\/dypall.com\/calls\/consultative-meeting-the-climate-crisis-young-people-and-democracy\/","url":"https:\/\/dypall.com\/calls\/consultative-meeting-the-climate-crisis-young-people-and-democracy\/","name":"Consultative meeting \"The climate crisis, young people and democracy\" - DYPALL Network","isPartOf":{"@id":"https:\/\/dypall.com\/#website"},"primaryImageOfPage":{"@id":"https:\/\/dypall.com\/calls\/consultative-meeting-the-climate-crisis-young-people-and-democracy\/#primaryimage"},"image":{"@id":"https:\/\/dypall.com\/calls\/consultative-meeting-the-climate-crisis-young-people-and-democracy\/#primaryimage"},"thumbnailUrl":"","datePublished":"2021-02-19T16:57:40+00:00","dateModified":"2021-02-19T16:57:40+00:00","author":{"@id":"https:\/\/dypall.com\/#\/schema\/person\/206350efe851997fcdedef75d118766b"},"breadcrumb":{"@id":"https:\/\/dypall.com\/calls\/consultative-meeting-the-climate-crisis-young-people-and-democracy\/#breadcrumb"},"inLanguage":"fr-FR","potentialAction":[{"@type":"ReadAction","target":["https:\/\/dypall.com\/calls\/consultative-meeting-the-climate-crisis-young-people-and-democracy\/"]}]},{"@type":"ImageObject","inLanguage":"fr-FR","@id":"https:\/\/dypall.com\/calls\/consultative-meeting-the-climate-crisis-young-people-and-democracy\/#primaryimage","url":"","contentUrl":""},{"@type":"BreadcrumbList","@id":"https:\/\/dypall.com\/calls\/consultative-meeting-the-climate-crisis-young-people-and-democracy\/#breadcrumb","itemListElement":[{"@type":"ListItem","position":1,"name":"Home","item":"https:\/\/dypall.com\/"},{"@type":"ListItem","position":2,"name":"Consultative meeting &#8220;The climate crisis, young people and democracy&#8221;"}]},{"@type":"WebSite","@id":"https:\/\/dypall.com\/#website","url":"https:\/\/dypall.com\/","name":"DYPALL Network","description":"We are a European network of civil society organisations, municipalities and research institutions dedicated to improving democracy through youth participation.","potentialAction":[{"@type":"SearchAction","target":{"@type":"EntryPoint","urlTemplate":"https:\/\/dypall.com\/?s={search_term_string}"},"query-input":"required name=search_term_string"}],"inLanguage":"fr-FR"},{"@type":"Person","@id":"https:\/\/dypall.com\/#\/schema\/person\/206350efe851997fcdedef75d118766b","name":"dypall","image":{"@type":"ImageObject","inLanguage":"fr-FR","@id":"https:\/\/dypall.com\/#\/schema\/person\/image\/","url":"https:\/\/secure.gravatar.com\/avatar\/14e8d3d8841cd0bdf69915120bcf9fcfac1567f1dc7035664907322ac47efe29?s=96&d=mm&r=g","contentUrl":"https:\/\/secure.gravatar.com\/avatar\/14e8d3d8841cd0bdf69915120bcf9fcfac1567f1dc7035664907322ac47efe29?s=96&d=mm&r=g","caption":"dypall"},"url":"https:\/\/dypall.com\/fr\/author\/dypall_info\/"}]}},"jetpack_featured_media_url":"","jetpack_sharing_enabled":true,"_links":{"self":[{"href":"https:\/\/dypall.com\/fr\/wp-json\/wp\/v2\/posts\/4770","targetHints":{"allow":["GET"]}}],"collection":[{"href":"https:\/\/dypall.com\/fr\/wp-json\/wp\/v2\/posts"}],"about":[{"href":"https:\/\/dypall.com\/fr\/wp-json\/wp\/v2\/types\/post"}],"author":[{"embeddable":true,"href":"https:\/\/dypall.com\/fr\/wp-json\/wp\/v2\/users\/2"}],"replies":[{"embeddable":true,"href":"https:\/\/dypall.com\/fr\/wp-json\/wp\/v2\/comments?post=4770"}],"version-history":[{"count":0,"href":"https:\/\/dypall.com\/fr\/wp-json\/wp\/v2\/posts\/4770\/revisions"}],"wp:featuredmedia":[{"embeddable":true,"href":"https:\/\/dypall.com\/fr\/wp-json\/"}],"wp:attachment":[{"href":"https:\/\/dypall.com\/fr\/wp-json\/wp\/v2\/media?parent=4770"}],"wp:term":[{"taxonomy":"category","embeddable":true,"href":"https:\/\/dypall.com\/fr\/wp-json\/wp\/v2\/categories?post=4770"},{"taxonomy":"post_tag","embeddable":true,"href":"https:\/\/dypall.com\/fr\/wp-json\/wp\/v2\/tags?post=4770"}],"curies":[{"name":"wp","href":"https:\/\/api.w.org\/{rel}","templated":true}]}}