{"id":4761,"date":"2021-02-16T16:47:34","date_gmt":"2021-02-16T16:47:34","guid":{"rendered":"https:\/\/dypall.com\/?p=4761"},"modified":"2021-02-16T16:47:34","modified_gmt":"2021-02-16T16:47:34","slug":"share-your-thoughts-on-climate-change-and-climate-action-community-challengers","status":"publish","type":"post","link":"https:\/\/dypall.com\/fr\/activity\/share-your-thoughts-on-climate-change-and-climate-action-community-challengers\/","title":{"rendered":"ENQU\u00caTE : Partagez vos r\u00e9flexions sur le changement climatique et l\u2019action pour le climat \u2013 D\u00e9fis communautaires"},"content":{"rendered":"<p>\u00cates-vous un <strong>jeune<\/strong> ou un <strong>animateur socio-\u00e9ducatif<\/strong>? Dites-nous ce que vous pensez du changement climatique et de l'action climatique!<br \/>\nNous d\u00e9veloppons actuellement un nouveau projet visant \u00e0 donner aux jeunes les outils et les connaissances n\u00e9cessaires pour s'engager dans l'action climatique. Nous aimerions int\u00e9grer vos id\u00e9es et opinions dans notre projet autant que possible!<\/p>\n<p>Remplissez cette courte enqu\u00eate et soutenez notre projet: <a class=\"oajrlxb2 g5ia77u1 qu0x051f esr5mh6w e9989ue4 r7d6kgcz rq0escxv nhd2j8a9 nc684nl6 p7hjln8o kvgmc6g5 cxmmr5t8 oygrvhab hcukyx3x jb3vyjys rz4wbd8a qt6c0cv9 a8nywdso i1ao9s8h esuyzwwr f1sip0of lzcic4wl py34i1dx gpro0wi8\" style=\"color: #0000ff;\" tabindex=\"0\" role=\"link\" href=\"https:\/\/kwiksurveys.com\/s\/dqzy15dR?fbclid=IwAR3UxAQxVHdRKTI4TnK9Av8vMHTEJEWm1CdMteRLdobG_qf4xQKKb1XehUY\" target=\"_blank\" rel=\"nofollow noopener\">https:\/\/kwiksurveys.com\/s\/dqzy15dR<\/a><\/p>\n<p>L'enqu\u00eate fait partie d'un projet <strong>D\u00e9fieurs communautaires: Vers des communaut\u00e9s durables et intelligentes face au climat gr\u00e2ce \u00e0 Arts &amp; Social Entrepreneurship.<\/strong> Il vise \u00e0 donner aux jeunes les moyens d\u2019agir et de r\u00e9fl\u00e9chir \u00e0 l\u2019action pour le climat et \u00e0 mobiliser leurs communaut\u00e9s au moyen de mesures innovantes et attrayantes. Le projet est d\u00e9velopp\u00e9 par un consortium de partenaires de Belgique, de Croatie, d'Allemagne, d'Italie, de Lettonie, du Portugal et de Serbie sous la direction de YEPP Europe. <span class=\"fontstyle0\">une m\u00e9thodologie en 4 \u00e9tapes: Apprendre, analyser, cr\u00e9er, d\u00e9fendre (m\u00e9thode d'apprentissage LACA).<\/span><\/p>\n<p>Les r\u00e9sultats du projet correspondent \u00e0 cette m\u00e9thodologie:<br \/>\n<span class=\"fontstyle0\">1. Apprendre \u2013 Manuel d\u2019action pour le climat (O1)<br \/>\n2. Analyser \u2013 Bo\u00eete \u00e0 outils de cartographie communautaire (O2)<br \/>\n3. Cr\u00e9er \u2013 Guide des challengers communautaires (O3)<br \/>\n4. Avocat \u2013 Tutoriels de plaidoyer (O4)<\/span><\/p>\n<p><span class=\"fontstyle0\">Le projet permettra de cr\u00e9er un environnement durable et stimulant pour les jeunes sur le th\u00e8me de l\u2019action pour le climat et de contribuer \u00e0 leur participation active \u00e0 la soci\u00e9t\u00e9 et aux processus d\u00e9cisionnels. <\/span>Restez \u00e0 l'\u00e9coute!<\/p>\n<p><a href=\"https:\/\/dypall.com\/fr\/2021\/02\/16\/share-your-thoughts-on-climate-change-and-climate-action-community-challengers\/bez-tytulucommunity\/#main\" rel=\"attachment wp-att-4765\"><img loading=\"lazy\" decoding=\"async\" class=\"aligncenter size-full wp-image-4765\" src=\"https:\/\/dypall.com\/wp-content\/uploads\/2021\/02\/Bez-tytulucommunity.png\" alt=\"\" width=\"953\" height=\"641\" \/><\/a><\/p>","protected":false},"excerpt":{"rendered":"<p>\u00cates-vous un jeune ou un animateur socio-\u00e9ducatif? Dites-nous ce que vous pensez du changement climatique et de l'action climatique! Nous d\u00e9veloppons actuellement un nouveau projet visant \u00e0 donner aux jeunes les outils et les connaissances n\u00e9cessaires pour s'engager dans l'action climatique. Nous aimerions int\u00e9grer vos id\u00e9es et opinions dans notre projet... <a class=\"more-link\" href=\"https:\/\/dypall.com\/fr\/activity\/share-your-thoughts-on-climate-change-and-climate-action-community-challengers\/\">Poursuivre la lecture <span class=\"screen-reader-text\">ENQU\u00caTE : Partagez vos r\u00e9flexions sur le changement climatique et l\u2019action pour le climat \u2013 D\u00e9fis communautaires<\/span><\/a><\/p>","protected":false},"author":2,"featured_media":4762,"comment_status":"closed","ping_status":"open","sticky":false,"template":"","format":"standard","meta":{"_acf_changed":false,"_jetpack_memberships_contains_paid_content":false,"footnotes":""},"categories":[111],"tags":[],"class_list":["post-4761","post","type-post","status-publish","format-standard","has-post-thumbnail","hentry","category-activity","entry"],"acf":[],"yoast_head":"<!-- This site is optimized with the Yoast SEO plugin v22.8 - https:\/\/yoast.com\/wordpress\/plugins\/seo\/ -->\n<title>SURVEY: Share your thoughts on climate change and climate action - Community Challengers - DYPALL Network<\/title>\n<meta name=\"robots\" content=\"index, follow, max-snippet:-1, max-image-preview:large, max-video-preview:-1\" \/>\n<link rel=\"canonical\" href=\"https:\/\/dypall.com\/fr\/activity\/share-your-thoughts-on-climate-change-and-climate-action-community-challengers\/\" \/>\n<meta property=\"og:locale\" content=\"fr_FR\" \/>\n<meta property=\"og:type\" content=\"article\" \/>\n<meta property=\"og:title\" content=\"SURVEY: Share your thoughts on climate change and climate action - Community Challengers - DYPALL Network\" \/>\n<meta property=\"og:description\" content=\"Are you a young person or a youth worker? Let us know what you think about climate change and climate action! We are currently developing a new project aimed towards empowering young people with the necessary tools and knowledge to engage in climate action. We would like incorporate your ideas and opinions into our project&hellip; Poursuivre la lecture SURVEY: Share your thoughts on climate change and climate action &#8211; Community Challengers\" \/>\n<meta property=\"og:url\" content=\"https:\/\/dypall.com\/fr\/activity\/share-your-thoughts-on-climate-change-and-climate-action-community-challengers\/\" \/>\n<meta property=\"og:site_name\" content=\"DYPALL Network\" \/>\n<meta property=\"article:published_time\" content=\"2021-02-16T16:47:34+00:00\" \/>\n<meta name=\"author\" content=\"dypall\" \/>\n<meta name=\"twitter:card\" content=\"summary_large_image\" \/>\n<meta name=\"twitter:label1\" content=\"Written by\" \/>\n\t<meta name=\"twitter:data1\" content=\"dypall\" \/>\n\t<meta name=\"twitter:label2\" content=\"Est. reading time\" \/>\n\t<meta name=\"twitter:data2\" content=\"1 minute\" \/>\n<script type=\"application\/ld+json\" class=\"yoast-schema-graph\">{\"@context\":\"https:\/\/schema.org\",\"@graph\":[{\"@type\":\"WebPage\",\"@id\":\"https:\/\/dypall.com\/activity\/share-your-thoughts-on-climate-change-and-climate-action-community-challengers\/\",\"url\":\"https:\/\/dypall.com\/activity\/share-your-thoughts-on-climate-change-and-climate-action-community-challengers\/\",\"name\":\"SURVEY: Share your thoughts on climate change and climate action - Community Challengers - DYPALL Network\",\"isPartOf\":{\"@id\":\"https:\/\/dypall.com\/#website\"},\"primaryImageOfPage\":{\"@id\":\"https:\/\/dypall.com\/activity\/share-your-thoughts-on-climate-change-and-climate-action-community-challengers\/#primaryimage\"},\"image\":{\"@id\":\"https:\/\/dypall.com\/activity\/share-your-thoughts-on-climate-change-and-climate-action-community-challengers\/#primaryimage\"},\"thumbnailUrl\":\"\",\"datePublished\":\"2021-02-16T16:47:34+00:00\",\"dateModified\":\"2021-02-16T16:47:34+00:00\",\"author\":{\"@id\":\"https:\/\/dypall.com\/#\/schema\/person\/206350efe851997fcdedef75d118766b\"},\"breadcrumb\":{\"@id\":\"https:\/\/dypall.com\/activity\/share-your-thoughts-on-climate-change-and-climate-action-community-challengers\/#breadcrumb\"},\"inLanguage\":\"fr-FR\",\"potentialAction\":[{\"@type\":\"ReadAction\",\"target\":[\"https:\/\/dypall.com\/activity\/share-your-thoughts-on-climate-change-and-climate-action-community-challengers\/\"]}]},{\"@type\":\"ImageObject\",\"inLanguage\":\"fr-FR\",\"@id\":\"https:\/\/dypall.com\/activity\/share-your-thoughts-on-climate-change-and-climate-action-community-challengers\/#primaryimage\",\"url\":\"\",\"contentUrl\":\"\"},{\"@type\":\"BreadcrumbList\",\"@id\":\"https:\/\/dypall.com\/activity\/share-your-thoughts-on-climate-change-and-climate-action-community-challengers\/#breadcrumb\",\"itemListElement\":[{\"@type\":\"ListItem\",\"position\":1,\"name\":\"Home\",\"item\":\"https:\/\/dypall.com\/\"},{\"@type\":\"ListItem\",\"position\":2,\"name\":\"SURVEY: Share your thoughts on climate change and climate action &#8211; Community Challengers\"}]},{\"@type\":\"WebSite\",\"@id\":\"https:\/\/dypall.com\/#website\",\"url\":\"https:\/\/dypall.com\/\",\"name\":\"DYPALL Network\",\"description\":\"We are a European network of civil society organisations, municipalities and research institutions dedicated to improving democracy through youth participation.\",\"potentialAction\":[{\"@type\":\"SearchAction\",\"target\":{\"@type\":\"EntryPoint\",\"urlTemplate\":\"https:\/\/dypall.com\/?s={search_term_string}\"},\"query-input\":\"required name=search_term_string\"}],\"inLanguage\":\"fr-FR\"},{\"@type\":\"Person\",\"@id\":\"https:\/\/dypall.com\/#\/schema\/person\/206350efe851997fcdedef75d118766b\",\"name\":\"dypall\",\"image\":{\"@type\":\"ImageObject\",\"inLanguage\":\"fr-FR\",\"@id\":\"https:\/\/dypall.com\/#\/schema\/person\/image\/\",\"url\":\"https:\/\/secure.gravatar.com\/avatar\/14e8d3d8841cd0bdf69915120bcf9fcfac1567f1dc7035664907322ac47efe29?s=96&d=mm&r=g\",\"contentUrl\":\"https:\/\/secure.gravatar.com\/avatar\/14e8d3d8841cd0bdf69915120bcf9fcfac1567f1dc7035664907322ac47efe29?s=96&d=mm&r=g\",\"caption\":\"dypall\"},\"url\":\"https:\/\/dypall.com\/fr\/author\/dypall_info\/\"}]}<\/script>\n<!-- \/ Yoast SEO plugin. -->","yoast_head_json":{"title":"SURVEY: Share your thoughts on climate change and climate action - Community Challengers - DYPALL Network","robots":{"index":"index","follow":"follow","max-snippet":"max-snippet:-1","max-image-preview":"max-image-preview:large","max-video-preview":"max-video-preview:-1"},"canonical":"https:\/\/dypall.com\/fr\/activity\/share-your-thoughts-on-climate-change-and-climate-action-community-challengers\/","og_locale":"fr_FR","og_type":"article","og_title":"SURVEY: Share your thoughts on climate change and climate action - Community Challengers - DYPALL Network","og_description":"Are you a young person or a youth worker? Let us know what you think about climate change and climate action! We are currently developing a new project aimed towards empowering young people with the necessary tools and knowledge to engage in climate action. We would like incorporate your ideas and opinions into our project&hellip; Poursuivre la lecture SURVEY: Share your thoughts on climate change and climate action &#8211; Community Challengers","og_url":"https:\/\/dypall.com\/fr\/activity\/share-your-thoughts-on-climate-change-and-climate-action-community-challengers\/","og_site_name":"DYPALL Network","article_published_time":"2021-02-16T16:47:34+00:00","author":"dypall","twitter_card":"summary_large_image","twitter_misc":{"Written by":"dypall","Est. reading time":"1 minute"},"schema":{"@context":"https:\/\/schema.org","@graph":[{"@type":"WebPage","@id":"https:\/\/dypall.com\/activity\/share-your-thoughts-on-climate-change-and-climate-action-community-challengers\/","url":"https:\/\/dypall.com\/activity\/share-your-thoughts-on-climate-change-and-climate-action-community-challengers\/","name":"SURVEY: Share your thoughts on climate change and climate action - Community Challengers - DYPALL Network","isPartOf":{"@id":"https:\/\/dypall.com\/#website"},"primaryImageOfPage":{"@id":"https:\/\/dypall.com\/activity\/share-your-thoughts-on-climate-change-and-climate-action-community-challengers\/#primaryimage"},"image":{"@id":"https:\/\/dypall.com\/activity\/share-your-thoughts-on-climate-change-and-climate-action-community-challengers\/#primaryimage"},"thumbnailUrl":"","datePublished":"2021-02-16T16:47:34+00:00","dateModified":"2021-02-16T16:47:34+00:00","author":{"@id":"https:\/\/dypall.com\/#\/schema\/person\/206350efe851997fcdedef75d118766b"},"breadcrumb":{"@id":"https:\/\/dypall.com\/activity\/share-your-thoughts-on-climate-change-and-climate-action-community-challengers\/#breadcrumb"},"inLanguage":"fr-FR","potentialAction":[{"@type":"ReadAction","target":["https:\/\/dypall.com\/activity\/share-your-thoughts-on-climate-change-and-climate-action-community-challengers\/"]}]},{"@type":"ImageObject","inLanguage":"fr-FR","@id":"https:\/\/dypall.com\/activity\/share-your-thoughts-on-climate-change-and-climate-action-community-challengers\/#primaryimage","url":"","contentUrl":""},{"@type":"BreadcrumbList","@id":"https:\/\/dypall.com\/activity\/share-your-thoughts-on-climate-change-and-climate-action-community-challengers\/#breadcrumb","itemListElement":[{"@type":"ListItem","position":1,"name":"Home","item":"https:\/\/dypall.com\/"},{"@type":"ListItem","position":2,"name":"SURVEY: Share your thoughts on climate change and climate action &#8211; Community Challengers"}]},{"@type":"WebSite","@id":"https:\/\/dypall.com\/#website","url":"https:\/\/dypall.com\/","name":"DYPALL Network","description":"We are a European network of civil society organisations, municipalities and research institutions dedicated to improving democracy through youth participation.","potentialAction":[{"@type":"SearchAction","target":{"@type":"EntryPoint","urlTemplate":"https:\/\/dypall.com\/?s={search_term_string}"},"query-input":"required name=search_term_string"}],"inLanguage":"fr-FR"},{"@type":"Person","@id":"https:\/\/dypall.com\/#\/schema\/person\/206350efe851997fcdedef75d118766b","name":"dypall","image":{"@type":"ImageObject","inLanguage":"fr-FR","@id":"https:\/\/dypall.com\/#\/schema\/person\/image\/","url":"https:\/\/secure.gravatar.com\/avatar\/14e8d3d8841cd0bdf69915120bcf9fcfac1567f1dc7035664907322ac47efe29?s=96&d=mm&r=g","contentUrl":"https:\/\/secure.gravatar.com\/avatar\/14e8d3d8841cd0bdf69915120bcf9fcfac1567f1dc7035664907322ac47efe29?s=96&d=mm&r=g","caption":"dypall"},"url":"https:\/\/dypall.com\/fr\/author\/dypall_info\/"}]}},"jetpack_featured_media_url":"","jetpack_sharing_enabled":true,"_links":{"self":[{"href":"https:\/\/dypall.com\/fr\/wp-json\/wp\/v2\/posts\/4761","targetHints":{"allow":["GET"]}}],"collection":[{"href":"https:\/\/dypall.com\/fr\/wp-json\/wp\/v2\/posts"}],"about":[{"href":"https:\/\/dypall.com\/fr\/wp-json\/wp\/v2\/types\/post"}],"author":[{"embeddable":true,"href":"https:\/\/dypall.com\/fr\/wp-json\/wp\/v2\/users\/2"}],"replies":[{"embeddable":true,"href":"https:\/\/dypall.com\/fr\/wp-json\/wp\/v2\/comments?post=4761"}],"version-history":[{"count":0,"href":"https:\/\/dypall.com\/fr\/wp-json\/wp\/v2\/posts\/4761\/revisions"}],"wp:featuredmedia":[{"embeddable":true,"href":"https:\/\/dypall.com\/fr\/wp-json\/"}],"wp:attachment":[{"href":"https:\/\/dypall.com\/fr\/wp-json\/wp\/v2\/media?parent=4761"}],"wp:term":[{"taxonomy":"category","embeddable":true,"href":"https:\/\/dypall.com\/fr\/wp-json\/wp\/v2\/categories?post=4761"},{"taxonomy":"post_tag","embeddable":true,"href":"https:\/\/dypall.com\/fr\/wp-json\/wp\/v2\/tags?post=4761"}],"curies":[{"name":"wp","href":"https:\/\/api.w.org\/{rel}","templated":true}]}}