{"id":4753,"date":"2021-02-12T14:09:10","date_gmt":"2021-02-12T14:09:10","guid":{"rendered":"https:\/\/dypall.com\/?p=4753"},"modified":"2021-02-12T14:09:10","modified_gmt":"2021-02-12T14:09:10","slug":"kick-off-coworking-for-social-innovation","status":"publish","type":"post","link":"https:\/\/dypall.com\/fr\/activity\/kick-off-coworking-for-social-innovation\/","title":{"rendered":"Coworking pour l\u2019innovation sociale \u2013 r\u00e9union de lancement"},"content":{"rendered":"<p>Aujourd\u2019hui, nous avons officiellement lanc\u00e9 notre projet:<strong>Syst\u00e8mes de gestion des espaces de coworking pour l\u2019innovation sociale\u00bb<\/strong>. Au cours des 16 prochains mois, nous identifierons les bonnes pratiques parmi les espaces de coworking existants pour l'innovation sociale qui:<\/p>\n<ul>\n<li>renforcer leur potentiel d'apprentissage;<\/li>\n<li>les rendre plus inclusifs et mieux adapt\u00e9s aux besoins des jeunes;<\/li>\n<li>favoriser le d\u00e9veloppement de l'innovation sociale et accro\u00eetre son impact au niveau local;<\/li>\n<li>renforcer la coop\u00e9ration entre les secteurs priv\u00e9, public et non gouvernemental;<\/li>\n<li>renforcer leur durabilit\u00e9<\/li>\n<\/ul>\n<p>Le projet se compose de 3 activit\u00e9s transnationales: un s\u00e9minaire \u00e0 Vienne, une formation au renforcement des capacit\u00e9s \u00e0 Lisbonne et une conf\u00e9rence finale \u00e0 Ath\u00e8nes. Les bonnes pratiques recens\u00e9es dans le cadre du projet seront largement diffus\u00e9es aux niveaux national et europ\u00e9en, <strong>soutenir la cr\u00e9ation d\u2019espaces de coworking plus adapt\u00e9s aux jeunes et plus efficaces qui stimulent l\u2019innovation sociale.<\/strong><\/p>\n<p>Le projet est mis en \u0153uvre par le consortium de 6 partenaires: DYPALL Network (Portugal), Centrum Rozwoju Inicjatyw Spo\u0142ecznych (Pologne), Sende (Espagne), Social City Vienna (Autriche), HIGGS (Gr\u00e8ce) et un r\u00e9seau international d'espaces de coworking Impact Hub. Il est financ\u00e9 au titre du programme Erasmus+ d\u2019\u00e9change de bonnes pratiques.<\/p>\n<p><a href=\"https:\/\/dypall.com\/fr\/2021\/02\/12\/kick-off-coworking-for-social-innovation\/screenshot_20210212_125218\/#main\" rel=\"attachment wp-att-4754\"><img loading=\"lazy\" decoding=\"async\" class=\"aligncenter wp-image-4754 size-large\" src=\"https:\/\/dypall.com\/wp-content\/uploads\/2021\/02\/screenshot_20210212_125218-e1613138896300-1024x574.png\" alt=\"\" width=\"1024\" height=\"574\" \/><\/a><\/p>\n<p>&nbsp;<\/p>\n<p><a href=\"https:\/\/dypall.com\/fr\/2021\/02\/12\/kick-off-coworking-for-social-innovation\/3-8\/#main\" rel=\"attachment wp-att-4755\"><img loading=\"lazy\" decoding=\"async\" class=\"aligncenter size-large wp-image-4755\" src=\"https:\/\/dypall.com\/wp-content\/uploads\/2021\/02\/3-1024x703.png\" alt=\"\" width=\"1024\" height=\"703\" \/><\/a><\/p>","protected":false},"excerpt":{"rendered":"<p>Aujourd\u2019hui, nous avons officiellement lanc\u00e9 notre projet \u00abSyst\u00e8mes de gestion des espaces de coworking pour l\u2019innovation sociale\u00bb. Au cours des 16 prochains mois, nous identifierons les bonnes pratiques parmi les espaces de coworking existants pour l'innovation sociale qui: renforcer leur potentiel d'apprentissage; les rendre plus inclusifs et mieux adapt\u00e9s aux besoins des jeunes; favoriser le d\u00e9veloppement de l'innovation sociale... <a class=\"more-link\" href=\"https:\/\/dypall.com\/fr\/activity\/kick-off-coworking-for-social-innovation\/\">Poursuivre la lecture <span class=\"screen-reader-text\">Coworking pour l\u2019innovation sociale \u2013 r\u00e9union de lancement<\/span><\/a><\/p>","protected":false},"author":2,"featured_media":4756,"comment_status":"closed","ping_status":"open","sticky":false,"template":"","format":"standard","meta":{"_acf_changed":false,"_jetpack_memberships_contains_paid_content":false,"footnotes":""},"categories":[111],"tags":[],"class_list":["post-4753","post","type-post","status-publish","format-standard","has-post-thumbnail","hentry","category-activity","entry"],"acf":[],"yoast_head":"<!-- This site is optimized with the Yoast SEO plugin v22.8 - https:\/\/yoast.com\/wordpress\/plugins\/seo\/ -->\n<title>Coworking for social innovation - kick-off meeting - DYPALL Network<\/title>\n<meta name=\"robots\" content=\"index, follow, max-snippet:-1, max-image-preview:large, max-video-preview:-1\" \/>\n<link rel=\"canonical\" href=\"https:\/\/dypall.com\/fr\/activity\/kick-off-coworking-for-social-innovation\/\" \/>\n<meta property=\"og:locale\" content=\"fr_FR\" \/>\n<meta property=\"og:type\" content=\"article\" \/>\n<meta property=\"og:title\" content=\"Coworking for social innovation - kick-off meeting - DYPALL Network\" \/>\n<meta property=\"og:description\" content=\"Today we officially launched our project \u201eManagement systems of coworking spaces for social innovation\u201d. For the next 16 months, we will be identifying good practices among the existing coworking spaces for social innovation that: boost their learning potential; make them more inclusive and adjusted to the needs of youth; foster the development of social innovation&hellip; Poursuivre la lecture Coworking for social innovation &#8211; kick-off meeting\" \/>\n<meta property=\"og:url\" content=\"https:\/\/dypall.com\/fr\/activity\/kick-off-coworking-for-social-innovation\/\" \/>\n<meta property=\"og:site_name\" content=\"DYPALL Network\" \/>\n<meta property=\"article:published_time\" content=\"2021-02-12T14:09:10+00:00\" \/>\n<meta name=\"author\" content=\"dypall\" \/>\n<meta name=\"twitter:card\" content=\"summary_large_image\" \/>\n<meta name=\"twitter:label1\" content=\"Written by\" \/>\n\t<meta name=\"twitter:data1\" content=\"dypall\" \/>\n\t<meta name=\"twitter:label2\" content=\"Est. reading time\" \/>\n\t<meta name=\"twitter:data2\" content=\"1 minute\" \/>\n<script type=\"application\/ld+json\" class=\"yoast-schema-graph\">{\"@context\":\"https:\/\/schema.org\",\"@graph\":[{\"@type\":\"WebPage\",\"@id\":\"https:\/\/dypall.com\/activity\/kick-off-coworking-for-social-innovation\/\",\"url\":\"https:\/\/dypall.com\/activity\/kick-off-coworking-for-social-innovation\/\",\"name\":\"Coworking for social innovation - kick-off meeting - DYPALL Network\",\"isPartOf\":{\"@id\":\"https:\/\/dypall.com\/#website\"},\"primaryImageOfPage\":{\"@id\":\"https:\/\/dypall.com\/activity\/kick-off-coworking-for-social-innovation\/#primaryimage\"},\"image\":{\"@id\":\"https:\/\/dypall.com\/activity\/kick-off-coworking-for-social-innovation\/#primaryimage\"},\"thumbnailUrl\":\"\",\"datePublished\":\"2021-02-12T14:09:10+00:00\",\"dateModified\":\"2021-02-12T14:09:10+00:00\",\"author\":{\"@id\":\"https:\/\/dypall.com\/#\/schema\/person\/206350efe851997fcdedef75d118766b\"},\"breadcrumb\":{\"@id\":\"https:\/\/dypall.com\/activity\/kick-off-coworking-for-social-innovation\/#breadcrumb\"},\"inLanguage\":\"fr-FR\",\"potentialAction\":[{\"@type\":\"ReadAction\",\"target\":[\"https:\/\/dypall.com\/activity\/kick-off-coworking-for-social-innovation\/\"]}]},{\"@type\":\"ImageObject\",\"inLanguage\":\"fr-FR\",\"@id\":\"https:\/\/dypall.com\/activity\/kick-off-coworking-for-social-innovation\/#primaryimage\",\"url\":\"\",\"contentUrl\":\"\"},{\"@type\":\"BreadcrumbList\",\"@id\":\"https:\/\/dypall.com\/activity\/kick-off-coworking-for-social-innovation\/#breadcrumb\",\"itemListElement\":[{\"@type\":\"ListItem\",\"position\":1,\"name\":\"Home\",\"item\":\"https:\/\/dypall.com\/\"},{\"@type\":\"ListItem\",\"position\":2,\"name\":\"Coworking for social innovation &#8211; kick-off meeting\"}]},{\"@type\":\"WebSite\",\"@id\":\"https:\/\/dypall.com\/#website\",\"url\":\"https:\/\/dypall.com\/\",\"name\":\"DYPALL Network\",\"description\":\"We are a European network of civil society organisations, municipalities and research institutions dedicated to improving democracy through youth participation.\",\"potentialAction\":[{\"@type\":\"SearchAction\",\"target\":{\"@type\":\"EntryPoint\",\"urlTemplate\":\"https:\/\/dypall.com\/?s={search_term_string}\"},\"query-input\":\"required name=search_term_string\"}],\"inLanguage\":\"fr-FR\"},{\"@type\":\"Person\",\"@id\":\"https:\/\/dypall.com\/#\/schema\/person\/206350efe851997fcdedef75d118766b\",\"name\":\"dypall\",\"image\":{\"@type\":\"ImageObject\",\"inLanguage\":\"fr-FR\",\"@id\":\"https:\/\/dypall.com\/#\/schema\/person\/image\/\",\"url\":\"https:\/\/secure.gravatar.com\/avatar\/14e8d3d8841cd0bdf69915120bcf9fcfac1567f1dc7035664907322ac47efe29?s=96&d=mm&r=g\",\"contentUrl\":\"https:\/\/secure.gravatar.com\/avatar\/14e8d3d8841cd0bdf69915120bcf9fcfac1567f1dc7035664907322ac47efe29?s=96&d=mm&r=g\",\"caption\":\"dypall\"},\"url\":\"https:\/\/dypall.com\/fr\/author\/dypall_info\/\"}]}<\/script>\n<!-- \/ Yoast SEO plugin. -->","yoast_head_json":{"title":"Coworking for social innovation - kick-off meeting - DYPALL Network","robots":{"index":"index","follow":"follow","max-snippet":"max-snippet:-1","max-image-preview":"max-image-preview:large","max-video-preview":"max-video-preview:-1"},"canonical":"https:\/\/dypall.com\/fr\/activity\/kick-off-coworking-for-social-innovation\/","og_locale":"fr_FR","og_type":"article","og_title":"Coworking for social innovation - kick-off meeting - DYPALL Network","og_description":"Today we officially launched our project \u201eManagement systems of coworking spaces for social innovation\u201d. For the next 16 months, we will be identifying good practices among the existing coworking spaces for social innovation that: boost their learning potential; make them more inclusive and adjusted to the needs of youth; foster the development of social innovation&hellip; Poursuivre la lecture Coworking for social innovation &#8211; kick-off meeting","og_url":"https:\/\/dypall.com\/fr\/activity\/kick-off-coworking-for-social-innovation\/","og_site_name":"DYPALL Network","article_published_time":"2021-02-12T14:09:10+00:00","author":"dypall","twitter_card":"summary_large_image","twitter_misc":{"Written by":"dypall","Est. reading time":"1 minute"},"schema":{"@context":"https:\/\/schema.org","@graph":[{"@type":"WebPage","@id":"https:\/\/dypall.com\/activity\/kick-off-coworking-for-social-innovation\/","url":"https:\/\/dypall.com\/activity\/kick-off-coworking-for-social-innovation\/","name":"Coworking for social innovation - kick-off meeting - DYPALL Network","isPartOf":{"@id":"https:\/\/dypall.com\/#website"},"primaryImageOfPage":{"@id":"https:\/\/dypall.com\/activity\/kick-off-coworking-for-social-innovation\/#primaryimage"},"image":{"@id":"https:\/\/dypall.com\/activity\/kick-off-coworking-for-social-innovation\/#primaryimage"},"thumbnailUrl":"","datePublished":"2021-02-12T14:09:10+00:00","dateModified":"2021-02-12T14:09:10+00:00","author":{"@id":"https:\/\/dypall.com\/#\/schema\/person\/206350efe851997fcdedef75d118766b"},"breadcrumb":{"@id":"https:\/\/dypall.com\/activity\/kick-off-coworking-for-social-innovation\/#breadcrumb"},"inLanguage":"fr-FR","potentialAction":[{"@type":"ReadAction","target":["https:\/\/dypall.com\/activity\/kick-off-coworking-for-social-innovation\/"]}]},{"@type":"ImageObject","inLanguage":"fr-FR","@id":"https:\/\/dypall.com\/activity\/kick-off-coworking-for-social-innovation\/#primaryimage","url":"","contentUrl":""},{"@type":"BreadcrumbList","@id":"https:\/\/dypall.com\/activity\/kick-off-coworking-for-social-innovation\/#breadcrumb","itemListElement":[{"@type":"ListItem","position":1,"name":"Home","item":"https:\/\/dypall.com\/"},{"@type":"ListItem","position":2,"name":"Coworking for social innovation &#8211; kick-off meeting"}]},{"@type":"WebSite","@id":"https:\/\/dypall.com\/#website","url":"https:\/\/dypall.com\/","name":"DYPALL Network","description":"We are a European network of civil society organisations, municipalities and research institutions dedicated to improving democracy through youth participation.","potentialAction":[{"@type":"SearchAction","target":{"@type":"EntryPoint","urlTemplate":"https:\/\/dypall.com\/?s={search_term_string}"},"query-input":"required name=search_term_string"}],"inLanguage":"fr-FR"},{"@type":"Person","@id":"https:\/\/dypall.com\/#\/schema\/person\/206350efe851997fcdedef75d118766b","name":"dypall","image":{"@type":"ImageObject","inLanguage":"fr-FR","@id":"https:\/\/dypall.com\/#\/schema\/person\/image\/","url":"https:\/\/secure.gravatar.com\/avatar\/14e8d3d8841cd0bdf69915120bcf9fcfac1567f1dc7035664907322ac47efe29?s=96&d=mm&r=g","contentUrl":"https:\/\/secure.gravatar.com\/avatar\/14e8d3d8841cd0bdf69915120bcf9fcfac1567f1dc7035664907322ac47efe29?s=96&d=mm&r=g","caption":"dypall"},"url":"https:\/\/dypall.com\/fr\/author\/dypall_info\/"}]}},"jetpack_featured_media_url":"","jetpack_sharing_enabled":true,"_links":{"self":[{"href":"https:\/\/dypall.com\/fr\/wp-json\/wp\/v2\/posts\/4753","targetHints":{"allow":["GET"]}}],"collection":[{"href":"https:\/\/dypall.com\/fr\/wp-json\/wp\/v2\/posts"}],"about":[{"href":"https:\/\/dypall.com\/fr\/wp-json\/wp\/v2\/types\/post"}],"author":[{"embeddable":true,"href":"https:\/\/dypall.com\/fr\/wp-json\/wp\/v2\/users\/2"}],"replies":[{"embeddable":true,"href":"https:\/\/dypall.com\/fr\/wp-json\/wp\/v2\/comments?post=4753"}],"version-history":[{"count":0,"href":"https:\/\/dypall.com\/fr\/wp-json\/wp\/v2\/posts\/4753\/revisions"}],"wp:featuredmedia":[{"embeddable":true,"href":"https:\/\/dypall.com\/fr\/wp-json\/"}],"wp:attachment":[{"href":"https:\/\/dypall.com\/fr\/wp-json\/wp\/v2\/media?parent=4753"}],"wp:term":[{"taxonomy":"category","embeddable":true,"href":"https:\/\/dypall.com\/fr\/wp-json\/wp\/v2\/categories?post=4753"},{"taxonomy":"post_tag","embeddable":true,"href":"https:\/\/dypall.com\/fr\/wp-json\/wp\/v2\/tags?post=4753"}],"curies":[{"name":"wp","href":"https:\/\/api.w.org\/{rel}","templated":true}]}}