{"id":4635,"date":"2021-01-12T12:00:32","date_gmt":"2021-01-12T12:00:32","guid":{"rendered":"https:\/\/dypall.com\/?p=4635"},"modified":"2021-01-12T12:00:32","modified_gmt":"2021-01-12T12:00:32","slug":"to-the-point-on-models-of-youth-participation","status":"publish","type":"post","link":"https:\/\/dypall.com\/fr\/activity\/to-the-point-on-models-of-youth-participation\/","title":{"rendered":"AU POINT sur les mod\u00e8les de participation des jeunes"},"content":{"rendered":"<p><a href=\"https:\/\/dypall.com\/fr\/2021\/01\/13\/to-the-point-on-models-of-youth-participation\/picture_poster-1_to-the-point\/#main\" rel=\"attachment wp-att-4636\"><img loading=\"lazy\" decoding=\"async\" class=\"aligncenter size-large wp-image-4636\" src=\"https:\/\/dypall.com\/wp-content\/uploads\/2021\/01\/Picture_Poster-1_To-the-Point-1024x576.png\" alt=\"\" width=\"1024\" height=\"576\" \/><\/a><\/p>\n<p>Hier, nous avons rencontr\u00e9 en ligne des membres du r\u00e9seau DYPALL pour pr\u00e9senter des contributions et des pratiques pr\u00e9cieuses issues de notre publication. <span style=\"color: #0000ff;\"><a style=\"color: #0000ff;\" href=\"https:\/\/dypall.com\/fr\/studymodels-yp\/\" target=\"_blank\" rel=\"noopener noreferrer\">\u00c9tude sur les mod\u00e8les de participation des jeunes<\/a><\/span>. C'\u00e9tait aussi l'occasion pour les membres de rencontrer de nouveaux partenaires et d'\u00e9changer quelques contacts.<\/p>\n<p>Avec cette rencontre, nous avons lanc\u00e9 un nouveau format de notre activit\u00e9. <strong>AU POINT<\/strong> sera <strong>une s\u00e9rie de moments en ligne<\/strong>, o\u00f9 nous ou les experts invit\u00e9s pr\u00e9sentons des contributions pr\u00e9cieuses sur la participation des jeunes. \u00c0 partir du 12 janvier 2021, nous nous r\u00e9unirons toutes les deux semaines, pour seulement une heure de contributions, de questions et de r\u00e9seautage.<\/p>\n<p>Les prochaines r\u00e9unions sont les suivantes:<\/p>\n<ul>\n<li>AU POINT sur le nouveau programme Erasmus+ \u2013 26\/01\/2021 (10 heures HEC)<\/li>\n<li>AU POINT sur la participation \u00e9lectronique des jeunes \u2013 09\/02\/2021 (10 heures HEC)<\/li>\n<\/ul>\n<div class=\"o9v6fnle cxmmr5t8 oygrvhab hcukyx3x c1et5uql ii04i59q\">\n<div dir=\"auto\">La premi\u00e8re r\u00e9union \u00e9tait r\u00e9serv\u00e9e exclusivement aux membres de notre r\u00e9seau, mais certains des \u00e9v\u00e9nements \u00e0 venir de la s\u00e9rie seront ouverts au public. Restez \u00e0 l'\u00e9coute et suivez notre <span style=\"color: #0000ff;\"><a style=\"color: #0000ff;\" href=\"https:\/\/www.facebook.com\/DYPALLNetwork\" target=\"_blank\" rel=\"noopener noreferrer\">m\u00e9dias sociaux<\/a><\/span> si vous \u00eates int\u00e9ress\u00e9 par la participation.<\/div>\n<\/div>\n<div class=\"o9v6fnle cxmmr5t8 oygrvhab hcukyx3x c1et5uql ii04i59q\">\n<div dir=\"auto\"><\/div>\n<\/div>\n<p>&nbsp;<\/p>\n<p>&nbsp;<\/p>\n<p>&nbsp;<\/p>","protected":false},"excerpt":{"rendered":"<p>Hier, nous avons rencontr\u00e9 en ligne des membres du r\u00e9seau DYPALL pour pr\u00e9senter des contributions et des pratiques pr\u00e9cieuses tir\u00e9es de notre publication \u00c9tude sur les mod\u00e8les de participation des jeunes. C'\u00e9tait aussi l'occasion pour les membres de rencontrer de nouveaux partenaires et d'\u00e9changer quelques contacts. Avec cette rencontre, nous avons lanc\u00e9 un nouveau format de notre activit\u00e9. Au point... <a class=\"more-link\" href=\"https:\/\/dypall.com\/fr\/activity\/to-the-point-on-models-of-youth-participation\/\">Poursuivre la lecture <span class=\"screen-reader-text\">AU POINT sur les mod\u00e8les de participation des jeunes<\/span><\/a><\/p>","protected":false},"author":2,"featured_media":4640,"comment_status":"closed","ping_status":"open","sticky":false,"template":"","format":"standard","meta":{"_acf_changed":false,"_jetpack_memberships_contains_paid_content":false,"footnotes":""},"categories":[111],"tags":[],"class_list":["post-4635","post","type-post","status-publish","format-standard","has-post-thumbnail","hentry","category-activity","entry"],"acf":[],"yoast_head":"<!-- This site is optimized with the Yoast SEO plugin v22.8 - https:\/\/yoast.com\/wordpress\/plugins\/seo\/ -->\n<title>TO THE POINT on models of youth participation - DYPALL Network<\/title>\n<meta name=\"robots\" content=\"index, follow, max-snippet:-1, max-image-preview:large, max-video-preview:-1\" \/>\n<link rel=\"canonical\" href=\"https:\/\/dypall.com\/fr\/activity\/to-the-point-on-models-of-youth-participation\/\" \/>\n<meta property=\"og:locale\" content=\"fr_FR\" \/>\n<meta property=\"og:type\" content=\"article\" \/>\n<meta property=\"og:title\" content=\"TO THE POINT on models of youth participation - DYPALL Network\" \/>\n<meta property=\"og:description\" content=\"Yesterday we met online with members of DYPALL Network to present valuable inputs and practices from our publication Study on models of youth participation. It was also an opportunity for the members to meet with new partners and exchange some contacts. With this meeting, we launched a new format of our activity. TO THE POINT&hellip; Poursuivre la lecture TO THE POINT on models of youth participation\" \/>\n<meta property=\"og:url\" content=\"https:\/\/dypall.com\/fr\/activity\/to-the-point-on-models-of-youth-participation\/\" \/>\n<meta property=\"og:site_name\" content=\"DYPALL Network\" \/>\n<meta property=\"article:published_time\" content=\"2021-01-12T12:00:32+00:00\" \/>\n<meta name=\"author\" content=\"dypall\" \/>\n<meta name=\"twitter:card\" content=\"summary_large_image\" \/>\n<meta name=\"twitter:label1\" content=\"Written by\" \/>\n\t<meta name=\"twitter:data1\" content=\"dypall\" \/>\n\t<meta name=\"twitter:label2\" content=\"Est. reading time\" \/>\n\t<meta name=\"twitter:data2\" content=\"1 minute\" \/>\n<script type=\"application\/ld+json\" class=\"yoast-schema-graph\">{\"@context\":\"https:\/\/schema.org\",\"@graph\":[{\"@type\":\"WebPage\",\"@id\":\"https:\/\/dypall.com\/activity\/to-the-point-on-models-of-youth-participation\/\",\"url\":\"https:\/\/dypall.com\/activity\/to-the-point-on-models-of-youth-participation\/\",\"name\":\"TO THE POINT on models of youth participation - DYPALL Network\",\"isPartOf\":{\"@id\":\"https:\/\/dypall.com\/#website\"},\"primaryImageOfPage\":{\"@id\":\"https:\/\/dypall.com\/activity\/to-the-point-on-models-of-youth-participation\/#primaryimage\"},\"image\":{\"@id\":\"https:\/\/dypall.com\/activity\/to-the-point-on-models-of-youth-participation\/#primaryimage\"},\"thumbnailUrl\":\"\",\"datePublished\":\"2021-01-12T12:00:32+00:00\",\"dateModified\":\"2021-01-12T12:00:32+00:00\",\"author\":{\"@id\":\"https:\/\/dypall.com\/#\/schema\/person\/206350efe851997fcdedef75d118766b\"},\"breadcrumb\":{\"@id\":\"https:\/\/dypall.com\/activity\/to-the-point-on-models-of-youth-participation\/#breadcrumb\"},\"inLanguage\":\"fr-FR\",\"potentialAction\":[{\"@type\":\"ReadAction\",\"target\":[\"https:\/\/dypall.com\/activity\/to-the-point-on-models-of-youth-participation\/\"]}]},{\"@type\":\"ImageObject\",\"inLanguage\":\"fr-FR\",\"@id\":\"https:\/\/dypall.com\/activity\/to-the-point-on-models-of-youth-participation\/#primaryimage\",\"url\":\"\",\"contentUrl\":\"\"},{\"@type\":\"BreadcrumbList\",\"@id\":\"https:\/\/dypall.com\/activity\/to-the-point-on-models-of-youth-participation\/#breadcrumb\",\"itemListElement\":[{\"@type\":\"ListItem\",\"position\":1,\"name\":\"Home\",\"item\":\"https:\/\/dypall.com\/\"},{\"@type\":\"ListItem\",\"position\":2,\"name\":\"TO THE POINT on models of youth participation\"}]},{\"@type\":\"WebSite\",\"@id\":\"https:\/\/dypall.com\/#website\",\"url\":\"https:\/\/dypall.com\/\",\"name\":\"DYPALL Network\",\"description\":\"We are a European network of civil society organisations, municipalities and research institutions dedicated to improving democracy through youth participation.\",\"potentialAction\":[{\"@type\":\"SearchAction\",\"target\":{\"@type\":\"EntryPoint\",\"urlTemplate\":\"https:\/\/dypall.com\/?s={search_term_string}\"},\"query-input\":\"required name=search_term_string\"}],\"inLanguage\":\"fr-FR\"},{\"@type\":\"Person\",\"@id\":\"https:\/\/dypall.com\/#\/schema\/person\/206350efe851997fcdedef75d118766b\",\"name\":\"dypall\",\"image\":{\"@type\":\"ImageObject\",\"inLanguage\":\"fr-FR\",\"@id\":\"https:\/\/dypall.com\/#\/schema\/person\/image\/\",\"url\":\"https:\/\/secure.gravatar.com\/avatar\/14e8d3d8841cd0bdf69915120bcf9fcfac1567f1dc7035664907322ac47efe29?s=96&d=mm&r=g\",\"contentUrl\":\"https:\/\/secure.gravatar.com\/avatar\/14e8d3d8841cd0bdf69915120bcf9fcfac1567f1dc7035664907322ac47efe29?s=96&d=mm&r=g\",\"caption\":\"dypall\"},\"url\":\"https:\/\/dypall.com\/fr\/author\/dypall_info\/\"}]}<\/script>\n<!-- \/ Yoast SEO plugin. -->","yoast_head_json":{"title":"TO THE POINT on models of youth participation - DYPALL Network","robots":{"index":"index","follow":"follow","max-snippet":"max-snippet:-1","max-image-preview":"max-image-preview:large","max-video-preview":"max-video-preview:-1"},"canonical":"https:\/\/dypall.com\/fr\/activity\/to-the-point-on-models-of-youth-participation\/","og_locale":"fr_FR","og_type":"article","og_title":"TO THE POINT on models of youth participation - DYPALL Network","og_description":"Yesterday we met online with members of DYPALL Network to present valuable inputs and practices from our publication Study on models of youth participation. It was also an opportunity for the members to meet with new partners and exchange some contacts. With this meeting, we launched a new format of our activity. TO THE POINT&hellip; Poursuivre la lecture TO THE POINT on models of youth participation","og_url":"https:\/\/dypall.com\/fr\/activity\/to-the-point-on-models-of-youth-participation\/","og_site_name":"DYPALL Network","article_published_time":"2021-01-12T12:00:32+00:00","author":"dypall","twitter_card":"summary_large_image","twitter_misc":{"Written by":"dypall","Est. reading time":"1 minute"},"schema":{"@context":"https:\/\/schema.org","@graph":[{"@type":"WebPage","@id":"https:\/\/dypall.com\/activity\/to-the-point-on-models-of-youth-participation\/","url":"https:\/\/dypall.com\/activity\/to-the-point-on-models-of-youth-participation\/","name":"TO THE POINT on models of youth participation - DYPALL Network","isPartOf":{"@id":"https:\/\/dypall.com\/#website"},"primaryImageOfPage":{"@id":"https:\/\/dypall.com\/activity\/to-the-point-on-models-of-youth-participation\/#primaryimage"},"image":{"@id":"https:\/\/dypall.com\/activity\/to-the-point-on-models-of-youth-participation\/#primaryimage"},"thumbnailUrl":"","datePublished":"2021-01-12T12:00:32+00:00","dateModified":"2021-01-12T12:00:32+00:00","author":{"@id":"https:\/\/dypall.com\/#\/schema\/person\/206350efe851997fcdedef75d118766b"},"breadcrumb":{"@id":"https:\/\/dypall.com\/activity\/to-the-point-on-models-of-youth-participation\/#breadcrumb"},"inLanguage":"fr-FR","potentialAction":[{"@type":"ReadAction","target":["https:\/\/dypall.com\/activity\/to-the-point-on-models-of-youth-participation\/"]}]},{"@type":"ImageObject","inLanguage":"fr-FR","@id":"https:\/\/dypall.com\/activity\/to-the-point-on-models-of-youth-participation\/#primaryimage","url":"","contentUrl":""},{"@type":"BreadcrumbList","@id":"https:\/\/dypall.com\/activity\/to-the-point-on-models-of-youth-participation\/#breadcrumb","itemListElement":[{"@type":"ListItem","position":1,"name":"Home","item":"https:\/\/dypall.com\/"},{"@type":"ListItem","position":2,"name":"TO THE POINT on models of youth participation"}]},{"@type":"WebSite","@id":"https:\/\/dypall.com\/#website","url":"https:\/\/dypall.com\/","name":"DYPALL Network","description":"We are a European network of civil society organisations, municipalities and research institutions dedicated to improving democracy through youth participation.","potentialAction":[{"@type":"SearchAction","target":{"@type":"EntryPoint","urlTemplate":"https:\/\/dypall.com\/?s={search_term_string}"},"query-input":"required name=search_term_string"}],"inLanguage":"fr-FR"},{"@type":"Person","@id":"https:\/\/dypall.com\/#\/schema\/person\/206350efe851997fcdedef75d118766b","name":"dypall","image":{"@type":"ImageObject","inLanguage":"fr-FR","@id":"https:\/\/dypall.com\/#\/schema\/person\/image\/","url":"https:\/\/secure.gravatar.com\/avatar\/14e8d3d8841cd0bdf69915120bcf9fcfac1567f1dc7035664907322ac47efe29?s=96&d=mm&r=g","contentUrl":"https:\/\/secure.gravatar.com\/avatar\/14e8d3d8841cd0bdf69915120bcf9fcfac1567f1dc7035664907322ac47efe29?s=96&d=mm&r=g","caption":"dypall"},"url":"https:\/\/dypall.com\/fr\/author\/dypall_info\/"}]}},"jetpack_featured_media_url":"","jetpack_sharing_enabled":true,"_links":{"self":[{"href":"https:\/\/dypall.com\/fr\/wp-json\/wp\/v2\/posts\/4635","targetHints":{"allow":["GET"]}}],"collection":[{"href":"https:\/\/dypall.com\/fr\/wp-json\/wp\/v2\/posts"}],"about":[{"href":"https:\/\/dypall.com\/fr\/wp-json\/wp\/v2\/types\/post"}],"author":[{"embeddable":true,"href":"https:\/\/dypall.com\/fr\/wp-json\/wp\/v2\/users\/2"}],"replies":[{"embeddable":true,"href":"https:\/\/dypall.com\/fr\/wp-json\/wp\/v2\/comments?post=4635"}],"version-history":[{"count":0,"href":"https:\/\/dypall.com\/fr\/wp-json\/wp\/v2\/posts\/4635\/revisions"}],"wp:featuredmedia":[{"embeddable":true,"href":"https:\/\/dypall.com\/fr\/wp-json\/"}],"wp:attachment":[{"href":"https:\/\/dypall.com\/fr\/wp-json\/wp\/v2\/media?parent=4635"}],"wp:term":[{"taxonomy":"category","embeddable":true,"href":"https:\/\/dypall.com\/fr\/wp-json\/wp\/v2\/categories?post=4635"},{"taxonomy":"post_tag","embeddable":true,"href":"https:\/\/dypall.com\/fr\/wp-json\/wp\/v2\/tags?post=4635"}],"curies":[{"name":"wp","href":"https:\/\/api.w.org\/{rel}","templated":true}]}}