{"id":3971,"date":"2019-10-07T12:30:03","date_gmt":"2019-10-07T10:30:03","guid":{"rendered":"http:\/\/dypall.com\/?p=3971"},"modified":"2019-10-07T12:30:03","modified_gmt":"2019-10-07T10:30:03","slug":"3rd-partners-meeting-youthtainability","status":"publish","type":"post","link":"https:\/\/dypall.com\/fr\/activity\/3rd-partners-meeting-youthtainability\/","title":{"rendered":"3e r\u00e9union des partenaires \u00abJeunesse\u00bb"},"content":{"rendered":"<p>Les 3<sup>rd<\/sup> la r\u00e9union des partenaires du projet KA2 Erasmus + \u00abJeunesse\u00bb s\u2019est tenue \u00e0 Portim\u00e3o (Portugal, de la 2e \u00e0 la 5e session);<sup>i\u00e8me<\/sup> Octobre 2019, avec des membres des trois organisations du projet: DYPALL Network, un r\u00e9seau europ\u00e9en bas\u00e9 au Portugal, DO F\u00c9NIX de Slovaquie et GYIOT de Hongrie, l'entit\u00e9 coordinatrice.<\/p>\n<p>Cette r\u00e9union des partenaires a r\u00e9sum\u00e9 le travail accompli jusqu\u2019\u00e0 pr\u00e9sent et a \u00e9t\u00e9 l\u2019occasion de discuter des \u00e9tapes \u00e0 venir et de l\u2019\u00e9valuation du projet lui-m\u00eame. Le premier jour, l'accent a \u00e9t\u00e9 mis sur les questions logistiques et financi\u00e8res et sur l'\u00e9tat de l'art de la production intellectuelle du projet. La discussion s\u2019est poursuivie tout au long de l\u2019apr\u00e8s-midi afin d\u2019affiner les r\u00e9sultats du projet: un contexte th\u00e9orique li\u00e9 au th\u00e8me du projet (sentiment d\u2019appartenance dans les communaut\u00e9s \u00e0 faible densit\u00e9), une bo\u00eete \u00e0 outils avec des activit\u00e9s et un outil d\u2019auto\u00e9valuation pour les animateurs socio-\u00e9ducatifs.<\/p>\n<p>Le dernier jour de la r\u00e9union a \u00e9t\u00e9 utilis\u00e9 par les partenaires pour discuter de la multiplication et de la diffusion du projet. Un \u00e9v\u00e9nement local est pr\u00e9vu pour chacun des pays et la strat\u00e9gie de communication du projet a \u00e9t\u00e9 strat\u00e9giquement con\u00e7ue pour renforcer son impact et son utilit\u00e9.<\/p>\n<p>Chacun des participants a \u00e9galement eu la chance de profiter d'une promenade en bateau vers les c\u00e9l\u00e8bres grottes de Benagil, d'une collation interculturelle dans le bureau de DYPALL avec des b\u00e9n\u00e9voles de l'ESC et des jeunes locaux ainsi que de la cuisine locale.<\/p>\n<p>La durabilit\u00e9 de la jeunesse est soutenue par le programme Erasmus + de la Commission europ\u00e9enne.<\/p>\n<p><img loading=\"lazy\" decoding=\"async\" class=\"aligncenter size-large wp-image-3972\" src=\"http:\/\/dypall.com\/wp-content\/uploads\/2019\/10\/DSC_0006-1024x683.jpg\" alt=\"\" width=\"1024\" height=\"683\" \/><\/p>\n<p><img loading=\"lazy\" decoding=\"async\" class=\"aligncenter size-large wp-image-3973\" src=\"http:\/\/dypall.com\/wp-content\/uploads\/2019\/10\/DSC_0022-1024x683.jpg\" alt=\"\" width=\"1024\" height=\"683\" \/><\/p>\n<p><img loading=\"lazy\" decoding=\"async\" class=\"aligncenter size-large wp-image-3974\" src=\"http:\/\/dypall.com\/wp-content\/uploads\/2019\/10\/DSC_0033-1024x683.jpg\" alt=\"\" width=\"1024\" height=\"683\" \/><\/p>\n<p><img loading=\"lazy\" decoding=\"async\" class=\"aligncenter size-large wp-image-3975\" src=\"http:\/\/dypall.com\/wp-content\/uploads\/2019\/10\/IMG-20191004-WA0010-1024x768.jpg\" alt=\"\" width=\"1024\" height=\"768\" \/><\/p>\n<p><img loading=\"lazy\" decoding=\"async\" class=\"aligncenter size-large wp-image-3976\" src=\"http:\/\/dypall.com\/wp-content\/uploads\/2019\/10\/received_691882724619381-1024x768.jpeg\" alt=\"\" width=\"1024\" height=\"768\" \/><\/p>\n<p><img loading=\"lazy\" decoding=\"async\" class=\"aligncenter size-large wp-image-3977\" src=\"http:\/\/dypall.com\/wp-content\/uploads\/2019\/10\/received_3104612006246643-1024x701.jpeg\" alt=\"\" width=\"1024\" height=\"701\" \/><\/p>","protected":false},"excerpt":{"rendered":"<p>La 3e r\u00e9union des partenaires du projet KA2 Erasmus + \u00abYouthtainability\u00bb s\u2019est tenue \u00e0 Portim\u00e3o (Portugal, du 2 au 5 octobre 2019, avec des membres des trois organisations du projet: DYPALL Network, un r\u00e9seau europ\u00e9en bas\u00e9 au Portugal, DO F\u00c9NIX de Slovaquie et GYIOT de Hongrie, l'entit\u00e9 coordinatrice. Cette r\u00e9union des partenaires a r\u00e9sum\u00e9 le travail accompli... <a class=\"more-link\" href=\"https:\/\/dypall.com\/fr\/activity\/3rd-partners-meeting-youthtainability\/\">Poursuivre la lecture <span class=\"screen-reader-text\">3e r\u00e9union des partenaires \u00abJeunesse\u00bb<\/span><\/a><\/p>","protected":false},"author":1,"featured_media":3974,"comment_status":"closed","ping_status":"open","sticky":false,"template":"","format":"standard","meta":{"_acf_changed":false,"_jetpack_memberships_contains_paid_content":false,"footnotes":""},"categories":[111],"tags":[164,174],"class_list":["post-3971","post","type-post","status-publish","format-standard","has-post-thumbnail","hentry","category-activity","tag-partners-meeting","tag-youthtainability","entry"],"acf":[],"yoast_head":"<!-- This site is optimized with the Yoast SEO plugin v22.8 - https:\/\/yoast.com\/wordpress\/plugins\/seo\/ -->\n<title>3rd Partners&#039; Meeting \u201cYouthtainability\u201d - DYPALL Network<\/title>\n<meta name=\"robots\" content=\"index, follow, max-snippet:-1, max-image-preview:large, max-video-preview:-1\" \/>\n<link rel=\"canonical\" href=\"https:\/\/dypall.com\/fr\/activity\/3rd-partners-meeting-youthtainability\/\" \/>\n<meta property=\"og:locale\" content=\"fr_FR\" \/>\n<meta property=\"og:type\" content=\"article\" \/>\n<meta property=\"og:title\" content=\"3rd Partners&#039; Meeting \u201cYouthtainability\u201d - DYPALL Network\" \/>\n<meta property=\"og:description\" content=\"The 3rd partners\u2019 meeting of the KA2 Erasmus + project \u201cYouthtainability\u201d took place in Portim\u00e3o (Portugal, from 2nd-5th October of 2019, with members from the three project organizations: DYPALL Network, a European-wide network based in Portugal, DO F\u00c9NIX from Slovakia and GYIOT from Hungary, the coordinating entity. This partners\u2019 meeting summed up the work achieved&hellip; Poursuivre la lecture 3rd Partners&#8217; Meeting \u201cYouthtainability\u201d\" \/>\n<meta property=\"og:url\" content=\"https:\/\/dypall.com\/fr\/activity\/3rd-partners-meeting-youthtainability\/\" \/>\n<meta property=\"og:site_name\" content=\"DYPALL Network\" \/>\n<meta property=\"article:published_time\" content=\"2019-10-07T10:30:03+00:00\" \/>\n<meta name=\"author\" content=\"DYPALL Network\" \/>\n<meta name=\"twitter:card\" content=\"summary_large_image\" \/>\n<meta name=\"twitter:label1\" content=\"Written by\" \/>\n\t<meta name=\"twitter:data1\" content=\"DYPALL Network\" \/>\n\t<meta name=\"twitter:label2\" content=\"Est. reading time\" \/>\n\t<meta name=\"twitter:data2\" content=\"1 minute\" \/>\n<script type=\"application\/ld+json\" class=\"yoast-schema-graph\">{\"@context\":\"https:\/\/schema.org\",\"@graph\":[{\"@type\":\"WebPage\",\"@id\":\"https:\/\/dypall.com\/activity\/3rd-partners-meeting-youthtainability\/\",\"url\":\"https:\/\/dypall.com\/activity\/3rd-partners-meeting-youthtainability\/\",\"name\":\"3rd Partners' Meeting \u201cYouthtainability\u201d - DYPALL Network\",\"isPartOf\":{\"@id\":\"https:\/\/dypall.com\/#website\"},\"primaryImageOfPage\":{\"@id\":\"https:\/\/dypall.com\/activity\/3rd-partners-meeting-youthtainability\/#primaryimage\"},\"image\":{\"@id\":\"https:\/\/dypall.com\/activity\/3rd-partners-meeting-youthtainability\/#primaryimage\"},\"thumbnailUrl\":\"\",\"datePublished\":\"2019-10-07T10:30:03+00:00\",\"dateModified\":\"2019-10-07T10:30:03+00:00\",\"author\":{\"@id\":\"https:\/\/dypall.com\/#\/schema\/person\/f92e08aa15c8ba711a9d153129f03377\"},\"breadcrumb\":{\"@id\":\"https:\/\/dypall.com\/activity\/3rd-partners-meeting-youthtainability\/#breadcrumb\"},\"inLanguage\":\"fr-FR\",\"potentialAction\":[{\"@type\":\"ReadAction\",\"target\":[\"https:\/\/dypall.com\/activity\/3rd-partners-meeting-youthtainability\/\"]}]},{\"@type\":\"ImageObject\",\"inLanguage\":\"fr-FR\",\"@id\":\"https:\/\/dypall.com\/activity\/3rd-partners-meeting-youthtainability\/#primaryimage\",\"url\":\"\",\"contentUrl\":\"\"},{\"@type\":\"BreadcrumbList\",\"@id\":\"https:\/\/dypall.com\/activity\/3rd-partners-meeting-youthtainability\/#breadcrumb\",\"itemListElement\":[{\"@type\":\"ListItem\",\"position\":1,\"name\":\"Home\",\"item\":\"https:\/\/dypall.com\/\"},{\"@type\":\"ListItem\",\"position\":2,\"name\":\"3rd Partners&#8217; Meeting \u201cYouthtainability\u201d\"}]},{\"@type\":\"WebSite\",\"@id\":\"https:\/\/dypall.com\/#website\",\"url\":\"https:\/\/dypall.com\/\",\"name\":\"DYPALL Network\",\"description\":\"We are a European network of civil society organisations, municipalities and research institutions dedicated to improving democracy through youth participation.\",\"potentialAction\":[{\"@type\":\"SearchAction\",\"target\":{\"@type\":\"EntryPoint\",\"urlTemplate\":\"https:\/\/dypall.com\/?s={search_term_string}\"},\"query-input\":\"required name=search_term_string\"}],\"inLanguage\":\"fr-FR\"},{\"@type\":\"Person\",\"@id\":\"https:\/\/dypall.com\/#\/schema\/person\/f92e08aa15c8ba711a9d153129f03377\",\"name\":\"DYPALL Network\",\"image\":{\"@type\":\"ImageObject\",\"inLanguage\":\"fr-FR\",\"@id\":\"https:\/\/dypall.com\/#\/schema\/person\/image\/\",\"url\":\"https:\/\/secure.gravatar.com\/avatar\/9c39e299279800c6d69c5e02cf613e7bab060889f373052a03d7ac399e8f0d3c?s=96&d=mm&r=g\",\"contentUrl\":\"https:\/\/secure.gravatar.com\/avatar\/9c39e299279800c6d69c5e02cf613e7bab060889f373052a03d7ac399e8f0d3c?s=96&d=mm&r=g\",\"caption\":\"DYPALL Network\"},\"sameAs\":[\"https:\/\/dypall.com\"],\"url\":\"https:\/\/dypall.com\/fr\/author\/dypall\/\"}]}<\/script>\n<!-- \/ Yoast SEO plugin. -->","yoast_head_json":{"title":"3rd Partners' Meeting \u201cYouthtainability\u201d - DYPALL Network","robots":{"index":"index","follow":"follow","max-snippet":"max-snippet:-1","max-image-preview":"max-image-preview:large","max-video-preview":"max-video-preview:-1"},"canonical":"https:\/\/dypall.com\/fr\/activity\/3rd-partners-meeting-youthtainability\/","og_locale":"fr_FR","og_type":"article","og_title":"3rd Partners' Meeting \u201cYouthtainability\u201d - DYPALL Network","og_description":"The 3rd partners\u2019 meeting of the KA2 Erasmus + project \u201cYouthtainability\u201d took place in Portim\u00e3o (Portugal, from 2nd-5th October of 2019, with members from the three project organizations: DYPALL Network, a European-wide network based in Portugal, DO F\u00c9NIX from Slovakia and GYIOT from Hungary, the coordinating entity. This partners\u2019 meeting summed up the work achieved&hellip; Poursuivre la lecture 3rd Partners&#8217; Meeting \u201cYouthtainability\u201d","og_url":"https:\/\/dypall.com\/fr\/activity\/3rd-partners-meeting-youthtainability\/","og_site_name":"DYPALL Network","article_published_time":"2019-10-07T10:30:03+00:00","author":"DYPALL Network","twitter_card":"summary_large_image","twitter_misc":{"Written by":"DYPALL Network","Est. reading time":"1 minute"},"schema":{"@context":"https:\/\/schema.org","@graph":[{"@type":"WebPage","@id":"https:\/\/dypall.com\/activity\/3rd-partners-meeting-youthtainability\/","url":"https:\/\/dypall.com\/activity\/3rd-partners-meeting-youthtainability\/","name":"3rd Partners' Meeting \u201cYouthtainability\u201d - DYPALL Network","isPartOf":{"@id":"https:\/\/dypall.com\/#website"},"primaryImageOfPage":{"@id":"https:\/\/dypall.com\/activity\/3rd-partners-meeting-youthtainability\/#primaryimage"},"image":{"@id":"https:\/\/dypall.com\/activity\/3rd-partners-meeting-youthtainability\/#primaryimage"},"thumbnailUrl":"","datePublished":"2019-10-07T10:30:03+00:00","dateModified":"2019-10-07T10:30:03+00:00","author":{"@id":"https:\/\/dypall.com\/#\/schema\/person\/f92e08aa15c8ba711a9d153129f03377"},"breadcrumb":{"@id":"https:\/\/dypall.com\/activity\/3rd-partners-meeting-youthtainability\/#breadcrumb"},"inLanguage":"fr-FR","potentialAction":[{"@type":"ReadAction","target":["https:\/\/dypall.com\/activity\/3rd-partners-meeting-youthtainability\/"]}]},{"@type":"ImageObject","inLanguage":"fr-FR","@id":"https:\/\/dypall.com\/activity\/3rd-partners-meeting-youthtainability\/#primaryimage","url":"","contentUrl":""},{"@type":"BreadcrumbList","@id":"https:\/\/dypall.com\/activity\/3rd-partners-meeting-youthtainability\/#breadcrumb","itemListElement":[{"@type":"ListItem","position":1,"name":"Home","item":"https:\/\/dypall.com\/"},{"@type":"ListItem","position":2,"name":"3rd Partners&#8217; Meeting \u201cYouthtainability\u201d"}]},{"@type":"WebSite","@id":"https:\/\/dypall.com\/#website","url":"https:\/\/dypall.com\/","name":"DYPALL Network","description":"We are a European network of civil society organisations, municipalities and research institutions dedicated to improving democracy through youth participation.","potentialAction":[{"@type":"SearchAction","target":{"@type":"EntryPoint","urlTemplate":"https:\/\/dypall.com\/?s={search_term_string}"},"query-input":"required name=search_term_string"}],"inLanguage":"fr-FR"},{"@type":"Person","@id":"https:\/\/dypall.com\/#\/schema\/person\/f92e08aa15c8ba711a9d153129f03377","name":"DYPALL Network","image":{"@type":"ImageObject","inLanguage":"fr-FR","@id":"https:\/\/dypall.com\/#\/schema\/person\/image\/","url":"https:\/\/secure.gravatar.com\/avatar\/9c39e299279800c6d69c5e02cf613e7bab060889f373052a03d7ac399e8f0d3c?s=96&d=mm&r=g","contentUrl":"https:\/\/secure.gravatar.com\/avatar\/9c39e299279800c6d69c5e02cf613e7bab060889f373052a03d7ac399e8f0d3c?s=96&d=mm&r=g","caption":"DYPALL Network"},"sameAs":["https:\/\/dypall.com"],"url":"https:\/\/dypall.com\/fr\/author\/dypall\/"}]}},"jetpack_featured_media_url":"","jetpack_sharing_enabled":true,"_links":{"self":[{"href":"https:\/\/dypall.com\/fr\/wp-json\/wp\/v2\/posts\/3971","targetHints":{"allow":["GET"]}}],"collection":[{"href":"https:\/\/dypall.com\/fr\/wp-json\/wp\/v2\/posts"}],"about":[{"href":"https:\/\/dypall.com\/fr\/wp-json\/wp\/v2\/types\/post"}],"author":[{"embeddable":true,"href":"https:\/\/dypall.com\/fr\/wp-json\/wp\/v2\/users\/1"}],"replies":[{"embeddable":true,"href":"https:\/\/dypall.com\/fr\/wp-json\/wp\/v2\/comments?post=3971"}],"version-history":[{"count":0,"href":"https:\/\/dypall.com\/fr\/wp-json\/wp\/v2\/posts\/3971\/revisions"}],"wp:featuredmedia":[{"embeddable":true,"href":"https:\/\/dypall.com\/fr\/wp-json\/"}],"wp:attachment":[{"href":"https:\/\/dypall.com\/fr\/wp-json\/wp\/v2\/media?parent=3971"}],"wp:term":[{"taxonomy":"category","embeddable":true,"href":"https:\/\/dypall.com\/fr\/wp-json\/wp\/v2\/categories?post=3971"},{"taxonomy":"post_tag","embeddable":true,"href":"https:\/\/dypall.com\/fr\/wp-json\/wp\/v2\/tags?post=3971"}],"curies":[{"name":"wp","href":"https:\/\/api.w.org\/{rel}","templated":true}]}}