{"id":3951,"date":"2019-09-24T12:57:04","date_gmt":"2019-09-24T10:57:04","guid":{"rendered":"http:\/\/dypall.com\/?p=3951"},"modified":"2019-09-24T12:57:04","modified_gmt":"2019-09-24T10:57:04","slug":"partners-meeting-focus-on-youth-service-design-and-co-creation","status":"publish","type":"post","link":"https:\/\/dypall.com\/fr\/activity\/partners-meeting-focus-on-youth-service-design-and-co-creation\/","title":{"rendered":"R\u00e9union des partenaires \u00abFocus on Youth: Conception et co-cr\u00e9ation de services\u00bb"},"content":{"rendered":"<p>R\u00e9union des partenaires du projet KA2 \u00abFocus in Youth: Service Design and Co-creation\u00bb, a eu lieu \u00e0 Portim\u00e3o (Portugal), du 18 au 19 septembre.<\/p>\n<p>Le consortium a rassembl\u00e9 des organisations de Norv\u00e8ge, de Lituanie, du Portugal, de Slov\u00e9nie et de Pologne, qui se sont pench\u00e9es sur la th\u00e9orie de la conception des services afin d\u2019am\u00e9liorer la compr\u00e9hension de la mani\u00e8re dont l\u2019animation socio-\u00e9ducative se d\u00e9place entre diff\u00e9rents prestataires de services \u00e0 la jeunesse et d\u2019identifier diff\u00e9rents points de rupture cruciaux o\u00f9 les jeunes sont laiss\u00e9s dans des situations vuln\u00e9rables avec un soutien limit\u00e9 ou insuffisant du syst\u00e8me de bien-\u00eatre.<\/p>\n<p>Au cours du projet, des recherches seront men\u00e9es sur la mani\u00e8re dont l'animation socio-\u00e9ducative professionnelle et l'\u00e9ducation non formelle peuvent aider les services et les jeunes \u00e0 trouver des solutions pour renforcer ces points de rupture. Les partenaires cartographieront les jeunes \u00e2g\u00e9s de 15 \u00e0 25 ans, en utilisant les donn\u00e9es disponibles et la m\u00e9thodologie de conception des services, afin de cr\u00e9er une compr\u00e9hension meilleure et plus globale du cheminement des jeunes de cette tranche d'\u00e2ge.<\/p>\n<p>Les animateurs de jeunesse, les facilitateurs, les d\u00e9cideurs et les autres prestataires de services seront form\u00e9s \u00e0 la conception de services, \u00e0 l\u2019approche non formelle de la jeunesse, \u00e0 la th\u00e9orie de la participation et \u00e0 la coop\u00e9ration intersectorielle afin de cr\u00e9er des espaces de cocr\u00e9ation entre les jeunes et ceux qui fournissent des services aux jeunes.<\/p>\n<p>Au cours du projet, il y aura deux formations, la premi\u00e8re \u00abFocus on Service design, co-creation\u00bb aura lieu du 4 au 11 novembre 2019 au centre de formation de Daugirdiskes (Lituanie) et la deuxi\u00e8me formation \u00abFocus on cross-sectorial cooperation\u00bb aura lieu du 2 au 9 f\u00e9vrier 2020 au centre de formation de Daugirdiskes (Lituanie).<\/p>\n<p>Une publication sera pr\u00e9par\u00e9e avec tous les r\u00e9sultats des activit\u00e9s et une analyse de la r\u00e9alit\u00e9 de chaque pays, cr\u00e9ant ainsi un moyen de cartographier et de mieux comprendre les diff\u00e9rences et les similitudes dans le travail ax\u00e9 sur la jeunesse entre les diff\u00e9rents pays europ\u00e9ens.<\/p>\n<p><img loading=\"lazy\" decoding=\"async\" class=\"aligncenter size-large wp-image-3952\" src=\"http:\/\/dypall.com\/wp-content\/uploads\/2019\/09\/WhatsApp-Image-2019-09-18-at-11.18.07-1024x768.jpeg\" alt=\"\" width=\"1024\" height=\"768\" \/><\/p>\n<p><img loading=\"lazy\" decoding=\"async\" class=\"aligncenter size-large wp-image-3953\" src=\"http:\/\/dypall.com\/wp-content\/uploads\/2019\/09\/WhatsApp-Image-2019-09-18-at-11.18.10-1024x767.jpeg\" alt=\"\" width=\"1024\" height=\"767\" \/><\/p>\n<p><img loading=\"lazy\" decoding=\"async\" class=\"aligncenter size-large wp-image-3954\" src=\"http:\/\/dypall.com\/wp-content\/uploads\/2019\/09\/70512308_2417663761648363_586060468066451456_n.jpg\" alt=\"\" width=\"960\" height=\"721\" \/><\/p>\n<p><img loading=\"lazy\" decoding=\"async\" class=\"aligncenter size-large wp-image-3955\" src=\"http:\/\/dypall.com\/wp-content\/uploads\/2019\/09\/71667116_10162347519625437_6723529959085703168_o-1024x772.jpg\" alt=\"\" width=\"1024\" height=\"772\" \/><\/p>","protected":false},"excerpt":{"rendered":"<p>R\u00e9union des partenaires du projet KA2 \u00abFocus in Youth: Service Design and Co-creation\u00bb, a eu lieu \u00e0 Portim\u00e3o (Portugal), du 18 au 19 septembre. Le consortium a r\u00e9uni des organisations de Norv\u00e8ge, de Lituanie, du Portugal, de Slov\u00e9nie et de Pologne, qui se sont pench\u00e9es sur la th\u00e9orie de la conception des services afin d'am\u00e9liorer la compr\u00e9hension de la fa\u00e7on dont l'animation socio-\u00e9ducative se d\u00e9place entre les diff\u00e9rents... <a class=\"more-link\" href=\"https:\/\/dypall.com\/fr\/activity\/partners-meeting-focus-on-youth-service-design-and-co-creation\/\">Poursuivre la lecture <span class=\"screen-reader-text\">R\u00e9union des partenaires \u00abFocus on Youth: Conception et co-cr\u00e9ation de services\u00bb<\/span><\/a><\/p>","protected":false},"author":1,"featured_media":3953,"comment_status":"closed","ping_status":"open","sticky":false,"template":"","format":"standard","meta":{"_acf_changed":false,"_jetpack_memberships_contains_paid_content":false,"footnotes":""},"categories":[111],"tags":[],"class_list":["post-3951","post","type-post","status-publish","format-standard","has-post-thumbnail","hentry","category-activity","entry"],"acf":[],"yoast_head":"<!-- This site is optimized with the Yoast SEO plugin v22.8 - https:\/\/yoast.com\/wordpress\/plugins\/seo\/ -->\n<title>Partners meeting &quot;Focus on Youth: Service Design and Co-Creation&quot; - DYPALL Network<\/title>\n<meta name=\"robots\" content=\"index, follow, max-snippet:-1, max-image-preview:large, max-video-preview:-1\" \/>\n<link rel=\"canonical\" href=\"https:\/\/dypall.com\/fr\/activity\/partners-meeting-focus-on-youth-service-design-and-co-creation\/\" \/>\n<meta property=\"og:locale\" content=\"fr_FR\" \/>\n<meta property=\"og:type\" content=\"article\" \/>\n<meta property=\"og:title\" content=\"Partners meeting &quot;Focus on Youth: Service Design and Co-Creation&quot; - DYPALL Network\" \/>\n<meta property=\"og:description\" content=\"The partners meeting for the KA2 project \u201cFocus in Youth: Service Design and Co-creation\u201d, took place in Portim\u00e3o (Portugal), from 18th-19th September. The consortium gathered organisations from Norway, Lithuania, Portugal, Slovenia and Poland, looking into the theory of service design to improve the understanding on how youth work moves between different youth service providers and&hellip; Poursuivre la lecture Partners meeting &#8220;Focus on Youth: Service Design and Co-Creation&#8221;\" \/>\n<meta property=\"og:url\" content=\"https:\/\/dypall.com\/fr\/activity\/partners-meeting-focus-on-youth-service-design-and-co-creation\/\" \/>\n<meta property=\"og:site_name\" content=\"DYPALL Network\" \/>\n<meta property=\"article:published_time\" content=\"2019-09-24T10:57:04+00:00\" \/>\n<meta name=\"author\" content=\"DYPALL Network\" \/>\n<meta name=\"twitter:card\" content=\"summary_large_image\" \/>\n<meta name=\"twitter:label1\" content=\"Written by\" \/>\n\t<meta name=\"twitter:data1\" content=\"DYPALL Network\" \/>\n\t<meta name=\"twitter:label2\" content=\"Est. reading time\" \/>\n\t<meta name=\"twitter:data2\" content=\"1 minute\" \/>\n<script type=\"application\/ld+json\" class=\"yoast-schema-graph\">{\"@context\":\"https:\/\/schema.org\",\"@graph\":[{\"@type\":\"WebPage\",\"@id\":\"https:\/\/dypall.com\/activity\/partners-meeting-focus-on-youth-service-design-and-co-creation\/\",\"url\":\"https:\/\/dypall.com\/activity\/partners-meeting-focus-on-youth-service-design-and-co-creation\/\",\"name\":\"Partners meeting \\\"Focus on Youth: Service Design and Co-Creation\\\" - DYPALL Network\",\"isPartOf\":{\"@id\":\"https:\/\/dypall.com\/#website\"},\"primaryImageOfPage\":{\"@id\":\"https:\/\/dypall.com\/activity\/partners-meeting-focus-on-youth-service-design-and-co-creation\/#primaryimage\"},\"image\":{\"@id\":\"https:\/\/dypall.com\/activity\/partners-meeting-focus-on-youth-service-design-and-co-creation\/#primaryimage\"},\"thumbnailUrl\":\"\",\"datePublished\":\"2019-09-24T10:57:04+00:00\",\"dateModified\":\"2019-09-24T10:57:04+00:00\",\"author\":{\"@id\":\"https:\/\/dypall.com\/#\/schema\/person\/f92e08aa15c8ba711a9d153129f03377\"},\"breadcrumb\":{\"@id\":\"https:\/\/dypall.com\/activity\/partners-meeting-focus-on-youth-service-design-and-co-creation\/#breadcrumb\"},\"inLanguage\":\"fr-FR\",\"potentialAction\":[{\"@type\":\"ReadAction\",\"target\":[\"https:\/\/dypall.com\/activity\/partners-meeting-focus-on-youth-service-design-and-co-creation\/\"]}]},{\"@type\":\"ImageObject\",\"inLanguage\":\"fr-FR\",\"@id\":\"https:\/\/dypall.com\/activity\/partners-meeting-focus-on-youth-service-design-and-co-creation\/#primaryimage\",\"url\":\"\",\"contentUrl\":\"\"},{\"@type\":\"BreadcrumbList\",\"@id\":\"https:\/\/dypall.com\/activity\/partners-meeting-focus-on-youth-service-design-and-co-creation\/#breadcrumb\",\"itemListElement\":[{\"@type\":\"ListItem\",\"position\":1,\"name\":\"Home\",\"item\":\"https:\/\/dypall.com\/\"},{\"@type\":\"ListItem\",\"position\":2,\"name\":\"Partners meeting &#8220;Focus on Youth: Service Design and Co-Creation&#8221;\"}]},{\"@type\":\"WebSite\",\"@id\":\"https:\/\/dypall.com\/#website\",\"url\":\"https:\/\/dypall.com\/\",\"name\":\"DYPALL Network\",\"description\":\"We are a European network of civil society organisations, municipalities and research institutions dedicated to improving democracy through youth participation.\",\"potentialAction\":[{\"@type\":\"SearchAction\",\"target\":{\"@type\":\"EntryPoint\",\"urlTemplate\":\"https:\/\/dypall.com\/?s={search_term_string}\"},\"query-input\":\"required name=search_term_string\"}],\"inLanguage\":\"fr-FR\"},{\"@type\":\"Person\",\"@id\":\"https:\/\/dypall.com\/#\/schema\/person\/f92e08aa15c8ba711a9d153129f03377\",\"name\":\"DYPALL Network\",\"image\":{\"@type\":\"ImageObject\",\"inLanguage\":\"fr-FR\",\"@id\":\"https:\/\/dypall.com\/#\/schema\/person\/image\/\",\"url\":\"https:\/\/secure.gravatar.com\/avatar\/9c39e299279800c6d69c5e02cf613e7bab060889f373052a03d7ac399e8f0d3c?s=96&d=mm&r=g\",\"contentUrl\":\"https:\/\/secure.gravatar.com\/avatar\/9c39e299279800c6d69c5e02cf613e7bab060889f373052a03d7ac399e8f0d3c?s=96&d=mm&r=g\",\"caption\":\"DYPALL Network\"},\"sameAs\":[\"https:\/\/dypall.com\"],\"url\":\"https:\/\/dypall.com\/fr\/author\/dypall\/\"}]}<\/script>\n<!-- \/ Yoast SEO plugin. -->","yoast_head_json":{"title":"Partners meeting \"Focus on Youth: Service Design and Co-Creation\" - DYPALL Network","robots":{"index":"index","follow":"follow","max-snippet":"max-snippet:-1","max-image-preview":"max-image-preview:large","max-video-preview":"max-video-preview:-1"},"canonical":"https:\/\/dypall.com\/fr\/activity\/partners-meeting-focus-on-youth-service-design-and-co-creation\/","og_locale":"fr_FR","og_type":"article","og_title":"Partners meeting \"Focus on Youth: Service Design and Co-Creation\" - DYPALL Network","og_description":"The partners meeting for the KA2 project \u201cFocus in Youth: Service Design and Co-creation\u201d, took place in Portim\u00e3o (Portugal), from 18th-19th September. The consortium gathered organisations from Norway, Lithuania, Portugal, Slovenia and Poland, looking into the theory of service design to improve the understanding on how youth work moves between different youth service providers and&hellip; Poursuivre la lecture Partners meeting &#8220;Focus on Youth: Service Design and Co-Creation&#8221;","og_url":"https:\/\/dypall.com\/fr\/activity\/partners-meeting-focus-on-youth-service-design-and-co-creation\/","og_site_name":"DYPALL Network","article_published_time":"2019-09-24T10:57:04+00:00","author":"DYPALL Network","twitter_card":"summary_large_image","twitter_misc":{"Written by":"DYPALL Network","Est. reading time":"1 minute"},"schema":{"@context":"https:\/\/schema.org","@graph":[{"@type":"WebPage","@id":"https:\/\/dypall.com\/activity\/partners-meeting-focus-on-youth-service-design-and-co-creation\/","url":"https:\/\/dypall.com\/activity\/partners-meeting-focus-on-youth-service-design-and-co-creation\/","name":"Partners meeting \"Focus on Youth: Service Design and Co-Creation\" - DYPALL Network","isPartOf":{"@id":"https:\/\/dypall.com\/#website"},"primaryImageOfPage":{"@id":"https:\/\/dypall.com\/activity\/partners-meeting-focus-on-youth-service-design-and-co-creation\/#primaryimage"},"image":{"@id":"https:\/\/dypall.com\/activity\/partners-meeting-focus-on-youth-service-design-and-co-creation\/#primaryimage"},"thumbnailUrl":"","datePublished":"2019-09-24T10:57:04+00:00","dateModified":"2019-09-24T10:57:04+00:00","author":{"@id":"https:\/\/dypall.com\/#\/schema\/person\/f92e08aa15c8ba711a9d153129f03377"},"breadcrumb":{"@id":"https:\/\/dypall.com\/activity\/partners-meeting-focus-on-youth-service-design-and-co-creation\/#breadcrumb"},"inLanguage":"fr-FR","potentialAction":[{"@type":"ReadAction","target":["https:\/\/dypall.com\/activity\/partners-meeting-focus-on-youth-service-design-and-co-creation\/"]}]},{"@type":"ImageObject","inLanguage":"fr-FR","@id":"https:\/\/dypall.com\/activity\/partners-meeting-focus-on-youth-service-design-and-co-creation\/#primaryimage","url":"","contentUrl":""},{"@type":"BreadcrumbList","@id":"https:\/\/dypall.com\/activity\/partners-meeting-focus-on-youth-service-design-and-co-creation\/#breadcrumb","itemListElement":[{"@type":"ListItem","position":1,"name":"Home","item":"https:\/\/dypall.com\/"},{"@type":"ListItem","position":2,"name":"Partners meeting &#8220;Focus on Youth: Service Design and Co-Creation&#8221;"}]},{"@type":"WebSite","@id":"https:\/\/dypall.com\/#website","url":"https:\/\/dypall.com\/","name":"DYPALL Network","description":"We are a European network of civil society organisations, municipalities and research institutions dedicated to improving democracy through youth participation.","potentialAction":[{"@type":"SearchAction","target":{"@type":"EntryPoint","urlTemplate":"https:\/\/dypall.com\/?s={search_term_string}"},"query-input":"required name=search_term_string"}],"inLanguage":"fr-FR"},{"@type":"Person","@id":"https:\/\/dypall.com\/#\/schema\/person\/f92e08aa15c8ba711a9d153129f03377","name":"DYPALL Network","image":{"@type":"ImageObject","inLanguage":"fr-FR","@id":"https:\/\/dypall.com\/#\/schema\/person\/image\/","url":"https:\/\/secure.gravatar.com\/avatar\/9c39e299279800c6d69c5e02cf613e7bab060889f373052a03d7ac399e8f0d3c?s=96&d=mm&r=g","contentUrl":"https:\/\/secure.gravatar.com\/avatar\/9c39e299279800c6d69c5e02cf613e7bab060889f373052a03d7ac399e8f0d3c?s=96&d=mm&r=g","caption":"DYPALL Network"},"sameAs":["https:\/\/dypall.com"],"url":"https:\/\/dypall.com\/fr\/author\/dypall\/"}]}},"jetpack_featured_media_url":"","jetpack_sharing_enabled":true,"_links":{"self":[{"href":"https:\/\/dypall.com\/fr\/wp-json\/wp\/v2\/posts\/3951","targetHints":{"allow":["GET"]}}],"collection":[{"href":"https:\/\/dypall.com\/fr\/wp-json\/wp\/v2\/posts"}],"about":[{"href":"https:\/\/dypall.com\/fr\/wp-json\/wp\/v2\/types\/post"}],"author":[{"embeddable":true,"href":"https:\/\/dypall.com\/fr\/wp-json\/wp\/v2\/users\/1"}],"replies":[{"embeddable":true,"href":"https:\/\/dypall.com\/fr\/wp-json\/wp\/v2\/comments?post=3951"}],"version-history":[{"count":0,"href":"https:\/\/dypall.com\/fr\/wp-json\/wp\/v2\/posts\/3951\/revisions"}],"wp:featuredmedia":[{"embeddable":true,"href":"https:\/\/dypall.com\/fr\/wp-json\/"}],"wp:attachment":[{"href":"https:\/\/dypall.com\/fr\/wp-json\/wp\/v2\/media?parent=3951"}],"wp:term":[{"taxonomy":"category","embeddable":true,"href":"https:\/\/dypall.com\/fr\/wp-json\/wp\/v2\/categories?post=3951"},{"taxonomy":"post_tag","embeddable":true,"href":"https:\/\/dypall.com\/fr\/wp-json\/wp\/v2\/tags?post=3951"}],"curies":[{"name":"wp","href":"https:\/\/api.w.org\/{rel}","templated":true}]}}