{"id":3094,"date":"2018-10-31T14:53:10","date_gmt":"2018-10-31T13:53:10","guid":{"rendered":"http:\/\/dypall.com\/?p=3094"},"modified":"2018-10-31T14:53:10","modified_gmt":"2018-10-31T13:53:10","slug":"youth-forum-in-madeira","status":"publish","type":"post","link":"https:\/\/dypall.com\/fr\/activity\/youth-forum-in-madeira\/","title":{"rendered":"Forum des jeunes de Mad\u00e8re"},"content":{"rendered":"<p>Le r\u00e9seau DYPALL a facilit\u00e9 le processus de collaboration qui a conduit \u00e0 la cr\u00e9ation de la politique r\u00e9gionale de la jeunesse pour la r\u00e9gion de Mad\u00e8re.<\/p>\n<p>Ce processus impliquait directement: un r\u00e9seau de 80 partenaires, plus de 600 jeunes,\u00a0<span class=\"text_exposed_show\">90 heures d'\u00e9ducation non formelle et de consultation participative et une quantit\u00e9 incroyable de passion et de croyance dans le pouvoir des jeunes!<\/span><\/p>\n<div class=\"text_exposed_show\">\n<p>Du 19 au 21 octobre, nous avons pr\u00e9sent\u00e9 tous ces travaux \u00e0 Mad\u00e8re \u2013 Funchal, avec plus de 165 participants.<\/p>\n<\/div>\n<p>Le Forum comptait trois \u00e9v\u00e9nements parall\u00e8les: une conf\u00e9rence, une formation pour les enseignants et la Rencontre nationale des jeunes. Il y avait environ 200 personnes impliqu\u00e9es: les jeunes, les animateurs socio-\u00e9ducatifs, les d\u00e9cideurs politiques, les repr\u00e9sentants du gouvernement et des municipalit\u00e9s. Les participants venaient non seulement de Mad\u00e8re, mais aussi des A\u00e7ores et du continent.<br \/>\nLe th\u00e8me principal de la conf\u00e9rence \u00e9tait le \u00abR\u00f4le des jeunes dans le d\u00e9veloppement des territoires\u00bb. C'\u00e9tait une bonne occasion de partager les bonnes pratiques et de s'en inspirer.<\/p>\n<p>Au cours de la r\u00e9union nationale des jeunes, les jeunes ont \u00e9t\u00e9 mis au d\u00e9fi de choisir les 20 principales priorit\u00e9s du plan r\u00e9gional pour la politique de la jeunesse, cr\u00e9ant ainsi l'agenda de la jeunesse qui sera pr\u00e9sent\u00e9 aux diff\u00e9rents partis lors des prochaines \u00e9lections.<\/p>\n<p>Ce fut un plaisir pour DYPALL de mener ce projet qui a responsabilis\u00e9 les jeunes et les a impliqu\u00e9s dans le processus d\u00e9cisionnel.<\/p>\n<p><img loading=\"lazy\" decoding=\"async\" class=\"aligncenter wp-image-3095 size-large\" src=\"http:\/\/dypall.com\/wp-content\/uploads\/2018\/10\/44412572_252106142157972_3955696198517522432_o-1024x683.jpg\" alt=\"\" width=\"960\" height=\"640\" \/><\/p>\n<p><img loading=\"lazy\" decoding=\"async\" class=\"aligncenter wp-image-3100 size-large\" src=\"http:\/\/dypall.com\/wp-content\/uploads\/2018\/10\/44516079_252473108787942_4301012355094937600_o-1024x683.jpg\" alt=\"\" width=\"960\" height=\"640\" \/><\/p>\n<p><img loading=\"lazy\" decoding=\"async\" class=\"wp-image-3098 size-large aligncenter\" src=\"http:\/\/dypall.com\/wp-content\/uploads\/2018\/10\/44452930_252474052121181_2028421480903081984_o-1024x683.jpg\" alt=\"\" width=\"960\" height=\"640\" \/><\/p>\n<p><img loading=\"lazy\" decoding=\"async\" class=\"aligncenter wp-image-3097 size-large\" src=\"http:\/\/dypall.com\/wp-content\/uploads\/2018\/10\/44430906_252108852157701_6628392726922526720_o-1024x683.jpg\" alt=\"\" width=\"960\" height=\"640\" \/><\/p>\n<p><img loading=\"lazy\" decoding=\"async\" class=\"aligncenter wp-image-3105 size-large\" src=\"http:\/\/dypall.com\/wp-content\/uploads\/2018\/10\/44416511_252108688824384_7724153422319976448_o-1024x683.jpg\" alt=\"\" width=\"960\" height=\"640\" \/><\/p>\n<p><img loading=\"lazy\" decoding=\"async\" class=\"aligncenter wp-image-3096 size-large\" src=\"http:\/\/dypall.com\/wp-content\/uploads\/2018\/10\/44424289_252106448824608_5695506623137579008_o-1024x683.jpg\" alt=\"\" width=\"960\" height=\"640\" \/><\/p>\n<p><img loading=\"lazy\" decoding=\"async\" class=\"aligncenter wp-image-3099 size-large\" src=\"http:\/\/dypall.com\/wp-content\/uploads\/2018\/10\/44497061_252473312121255_4225833230365884416_o-1024x683.jpg\" alt=\"\" width=\"960\" height=\"640\" \/><\/p>","protected":false},"excerpt":{"rendered":"<p>Le r\u00e9seau DYPALL a facilit\u00e9 le processus de collaboration qui a conduit \u00e0 la cr\u00e9ation de la politique r\u00e9gionale de la jeunesse pour la r\u00e9gion de Mad\u00e8re. Ce processus impliquait directement: un r\u00e9seau de 80 partenaires, plus de 600 jeunes, 90 heures d'\u00e9ducation non formelle et de consultation participative et une quantit\u00e9 incroyable de passion et de croyance dans le pouvoir des jeunes! Du 19 au 21 octobre... <a class=\"more-link\" href=\"https:\/\/dypall.com\/fr\/activity\/youth-forum-in-madeira\/\">Poursuivre la lecture <span class=\"screen-reader-text\">Forum des jeunes de Mad\u00e8re<\/span><\/a><\/p>","protected":false},"author":2,"featured_media":3105,"comment_status":"closed","ping_status":"open","sticky":false,"template":"","format":"standard","meta":{"_acf_changed":false,"_jetpack_memberships_contains_paid_content":false,"footnotes":""},"categories":[111],"tags":[113,134],"class_list":["post-3094","post","type-post","status-publish","format-standard","has-post-thumbnail","hentry","category-activity","tag-conference","tag-consultancy","entry"],"acf":[],"yoast_head":"<!-- This site is optimized with the Yoast SEO plugin v22.8 - https:\/\/yoast.com\/wordpress\/plugins\/seo\/ -->\n<title>Madeira Youth Forum - DYPALL Network<\/title>\n<meta name=\"robots\" content=\"index, follow, max-snippet:-1, max-image-preview:large, max-video-preview:-1\" \/>\n<link rel=\"canonical\" href=\"https:\/\/dypall.com\/fr\/activity\/youth-forum-in-madeira\/\" \/>\n<meta property=\"og:locale\" content=\"fr_FR\" \/>\n<meta property=\"og:type\" content=\"article\" \/>\n<meta property=\"og:title\" content=\"Madeira Youth Forum - DYPALL Network\" \/>\n<meta property=\"og:description\" content=\"DYPALL Network facilitated the collaborative process that led to the creation of Regional Youth Policy for Madeira region. This process directly involved: a network of 80 partners, more than 600 youngsters,\u00a090 hours of non-formal education and participatory consultation and an incredible amount of passion and belief in the power of young people! From 19th-21st October&hellip; Poursuivre la lecture Madeira Youth Forum\" \/>\n<meta property=\"og:url\" content=\"https:\/\/dypall.com\/fr\/activity\/youth-forum-in-madeira\/\" \/>\n<meta property=\"og:site_name\" content=\"DYPALL Network\" \/>\n<meta property=\"article:published_time\" content=\"2018-10-31T13:53:10+00:00\" \/>\n<meta name=\"author\" content=\"dypall\" \/>\n<meta name=\"twitter:card\" content=\"summary_large_image\" \/>\n<meta name=\"twitter:label1\" content=\"Written by\" \/>\n\t<meta name=\"twitter:data1\" content=\"dypall\" \/>\n\t<meta name=\"twitter:label2\" content=\"Est. reading time\" \/>\n\t<meta name=\"twitter:data2\" content=\"1 minute\" \/>\n<script type=\"application\/ld+json\" class=\"yoast-schema-graph\">{\"@context\":\"https:\/\/schema.org\",\"@graph\":[{\"@type\":\"WebPage\",\"@id\":\"https:\/\/dypall.com\/activity\/youth-forum-in-madeira\/\",\"url\":\"https:\/\/dypall.com\/activity\/youth-forum-in-madeira\/\",\"name\":\"Madeira Youth Forum - DYPALL Network\",\"isPartOf\":{\"@id\":\"https:\/\/dypall.com\/#website\"},\"primaryImageOfPage\":{\"@id\":\"https:\/\/dypall.com\/activity\/youth-forum-in-madeira\/#primaryimage\"},\"image\":{\"@id\":\"https:\/\/dypall.com\/activity\/youth-forum-in-madeira\/#primaryimage\"},\"thumbnailUrl\":\"\",\"datePublished\":\"2018-10-31T13:53:10+00:00\",\"dateModified\":\"2018-10-31T13:53:10+00:00\",\"author\":{\"@id\":\"https:\/\/dypall.com\/#\/schema\/person\/206350efe851997fcdedef75d118766b\"},\"breadcrumb\":{\"@id\":\"https:\/\/dypall.com\/activity\/youth-forum-in-madeira\/#breadcrumb\"},\"inLanguage\":\"fr-FR\",\"potentialAction\":[{\"@type\":\"ReadAction\",\"target\":[\"https:\/\/dypall.com\/activity\/youth-forum-in-madeira\/\"]}]},{\"@type\":\"ImageObject\",\"inLanguage\":\"fr-FR\",\"@id\":\"https:\/\/dypall.com\/activity\/youth-forum-in-madeira\/#primaryimage\",\"url\":\"\",\"contentUrl\":\"\"},{\"@type\":\"BreadcrumbList\",\"@id\":\"https:\/\/dypall.com\/activity\/youth-forum-in-madeira\/#breadcrumb\",\"itemListElement\":[{\"@type\":\"ListItem\",\"position\":1,\"name\":\"Home\",\"item\":\"https:\/\/dypall.com\/\"},{\"@type\":\"ListItem\",\"position\":2,\"name\":\"Madeira Youth Forum\"}]},{\"@type\":\"WebSite\",\"@id\":\"https:\/\/dypall.com\/#website\",\"url\":\"https:\/\/dypall.com\/\",\"name\":\"DYPALL Network\",\"description\":\"We are a European network of civil society organisations, municipalities and research institutions dedicated to improving democracy through youth participation.\",\"potentialAction\":[{\"@type\":\"SearchAction\",\"target\":{\"@type\":\"EntryPoint\",\"urlTemplate\":\"https:\/\/dypall.com\/?s={search_term_string}\"},\"query-input\":\"required name=search_term_string\"}],\"inLanguage\":\"fr-FR\"},{\"@type\":\"Person\",\"@id\":\"https:\/\/dypall.com\/#\/schema\/person\/206350efe851997fcdedef75d118766b\",\"name\":\"dypall\",\"image\":{\"@type\":\"ImageObject\",\"inLanguage\":\"fr-FR\",\"@id\":\"https:\/\/dypall.com\/#\/schema\/person\/image\/\",\"url\":\"https:\/\/secure.gravatar.com\/avatar\/14e8d3d8841cd0bdf69915120bcf9fcfac1567f1dc7035664907322ac47efe29?s=96&d=mm&r=g\",\"contentUrl\":\"https:\/\/secure.gravatar.com\/avatar\/14e8d3d8841cd0bdf69915120bcf9fcfac1567f1dc7035664907322ac47efe29?s=96&d=mm&r=g\",\"caption\":\"dypall\"},\"url\":\"https:\/\/dypall.com\/fr\/author\/dypall_info\/\"}]}<\/script>\n<!-- \/ Yoast SEO plugin. -->","yoast_head_json":{"title":"Madeira Youth Forum - DYPALL Network","robots":{"index":"index","follow":"follow","max-snippet":"max-snippet:-1","max-image-preview":"max-image-preview:large","max-video-preview":"max-video-preview:-1"},"canonical":"https:\/\/dypall.com\/fr\/activity\/youth-forum-in-madeira\/","og_locale":"fr_FR","og_type":"article","og_title":"Madeira Youth Forum - DYPALL Network","og_description":"DYPALL Network facilitated the collaborative process that led to the creation of Regional Youth Policy for Madeira region. This process directly involved: a network of 80 partners, more than 600 youngsters,\u00a090 hours of non-formal education and participatory consultation and an incredible amount of passion and belief in the power of young people! From 19th-21st October&hellip; Poursuivre la lecture Madeira Youth Forum","og_url":"https:\/\/dypall.com\/fr\/activity\/youth-forum-in-madeira\/","og_site_name":"DYPALL Network","article_published_time":"2018-10-31T13:53:10+00:00","author":"dypall","twitter_card":"summary_large_image","twitter_misc":{"Written by":"dypall","Est. reading time":"1 minute"},"schema":{"@context":"https:\/\/schema.org","@graph":[{"@type":"WebPage","@id":"https:\/\/dypall.com\/activity\/youth-forum-in-madeira\/","url":"https:\/\/dypall.com\/activity\/youth-forum-in-madeira\/","name":"Madeira Youth Forum - DYPALL Network","isPartOf":{"@id":"https:\/\/dypall.com\/#website"},"primaryImageOfPage":{"@id":"https:\/\/dypall.com\/activity\/youth-forum-in-madeira\/#primaryimage"},"image":{"@id":"https:\/\/dypall.com\/activity\/youth-forum-in-madeira\/#primaryimage"},"thumbnailUrl":"","datePublished":"2018-10-31T13:53:10+00:00","dateModified":"2018-10-31T13:53:10+00:00","author":{"@id":"https:\/\/dypall.com\/#\/schema\/person\/206350efe851997fcdedef75d118766b"},"breadcrumb":{"@id":"https:\/\/dypall.com\/activity\/youth-forum-in-madeira\/#breadcrumb"},"inLanguage":"fr-FR","potentialAction":[{"@type":"ReadAction","target":["https:\/\/dypall.com\/activity\/youth-forum-in-madeira\/"]}]},{"@type":"ImageObject","inLanguage":"fr-FR","@id":"https:\/\/dypall.com\/activity\/youth-forum-in-madeira\/#primaryimage","url":"","contentUrl":""},{"@type":"BreadcrumbList","@id":"https:\/\/dypall.com\/activity\/youth-forum-in-madeira\/#breadcrumb","itemListElement":[{"@type":"ListItem","position":1,"name":"Home","item":"https:\/\/dypall.com\/"},{"@type":"ListItem","position":2,"name":"Madeira Youth Forum"}]},{"@type":"WebSite","@id":"https:\/\/dypall.com\/#website","url":"https:\/\/dypall.com\/","name":"DYPALL Network","description":"We are a European network of civil society organisations, municipalities and research institutions dedicated to improving democracy through youth participation.","potentialAction":[{"@type":"SearchAction","target":{"@type":"EntryPoint","urlTemplate":"https:\/\/dypall.com\/?s={search_term_string}"},"query-input":"required name=search_term_string"}],"inLanguage":"fr-FR"},{"@type":"Person","@id":"https:\/\/dypall.com\/#\/schema\/person\/206350efe851997fcdedef75d118766b","name":"dypall","image":{"@type":"ImageObject","inLanguage":"fr-FR","@id":"https:\/\/dypall.com\/#\/schema\/person\/image\/","url":"https:\/\/secure.gravatar.com\/avatar\/14e8d3d8841cd0bdf69915120bcf9fcfac1567f1dc7035664907322ac47efe29?s=96&d=mm&r=g","contentUrl":"https:\/\/secure.gravatar.com\/avatar\/14e8d3d8841cd0bdf69915120bcf9fcfac1567f1dc7035664907322ac47efe29?s=96&d=mm&r=g","caption":"dypall"},"url":"https:\/\/dypall.com\/fr\/author\/dypall_info\/"}]}},"jetpack_featured_media_url":"","jetpack_sharing_enabled":true,"_links":{"self":[{"href":"https:\/\/dypall.com\/fr\/wp-json\/wp\/v2\/posts\/3094","targetHints":{"allow":["GET"]}}],"collection":[{"href":"https:\/\/dypall.com\/fr\/wp-json\/wp\/v2\/posts"}],"about":[{"href":"https:\/\/dypall.com\/fr\/wp-json\/wp\/v2\/types\/post"}],"author":[{"embeddable":true,"href":"https:\/\/dypall.com\/fr\/wp-json\/wp\/v2\/users\/2"}],"replies":[{"embeddable":true,"href":"https:\/\/dypall.com\/fr\/wp-json\/wp\/v2\/comments?post=3094"}],"version-history":[{"count":0,"href":"https:\/\/dypall.com\/fr\/wp-json\/wp\/v2\/posts\/3094\/revisions"}],"wp:featuredmedia":[{"embeddable":true,"href":"https:\/\/dypall.com\/fr\/wp-json\/"}],"wp:attachment":[{"href":"https:\/\/dypall.com\/fr\/wp-json\/wp\/v2\/media?parent=3094"}],"wp:term":[{"taxonomy":"category","embeddable":true,"href":"https:\/\/dypall.com\/fr\/wp-json\/wp\/v2\/categories?post=3094"},{"taxonomy":"post_tag","embeddable":true,"href":"https:\/\/dypall.com\/fr\/wp-json\/wp\/v2\/tags?post=3094"}],"curies":[{"name":"wp","href":"https:\/\/api.w.org\/{rel}","templated":true}]}}