{"id":2972,"date":"2018-05-10T13:44:29","date_gmt":"2018-05-10T11:44:29","guid":{"rendered":"http:\/\/dypall.com\/?p=2972"},"modified":"2018-05-10T13:44:29","modified_gmt":"2018-05-10T11:44:29","slug":"connect-empowerment-for-the-political-and-civic-participation-of-young-migrants","status":"publish","type":"post","link":"https:\/\/dypall.com\/fr\/activity\/connect-empowerment-for-the-political-and-civic-participation-of-young-migrants\/","title":{"rendered":"Conf\u00e9rence \u00abTravail des jeunes au niveau local pour l\u2019autonomisation des communaut\u00e9s\u00bb"},"content":{"rendered":"<p>La conf\u00e9rence intitul\u00e9e \u00abYouth work at local level for community empowerment\u00bb (Travail des jeunes au niveau local pour l\u2019autonomisation des communaut\u00e9s) s\u2019est tenue du 2 au 6 mai 2018 \u00e0 Lisbonne, au Portugal. Il a r\u00e9uni des animateurs socio-\u00e9ducatifs et des militants de Su\u00e8de, de Finlande, d\u2019Espagne, du Portugal, de Gr\u00e8ce, du Cap-Vert, de Guin\u00e9e-Bissau, du Mozambique et de Sao Tom\u00e9-et-Principe pour l\u2019\u00e9v\u00e9nement final d\u2019un projet \u00e0 long terme intitul\u00e9 \u00abCONNECT: Autonomisation pour la participation politique et civique des jeunes migrants\u00bb, qui met l\u2019accent sur l\u2019importance de l\u2019inclusion et de la participation des jeunes migrants pour le d\u00e9veloppement communautaire.<\/p>\n<p>Le programme de la conf\u00e9rence comprenait des pr\u00e9sentations de la recherche CONNECT, de la recherche Erasmus + \u00abDevenir une partie de l\u2019Europe\u00bb, de la pr\u00e9sentation \u00abMarcher ensemble sans fronti\u00e8res\u00bb d\u2019Aid Global, ainsi qu\u2019une visite au haut-commissariat aux migrations et au conseil national portugais de la jeunesse (CNJ), entre autres. Les participants ont \u00e9galement eu l'occasion de discuter du r\u00f4le des jeunes migrants dans le d\u00e9veloppement communautaire et d'\u00e9laborer des plans de coop\u00e9ration future sur ce sujet.<\/p>\n<p>La conf\u00e9rence a \u00e9t\u00e9 organis\u00e9e par le Centre africain pour l'autonomisation en tant que principal partenaire du projet avec le soutien du r\u00e9seau DYPALL, des fournisseurs de r\u00e9ponses sociales au d\u00e9veloppement et du Centre de la jeunesse de Lisbonne.<\/p>\n<p><img loading=\"lazy\" decoding=\"async\" class=\"alignnone size-full wp-image-2979\" src=\"http:\/\/dypall.com\/wp-content\/uploads\/2018\/07\/32191771_2219757044706368_7583792143035006976_o.jpg\" alt=\"\" width=\"2048\" height=\"1365\" \/><\/p>\n<p><img loading=\"lazy\" decoding=\"async\" class=\"alignnone size-full wp-image-2978\" src=\"http:\/\/dypall.com\/wp-content\/uploads\/2018\/07\/32169421_2219757438039662_4747862444787892224_o.jpg\" alt=\"\" width=\"2048\" height=\"1365\" \/><\/p>\n<p><img loading=\"lazy\" decoding=\"async\" class=\"alignnone size-full wp-image-2977\" src=\"http:\/\/dypall.com\/wp-content\/uploads\/2018\/07\/32104728_2219757764706296_4722954215746437120_o.jpg\" alt=\"\" width=\"2048\" height=\"1365\" \/><\/p>\n<p><img loading=\"lazy\" decoding=\"async\" class=\"alignnone size-full wp-image-2976\" src=\"http:\/\/dypall.com\/wp-content\/uploads\/2018\/07\/31963910_2219756808039725_1672310894689779712_o.jpg\" alt=\"\" width=\"2048\" height=\"1365\" \/><\/p>\n<p><img loading=\"lazy\" decoding=\"async\" class=\"alignnone size-full wp-image-2975\" src=\"http:\/\/dypall.com\/wp-content\/uploads\/2018\/07\/31961670_2219756404706432_4239738199871586304_o.jpg\" alt=\"\" width=\"2048\" height=\"1365\" \/><\/p>\n<p><img loading=\"lazy\" decoding=\"async\" class=\"alignnone size-full wp-image-2974\" src=\"http:\/\/dypall.com\/wp-content\/uploads\/2018\/07\/31960094_2219756631373076_7977186919438090240_o.jpg\" alt=\"\" width=\"2048\" height=\"1365\" \/><\/p>\n<p><img loading=\"lazy\" decoding=\"async\" class=\"alignnone size-full wp-image-2973\" src=\"http:\/\/dypall.com\/wp-content\/uploads\/2018\/07\/31956523_2219756614706411_628137549700792320_o.jpg\" alt=\"\" width=\"2048\" height=\"1365\" \/><\/p>","protected":false},"excerpt":{"rendered":"<p>La conf\u00e9rence intitul\u00e9e \u00abYouth work at local level for community empowerment\u00bb (Travail des jeunes au niveau local pour l\u2019autonomisation des communaut\u00e9s) s\u2019est tenue du 2 au 6 mai 2018 \u00e0 Lisbonne, au Portugal. Il a r\u00e9uni des animateurs socio-\u00e9ducatifs et des militants de Su\u00e8de, de Finlande, d\u2019Espagne, du Portugal, de Gr\u00e8ce, du Cap-Vert, de Guin\u00e9e-Bissau, du Mozambique et de Sao Tom\u00e9-et-Principe pour l\u2019\u00e9v\u00e9nement final d\u2019un projet \u00e0 long terme intitul\u00e9 \u00abCONNECT: Autonomisation pour les politiques... <a class=\"more-link\" href=\"https:\/\/dypall.com\/fr\/activity\/connect-empowerment-for-the-political-and-civic-participation-of-young-migrants\/\">Poursuivre la lecture <span class=\"screen-reader-text\">Conf\u00e9rence \u00abTravail des jeunes au niveau local pour l\u2019autonomisation des communaut\u00e9s\u00bb<\/span><\/a><\/p>","protected":false},"author":1,"featured_media":2978,"comment_status":"closed","ping_status":"open","sticky":false,"template":"","format":"standard","meta":{"_acf_changed":false,"_jetpack_memberships_contains_paid_content":false,"footnotes":""},"categories":[111,112],"tags":[113],"class_list":["post-2972","post","type-post","status-publish","format-standard","has-post-thumbnail","hentry","category-activity","category-conference","tag-conference","entry"],"acf":[],"yoast_head":"<!-- This site is optimized with the Yoast SEO plugin v22.8 - https:\/\/yoast.com\/wordpress\/plugins\/seo\/ -->\n<title>Conference \u201cYouth work at local level for community empowerment\u201d - DYPALL Network<\/title>\n<meta name=\"robots\" content=\"index, follow, max-snippet:-1, max-image-preview:large, max-video-preview:-1\" \/>\n<link rel=\"canonical\" href=\"https:\/\/dypall.com\/fr\/activity\/connect-empowerment-for-the-political-and-civic-participation-of-young-migrants\/\" \/>\n<meta property=\"og:locale\" content=\"fr_FR\" \/>\n<meta property=\"og:type\" content=\"article\" \/>\n<meta property=\"og:title\" content=\"Conference \u201cYouth work at local level for community empowerment\u201d - DYPALL Network\" \/>\n<meta property=\"og:description\" content=\"Conference \u201cYouth work at local level for community empowerment\u201d took place from 2nd &#8211; 6th May 2018 in Lisbon, Portugal. It brought together youth workers and activists from Sweden, Finland, Spain, Portugal, Greece, Cape Verde, Guine-Bissau, Mozambique and Sao Tome and Principe for the final event of a long-term project \u201cCONNECT: Empowerment for the political&hellip; Poursuivre la lecture Conference \u201cYouth work at local level for community empowerment\u201d\" \/>\n<meta property=\"og:url\" content=\"https:\/\/dypall.com\/fr\/activity\/connect-empowerment-for-the-political-and-civic-participation-of-young-migrants\/\" \/>\n<meta property=\"og:site_name\" content=\"DYPALL Network\" \/>\n<meta property=\"article:published_time\" content=\"2018-05-10T11:44:29+00:00\" \/>\n<meta name=\"author\" content=\"DYPALL Network\" \/>\n<meta name=\"twitter:card\" content=\"summary_large_image\" \/>\n<meta name=\"twitter:label1\" content=\"Written by\" \/>\n\t<meta name=\"twitter:data1\" content=\"DYPALL Network\" \/>\n\t<meta name=\"twitter:label2\" content=\"Est. reading time\" \/>\n\t<meta name=\"twitter:data2\" content=\"1 minute\" \/>\n<script type=\"application\/ld+json\" class=\"yoast-schema-graph\">{\"@context\":\"https:\/\/schema.org\",\"@graph\":[{\"@type\":\"WebPage\",\"@id\":\"https:\/\/dypall.com\/activity\/connect-empowerment-for-the-political-and-civic-participation-of-young-migrants\/\",\"url\":\"https:\/\/dypall.com\/activity\/connect-empowerment-for-the-political-and-civic-participation-of-young-migrants\/\",\"name\":\"Conference \u201cYouth work at local level for community empowerment\u201d - DYPALL Network\",\"isPartOf\":{\"@id\":\"https:\/\/dypall.com\/#website\"},\"primaryImageOfPage\":{\"@id\":\"https:\/\/dypall.com\/activity\/connect-empowerment-for-the-political-and-civic-participation-of-young-migrants\/#primaryimage\"},\"image\":{\"@id\":\"https:\/\/dypall.com\/activity\/connect-empowerment-for-the-political-and-civic-participation-of-young-migrants\/#primaryimage\"},\"thumbnailUrl\":\"\",\"datePublished\":\"2018-05-10T11:44:29+00:00\",\"dateModified\":\"2018-05-10T11:44:29+00:00\",\"author\":{\"@id\":\"https:\/\/dypall.com\/#\/schema\/person\/f92e08aa15c8ba711a9d153129f03377\"},\"breadcrumb\":{\"@id\":\"https:\/\/dypall.com\/activity\/connect-empowerment-for-the-political-and-civic-participation-of-young-migrants\/#breadcrumb\"},\"inLanguage\":\"fr-FR\",\"potentialAction\":[{\"@type\":\"ReadAction\",\"target\":[\"https:\/\/dypall.com\/activity\/connect-empowerment-for-the-political-and-civic-participation-of-young-migrants\/\"]}]},{\"@type\":\"ImageObject\",\"inLanguage\":\"fr-FR\",\"@id\":\"https:\/\/dypall.com\/activity\/connect-empowerment-for-the-political-and-civic-participation-of-young-migrants\/#primaryimage\",\"url\":\"\",\"contentUrl\":\"\"},{\"@type\":\"BreadcrumbList\",\"@id\":\"https:\/\/dypall.com\/activity\/connect-empowerment-for-the-political-and-civic-participation-of-young-migrants\/#breadcrumb\",\"itemListElement\":[{\"@type\":\"ListItem\",\"position\":1,\"name\":\"Home\",\"item\":\"https:\/\/dypall.com\/\"},{\"@type\":\"ListItem\",\"position\":2,\"name\":\"Conference \u201cYouth work at local level for community empowerment\u201d\"}]},{\"@type\":\"WebSite\",\"@id\":\"https:\/\/dypall.com\/#website\",\"url\":\"https:\/\/dypall.com\/\",\"name\":\"DYPALL Network\",\"description\":\"We are a European network of civil society organisations, municipalities and research institutions dedicated to improving democracy through youth participation.\",\"potentialAction\":[{\"@type\":\"SearchAction\",\"target\":{\"@type\":\"EntryPoint\",\"urlTemplate\":\"https:\/\/dypall.com\/?s={search_term_string}\"},\"query-input\":\"required name=search_term_string\"}],\"inLanguage\":\"fr-FR\"},{\"@type\":\"Person\",\"@id\":\"https:\/\/dypall.com\/#\/schema\/person\/f92e08aa15c8ba711a9d153129f03377\",\"name\":\"DYPALL Network\",\"image\":{\"@type\":\"ImageObject\",\"inLanguage\":\"fr-FR\",\"@id\":\"https:\/\/dypall.com\/#\/schema\/person\/image\/\",\"url\":\"https:\/\/secure.gravatar.com\/avatar\/9c39e299279800c6d69c5e02cf613e7bab060889f373052a03d7ac399e8f0d3c?s=96&d=mm&r=g\",\"contentUrl\":\"https:\/\/secure.gravatar.com\/avatar\/9c39e299279800c6d69c5e02cf613e7bab060889f373052a03d7ac399e8f0d3c?s=96&d=mm&r=g\",\"caption\":\"DYPALL Network\"},\"sameAs\":[\"https:\/\/dypall.com\"],\"url\":\"https:\/\/dypall.com\/fr\/author\/dypall\/\"}]}<\/script>\n<!-- \/ Yoast SEO plugin. -->","yoast_head_json":{"title":"Conference \u201cYouth work at local level for community empowerment\u201d - DYPALL Network","robots":{"index":"index","follow":"follow","max-snippet":"max-snippet:-1","max-image-preview":"max-image-preview:large","max-video-preview":"max-video-preview:-1"},"canonical":"https:\/\/dypall.com\/fr\/activity\/connect-empowerment-for-the-political-and-civic-participation-of-young-migrants\/","og_locale":"fr_FR","og_type":"article","og_title":"Conference \u201cYouth work at local level for community empowerment\u201d - DYPALL Network","og_description":"Conference \u201cYouth work at local level for community empowerment\u201d took place from 2nd &#8211; 6th May 2018 in Lisbon, Portugal. It brought together youth workers and activists from Sweden, Finland, Spain, Portugal, Greece, Cape Verde, Guine-Bissau, Mozambique and Sao Tome and Principe for the final event of a long-term project \u201cCONNECT: Empowerment for the political&hellip; Poursuivre la lecture Conference \u201cYouth work at local level for community empowerment\u201d","og_url":"https:\/\/dypall.com\/fr\/activity\/connect-empowerment-for-the-political-and-civic-participation-of-young-migrants\/","og_site_name":"DYPALL Network","article_published_time":"2018-05-10T11:44:29+00:00","author":"DYPALL Network","twitter_card":"summary_large_image","twitter_misc":{"Written by":"DYPALL Network","Est. reading time":"1 minute"},"schema":{"@context":"https:\/\/schema.org","@graph":[{"@type":"WebPage","@id":"https:\/\/dypall.com\/activity\/connect-empowerment-for-the-political-and-civic-participation-of-young-migrants\/","url":"https:\/\/dypall.com\/activity\/connect-empowerment-for-the-political-and-civic-participation-of-young-migrants\/","name":"Conference \u201cYouth work at local level for community empowerment\u201d - DYPALL Network","isPartOf":{"@id":"https:\/\/dypall.com\/#website"},"primaryImageOfPage":{"@id":"https:\/\/dypall.com\/activity\/connect-empowerment-for-the-political-and-civic-participation-of-young-migrants\/#primaryimage"},"image":{"@id":"https:\/\/dypall.com\/activity\/connect-empowerment-for-the-political-and-civic-participation-of-young-migrants\/#primaryimage"},"thumbnailUrl":"","datePublished":"2018-05-10T11:44:29+00:00","dateModified":"2018-05-10T11:44:29+00:00","author":{"@id":"https:\/\/dypall.com\/#\/schema\/person\/f92e08aa15c8ba711a9d153129f03377"},"breadcrumb":{"@id":"https:\/\/dypall.com\/activity\/connect-empowerment-for-the-political-and-civic-participation-of-young-migrants\/#breadcrumb"},"inLanguage":"fr-FR","potentialAction":[{"@type":"ReadAction","target":["https:\/\/dypall.com\/activity\/connect-empowerment-for-the-political-and-civic-participation-of-young-migrants\/"]}]},{"@type":"ImageObject","inLanguage":"fr-FR","@id":"https:\/\/dypall.com\/activity\/connect-empowerment-for-the-political-and-civic-participation-of-young-migrants\/#primaryimage","url":"","contentUrl":""},{"@type":"BreadcrumbList","@id":"https:\/\/dypall.com\/activity\/connect-empowerment-for-the-political-and-civic-participation-of-young-migrants\/#breadcrumb","itemListElement":[{"@type":"ListItem","position":1,"name":"Home","item":"https:\/\/dypall.com\/"},{"@type":"ListItem","position":2,"name":"Conference \u201cYouth work at local level for community empowerment\u201d"}]},{"@type":"WebSite","@id":"https:\/\/dypall.com\/#website","url":"https:\/\/dypall.com\/","name":"DYPALL Network","description":"We are a European network of civil society organisations, municipalities and research institutions dedicated to improving democracy through youth participation.","potentialAction":[{"@type":"SearchAction","target":{"@type":"EntryPoint","urlTemplate":"https:\/\/dypall.com\/?s={search_term_string}"},"query-input":"required name=search_term_string"}],"inLanguage":"fr-FR"},{"@type":"Person","@id":"https:\/\/dypall.com\/#\/schema\/person\/f92e08aa15c8ba711a9d153129f03377","name":"DYPALL Network","image":{"@type":"ImageObject","inLanguage":"fr-FR","@id":"https:\/\/dypall.com\/#\/schema\/person\/image\/","url":"https:\/\/secure.gravatar.com\/avatar\/9c39e299279800c6d69c5e02cf613e7bab060889f373052a03d7ac399e8f0d3c?s=96&d=mm&r=g","contentUrl":"https:\/\/secure.gravatar.com\/avatar\/9c39e299279800c6d69c5e02cf613e7bab060889f373052a03d7ac399e8f0d3c?s=96&d=mm&r=g","caption":"DYPALL Network"},"sameAs":["https:\/\/dypall.com"],"url":"https:\/\/dypall.com\/fr\/author\/dypall\/"}]}},"jetpack_featured_media_url":"","jetpack_sharing_enabled":true,"_links":{"self":[{"href":"https:\/\/dypall.com\/fr\/wp-json\/wp\/v2\/posts\/2972","targetHints":{"allow":["GET"]}}],"collection":[{"href":"https:\/\/dypall.com\/fr\/wp-json\/wp\/v2\/posts"}],"about":[{"href":"https:\/\/dypall.com\/fr\/wp-json\/wp\/v2\/types\/post"}],"author":[{"embeddable":true,"href":"https:\/\/dypall.com\/fr\/wp-json\/wp\/v2\/users\/1"}],"replies":[{"embeddable":true,"href":"https:\/\/dypall.com\/fr\/wp-json\/wp\/v2\/comments?post=2972"}],"version-history":[{"count":0,"href":"https:\/\/dypall.com\/fr\/wp-json\/wp\/v2\/posts\/2972\/revisions"}],"wp:featuredmedia":[{"embeddable":true,"href":"https:\/\/dypall.com\/fr\/wp-json\/"}],"wp:attachment":[{"href":"https:\/\/dypall.com\/fr\/wp-json\/wp\/v2\/media?parent=2972"}],"wp:term":[{"taxonomy":"category","embeddable":true,"href":"https:\/\/dypall.com\/fr\/wp-json\/wp\/v2\/categories?post=2972"},{"taxonomy":"post_tag","embeddable":true,"href":"https:\/\/dypall.com\/fr\/wp-json\/wp\/v2\/tags?post=2972"}],"curies":[{"name":"wp","href":"https:\/\/api.w.org\/{rel}","templated":true}]}}