{"id":2823,"date":"2018-04-24T14:07:40","date_gmt":"2018-04-24T12:07:40","guid":{"rendered":"http:\/\/dypall.com\/?p=2823"},"modified":"2018-04-24T14:07:40","modified_gmt":"2018-04-24T12:07:40","slug":"seminar-models-of-youth-participation-at-the-local-level-in-europe","status":"publish","type":"post","link":"https:\/\/dypall.com\/fr\/activity\/seminar-models-of-youth-participation-at-the-local-level-in-europe\/","title":{"rendered":"S\u00e9minaire \u00abMod\u00e8les de participation des jeunes au niveau local en Europe\u00bb"},"content":{"rendered":"<p>Un s\u00e9minaire intitul\u00e9 \u00abMod\u00e8les de participation des jeunes au niveau local en Europe\u00bb a \u00e9t\u00e9 organis\u00e9 le 19 avril 2018 \u00e0 Set\u00fabal, au Portugal. Diverses pratiques int\u00e9ressantes d'implication des jeunes dans les processus d\u00e9cisionnels au niveau local en Belgique, au Portugal, en Pologne, en Espagne, en Italie, en Mac\u00e9doine, en Roumanie et en Slov\u00e9nie ont \u00e9t\u00e9 pr\u00e9sent\u00e9es. Plus de 30 participants d'organisations de la soci\u00e9t\u00e9 civile et de municipalit\u00e9s de toute l'Europe ont discut\u00e9 des d\u00e9fis de la participation des jeunes aux processus d\u00e9cisionnels et ont partag\u00e9 les meilleures pratiques. Le s\u00e9minaire a contribu\u00e9 \u00e0 faire prendre conscience que la participation \u00e0 la construction de l'autonomie et du sens de la citoyennet\u00e9 de la jeunesse est essentielle pour cr\u00e9er des soci\u00e9t\u00e9s europ\u00e9ennes fond\u00e9es sur les valeurs d\u00e9mocratiques et la participation active de ses citoyens.<\/p>\n<p>Il s\u2019agissait de la premi\u00e8re activit\u00e9 du projet \u00abYouth participation matters\u00bb, un projet \u00e0 long terme organis\u00e9 par le r\u00e9seau DYPALL et ses partenaires. <span style=\"color: #000080;\"><a style=\"color: #000080;\" href=\"http:\/\/www.arsprogress.eu\/\">ARS pour le progr\u00e8s des personnes<\/a><\/span> (Belgique), <span style=\"color: #000080;\"><a style=\"color: #000080;\" href=\"http:\/\/cid.mk\/\">CID<\/a><\/span> (Mac\u00e9doine), <span style=\"color: #000080;\"><a style=\"color: #000080;\" href=\"http:\/\/www.europe4youth.eu\/\">Europe4Youth<\/a><\/span> (Pologne) et <span style=\"color: #000080;\"><a style=\"color: #000080;\" href=\"http:\/\/www.consiglio.regione.campania.it\/forumgiovani\">RFA Campanie<\/a><\/span> (Italie) dans le cadre d'Erasmus + Action cl\u00e9 2: Coop\u00e9ration pour l'innovation et l'\u00e9change de bonnes pratiques. Elle a \u00e9t\u00e9 suivie de la premi\u00e8re r\u00e9union des partenaires du consortium du projet et d\u2019une visite d\u2019\u00e9tude au Centre pour la citoyennet\u00e9 active.<\/p>\n<p>Outre le s\u00e9minaire, le projet comprendra un cours de formation, une conf\u00e9rence et un <span style=\"color: #000080;\"><a style=\"color: #000080;\" href=\"http:\/\/dypall.com\/fr\/2017\/11\/25\/survey-on-models-of-youth-participation-in-decision-making-processes-in-the-local-government\/\">\u00c9tude <\/a><\/span>sur les mod\u00e8les, instruments et bonnes pratiques de participation des jeunes au niveau national men\u00e9s par chacune des organisations partenaires dans leurs pays respectifs.<\/p>\n<p>Le s\u00e9minaire a \u00e9t\u00e9 organis\u00e9 avec le soutien financier du programme Erasmus + en partenariat avec l'IPDJ (Institut portugais du sport et de la jeunesse) avec le soutien de la municipalit\u00e9 de Set\u00fabal (Gabinete de Juventude Set\u00fabal).<\/p>\n<p><img decoding=\"async\" class=\"alignnone size-column211 wp-image-2839\" src=\"http:\/\/dypall.com\/wp-content\/uploads\/2018\/04\/DSC0249.jpg\" alt=\"\" \/><\/p>\n<p><img decoding=\"async\" class=\"alignnone size-column211 wp-image-2838\" src=\"http:\/\/dypall.com\/wp-content\/uploads\/2018\/04\/DSC0232.jpg\" alt=\"\" \/><\/p>\n<p><img decoding=\"async\" class=\"alignnone size-column211 wp-image-2836\" src=\"http:\/\/dypall.com\/wp-content\/uploads\/2018\/04\/DSC0181.jpg\" alt=\"\" \/><\/p>\n<p><img decoding=\"async\" class=\"alignnone size-column211 wp-image-2834\" src=\"http:\/\/dypall.com\/wp-content\/uploads\/2018\/04\/DSC0143.jpg\" alt=\"\" \/><\/p>\n<p><img decoding=\"async\" class=\"alignnone size-column211 wp-image-2833\" src=\"http:\/\/dypall.com\/wp-content\/uploads\/2018\/04\/DSC0141.jpg\" alt=\"\" \/><\/p>\n<p><img decoding=\"async\" class=\"alignnone size-column211 wp-image-2832\" src=\"http:\/\/dypall.com\/wp-content\/uploads\/2018\/04\/DSC0137.jpg\" alt=\"\" \/><\/p>\n<p><img decoding=\"async\" class=\"alignnone size-column211 wp-image-2831\" src=\"http:\/\/dypall.com\/wp-content\/uploads\/2018\/04\/DSC0093.jpg\" alt=\"\" \/><\/p>\n<p><img decoding=\"async\" class=\"alignnone size-column211 wp-image-2830\" src=\"http:\/\/dypall.com\/wp-content\/uploads\/2018\/04\/DSC0086.jpg\" alt=\"\" \/><\/p>\n<p><img decoding=\"async\" class=\"alignnone size-column211 wp-image-2829\" src=\"http:\/\/dypall.com\/wp-content\/uploads\/2018\/04\/DSC0082.jpg\" alt=\"\" \/><\/p>\n<p><img decoding=\"async\" class=\"alignnone size-column211 wp-image-2828\" src=\"http:\/\/dypall.com\/wp-content\/uploads\/2018\/04\/DSC0058.jpg\" alt=\"\" \/><\/p>\n<p><img decoding=\"async\" class=\"alignnone size-column211 wp-image-2827\" src=\"http:\/\/dypall.com\/wp-content\/uploads\/2018\/04\/DSC0030.jpg\" alt=\"\" \/><\/p>\n<p><img decoding=\"async\" class=\"alignnone size-column211 wp-image-2826\" src=\"http:\/\/dypall.com\/wp-content\/uploads\/2018\/04\/DSC0026.jpg\" alt=\"\" \/><\/p>\n<p><img decoding=\"async\" class=\"alignnone size-column211 wp-image-2825\" src=\"http:\/\/dypall.com\/wp-content\/uploads\/2018\/04\/DSC0008.jpg\" alt=\"\" \/><\/p>","protected":false},"excerpt":{"rendered":"<p>Un s\u00e9minaire intitul\u00e9 \u00abMod\u00e8les de participation des jeunes au niveau local en Europe\u00bb a \u00e9t\u00e9 organis\u00e9 le 19 avril 2018 \u00e0 Set\u00fabal, au Portugal. Diverses pratiques int\u00e9ressantes d'implication des jeunes dans les processus d\u00e9cisionnels au niveau local en Belgique, au Portugal, en Pologne, en Espagne, en Italie, en Mac\u00e9doine, en Roumanie et en Slov\u00e9nie ont \u00e9t\u00e9 pr\u00e9sent\u00e9es. Plus de 30 participants issus d'organisations de la soci\u00e9t\u00e9 civile et de municipalit\u00e9s... <a class=\"more-link\" href=\"https:\/\/dypall.com\/fr\/activity\/seminar-models-of-youth-participation-at-the-local-level-in-europe\/\">Poursuivre la lecture <span class=\"screen-reader-text\">S\u00e9minaire \u00abMod\u00e8les de participation des jeunes au niveau local en Europe\u00bb<\/span><\/a><\/p>","protected":false},"author":1,"featured_media":2844,"comment_status":"closed","ping_status":"open","sticky":false,"template":"","format":"standard","meta":{"_acf_changed":false,"_jetpack_memberships_contains_paid_content":false,"footnotes":""},"categories":[111,112],"tags":[113,115],"class_list":["post-2823","post","type-post","status-publish","format-standard","has-post-thumbnail","hentry","category-activity","category-conference","tag-conference","tag-seminar","entry"],"acf":[],"yoast_head":"<!-- This site is optimized with the Yoast SEO plugin v22.8 - https:\/\/yoast.com\/wordpress\/plugins\/seo\/ -->\n<title>Seminar &quot;Models of youth participation at the local level in Europe&quot; - DYPALL Network<\/title>\n<meta name=\"robots\" content=\"index, follow, max-snippet:-1, max-image-preview:large, max-video-preview:-1\" \/>\n<link rel=\"canonical\" href=\"https:\/\/dypall.com\/fr\/activity\/seminar-models-of-youth-participation-at-the-local-level-in-europe\/\" \/>\n<meta property=\"og:locale\" content=\"fr_FR\" \/>\n<meta property=\"og:type\" content=\"article\" \/>\n<meta property=\"og:title\" content=\"Seminar &quot;Models of youth participation at the local level in Europe&quot; - DYPALL Network\" \/>\n<meta property=\"og:description\" content=\"Seminar &#8220;Models of youth participation at the local level in Europe&#8221; was organised on 19th April 2018 in Set\u00fabal, Portugal. Various interesting practices of engaging youth in decision-making processes at the local level from Belgium, Portugal, Poland, Spain, Italy, Macedonia, Romania, and Slovenia were presented. More than 30 participants from civil society organisations and municipalities&hellip; Poursuivre la lecture Seminar &#8220;Models of youth participation at the local level in Europe&#8221;\" \/>\n<meta property=\"og:url\" content=\"https:\/\/dypall.com\/fr\/activity\/seminar-models-of-youth-participation-at-the-local-level-in-europe\/\" \/>\n<meta property=\"og:site_name\" content=\"DYPALL Network\" \/>\n<meta property=\"article:published_time\" content=\"2018-04-24T12:07:40+00:00\" \/>\n<meta name=\"author\" content=\"DYPALL Network\" \/>\n<meta name=\"twitter:card\" content=\"summary_large_image\" \/>\n<meta name=\"twitter:label1\" content=\"Written by\" \/>\n\t<meta name=\"twitter:data1\" content=\"DYPALL Network\" \/>\n\t<meta name=\"twitter:label2\" content=\"Est. reading time\" \/>\n\t<meta name=\"twitter:data2\" content=\"1 minute\" \/>\n<script type=\"application\/ld+json\" class=\"yoast-schema-graph\">{\"@context\":\"https:\/\/schema.org\",\"@graph\":[{\"@type\":\"WebPage\",\"@id\":\"https:\/\/dypall.com\/activity\/seminar-models-of-youth-participation-at-the-local-level-in-europe\/\",\"url\":\"https:\/\/dypall.com\/activity\/seminar-models-of-youth-participation-at-the-local-level-in-europe\/\",\"name\":\"Seminar \\\"Models of youth participation at the local level in Europe\\\" - DYPALL Network\",\"isPartOf\":{\"@id\":\"https:\/\/dypall.com\/#website\"},\"primaryImageOfPage\":{\"@id\":\"https:\/\/dypall.com\/activity\/seminar-models-of-youth-participation-at-the-local-level-in-europe\/#primaryimage\"},\"image\":{\"@id\":\"https:\/\/dypall.com\/activity\/seminar-models-of-youth-participation-at-the-local-level-in-europe\/#primaryimage\"},\"thumbnailUrl\":\"\",\"datePublished\":\"2018-04-24T12:07:40+00:00\",\"dateModified\":\"2018-04-24T12:07:40+00:00\",\"author\":{\"@id\":\"https:\/\/dypall.com\/#\/schema\/person\/f92e08aa15c8ba711a9d153129f03377\"},\"breadcrumb\":{\"@id\":\"https:\/\/dypall.com\/activity\/seminar-models-of-youth-participation-at-the-local-level-in-europe\/#breadcrumb\"},\"inLanguage\":\"fr-FR\",\"potentialAction\":[{\"@type\":\"ReadAction\",\"target\":[\"https:\/\/dypall.com\/activity\/seminar-models-of-youth-participation-at-the-local-level-in-europe\/\"]}]},{\"@type\":\"ImageObject\",\"inLanguage\":\"fr-FR\",\"@id\":\"https:\/\/dypall.com\/activity\/seminar-models-of-youth-participation-at-the-local-level-in-europe\/#primaryimage\",\"url\":\"\",\"contentUrl\":\"\"},{\"@type\":\"BreadcrumbList\",\"@id\":\"https:\/\/dypall.com\/activity\/seminar-models-of-youth-participation-at-the-local-level-in-europe\/#breadcrumb\",\"itemListElement\":[{\"@type\":\"ListItem\",\"position\":1,\"name\":\"Home\",\"item\":\"https:\/\/dypall.com\/\"},{\"@type\":\"ListItem\",\"position\":2,\"name\":\"Seminar &#8220;Models of youth participation at the local level in Europe&#8221;\"}]},{\"@type\":\"WebSite\",\"@id\":\"https:\/\/dypall.com\/#website\",\"url\":\"https:\/\/dypall.com\/\",\"name\":\"DYPALL Network\",\"description\":\"We are a European network of civil society organisations, municipalities and research institutions dedicated to improving democracy through youth participation.\",\"potentialAction\":[{\"@type\":\"SearchAction\",\"target\":{\"@type\":\"EntryPoint\",\"urlTemplate\":\"https:\/\/dypall.com\/?s={search_term_string}\"},\"query-input\":\"required name=search_term_string\"}],\"inLanguage\":\"fr-FR\"},{\"@type\":\"Person\",\"@id\":\"https:\/\/dypall.com\/#\/schema\/person\/f92e08aa15c8ba711a9d153129f03377\",\"name\":\"DYPALL Network\",\"image\":{\"@type\":\"ImageObject\",\"inLanguage\":\"fr-FR\",\"@id\":\"https:\/\/dypall.com\/#\/schema\/person\/image\/\",\"url\":\"https:\/\/secure.gravatar.com\/avatar\/9c39e299279800c6d69c5e02cf613e7bab060889f373052a03d7ac399e8f0d3c?s=96&d=mm&r=g\",\"contentUrl\":\"https:\/\/secure.gravatar.com\/avatar\/9c39e299279800c6d69c5e02cf613e7bab060889f373052a03d7ac399e8f0d3c?s=96&d=mm&r=g\",\"caption\":\"DYPALL Network\"},\"sameAs\":[\"https:\/\/dypall.com\"],\"url\":\"https:\/\/dypall.com\/fr\/author\/dypall\/\"}]}<\/script>\n<!-- \/ Yoast SEO plugin. -->","yoast_head_json":{"title":"Seminar \"Models of youth participation at the local level in Europe\" - DYPALL Network","robots":{"index":"index","follow":"follow","max-snippet":"max-snippet:-1","max-image-preview":"max-image-preview:large","max-video-preview":"max-video-preview:-1"},"canonical":"https:\/\/dypall.com\/fr\/activity\/seminar-models-of-youth-participation-at-the-local-level-in-europe\/","og_locale":"fr_FR","og_type":"article","og_title":"Seminar \"Models of youth participation at the local level in Europe\" - DYPALL Network","og_description":"Seminar &#8220;Models of youth participation at the local level in Europe&#8221; was organised on 19th April 2018 in Set\u00fabal, Portugal. Various interesting practices of engaging youth in decision-making processes at the local level from Belgium, Portugal, Poland, Spain, Italy, Macedonia, Romania, and Slovenia were presented. More than 30 participants from civil society organisations and municipalities&hellip; Poursuivre la lecture Seminar &#8220;Models of youth participation at the local level in Europe&#8221;","og_url":"https:\/\/dypall.com\/fr\/activity\/seminar-models-of-youth-participation-at-the-local-level-in-europe\/","og_site_name":"DYPALL Network","article_published_time":"2018-04-24T12:07:40+00:00","author":"DYPALL Network","twitter_card":"summary_large_image","twitter_misc":{"Written by":"DYPALL Network","Est. reading time":"1 minute"},"schema":{"@context":"https:\/\/schema.org","@graph":[{"@type":"WebPage","@id":"https:\/\/dypall.com\/activity\/seminar-models-of-youth-participation-at-the-local-level-in-europe\/","url":"https:\/\/dypall.com\/activity\/seminar-models-of-youth-participation-at-the-local-level-in-europe\/","name":"Seminar \"Models of youth participation at the local level in Europe\" - DYPALL Network","isPartOf":{"@id":"https:\/\/dypall.com\/#website"},"primaryImageOfPage":{"@id":"https:\/\/dypall.com\/activity\/seminar-models-of-youth-participation-at-the-local-level-in-europe\/#primaryimage"},"image":{"@id":"https:\/\/dypall.com\/activity\/seminar-models-of-youth-participation-at-the-local-level-in-europe\/#primaryimage"},"thumbnailUrl":"","datePublished":"2018-04-24T12:07:40+00:00","dateModified":"2018-04-24T12:07:40+00:00","author":{"@id":"https:\/\/dypall.com\/#\/schema\/person\/f92e08aa15c8ba711a9d153129f03377"},"breadcrumb":{"@id":"https:\/\/dypall.com\/activity\/seminar-models-of-youth-participation-at-the-local-level-in-europe\/#breadcrumb"},"inLanguage":"fr-FR","potentialAction":[{"@type":"ReadAction","target":["https:\/\/dypall.com\/activity\/seminar-models-of-youth-participation-at-the-local-level-in-europe\/"]}]},{"@type":"ImageObject","inLanguage":"fr-FR","@id":"https:\/\/dypall.com\/activity\/seminar-models-of-youth-participation-at-the-local-level-in-europe\/#primaryimage","url":"","contentUrl":""},{"@type":"BreadcrumbList","@id":"https:\/\/dypall.com\/activity\/seminar-models-of-youth-participation-at-the-local-level-in-europe\/#breadcrumb","itemListElement":[{"@type":"ListItem","position":1,"name":"Home","item":"https:\/\/dypall.com\/"},{"@type":"ListItem","position":2,"name":"Seminar &#8220;Models of youth participation at the local level in Europe&#8221;"}]},{"@type":"WebSite","@id":"https:\/\/dypall.com\/#website","url":"https:\/\/dypall.com\/","name":"DYPALL Network","description":"We are a European network of civil society organisations, municipalities and research institutions dedicated to improving democracy through youth participation.","potentialAction":[{"@type":"SearchAction","target":{"@type":"EntryPoint","urlTemplate":"https:\/\/dypall.com\/?s={search_term_string}"},"query-input":"required name=search_term_string"}],"inLanguage":"fr-FR"},{"@type":"Person","@id":"https:\/\/dypall.com\/#\/schema\/person\/f92e08aa15c8ba711a9d153129f03377","name":"DYPALL Network","image":{"@type":"ImageObject","inLanguage":"fr-FR","@id":"https:\/\/dypall.com\/#\/schema\/person\/image\/","url":"https:\/\/secure.gravatar.com\/avatar\/9c39e299279800c6d69c5e02cf613e7bab060889f373052a03d7ac399e8f0d3c?s=96&d=mm&r=g","contentUrl":"https:\/\/secure.gravatar.com\/avatar\/9c39e299279800c6d69c5e02cf613e7bab060889f373052a03d7ac399e8f0d3c?s=96&d=mm&r=g","caption":"DYPALL Network"},"sameAs":["https:\/\/dypall.com"],"url":"https:\/\/dypall.com\/fr\/author\/dypall\/"}]}},"jetpack_featured_media_url":"","jetpack_sharing_enabled":true,"_links":{"self":[{"href":"https:\/\/dypall.com\/fr\/wp-json\/wp\/v2\/posts\/2823","targetHints":{"allow":["GET"]}}],"collection":[{"href":"https:\/\/dypall.com\/fr\/wp-json\/wp\/v2\/posts"}],"about":[{"href":"https:\/\/dypall.com\/fr\/wp-json\/wp\/v2\/types\/post"}],"author":[{"embeddable":true,"href":"https:\/\/dypall.com\/fr\/wp-json\/wp\/v2\/users\/1"}],"replies":[{"embeddable":true,"href":"https:\/\/dypall.com\/fr\/wp-json\/wp\/v2\/comments?post=2823"}],"version-history":[{"count":0,"href":"https:\/\/dypall.com\/fr\/wp-json\/wp\/v2\/posts\/2823\/revisions"}],"wp:featuredmedia":[{"embeddable":true,"href":"https:\/\/dypall.com\/fr\/wp-json\/"}],"wp:attachment":[{"href":"https:\/\/dypall.com\/fr\/wp-json\/wp\/v2\/media?parent=2823"}],"wp:term":[{"taxonomy":"category","embeddable":true,"href":"https:\/\/dypall.com\/fr\/wp-json\/wp\/v2\/categories?post=2823"},{"taxonomy":"post_tag","embeddable":true,"href":"https:\/\/dypall.com\/fr\/wp-json\/wp\/v2\/tags?post=2823"}],"curies":[{"name":"wp","href":"https:\/\/api.w.org\/{rel}","templated":true}]}}