{"id":2791,"date":"2018-01-23T14:35:44","date_gmt":"2018-01-23T13:35:44","guid":{"rendered":"http:\/\/dypall.com\/?p=2791"},"modified":"2018-01-23T14:35:44","modified_gmt":"2018-01-23T13:35:44","slug":"yp-rural-study-visit-to-fundao","status":"publish","type":"post","link":"https:\/\/dypall.com\/fr\/activity\/yp-rural-study-visit-to-fundao\/","title":{"rendered":"PJ Rural \u2013 Visite d\u2019\u00e9tude \u00e0 Fund\u00e3o"},"content":{"rendered":"<p>La deuxi\u00e8me phase du projet \u00abParticipation des jeunes dans les zones rurales\u00bb s\u2019est d\u00e9roul\u00e9e du 16 au 19 janvier 2018 \u00e0 Fund\u00e3o (Portugal).<\/p>\n<p>La visite d\u2019\u00e9tude a r\u00e9uni des repr\u00e9sentants de municipalit\u00e9s et d\u2019organisations de la soci\u00e9t\u00e9 civile de Lettonie, de Mac\u00e9doine, du Danemark, d\u2019Italie et du Portugal afin de discuter des d\u00e9fis et des solutions pour associer les jeunes aux processus d\u00e9cisionnels au niveau local dans les zones rurales et \u00e0 faible densit\u00e9.\u00a0Apr\u00e8s la premi\u00e8re phase \u00e0 Egedal (Danemark), o\u00f9 nous avons eu la chance de voir de bonnes pratiques de projets dirig\u00e9s par des jeunes, nous avons maintenant explor\u00e9 des exemples r\u00e9ussis de participation des jeunes aux processus d\u00e9cisionnels dans la communaut\u00e9 locale de Fund\u00e3o.<\/p>\n<p>Les participants ont eu la chance de visiter des projets int\u00e9ressants tels que<span style=\"color: #0000ff;\"> <a style=\"color: #0000ff;\" href=\"https:\/\/www.facebook.com\/Matriz-E6G-433606886707724\/\">MATRIZ E6G<\/a>,\u00a0\u00a0<a class=\"profileLink\" style=\"color: #0000ff;\" href=\"https:\/\/www.facebook.com\/FabLabAldeiasDoXisto\/?fref=mentions\" data-hovercard=\"\/ajax\/hovercard\/page.php?id=582767005088911&amp;extragetparams=%7B%22fref%22%3A%22mentions%22%7D\" data-hovercard-prefer-more-content-show=\"1\">Fab Lab Aldeias do Xisto<\/a>,\u00a0<a class=\"profileLink\" style=\"color: #0000ff;\" href=\"https:\/\/www.facebook.com\/academiadecodigo\/?fref=mentions\" data-hovercard=\"\/ajax\/hovercard\/page.php?id=506864782783937&amp;extragetparams=%7B%22fref%22%3A%22mentions%22%7D\" data-hovercard-prefer-more-content-show=\"1\">Academia de C\u00f3digo<\/a>,<\/span>\u00a0 \u00c9cole professionnelle de Fund\u00e3o, et de se familiariser avec les travaux de la municipalit\u00e9 sur les questions relatives \u00e0 la jeunesse, en particulier en ce qui concerne le conseil local de la jeunesse et le budget participatif de la jeunesse.<\/p>\n<p>La visite d'\u00e9tude s'est termin\u00e9e par de nombreuses id\u00e9es de projets sur la mani\u00e8re d'am\u00e9liorer la participation des jeunes aux processus d\u00e9cisionnels dans les zones rurales et sur la mani\u00e8re de coop\u00e9rer sur cette question au sein du r\u00e9seau DYPALL.<\/p>\n<p>La visite d'\u00e9tude a \u00e9t\u00e9 organis\u00e9e par DYPALL, Ung Egedal et la municipalit\u00e9 de Fund\u00e3o avec le soutien du programme Erasmus +.<\/p>\n<p><img loading=\"lazy\" decoding=\"async\" class=\"alignnone size-full wp-image-2792\" src=\"http:\/\/dypall.com\/wp-content\/uploads\/2018\/01\/IMG_0796.jpg\" alt=\"\" width=\"1920\" height=\"1080\" \/><\/p>\n<p><img loading=\"lazy\" decoding=\"async\" class=\"alignnone size-column211 wp-image-2793\" src=\"http:\/\/dypall.com\/wp-content\/uploads\/2018\/01\/IMG_0867.jpg\" alt=\"\" width=\"1423\" height=\"950\" \/><\/p>\n<p><img loading=\"lazy\" decoding=\"async\" class=\"alignnone size-column211 wp-image-2794\" src=\"http:\/\/dypall.com\/wp-content\/uploads\/2018\/01\/IMG_0872.jpg\" alt=\"\" width=\"1920\" height=\"1080\" \/><\/p>\n<p><img loading=\"lazy\" decoding=\"async\" class=\"alignnone size-column211 wp-image-2795\" src=\"http:\/\/dypall.com\/wp-content\/uploads\/2018\/01\/IMG_0889.jpg\" alt=\"\" width=\"1920\" height=\"1080\" \/><\/p>\n<p><img loading=\"lazy\" decoding=\"async\" class=\"alignnone size-column211 wp-image-2796\" src=\"http:\/\/dypall.com\/wp-content\/uploads\/2018\/01\/IMG_0926.jpg\" alt=\"\" width=\"1691\" height=\"1131\" \/><\/p>\n<p><img loading=\"lazy\" decoding=\"async\" class=\"alignnone size-column211 wp-image-2797\" src=\"http:\/\/dypall.com\/wp-content\/uploads\/2018\/01\/IMG_0934.jpg\" alt=\"\" width=\"1920\" height=\"1280\" \/><\/p>\n<p><img loading=\"lazy\" decoding=\"async\" class=\"alignnone size-column211 wp-image-2798\" src=\"http:\/\/dypall.com\/wp-content\/uploads\/2018\/01\/IMG_0938.jpg\" alt=\"\" width=\"1619\" height=\"1080\" \/><\/p>\n<p><img loading=\"lazy\" decoding=\"async\" class=\"alignnone size-column211 wp-image-2799\" src=\"http:\/\/dypall.com\/wp-content\/uploads\/2018\/01\/IMG_0950.jpg\" alt=\"\" width=\"1920\" height=\"1280\" \/><\/p>\n<p><img loading=\"lazy\" decoding=\"async\" class=\"alignnone size-column211 wp-image-2800\" src=\"http:\/\/dypall.com\/wp-content\/uploads\/2018\/01\/IMG_0967.jpg\" alt=\"\" width=\"1920\" height=\"1280\" \/><\/p>\n<p><img loading=\"lazy\" decoding=\"async\" class=\"alignnone size-column211 wp-image-2801\" src=\"http:\/\/dypall.com\/wp-content\/uploads\/2018\/01\/IMG_0970.jpg\" alt=\"\" width=\"1920\" height=\"1280\" \/><\/p>\n<p><img loading=\"lazy\" decoding=\"async\" class=\"alignnone size-column211 wp-image-2802\" src=\"http:\/\/dypall.com\/wp-content\/uploads\/2018\/01\/IMG_0985.jpg\" alt=\"\" width=\"1920\" height=\"1280\" \/><\/p>\n<p>&nbsp;<\/p>","protected":false},"excerpt":{"rendered":"<p>La deuxi\u00e8me phase du projet \u00abParticipation des jeunes dans les zones rurales\u00bb s\u2019est d\u00e9roul\u00e9e du 16 au 19 janvier 2018 \u00e0 Fund\u00e3o (Portugal). La visite d'\u00e9tude a r\u00e9uni des repr\u00e9sentants de municipalit\u00e9s et d'organisations de la soci\u00e9t\u00e9 civile de Lettonie, de Mac\u00e9doine, du Danemark, d'Italie et du Portugal pour discuter des d\u00e9fis et des solutions pour impliquer les jeunes dans les processus d\u00e9cisionnels au niveau local. <a class=\"more-link\" href=\"https:\/\/dypall.com\/fr\/activity\/yp-rural-study-visit-to-fundao\/\">Poursuivre la lecture <span class=\"screen-reader-text\">PJ Rural \u2013 Visite d\u2019\u00e9tude \u00e0 Fund\u00e3o<\/span><\/a><\/p>","protected":false},"author":1,"featured_media":2792,"comment_status":"closed","ping_status":"open","sticky":false,"template":"","format":"standard","meta":{"_acf_changed":false,"_jetpack_memberships_contains_paid_content":false,"footnotes":""},"categories":[111,152],"tags":[129],"class_list":["post-2791","post","type-post","status-publish","format-standard","has-post-thumbnail","hentry","category-activity","category-study-visits","tag-study-visit","entry"],"acf":[],"yoast_head":"<!-- This site is optimized with the Yoast SEO plugin v22.8 - https:\/\/yoast.com\/wordpress\/plugins\/seo\/ -->\n<title>YP Rural - Study visit to Fund\u00e3o - DYPALL Network<\/title>\n<meta name=\"robots\" content=\"index, follow, max-snippet:-1, max-image-preview:large, max-video-preview:-1\" \/>\n<link rel=\"canonical\" href=\"https:\/\/dypall.com\/fr\/activity\/yp-rural-study-visit-to-fundao\/\" \/>\n<meta property=\"og:locale\" content=\"fr_FR\" \/>\n<meta property=\"og:type\" content=\"article\" \/>\n<meta property=\"og:title\" content=\"YP Rural - Study visit to Fund\u00e3o - DYPALL Network\" \/>\n<meta property=\"og:description\" content=\"The second phase of &#8220;Youth participation in rural areas&#8221; project took place from 16th &#8211; 19th January 2018 in Fund\u00e3o (Portugal). The Study visit brought together representatives of municipalities and civil society organisation from Latvia, Macedonia, Denmark, Italy and Portugal to discuss challenges and solutions for engaging youth in decision-making processes at the local level&hellip; Poursuivre la lecture YP Rural &#8211; Study visit to Fund\u00e3o\" \/>\n<meta property=\"og:url\" content=\"https:\/\/dypall.com\/fr\/activity\/yp-rural-study-visit-to-fundao\/\" \/>\n<meta property=\"og:site_name\" content=\"DYPALL Network\" \/>\n<meta property=\"article:published_time\" content=\"2018-01-23T13:35:44+00:00\" \/>\n<meta name=\"author\" content=\"DYPALL Network\" \/>\n<meta name=\"twitter:card\" content=\"summary_large_image\" \/>\n<meta name=\"twitter:label1\" content=\"Written by\" \/>\n\t<meta name=\"twitter:data1\" content=\"DYPALL Network\" \/>\n\t<meta name=\"twitter:label2\" content=\"Est. reading time\" \/>\n\t<meta name=\"twitter:data2\" content=\"1 minute\" \/>\n<script type=\"application\/ld+json\" class=\"yoast-schema-graph\">{\"@context\":\"https:\/\/schema.org\",\"@graph\":[{\"@type\":\"WebPage\",\"@id\":\"https:\/\/dypall.com\/activity\/yp-rural-study-visit-to-fundao\/\",\"url\":\"https:\/\/dypall.com\/activity\/yp-rural-study-visit-to-fundao\/\",\"name\":\"YP Rural - Study visit to Fund\u00e3o - DYPALL Network\",\"isPartOf\":{\"@id\":\"https:\/\/dypall.com\/#website\"},\"primaryImageOfPage\":{\"@id\":\"https:\/\/dypall.com\/activity\/yp-rural-study-visit-to-fundao\/#primaryimage\"},\"image\":{\"@id\":\"https:\/\/dypall.com\/activity\/yp-rural-study-visit-to-fundao\/#primaryimage\"},\"thumbnailUrl\":\"\",\"datePublished\":\"2018-01-23T13:35:44+00:00\",\"dateModified\":\"2018-01-23T13:35:44+00:00\",\"author\":{\"@id\":\"https:\/\/dypall.com\/#\/schema\/person\/f92e08aa15c8ba711a9d153129f03377\"},\"breadcrumb\":{\"@id\":\"https:\/\/dypall.com\/activity\/yp-rural-study-visit-to-fundao\/#breadcrumb\"},\"inLanguage\":\"fr-FR\",\"potentialAction\":[{\"@type\":\"ReadAction\",\"target\":[\"https:\/\/dypall.com\/activity\/yp-rural-study-visit-to-fundao\/\"]}]},{\"@type\":\"ImageObject\",\"inLanguage\":\"fr-FR\",\"@id\":\"https:\/\/dypall.com\/activity\/yp-rural-study-visit-to-fundao\/#primaryimage\",\"url\":\"\",\"contentUrl\":\"\"},{\"@type\":\"BreadcrumbList\",\"@id\":\"https:\/\/dypall.com\/activity\/yp-rural-study-visit-to-fundao\/#breadcrumb\",\"itemListElement\":[{\"@type\":\"ListItem\",\"position\":1,\"name\":\"Home\",\"item\":\"https:\/\/dypall.com\/\"},{\"@type\":\"ListItem\",\"position\":2,\"name\":\"YP Rural &#8211; Study visit to Fund\u00e3o\"}]},{\"@type\":\"WebSite\",\"@id\":\"https:\/\/dypall.com\/#website\",\"url\":\"https:\/\/dypall.com\/\",\"name\":\"DYPALL Network\",\"description\":\"We are a European network of civil society organisations, municipalities and research institutions dedicated to improving democracy through youth participation.\",\"potentialAction\":[{\"@type\":\"SearchAction\",\"target\":{\"@type\":\"EntryPoint\",\"urlTemplate\":\"https:\/\/dypall.com\/?s={search_term_string}\"},\"query-input\":\"required name=search_term_string\"}],\"inLanguage\":\"fr-FR\"},{\"@type\":\"Person\",\"@id\":\"https:\/\/dypall.com\/#\/schema\/person\/f92e08aa15c8ba711a9d153129f03377\",\"name\":\"DYPALL Network\",\"image\":{\"@type\":\"ImageObject\",\"inLanguage\":\"fr-FR\",\"@id\":\"https:\/\/dypall.com\/#\/schema\/person\/image\/\",\"url\":\"https:\/\/secure.gravatar.com\/avatar\/9c39e299279800c6d69c5e02cf613e7bab060889f373052a03d7ac399e8f0d3c?s=96&d=mm&r=g\",\"contentUrl\":\"https:\/\/secure.gravatar.com\/avatar\/9c39e299279800c6d69c5e02cf613e7bab060889f373052a03d7ac399e8f0d3c?s=96&d=mm&r=g\",\"caption\":\"DYPALL Network\"},\"sameAs\":[\"https:\/\/dypall.com\"],\"url\":\"https:\/\/dypall.com\/fr\/author\/dypall\/\"}]}<\/script>\n<!-- \/ Yoast SEO plugin. -->","yoast_head_json":{"title":"YP Rural - Study visit to Fund\u00e3o - DYPALL Network","robots":{"index":"index","follow":"follow","max-snippet":"max-snippet:-1","max-image-preview":"max-image-preview:large","max-video-preview":"max-video-preview:-1"},"canonical":"https:\/\/dypall.com\/fr\/activity\/yp-rural-study-visit-to-fundao\/","og_locale":"fr_FR","og_type":"article","og_title":"YP Rural - Study visit to Fund\u00e3o - DYPALL Network","og_description":"The second phase of &#8220;Youth participation in rural areas&#8221; project took place from 16th &#8211; 19th January 2018 in Fund\u00e3o (Portugal). The Study visit brought together representatives of municipalities and civil society organisation from Latvia, Macedonia, Denmark, Italy and Portugal to discuss challenges and solutions for engaging youth in decision-making processes at the local level&hellip; Poursuivre la lecture YP Rural &#8211; Study visit to Fund\u00e3o","og_url":"https:\/\/dypall.com\/fr\/activity\/yp-rural-study-visit-to-fundao\/","og_site_name":"DYPALL Network","article_published_time":"2018-01-23T13:35:44+00:00","author":"DYPALL Network","twitter_card":"summary_large_image","twitter_misc":{"Written by":"DYPALL Network","Est. reading time":"1 minute"},"schema":{"@context":"https:\/\/schema.org","@graph":[{"@type":"WebPage","@id":"https:\/\/dypall.com\/activity\/yp-rural-study-visit-to-fundao\/","url":"https:\/\/dypall.com\/activity\/yp-rural-study-visit-to-fundao\/","name":"YP Rural - Study visit to Fund\u00e3o - DYPALL Network","isPartOf":{"@id":"https:\/\/dypall.com\/#website"},"primaryImageOfPage":{"@id":"https:\/\/dypall.com\/activity\/yp-rural-study-visit-to-fundao\/#primaryimage"},"image":{"@id":"https:\/\/dypall.com\/activity\/yp-rural-study-visit-to-fundao\/#primaryimage"},"thumbnailUrl":"","datePublished":"2018-01-23T13:35:44+00:00","dateModified":"2018-01-23T13:35:44+00:00","author":{"@id":"https:\/\/dypall.com\/#\/schema\/person\/f92e08aa15c8ba711a9d153129f03377"},"breadcrumb":{"@id":"https:\/\/dypall.com\/activity\/yp-rural-study-visit-to-fundao\/#breadcrumb"},"inLanguage":"fr-FR","potentialAction":[{"@type":"ReadAction","target":["https:\/\/dypall.com\/activity\/yp-rural-study-visit-to-fundao\/"]}]},{"@type":"ImageObject","inLanguage":"fr-FR","@id":"https:\/\/dypall.com\/activity\/yp-rural-study-visit-to-fundao\/#primaryimage","url":"","contentUrl":""},{"@type":"BreadcrumbList","@id":"https:\/\/dypall.com\/activity\/yp-rural-study-visit-to-fundao\/#breadcrumb","itemListElement":[{"@type":"ListItem","position":1,"name":"Home","item":"https:\/\/dypall.com\/"},{"@type":"ListItem","position":2,"name":"YP Rural &#8211; Study visit to Fund\u00e3o"}]},{"@type":"WebSite","@id":"https:\/\/dypall.com\/#website","url":"https:\/\/dypall.com\/","name":"DYPALL Network","description":"We are a European network of civil society organisations, municipalities and research institutions dedicated to improving democracy through youth participation.","potentialAction":[{"@type":"SearchAction","target":{"@type":"EntryPoint","urlTemplate":"https:\/\/dypall.com\/?s={search_term_string}"},"query-input":"required name=search_term_string"}],"inLanguage":"fr-FR"},{"@type":"Person","@id":"https:\/\/dypall.com\/#\/schema\/person\/f92e08aa15c8ba711a9d153129f03377","name":"DYPALL Network","image":{"@type":"ImageObject","inLanguage":"fr-FR","@id":"https:\/\/dypall.com\/#\/schema\/person\/image\/","url":"https:\/\/secure.gravatar.com\/avatar\/9c39e299279800c6d69c5e02cf613e7bab060889f373052a03d7ac399e8f0d3c?s=96&d=mm&r=g","contentUrl":"https:\/\/secure.gravatar.com\/avatar\/9c39e299279800c6d69c5e02cf613e7bab060889f373052a03d7ac399e8f0d3c?s=96&d=mm&r=g","caption":"DYPALL Network"},"sameAs":["https:\/\/dypall.com"],"url":"https:\/\/dypall.com\/fr\/author\/dypall\/"}]}},"jetpack_featured_media_url":"","jetpack_sharing_enabled":true,"_links":{"self":[{"href":"https:\/\/dypall.com\/fr\/wp-json\/wp\/v2\/posts\/2791","targetHints":{"allow":["GET"]}}],"collection":[{"href":"https:\/\/dypall.com\/fr\/wp-json\/wp\/v2\/posts"}],"about":[{"href":"https:\/\/dypall.com\/fr\/wp-json\/wp\/v2\/types\/post"}],"author":[{"embeddable":true,"href":"https:\/\/dypall.com\/fr\/wp-json\/wp\/v2\/users\/1"}],"replies":[{"embeddable":true,"href":"https:\/\/dypall.com\/fr\/wp-json\/wp\/v2\/comments?post=2791"}],"version-history":[{"count":0,"href":"https:\/\/dypall.com\/fr\/wp-json\/wp\/v2\/posts\/2791\/revisions"}],"wp:featuredmedia":[{"embeddable":true,"href":"https:\/\/dypall.com\/fr\/wp-json\/"}],"wp:attachment":[{"href":"https:\/\/dypall.com\/fr\/wp-json\/wp\/v2\/media?parent=2791"}],"wp:term":[{"taxonomy":"category","embeddable":true,"href":"https:\/\/dypall.com\/fr\/wp-json\/wp\/v2\/categories?post=2791"},{"taxonomy":"post_tag","embeddable":true,"href":"https:\/\/dypall.com\/fr\/wp-json\/wp\/v2\/tags?post=2791"}],"curies":[{"name":"wp","href":"https:\/\/api.w.org\/{rel}","templated":true}]}}