{"id":2706,"date":"2017-11-27T19:06:49","date_gmt":"2017-11-27T18:06:49","guid":{"rendered":"http:\/\/dypall.com\/?p=2706"},"modified":"2017-11-27T19:06:49","modified_gmt":"2017-11-27T18:06:49","slug":"an-overview-of-the-first-study-visit-of-the-project-boosting-youth-participation-at-local-level-november-2017-south-of-portugal","status":"publish","type":"post","link":"https:\/\/dypall.com\/fr\/activity\/an-overview-of-the-first-study-visit-of-the-project-boosting-youth-participation-at-local-level-november-2017-south-of-portugal\/","title":{"rendered":"Visite d\u2019\u00e9tude \u00abStimuler la participation des jeunes au niveau local\u00bb \u00e0 Portim\u00e3o"},"content":{"rendered":"<p>Du 13 au 18 novembre 2017, <strong>R\u00e9seau DYPALL<\/strong> en coop\u00e9ration avec <strong>Forum de la diaspora du Puntland<\/strong> et <strong>Commune de Portim\u00e3o<\/strong> a re\u00e7u un groupe de 26 repr\u00e9sentants d\u2019organisations travaillant sur des questions relatives \u00e0 la jeunesse et de municipalit\u00e9s, pour la visite d\u2019\u00e9tude intitul\u00e9e \u00abStimuler la participation des jeunes au niveau local\u00bb (Stimuler la participation des jeunes) \u00e0 Portim\u00e3o (Portugal). Ces participants venaient du Portugal, de Su\u00e8de, de Turquie, de Slovaquie, de Roumanie, de Hongrie, de Malte, des Pays-Bas et d'Italie, et la visite dans le sud du Portugal \u00e9tait la premi\u00e8re phase de mise en \u0153uvre de ce projet.<\/p>\n<p>Stimuler la jeunesse a \u00e9t\u00e9 cofinanc\u00e9 par le programme Erasmus+ par l\u2019interm\u00e9diaire de l\u2019Agence su\u00e9doise pour la jeunesse et la soci\u00e9t\u00e9 civile et vise \u00e0 renforcer les programmes existants sur la participation des jeunes dans des zones g\u00e9ographiquement isol\u00e9es, \u00e0 partager les pratiques et \u00e0 rapprocher les organisations de la soci\u00e9t\u00e9 civile des pouvoirs publics et des institutions.<\/p>\n<p>Le projet a rapproch\u00e9 les participants des processus de prise de d\u00e9cision au niveau local et au niveau local et a contribu\u00e9 \u00e0 am\u00e9liorer leur perception et leur engagement dans la d\u00e9mocratie repr\u00e9sentative et participative. \u00a0Un autre r\u00e9sultat a \u00e9t\u00e9 que les participants ont \u00e9galement travaill\u00e9 ensemble, structurant l'impact \u00e0 long terme dans leurs propres r\u00e9alit\u00e9s.<\/p>\n<p>Plus concr\u00e8tement, selon les mots de Mme Violeta Ciuciuc, chef de projet chez <strong>Commune de Dabuleni<\/strong> (Roumanie), exprimant \u00e0 la fois son avis et celui de M. \u0218tefan Zaria (vice-maire de la municipalit\u00e9):<\/p>\n<p><em>\u00abC\u2019\u00e9tait une semaine de travail intense au cours de laquelle nous avons appris la participation des jeunes et vu beaucoup de choses sur la fa\u00e7on dont certaines choses sont faites. C'\u00e9tait int\u00e9ressant pour moi, mais ce qui \u00e9tait plus surprenant pour le vice-maire, c'\u00e9tait les diff\u00e9rents degr\u00e9s d'implication d'autres personnes dans le travail politique. Il est venu avec un changement d'opinion sur la participation des jeunes, et (pas seulement de ce point de vue), comment c'est et peut \u00eatre une chose extraordinaire pour les jeunes Dabuleni.<\/em><\/p>\n<p><em>J\u2019esp\u00e8re que certaines des id\u00e9es que nous avions l\u00e0-bas se concr\u00e9tiseront et que les choses s\u2019am\u00e9lioreront pour la prochaine r\u00e9union.\u00bb<a href=\"http:\/\/dypall.com\/fr\/2017\/11\/27\/an-overview-of-the-first-study-visit-of-the-project-boosting-youth-participation-at-local-level-november-2017-south-of-portugal\/img_9492\/#main\" rel=\"attachment wp-att-2707\"><img loading=\"lazy\" decoding=\"async\" class=\"aligncenter wp-image-2707\" src=\"http:\/\/dypall.com\/wp-content\/uploads\/2017\/11\/IMG_9492.jpg\" alt=\"\" width=\"1920\" height=\"1280\" \/><\/a><\/em><\/p>\n<p><em> <a href=\"http:\/\/dypall.com\/fr\/2017\/11\/27\/an-overview-of-the-first-study-visit-of-the-project-boosting-youth-participation-at-local-level-november-2017-south-of-portugal\/img_8986\/#main\" rel=\"attachment wp-att-2708\"><img loading=\"lazy\" decoding=\"async\" class=\"aligncenter size-full wp-image-2708\" src=\"http:\/\/dypall.com\/wp-content\/uploads\/2017\/11\/IMG_8986.jpg\" alt=\"\" width=\"1920\" height=\"1280\" \/><\/a><\/em><\/p>\n<p><em> <a href=\"http:\/\/dypall.com\/fr\/2017\/11\/27\/an-overview-of-the-first-study-visit-of-the-project-boosting-youth-participation-at-local-level-november-2017-south-of-portugal\/23559668_2004203559595052_8086517710705140950_n\/#main\" rel=\"attachment wp-att-2709\"><img loading=\"lazy\" decoding=\"async\" class=\"aligncenter size-full wp-image-2709\" src=\"http:\/\/dypall.com\/wp-content\/uploads\/2017\/11\/23559668_2004203559595052_8086517710705140950_n.jpg\" alt=\"\" width=\"960\" height=\"717\" \/><\/a><\/em><\/p>\n<p><em> <a href=\"http:\/\/dypall.com\/fr\/2017\/11\/27\/an-overview-of-the-first-study-visit-of-the-project-boosting-youth-participation-at-local-level-november-2017-south-of-portugal\/23621662_2004204279594980_588875645577009014_n\/#main\" rel=\"attachment wp-att-2710\"><img loading=\"lazy\" decoding=\"async\" class=\"aligncenter size-full wp-image-2710\" src=\"http:\/\/dypall.com\/wp-content\/uploads\/2017\/11\/23621662_2004204279594980_588875645577009014_n.jpg\" alt=\"\" width=\"960\" height=\"717\" \/><\/a><\/em><\/p>\n<p><em> <a href=\"http:\/\/dypall.com\/fr\/2017\/11\/27\/an-overview-of-the-first-study-visit-of-the-project-boosting-youth-participation-at-local-level-november-2017-south-of-portugal\/23559809_2004203552928386_4188660648908589012_n\/#main\" rel=\"attachment wp-att-2712\"><img loading=\"lazy\" decoding=\"async\" class=\"aligncenter size-full wp-image-2712\" src=\"http:\/\/dypall.com\/wp-content\/uploads\/2017\/11\/23559809_2004203552928386_4188660648908589012_n.jpg\" alt=\"\" width=\"960\" height=\"717\" \/><\/a><\/em><\/p>\n<p><em><a href=\"http:\/\/dypall.com\/fr\/2017\/11\/27\/an-overview-of-the-first-study-visit-of-the-project-boosting-youth-participation-at-local-level-november-2017-south-of-portugal\/img_9221\/#main\" rel=\"attachment wp-att-2711\"><img loading=\"lazy\" decoding=\"async\" class=\"aligncenter size-full wp-image-2711\" src=\"http:\/\/dypall.com\/wp-content\/uploads\/2017\/11\/IMG_9221.jpg\" alt=\"\" width=\"1920\" height=\"1280\" \/><\/a><\/em><\/p>\n<p>&nbsp;<\/p>","protected":false},"excerpt":{"rendered":"<p>Du 13 au 18 novembre 2017, le r\u00e9seau DYPALL, en coop\u00e9ration avec le Puntland Diaspora Forum et la municipalit\u00e9 de Portim\u00e3o, a re\u00e7u un groupe de 26 repr\u00e9sentants d\u2019organisations travaillant sur des questions relatives \u00e0 la jeunesse et de municipalit\u00e9s, pour la visite d\u2019\u00e9tude intitul\u00e9e \u00abStimuler la participation des jeunes au niveau local\u00bb (Stimuler la participation des jeunes) \u00e0 Portim\u00e3o (Portugal). Ces participants venaient du Portugal, de Su\u00e8de, de Turquie, de Slovaquie,... <a class=\"more-link\" href=\"https:\/\/dypall.com\/fr\/activity\/an-overview-of-the-first-study-visit-of-the-project-boosting-youth-participation-at-local-level-november-2017-south-of-portugal\/\">Poursuivre la lecture <span class=\"screen-reader-text\">Visite d\u2019\u00e9tude \u00abStimuler la participation des jeunes au niveau local\u00bb \u00e0 Portim\u00e3o<\/span><\/a><\/p>","protected":false},"author":1,"featured_media":2714,"comment_status":"closed","ping_status":"open","sticky":false,"template":"","format":"standard","meta":{"_acf_changed":false,"_jetpack_memberships_contains_paid_content":false,"footnotes":""},"categories":[111,152],"tags":[129],"class_list":["post-2706","post","type-post","status-publish","format-standard","has-post-thumbnail","hentry","category-activity","category-study-visits","tag-study-visit","entry"],"acf":[],"yoast_head":"<!-- This site is optimized with the Yoast SEO plugin v22.8 - https:\/\/yoast.com\/wordpress\/plugins\/seo\/ -->\n<title>\u201cBoosting Youth Participation at Local Level\u201d Study visit to Portim\u00e3o - DYPALL Network<\/title>\n<meta name=\"robots\" content=\"index, follow, max-snippet:-1, max-image-preview:large, max-video-preview:-1\" \/>\n<link rel=\"canonical\" href=\"https:\/\/dypall.com\/fr\/activity\/an-overview-of-the-first-study-visit-of-the-project-boosting-youth-participation-at-local-level-november-2017-south-of-portugal\/\" \/>\n<meta property=\"og:locale\" content=\"fr_FR\" \/>\n<meta property=\"og:type\" content=\"article\" \/>\n<meta property=\"og:title\" content=\"\u201cBoosting Youth Participation at Local Level\u201d Study visit to Portim\u00e3o - DYPALL Network\" \/>\n<meta property=\"og:description\" content=\"From 13 to 18 November 2017, DYPALL Network in cooperation with Puntland Diaspora Forum and Portim\u00e3o Municipality received a group of 26 representatives from organizations working with youth relevant issues and municipalities, for the study visit \u201cBoosting Youth Participation at Local Level\u201d (Boosting YP) in Portim\u00e3o (Portugal). These participants were from Portugal, Sweden, Turkey, Slovakia,&hellip; Poursuivre la lecture \u201cBoosting Youth Participation at Local Level\u201d Study visit to Portim\u00e3o\" \/>\n<meta property=\"og:url\" content=\"https:\/\/dypall.com\/fr\/activity\/an-overview-of-the-first-study-visit-of-the-project-boosting-youth-participation-at-local-level-november-2017-south-of-portugal\/\" \/>\n<meta property=\"og:site_name\" content=\"DYPALL Network\" \/>\n<meta property=\"article:published_time\" content=\"2017-11-27T18:06:49+00:00\" \/>\n<meta name=\"author\" content=\"DYPALL Network\" \/>\n<meta name=\"twitter:card\" content=\"summary_large_image\" \/>\n<meta name=\"twitter:label1\" content=\"Written by\" \/>\n\t<meta name=\"twitter:data1\" content=\"DYPALL Network\" \/>\n\t<meta name=\"twitter:label2\" content=\"Est. reading time\" \/>\n\t<meta name=\"twitter:data2\" content=\"1 minute\" \/>\n<script type=\"application\/ld+json\" class=\"yoast-schema-graph\">{\"@context\":\"https:\/\/schema.org\",\"@graph\":[{\"@type\":\"WebPage\",\"@id\":\"https:\/\/dypall.com\/activity\/an-overview-of-the-first-study-visit-of-the-project-boosting-youth-participation-at-local-level-november-2017-south-of-portugal\/\",\"url\":\"https:\/\/dypall.com\/activity\/an-overview-of-the-first-study-visit-of-the-project-boosting-youth-participation-at-local-level-november-2017-south-of-portugal\/\",\"name\":\"\u201cBoosting Youth Participation at Local Level\u201d Study visit to Portim\u00e3o - DYPALL Network\",\"isPartOf\":{\"@id\":\"https:\/\/dypall.com\/#website\"},\"primaryImageOfPage\":{\"@id\":\"https:\/\/dypall.com\/activity\/an-overview-of-the-first-study-visit-of-the-project-boosting-youth-participation-at-local-level-november-2017-south-of-portugal\/#primaryimage\"},\"image\":{\"@id\":\"https:\/\/dypall.com\/activity\/an-overview-of-the-first-study-visit-of-the-project-boosting-youth-participation-at-local-level-november-2017-south-of-portugal\/#primaryimage\"},\"thumbnailUrl\":\"\",\"datePublished\":\"2017-11-27T18:06:49+00:00\",\"dateModified\":\"2017-11-27T18:06:49+00:00\",\"author\":{\"@id\":\"https:\/\/dypall.com\/#\/schema\/person\/f92e08aa15c8ba711a9d153129f03377\"},\"breadcrumb\":{\"@id\":\"https:\/\/dypall.com\/activity\/an-overview-of-the-first-study-visit-of-the-project-boosting-youth-participation-at-local-level-november-2017-south-of-portugal\/#breadcrumb\"},\"inLanguage\":\"fr-FR\",\"potentialAction\":[{\"@type\":\"ReadAction\",\"target\":[\"https:\/\/dypall.com\/activity\/an-overview-of-the-first-study-visit-of-the-project-boosting-youth-participation-at-local-level-november-2017-south-of-portugal\/\"]}]},{\"@type\":\"ImageObject\",\"inLanguage\":\"fr-FR\",\"@id\":\"https:\/\/dypall.com\/activity\/an-overview-of-the-first-study-visit-of-the-project-boosting-youth-participation-at-local-level-november-2017-south-of-portugal\/#primaryimage\",\"url\":\"\",\"contentUrl\":\"\"},{\"@type\":\"BreadcrumbList\",\"@id\":\"https:\/\/dypall.com\/activity\/an-overview-of-the-first-study-visit-of-the-project-boosting-youth-participation-at-local-level-november-2017-south-of-portugal\/#breadcrumb\",\"itemListElement\":[{\"@type\":\"ListItem\",\"position\":1,\"name\":\"Home\",\"item\":\"https:\/\/dypall.com\/\"},{\"@type\":\"ListItem\",\"position\":2,\"name\":\"\u201cBoosting Youth Participation at Local Level\u201d Study visit to Portim\u00e3o\"}]},{\"@type\":\"WebSite\",\"@id\":\"https:\/\/dypall.com\/#website\",\"url\":\"https:\/\/dypall.com\/\",\"name\":\"DYPALL Network\",\"description\":\"We are a European network of civil society organisations, municipalities and research institutions dedicated to improving democracy through youth participation.\",\"potentialAction\":[{\"@type\":\"SearchAction\",\"target\":{\"@type\":\"EntryPoint\",\"urlTemplate\":\"https:\/\/dypall.com\/?s={search_term_string}\"},\"query-input\":\"required name=search_term_string\"}],\"inLanguage\":\"fr-FR\"},{\"@type\":\"Person\",\"@id\":\"https:\/\/dypall.com\/#\/schema\/person\/f92e08aa15c8ba711a9d153129f03377\",\"name\":\"DYPALL Network\",\"image\":{\"@type\":\"ImageObject\",\"inLanguage\":\"fr-FR\",\"@id\":\"https:\/\/dypall.com\/#\/schema\/person\/image\/\",\"url\":\"https:\/\/secure.gravatar.com\/avatar\/9c39e299279800c6d69c5e02cf613e7bab060889f373052a03d7ac399e8f0d3c?s=96&d=mm&r=g\",\"contentUrl\":\"https:\/\/secure.gravatar.com\/avatar\/9c39e299279800c6d69c5e02cf613e7bab060889f373052a03d7ac399e8f0d3c?s=96&d=mm&r=g\",\"caption\":\"DYPALL Network\"},\"sameAs\":[\"https:\/\/dypall.com\"],\"url\":\"https:\/\/dypall.com\/fr\/author\/dypall\/\"}]}<\/script>\n<!-- \/ Yoast SEO plugin. -->","yoast_head_json":{"title":"\u201cBoosting Youth Participation at Local Level\u201d Study visit to Portim\u00e3o - DYPALL Network","robots":{"index":"index","follow":"follow","max-snippet":"max-snippet:-1","max-image-preview":"max-image-preview:large","max-video-preview":"max-video-preview:-1"},"canonical":"https:\/\/dypall.com\/fr\/activity\/an-overview-of-the-first-study-visit-of-the-project-boosting-youth-participation-at-local-level-november-2017-south-of-portugal\/","og_locale":"fr_FR","og_type":"article","og_title":"\u201cBoosting Youth Participation at Local Level\u201d Study visit to Portim\u00e3o - DYPALL Network","og_description":"From 13 to 18 November 2017, DYPALL Network in cooperation with Puntland Diaspora Forum and Portim\u00e3o Municipality received a group of 26 representatives from organizations working with youth relevant issues and municipalities, for the study visit \u201cBoosting Youth Participation at Local Level\u201d (Boosting YP) in Portim\u00e3o (Portugal). These participants were from Portugal, Sweden, Turkey, Slovakia,&hellip; Poursuivre la lecture \u201cBoosting Youth Participation at Local Level\u201d Study visit to Portim\u00e3o","og_url":"https:\/\/dypall.com\/fr\/activity\/an-overview-of-the-first-study-visit-of-the-project-boosting-youth-participation-at-local-level-november-2017-south-of-portugal\/","og_site_name":"DYPALL Network","article_published_time":"2017-11-27T18:06:49+00:00","author":"DYPALL Network","twitter_card":"summary_large_image","twitter_misc":{"Written by":"DYPALL Network","Est. reading time":"1 minute"},"schema":{"@context":"https:\/\/schema.org","@graph":[{"@type":"WebPage","@id":"https:\/\/dypall.com\/activity\/an-overview-of-the-first-study-visit-of-the-project-boosting-youth-participation-at-local-level-november-2017-south-of-portugal\/","url":"https:\/\/dypall.com\/activity\/an-overview-of-the-first-study-visit-of-the-project-boosting-youth-participation-at-local-level-november-2017-south-of-portugal\/","name":"\u201cBoosting Youth Participation at Local Level\u201d Study visit to Portim\u00e3o - DYPALL Network","isPartOf":{"@id":"https:\/\/dypall.com\/#website"},"primaryImageOfPage":{"@id":"https:\/\/dypall.com\/activity\/an-overview-of-the-first-study-visit-of-the-project-boosting-youth-participation-at-local-level-november-2017-south-of-portugal\/#primaryimage"},"image":{"@id":"https:\/\/dypall.com\/activity\/an-overview-of-the-first-study-visit-of-the-project-boosting-youth-participation-at-local-level-november-2017-south-of-portugal\/#primaryimage"},"thumbnailUrl":"","datePublished":"2017-11-27T18:06:49+00:00","dateModified":"2017-11-27T18:06:49+00:00","author":{"@id":"https:\/\/dypall.com\/#\/schema\/person\/f92e08aa15c8ba711a9d153129f03377"},"breadcrumb":{"@id":"https:\/\/dypall.com\/activity\/an-overview-of-the-first-study-visit-of-the-project-boosting-youth-participation-at-local-level-november-2017-south-of-portugal\/#breadcrumb"},"inLanguage":"fr-FR","potentialAction":[{"@type":"ReadAction","target":["https:\/\/dypall.com\/activity\/an-overview-of-the-first-study-visit-of-the-project-boosting-youth-participation-at-local-level-november-2017-south-of-portugal\/"]}]},{"@type":"ImageObject","inLanguage":"fr-FR","@id":"https:\/\/dypall.com\/activity\/an-overview-of-the-first-study-visit-of-the-project-boosting-youth-participation-at-local-level-november-2017-south-of-portugal\/#primaryimage","url":"","contentUrl":""},{"@type":"BreadcrumbList","@id":"https:\/\/dypall.com\/activity\/an-overview-of-the-first-study-visit-of-the-project-boosting-youth-participation-at-local-level-november-2017-south-of-portugal\/#breadcrumb","itemListElement":[{"@type":"ListItem","position":1,"name":"Home","item":"https:\/\/dypall.com\/"},{"@type":"ListItem","position":2,"name":"\u201cBoosting Youth Participation at Local Level\u201d Study visit to Portim\u00e3o"}]},{"@type":"WebSite","@id":"https:\/\/dypall.com\/#website","url":"https:\/\/dypall.com\/","name":"DYPALL Network","description":"We are a European network of civil society organisations, municipalities and research institutions dedicated to improving democracy through youth participation.","potentialAction":[{"@type":"SearchAction","target":{"@type":"EntryPoint","urlTemplate":"https:\/\/dypall.com\/?s={search_term_string}"},"query-input":"required name=search_term_string"}],"inLanguage":"fr-FR"},{"@type":"Person","@id":"https:\/\/dypall.com\/#\/schema\/person\/f92e08aa15c8ba711a9d153129f03377","name":"DYPALL Network","image":{"@type":"ImageObject","inLanguage":"fr-FR","@id":"https:\/\/dypall.com\/#\/schema\/person\/image\/","url":"https:\/\/secure.gravatar.com\/avatar\/9c39e299279800c6d69c5e02cf613e7bab060889f373052a03d7ac399e8f0d3c?s=96&d=mm&r=g","contentUrl":"https:\/\/secure.gravatar.com\/avatar\/9c39e299279800c6d69c5e02cf613e7bab060889f373052a03d7ac399e8f0d3c?s=96&d=mm&r=g","caption":"DYPALL Network"},"sameAs":["https:\/\/dypall.com"],"url":"https:\/\/dypall.com\/fr\/author\/dypall\/"}]}},"jetpack_featured_media_url":"","jetpack_sharing_enabled":true,"_links":{"self":[{"href":"https:\/\/dypall.com\/fr\/wp-json\/wp\/v2\/posts\/2706","targetHints":{"allow":["GET"]}}],"collection":[{"href":"https:\/\/dypall.com\/fr\/wp-json\/wp\/v2\/posts"}],"about":[{"href":"https:\/\/dypall.com\/fr\/wp-json\/wp\/v2\/types\/post"}],"author":[{"embeddable":true,"href":"https:\/\/dypall.com\/fr\/wp-json\/wp\/v2\/users\/1"}],"replies":[{"embeddable":true,"href":"https:\/\/dypall.com\/fr\/wp-json\/wp\/v2\/comments?post=2706"}],"version-history":[{"count":0,"href":"https:\/\/dypall.com\/fr\/wp-json\/wp\/v2\/posts\/2706\/revisions"}],"wp:featuredmedia":[{"embeddable":true,"href":"https:\/\/dypall.com\/fr\/wp-json\/"}],"wp:attachment":[{"href":"https:\/\/dypall.com\/fr\/wp-json\/wp\/v2\/media?parent=2706"}],"wp:term":[{"taxonomy":"category","embeddable":true,"href":"https:\/\/dypall.com\/fr\/wp-json\/wp\/v2\/categories?post=2706"},{"taxonomy":"post_tag","embeddable":true,"href":"https:\/\/dypall.com\/fr\/wp-json\/wp\/v2\/tags?post=2706"}],"curies":[{"name":"wp","href":"https:\/\/api.w.org\/{rel}","templated":true}]}}