{"id":2648,"date":"2017-09-20T17:03:41","date_gmt":"2017-09-20T15:03:41","guid":{"rendered":"http:\/\/dypall.com\/?p=2648"},"modified":"2017-09-20T17:03:41","modified_gmt":"2017-09-20T15:03:41","slug":"seed-social-entrepreneurship-and-educational-practices-for-young-people","status":"publish","type":"post","link":"https:\/\/dypall.com\/fr\/activity\/seed-social-entrepreneurship-and-educational-practices-for-young-people\/","title":{"rendered":"SE+ED : Entrepreneuriat social et pratiques \u00e9ducatives pour les jeunes"},"content":{"rendered":"<p>Sur le 11<sup>i\u00e8me<\/sup>\u00a0En septembre, \u00e0 l'Auditorium du Museu de Portim\u00e3o, le R\u00e9seau DYPALL, en partenariat avec la Municipalit\u00e9 de Portim\u00e3o et la Coop\u00e9rative ECOS, a accueilli le\u00a0<strong>Conf\u00e9rence internationale \u00abSE+ED \u2013 Entrepreneuriat social et pratiques \u00e9ducatives pour les jeunes\u00bb<\/strong>.<\/p>\n<p>Lors de cette r\u00e9union, les participants ont eu l'occasion d'en apprendre davantage sur l'importance de l'entrepreneuriat social dans l'\u00e9conomie moderne et sa pertinence particuli\u00e8re dans l'\u00e9conomie d'apr\u00e8s-crise. En outre, cette conf\u00e9rence a \u00e9t\u00e9 utilis\u00e9e comme une plate-forme pour partager les perspectives de l'entrepreneuriat social dans diff\u00e9rents pays. Il a \u00e9t\u00e9 discut\u00e9 et analys\u00e9 la perspective de d\u00e9veloppement et les d\u00e9fis auxquels cette forme d'entrepreneuriat est confront\u00e9e par l'interm\u00e9diaire des parties prenantes concern\u00e9es. Nous avons abord\u00e9 les questions de la collaboration entre le secteur des entreprises traditionnelles et le secteur des start-ups en pleine croissance, et comment ce lien peut \u00eatre am\u00e9lior\u00e9.<\/p>\n<p>Cette conf\u00e9rence \u00e9tait l'activit\u00e9 finale d'un projet d'un an du m\u00eame nom: <strong>SE+ED \u2013 Entrepreneuriat social et pratiques \u00e9ducatives pour les jeunes, <\/strong>soutenue par le <strong>Programme Erasmus+<\/strong>, qui avait pour objectif d'offrir une formation m\u00e9thodologique et \u00e9ducative sur l'entrepreneuriat social. Vingt-cinq jeunes, originaires de Gr\u00e8ce, de Pologne, d'Autriche et du Portugal, ont b\u00e9n\u00e9fici\u00e9 de ces activit\u00e9s fond\u00e9es sur des m\u00e9thodes d'\u00e9change et d'apprentissage non formel.<\/p>\n<p>Dans ce projet, les participants ont entrepris une formation intensive par des voix exp\u00e9riment\u00e9es dans ce domaine et ils ont eu un forum dans lequel ils ont partag\u00e9 leurs connaissances et leur exp\u00e9rience qu'ils ont apport\u00e9es de leur pays. Les activit\u00e9s et les programmes ont \u00e9t\u00e9 t\u00e9l\u00e9charg\u00e9s en vue d\u2019une utilisation future sur le site web du projet (<span style=\"color: #0000ff;\"><a style=\"color: #0000ff;\" href=\"https:\/\/www.seed-uom.org\/\">https:\/\/www.seed-uom.org\/<\/a><\/span>). Tout au long de la conf\u00e9rence, l'accent a \u00e9t\u00e9 mis sur la cr\u00e9ation d'une atmosph\u00e8re de travail avec un fort sens de la communaut\u00e9 et de l'esprit international.\u00a0 La conf\u00e9rence s'est conclue par une \u00e9valuation appropri\u00e9e qui peut nous donner une voie d'am\u00e9lioration pour de futurs projets de ce type.<\/p>\n<p>Cet \u00e9v\u00e9nement a r\u00e9uni des entrepreneurs sociaux, des experts universitaires et des \u00e9tudiants du Portugal, de Pologne, d'Autriche et de Gr\u00e8ce, et leur a permis d'explorer diff\u00e9rentes options sur la fa\u00e7on dont l'entrepreneuriat social peut \u00eatre promu parmi les jeunes, au niveau communautaire, ainsi qu'au niveau national.<\/p>\n<p>Les r\u00e9sultats du projet, mis en \u00e9vidence lors de la conf\u00e9rence, ont \u00e9t\u00e9 l\u2019\u00e9change de bonnes pratiques, mais aussi des recommandations qui permettraient aux municipalit\u00e9s de mieux se pencher sur l\u2019entrepreneuriat social et, partant, de mieux soutenir les citoyens et les jeunes en particulier, de lancer leurs propres initiatives et de devenir plus actives dans la recherche de solutions pour leurs communaut\u00e9s.<\/p>\n<p>Toutes les activit\u00e9s du projet ont \u00e9t\u00e9 d\u00e9velopp\u00e9es en partenariat avec l'Universit\u00e9 de Mac\u00e9doine de Gr\u00e8ce, Gain and Sustain d'Autriche, Uniwersytet Rzeszowski de Pologne, ECOS du Portugal et le MBM Center for Training and Development du Royaume-Uni.<\/p>\n<p><img loading=\"lazy\" decoding=\"async\" class=\"alignnone size-full wp-image-2649\" src=\"http:\/\/dypall.com\/wp-content\/uploads\/2017\/10\/IMG_20170911_122500.jpg\" alt=\"\" width=\"4160\" height=\"2340\" \/><\/p>","protected":false},"excerpt":{"rendered":"<p>Le 11 septembre, \u00e0 l\u2019auditorium du mus\u00e9e de Portim\u00e3o, le r\u00e9seau DYPALL, en partenariat avec la municipalit\u00e9 de Portim\u00e3o et Cooperative ECOS, a accueilli la conf\u00e9rence internationale \u00abSE+ED \u2013 Entrepreneuriat social et pratiques \u00e9ducatives pour les jeunes\u00bb. Lors de cette r\u00e9union, les participants ont eu l'occasion d'en apprendre davantage sur l'importance de l'entrepreneuriat social... <a class=\"more-link\" href=\"https:\/\/dypall.com\/fr\/activity\/seed-social-entrepreneurship-and-educational-practices-for-young-people\/\">Poursuivre la lecture <span class=\"screen-reader-text\">SE+ED : Entrepreneuriat social et pratiques \u00e9ducatives pour les jeunes<\/span><\/a><\/p>","protected":false},"author":1,"featured_media":2649,"comment_status":"closed","ping_status":"open","sticky":false,"template":"","format":"standard","meta":{"_acf_changed":false,"_jetpack_memberships_contains_paid_content":false,"footnotes":""},"categories":[111,112],"tags":[113],"class_list":["post-2648","post","type-post","status-publish","format-standard","has-post-thumbnail","hentry","category-activity","category-conference","tag-conference","entry"],"acf":[],"yoast_head":"<!-- This site is optimized with the Yoast SEO plugin v22.8 - https:\/\/yoast.com\/wordpress\/plugins\/seo\/ -->\n<title>SE+ED: Social Entrepreneurship and Educational Practices for Young People - DYPALL Network<\/title>\n<meta name=\"robots\" content=\"index, follow, max-snippet:-1, max-image-preview:large, max-video-preview:-1\" \/>\n<link rel=\"canonical\" href=\"https:\/\/dypall.com\/fr\/activity\/seed-social-entrepreneurship-and-educational-practices-for-young-people\/\" \/>\n<meta property=\"og:locale\" content=\"fr_FR\" \/>\n<meta property=\"og:type\" content=\"article\" \/>\n<meta property=\"og:title\" content=\"SE+ED: Social Entrepreneurship and Educational Practices for Young People - DYPALL Network\" \/>\n<meta property=\"og:description\" content=\"On the 11th\u00a0of September, at the Auditorium of the Museu of Portim\u00e3o, DYPALL Network, partnering with the Municipality of Portim\u00e3o and Cooperative ECOS, hosted the\u00a0International Conference \u201cSE+ED &#8211; Social Entrepreneurship and Educational Practices for Young People\u201d. In this gathering the participants had a chance to learn about the importance of the social entrepreneurship in the&hellip; Poursuivre la lecture SE+ED: Social Entrepreneurship and Educational Practices for Young People\" \/>\n<meta property=\"og:url\" content=\"https:\/\/dypall.com\/fr\/activity\/seed-social-entrepreneurship-and-educational-practices-for-young-people\/\" \/>\n<meta property=\"og:site_name\" content=\"DYPALL Network\" \/>\n<meta property=\"article:published_time\" content=\"2017-09-20T15:03:41+00:00\" \/>\n<meta name=\"author\" content=\"DYPALL Network\" \/>\n<meta name=\"twitter:card\" content=\"summary_large_image\" \/>\n<meta name=\"twitter:label1\" content=\"Written by\" \/>\n\t<meta name=\"twitter:data1\" content=\"DYPALL Network\" \/>\n\t<meta name=\"twitter:label2\" content=\"Est. reading time\" \/>\n\t<meta name=\"twitter:data2\" content=\"2 minutes\" \/>\n<script type=\"application\/ld+json\" class=\"yoast-schema-graph\">{\"@context\":\"https:\/\/schema.org\",\"@graph\":[{\"@type\":\"WebPage\",\"@id\":\"https:\/\/dypall.com\/activity\/seed-social-entrepreneurship-and-educational-practices-for-young-people\/\",\"url\":\"https:\/\/dypall.com\/activity\/seed-social-entrepreneurship-and-educational-practices-for-young-people\/\",\"name\":\"SE+ED: Social Entrepreneurship and Educational Practices for Young People - DYPALL Network\",\"isPartOf\":{\"@id\":\"https:\/\/dypall.com\/#website\"},\"primaryImageOfPage\":{\"@id\":\"https:\/\/dypall.com\/activity\/seed-social-entrepreneurship-and-educational-practices-for-young-people\/#primaryimage\"},\"image\":{\"@id\":\"https:\/\/dypall.com\/activity\/seed-social-entrepreneurship-and-educational-practices-for-young-people\/#primaryimage\"},\"thumbnailUrl\":\"\",\"datePublished\":\"2017-09-20T15:03:41+00:00\",\"dateModified\":\"2017-09-20T15:03:41+00:00\",\"author\":{\"@id\":\"https:\/\/dypall.com\/#\/schema\/person\/f92e08aa15c8ba711a9d153129f03377\"},\"breadcrumb\":{\"@id\":\"https:\/\/dypall.com\/activity\/seed-social-entrepreneurship-and-educational-practices-for-young-people\/#breadcrumb\"},\"inLanguage\":\"fr-FR\",\"potentialAction\":[{\"@type\":\"ReadAction\",\"target\":[\"https:\/\/dypall.com\/activity\/seed-social-entrepreneurship-and-educational-practices-for-young-people\/\"]}]},{\"@type\":\"ImageObject\",\"inLanguage\":\"fr-FR\",\"@id\":\"https:\/\/dypall.com\/activity\/seed-social-entrepreneurship-and-educational-practices-for-young-people\/#primaryimage\",\"url\":\"\",\"contentUrl\":\"\"},{\"@type\":\"BreadcrumbList\",\"@id\":\"https:\/\/dypall.com\/activity\/seed-social-entrepreneurship-and-educational-practices-for-young-people\/#breadcrumb\",\"itemListElement\":[{\"@type\":\"ListItem\",\"position\":1,\"name\":\"Home\",\"item\":\"https:\/\/dypall.com\/\"},{\"@type\":\"ListItem\",\"position\":2,\"name\":\"SE+ED: Social Entrepreneurship and Educational Practices for Young People\"}]},{\"@type\":\"WebSite\",\"@id\":\"https:\/\/dypall.com\/#website\",\"url\":\"https:\/\/dypall.com\/\",\"name\":\"DYPALL Network\",\"description\":\"We are a European network of civil society organisations, municipalities and research institutions dedicated to improving democracy through youth participation.\",\"potentialAction\":[{\"@type\":\"SearchAction\",\"target\":{\"@type\":\"EntryPoint\",\"urlTemplate\":\"https:\/\/dypall.com\/?s={search_term_string}\"},\"query-input\":\"required name=search_term_string\"}],\"inLanguage\":\"fr-FR\"},{\"@type\":\"Person\",\"@id\":\"https:\/\/dypall.com\/#\/schema\/person\/f92e08aa15c8ba711a9d153129f03377\",\"name\":\"DYPALL Network\",\"image\":{\"@type\":\"ImageObject\",\"inLanguage\":\"fr-FR\",\"@id\":\"https:\/\/dypall.com\/#\/schema\/person\/image\/\",\"url\":\"https:\/\/secure.gravatar.com\/avatar\/9c39e299279800c6d69c5e02cf613e7bab060889f373052a03d7ac399e8f0d3c?s=96&d=mm&r=g\",\"contentUrl\":\"https:\/\/secure.gravatar.com\/avatar\/9c39e299279800c6d69c5e02cf613e7bab060889f373052a03d7ac399e8f0d3c?s=96&d=mm&r=g\",\"caption\":\"DYPALL Network\"},\"sameAs\":[\"https:\/\/dypall.com\"],\"url\":\"https:\/\/dypall.com\/fr\/author\/dypall\/\"}]}<\/script>\n<!-- \/ Yoast SEO plugin. -->","yoast_head_json":{"title":"SE+ED: Social Entrepreneurship and Educational Practices for Young People - DYPALL Network","robots":{"index":"index","follow":"follow","max-snippet":"max-snippet:-1","max-image-preview":"max-image-preview:large","max-video-preview":"max-video-preview:-1"},"canonical":"https:\/\/dypall.com\/fr\/activity\/seed-social-entrepreneurship-and-educational-practices-for-young-people\/","og_locale":"fr_FR","og_type":"article","og_title":"SE+ED: Social Entrepreneurship and Educational Practices for Young People - DYPALL Network","og_description":"On the 11th\u00a0of September, at the Auditorium of the Museu of Portim\u00e3o, DYPALL Network, partnering with the Municipality of Portim\u00e3o and Cooperative ECOS, hosted the\u00a0International Conference \u201cSE+ED &#8211; Social Entrepreneurship and Educational Practices for Young People\u201d. In this gathering the participants had a chance to learn about the importance of the social entrepreneurship in the&hellip; Poursuivre la lecture SE+ED: Social Entrepreneurship and Educational Practices for Young People","og_url":"https:\/\/dypall.com\/fr\/activity\/seed-social-entrepreneurship-and-educational-practices-for-young-people\/","og_site_name":"DYPALL Network","article_published_time":"2017-09-20T15:03:41+00:00","author":"DYPALL Network","twitter_card":"summary_large_image","twitter_misc":{"Written by":"DYPALL Network","Est. reading time":"2 minutes"},"schema":{"@context":"https:\/\/schema.org","@graph":[{"@type":"WebPage","@id":"https:\/\/dypall.com\/activity\/seed-social-entrepreneurship-and-educational-practices-for-young-people\/","url":"https:\/\/dypall.com\/activity\/seed-social-entrepreneurship-and-educational-practices-for-young-people\/","name":"SE+ED: Social Entrepreneurship and Educational Practices for Young People - DYPALL Network","isPartOf":{"@id":"https:\/\/dypall.com\/#website"},"primaryImageOfPage":{"@id":"https:\/\/dypall.com\/activity\/seed-social-entrepreneurship-and-educational-practices-for-young-people\/#primaryimage"},"image":{"@id":"https:\/\/dypall.com\/activity\/seed-social-entrepreneurship-and-educational-practices-for-young-people\/#primaryimage"},"thumbnailUrl":"","datePublished":"2017-09-20T15:03:41+00:00","dateModified":"2017-09-20T15:03:41+00:00","author":{"@id":"https:\/\/dypall.com\/#\/schema\/person\/f92e08aa15c8ba711a9d153129f03377"},"breadcrumb":{"@id":"https:\/\/dypall.com\/activity\/seed-social-entrepreneurship-and-educational-practices-for-young-people\/#breadcrumb"},"inLanguage":"fr-FR","potentialAction":[{"@type":"ReadAction","target":["https:\/\/dypall.com\/activity\/seed-social-entrepreneurship-and-educational-practices-for-young-people\/"]}]},{"@type":"ImageObject","inLanguage":"fr-FR","@id":"https:\/\/dypall.com\/activity\/seed-social-entrepreneurship-and-educational-practices-for-young-people\/#primaryimage","url":"","contentUrl":""},{"@type":"BreadcrumbList","@id":"https:\/\/dypall.com\/activity\/seed-social-entrepreneurship-and-educational-practices-for-young-people\/#breadcrumb","itemListElement":[{"@type":"ListItem","position":1,"name":"Home","item":"https:\/\/dypall.com\/"},{"@type":"ListItem","position":2,"name":"SE+ED: Social Entrepreneurship and Educational Practices for Young People"}]},{"@type":"WebSite","@id":"https:\/\/dypall.com\/#website","url":"https:\/\/dypall.com\/","name":"DYPALL Network","description":"We are a European network of civil society organisations, municipalities and research institutions dedicated to improving democracy through youth participation.","potentialAction":[{"@type":"SearchAction","target":{"@type":"EntryPoint","urlTemplate":"https:\/\/dypall.com\/?s={search_term_string}"},"query-input":"required name=search_term_string"}],"inLanguage":"fr-FR"},{"@type":"Person","@id":"https:\/\/dypall.com\/#\/schema\/person\/f92e08aa15c8ba711a9d153129f03377","name":"DYPALL Network","image":{"@type":"ImageObject","inLanguage":"fr-FR","@id":"https:\/\/dypall.com\/#\/schema\/person\/image\/","url":"https:\/\/secure.gravatar.com\/avatar\/9c39e299279800c6d69c5e02cf613e7bab060889f373052a03d7ac399e8f0d3c?s=96&d=mm&r=g","contentUrl":"https:\/\/secure.gravatar.com\/avatar\/9c39e299279800c6d69c5e02cf613e7bab060889f373052a03d7ac399e8f0d3c?s=96&d=mm&r=g","caption":"DYPALL Network"},"sameAs":["https:\/\/dypall.com"],"url":"https:\/\/dypall.com\/fr\/author\/dypall\/"}]}},"jetpack_featured_media_url":"","jetpack_sharing_enabled":true,"_links":{"self":[{"href":"https:\/\/dypall.com\/fr\/wp-json\/wp\/v2\/posts\/2648","targetHints":{"allow":["GET"]}}],"collection":[{"href":"https:\/\/dypall.com\/fr\/wp-json\/wp\/v2\/posts"}],"about":[{"href":"https:\/\/dypall.com\/fr\/wp-json\/wp\/v2\/types\/post"}],"author":[{"embeddable":true,"href":"https:\/\/dypall.com\/fr\/wp-json\/wp\/v2\/users\/1"}],"replies":[{"embeddable":true,"href":"https:\/\/dypall.com\/fr\/wp-json\/wp\/v2\/comments?post=2648"}],"version-history":[{"count":0,"href":"https:\/\/dypall.com\/fr\/wp-json\/wp\/v2\/posts\/2648\/revisions"}],"wp:featuredmedia":[{"embeddable":true,"href":"https:\/\/dypall.com\/fr\/wp-json\/"}],"wp:attachment":[{"href":"https:\/\/dypall.com\/fr\/wp-json\/wp\/v2\/media?parent=2648"}],"wp:term":[{"taxonomy":"category","embeddable":true,"href":"https:\/\/dypall.com\/fr\/wp-json\/wp\/v2\/categories?post=2648"},{"taxonomy":"post_tag","embeddable":true,"href":"https:\/\/dypall.com\/fr\/wp-json\/wp\/v2\/tags?post=2648"}],"curies":[{"name":"wp","href":"https:\/\/api.w.org\/{rel}","templated":true}]}}