{"id":2149,"date":"2017-06-22T20:18:43","date_gmt":"2017-06-22T18:18:43","guid":{"rendered":"http:\/\/dypall.com\/?p=2149"},"modified":"2017-06-22T20:18:43","modified_gmt":"2017-06-22T18:18:43","slug":"conclusions-from-the-symposium-youth-policy-responses-to-the-contemporary-challenges-faced-by-young-people-12-14-june-prague","status":"publish","type":"post","link":"https:\/\/dypall.com\/fr\/activity\/conclusions-from-the-symposium-youth-policy-responses-to-the-contemporary-challenges-faced-by-young-people-12-14-june-prague\/","title":{"rendered":"Conclusions du symposium \u00abR\u00e9ponses de la politique de la jeunesse aux d\u00e9fis contemporains auxquels sont confront\u00e9s les jeunes\u00bb (12-14 juin, Prague)"},"content":{"rendered":"<p>Elena Ceban, du Centre pour le dialogue interculturel en Mac\u00e9doine, et membre du r\u00e9seau DYPALL, a partag\u00e9 les conclusions du <strong>Sy<img loading=\"lazy\" decoding=\"async\" class=\"size-medium wp-image-2152 alignright\" src=\"http:\/\/dypall.com\/wp-content\/uploads\/2017\/06\/19059304_1811740415508035_4880887241793676795_n-300x225.jpg\" alt=\"\" width=\"300\" height=\"225\" \/> mposium \u00abR\u00e9ponses de la politique de la jeunesse aux d\u00e9fis contemporains auxquels sont confront\u00e9s les jeunes\u00bb<\/strong> tenue \u00e0 Prague, du 12 au 14 juin 2017:<\/p>\n<p><em>Le symposium qui s'est tenu du 12 au 14 juin dans le cadre de la pr\u00e9sidence tch\u00e8que du Comit\u00e9 des Ministres du Conseil de l'Europe a r\u00e9uni 110 repr\u00e9sentants de gouvernements, d'organisations non gouvernementales et internationales, d'universit\u00e9s et d'instituts de recherche, etc., dans le but de cartographier et de discuter des d\u00e9fis auxquels les jeunes de toute l'Europe sont confront\u00e9s et de travailler ensemble pour identifier les r\u00e9ponses politiques possibles \u00e0 ces d\u00e9fis.<\/em><\/p>\n<p><em>Le symposium a int\u00e9gr\u00e9 des sessions pl\u00e9ni\u00e8res, des groupes th\u00e9matiques et des r\u00e9seaux informels afin de faciliter l'\u00e9change de pratiques et d'id\u00e9es. Les six groupes th\u00e9matiques ont travaill\u00e9 \u00e0 identifier les d\u00e9fis et les r\u00e9ponses politiques qui les abordent en examinant du point de vue des sujets suivants: \u00abappartenance\u00bb, \u00abagence et autonomisation\u00bb, \u00abparticipation et expression\u00bb, \u00abvolontariat\u00bb, \u00abapprentissage et formation\u00bb et \u00abtravail et cr\u00e9ation\u00bb.<\/em><\/p>\n<p><em><img loading=\"lazy\" decoding=\"async\" class=\"size-medium wp-image-2154 alignleft\" src=\"http:\/\/dypall.com\/wp-content\/uploads\/2017\/06\/board-300x224.jpg\" alt=\"\" width=\"300\" height=\"224\" \/><\/em><\/p>\n<p><em>Lors de la session pl\u00e9ni\u00e8re consacr\u00e9e \u00e0 la narration, Bruno Antonio (DYPALL) a partag\u00e9 son histoire personnelle en tant que r\u00e9ponse possible \u00e0 la politique de la jeunesse, en faisant valoir que la politique de la jeunesse n\u2019est pas un souhait, mais un must, non seulement pour les jeunes, mais aussi pour la communaut\u00e9 locale. Il a pr\u00e9sent\u00e9 le concept du r\u00e9seau DYPALL dans le contexte du renforcement des capacit\u00e9s des acteurs locaux qui travaillent sur les questions li\u00e9es \u00e0 la jeunesse pour relever les d\u00e9fis auxquels les jeunes sont confront\u00e9s.<\/em><\/p>\n<p><em>Les messages cl\u00e9s compil\u00e9s par les participants \u00e0 la suite du brainstorming dans les groupes th\u00e9matiques seront publi\u00e9s prochainement sur le site officiel du Conseil de l'Europe. Entre-temps, certaines des conclusions des groupes de travail peuvent \u00eatre lues ci-dessous:<\/em><\/p>\n<ul>\n<li><em>La politique de la jeunesse existe dans un contexte politique, de sorte que l'in\u00e9galit\u00e9 doit \u00eatre reconnue.<img loading=\"lazy\" decoding=\"async\" class=\"size-medium wp-image-2151 alignright\" src=\"http:\/\/dypall.com\/wp-content\/uploads\/2017\/06\/speaker-300x224.jpg\" alt=\"\" width=\"300\" height=\"224\" \/>nd abord\u00e9e du point de vue politique;<\/em><\/li>\n<li><em>Le cadre du volontariat doit \u00eatre r\u00e9vis\u00e9, mis \u00e0 jour, en tenant compte des r\u00e9alit\u00e9s actuelles et des divers cadres nationaux;<\/em><\/li>\n<li><em>La solidarit\u00e9 joue un r\u00f4le crucial dans la propagation du sentiment d'appartenance et d'acceptation de diverses identit\u00e9s;<\/em><\/li>\n<li><em>Il convient de promouvoir le dialogue structur\u00e9 en tant que pratique \u00e0 mettre en \u0153uvre aux niveaux national et local, afin de parvenir \u00e0 un v\u00e9ritable dialogue entre les d\u00e9cideurs et les jeunes;<\/em><\/li>\n<li><em>La reconnaissance de l\u2019animation socio-\u00e9ducative en tant qu\u2019approche dans le domaine de l\u2019\u00e9ducation et de l\u2019\u00e9ducation non formelle en tant que m\u00e9thodologie contribuerait \u00e0 l\u2019\u00e9laboration d\u2019une politique de la jeunesse plus inclusive et davantage ax\u00e9e sur les besoins;<\/em><\/li>\n<li><em>Une plus grande attention devrait \u00eatre accord\u00e9e \u00e0 la coop\u00e9ration intersectorielle et \u00e0 l'approche interg\u00e9n\u00e9rationnelle, afin de combiner des m\u00e9thodologies exp\u00e9riment\u00e9es et test\u00e9es avec des id\u00e9es nouvelles et innovantes.<\/em><\/li>\n<\/ul>\n<p><em>Jacob Kornbeck, charg\u00e9 de mission \u00e0 la direction g\u00e9n\u00e9rale de l\u2019\u00e9ducation et de la culture de la Commission europ\u00e9enne, a conclu le symposium en d\u00e9clarant que les jeunes devraient \u00eatre au c\u0153ur de tous les processus d\u2019\u00e9laboration des politiques, car \u00absi vous n\u2019\u00eates pas \u00e0 la table, vous \u00eates au menu\u00bb.<\/em><\/p>\n<p><em>Tous les documents pertinents li\u00e9s au symposium peuvent \u00eatre trouv\u00e9s <a href=\"http:\/\/pjp-eu.coe.int\/en\/web\/youth-partnership\/symposium\">ici<\/a>.<\/em><\/p>","protected":false},"excerpt":{"rendered":"<p>Elena Ceban, du Centre pour le dialogue interculturel en Mac\u00e9doine, et membre du r\u00e9seau DYPALL, ont partag\u00e9 les conclusions du symposium Sy mposium \u00abYouth Policy Responses to the Contemporary Challenges Faced by Young People\u00bb (R\u00e9ponses politiques des jeunes aux d\u00e9fis contemporains auxquels sont confront\u00e9s les jeunes), qui s\u2019est tenu \u00e0 Prague du 12 au 14 juin 2017: Le Symposium qui s'est tenu du 12 au 14 juin dans le cadre... <a class=\"more-link\" href=\"https:\/\/dypall.com\/fr\/activity\/conclusions-from-the-symposium-youth-policy-responses-to-the-contemporary-challenges-faced-by-young-people-12-14-june-prague\/\">Poursuivre la lecture <span class=\"screen-reader-text\">Conclusions du symposium \u00abR\u00e9ponses de la politique de la jeunesse aux d\u00e9fis contemporains auxquels sont confront\u00e9s les jeunes\u00bb (12-14 juin, Prague)<\/span><\/a><\/p>","protected":false},"author":1,"featured_media":2150,"comment_status":"closed","ping_status":"open","sticky":false,"template":"","format":"standard","meta":{"_acf_changed":false,"_jetpack_memberships_contains_paid_content":false,"footnotes":""},"categories":[111,112],"tags":[113,115],"class_list":["post-2149","post","type-post","status-publish","format-standard","has-post-thumbnail","hentry","category-activity","category-conference","tag-conference","tag-seminar","entry"],"acf":[],"yoast_head":"<!-- This site is optimized with the Yoast SEO plugin v22.8 - https:\/\/yoast.com\/wordpress\/plugins\/seo\/ -->\n<title>Conclusions from the Symposium &#039;Youth Policy Responses to the Contemporary Challenges Faced by Young People\u2019 (12-14 June, Prague) - DYPALL Network<\/title>\n<meta name=\"robots\" content=\"index, follow, max-snippet:-1, max-image-preview:large, max-video-preview:-1\" \/>\n<link rel=\"canonical\" href=\"https:\/\/dypall.com\/fr\/activity\/conclusions-from-the-symposium-youth-policy-responses-to-the-contemporary-challenges-faced-by-young-people-12-14-june-prague\/\" \/>\n<meta property=\"og:locale\" content=\"fr_FR\" \/>\n<meta property=\"og:type\" content=\"article\" \/>\n<meta property=\"og:title\" content=\"Conclusions from the Symposium &#039;Youth Policy Responses to the Contemporary Challenges Faced by Young People\u2019 (12-14 June, Prague) - DYPALL Network\" \/>\n<meta property=\"og:description\" content=\"Elena Ceban, from the Center for Intercultural Dialogue in Macedonia, and a member of DYPALL Network shared the conclusions from the Sy mposium &#8216;Youth Policy Responses to the Contemporary Challenges Faced by Young People\u2019 held in Prague, from 12 to 14 June 2017: The Symposium that was held between 12-14 of June in the framework&hellip; Poursuivre la lecture Conclusions from the Symposium &#8216;Youth Policy Responses to the Contemporary Challenges Faced by Young People\u2019 (12-14 June, Prague)\" \/>\n<meta property=\"og:url\" content=\"https:\/\/dypall.com\/fr\/activity\/conclusions-from-the-symposium-youth-policy-responses-to-the-contemporary-challenges-faced-by-young-people-12-14-june-prague\/\" \/>\n<meta property=\"og:site_name\" content=\"DYPALL Network\" \/>\n<meta property=\"article:published_time\" content=\"2017-06-22T18:18:43+00:00\" \/>\n<meta name=\"author\" content=\"DYPALL Network\" \/>\n<meta name=\"twitter:card\" content=\"summary_large_image\" \/>\n<meta name=\"twitter:label1\" content=\"Written by\" \/>\n\t<meta name=\"twitter:data1\" content=\"DYPALL Network\" \/>\n\t<meta name=\"twitter:label2\" content=\"Est. reading time\" \/>\n\t<meta name=\"twitter:data2\" content=\"2 minutes\" \/>\n<script type=\"application\/ld+json\" class=\"yoast-schema-graph\">{\"@context\":\"https:\/\/schema.org\",\"@graph\":[{\"@type\":\"WebPage\",\"@id\":\"https:\/\/dypall.com\/activity\/conclusions-from-the-symposium-youth-policy-responses-to-the-contemporary-challenges-faced-by-young-people-12-14-june-prague\/\",\"url\":\"https:\/\/dypall.com\/activity\/conclusions-from-the-symposium-youth-policy-responses-to-the-contemporary-challenges-faced-by-young-people-12-14-june-prague\/\",\"name\":\"Conclusions from the Symposium 'Youth Policy Responses to the Contemporary Challenges Faced by Young People\u2019 (12-14 June, Prague) - DYPALL Network\",\"isPartOf\":{\"@id\":\"https:\/\/dypall.com\/#website\"},\"primaryImageOfPage\":{\"@id\":\"https:\/\/dypall.com\/activity\/conclusions-from-the-symposium-youth-policy-responses-to-the-contemporary-challenges-faced-by-young-people-12-14-june-prague\/#primaryimage\"},\"image\":{\"@id\":\"https:\/\/dypall.com\/activity\/conclusions-from-the-symposium-youth-policy-responses-to-the-contemporary-challenges-faced-by-young-people-12-14-june-prague\/#primaryimage\"},\"thumbnailUrl\":\"\",\"datePublished\":\"2017-06-22T18:18:43+00:00\",\"dateModified\":\"2017-06-22T18:18:43+00:00\",\"author\":{\"@id\":\"https:\/\/dypall.com\/#\/schema\/person\/f92e08aa15c8ba711a9d153129f03377\"},\"breadcrumb\":{\"@id\":\"https:\/\/dypall.com\/activity\/conclusions-from-the-symposium-youth-policy-responses-to-the-contemporary-challenges-faced-by-young-people-12-14-june-prague\/#breadcrumb\"},\"inLanguage\":\"fr-FR\",\"potentialAction\":[{\"@type\":\"ReadAction\",\"target\":[\"https:\/\/dypall.com\/activity\/conclusions-from-the-symposium-youth-policy-responses-to-the-contemporary-challenges-faced-by-young-people-12-14-june-prague\/\"]}]},{\"@type\":\"ImageObject\",\"inLanguage\":\"fr-FR\",\"@id\":\"https:\/\/dypall.com\/activity\/conclusions-from-the-symposium-youth-policy-responses-to-the-contemporary-challenges-faced-by-young-people-12-14-june-prague\/#primaryimage\",\"url\":\"\",\"contentUrl\":\"\"},{\"@type\":\"BreadcrumbList\",\"@id\":\"https:\/\/dypall.com\/activity\/conclusions-from-the-symposium-youth-policy-responses-to-the-contemporary-challenges-faced-by-young-people-12-14-june-prague\/#breadcrumb\",\"itemListElement\":[{\"@type\":\"ListItem\",\"position\":1,\"name\":\"Home\",\"item\":\"https:\/\/dypall.com\/\"},{\"@type\":\"ListItem\",\"position\":2,\"name\":\"Conclusions from the Symposium &#8216;Youth Policy Responses to the Contemporary Challenges Faced by Young People\u2019 (12-14 June, Prague)\"}]},{\"@type\":\"WebSite\",\"@id\":\"https:\/\/dypall.com\/#website\",\"url\":\"https:\/\/dypall.com\/\",\"name\":\"DYPALL Network\",\"description\":\"We are a European network of civil society organisations, municipalities and research institutions dedicated to improving democracy through youth participation.\",\"potentialAction\":[{\"@type\":\"SearchAction\",\"target\":{\"@type\":\"EntryPoint\",\"urlTemplate\":\"https:\/\/dypall.com\/?s={search_term_string}\"},\"query-input\":\"required name=search_term_string\"}],\"inLanguage\":\"fr-FR\"},{\"@type\":\"Person\",\"@id\":\"https:\/\/dypall.com\/#\/schema\/person\/f92e08aa15c8ba711a9d153129f03377\",\"name\":\"DYPALL Network\",\"image\":{\"@type\":\"ImageObject\",\"inLanguage\":\"fr-FR\",\"@id\":\"https:\/\/dypall.com\/#\/schema\/person\/image\/\",\"url\":\"https:\/\/secure.gravatar.com\/avatar\/9c39e299279800c6d69c5e02cf613e7bab060889f373052a03d7ac399e8f0d3c?s=96&d=mm&r=g\",\"contentUrl\":\"https:\/\/secure.gravatar.com\/avatar\/9c39e299279800c6d69c5e02cf613e7bab060889f373052a03d7ac399e8f0d3c?s=96&d=mm&r=g\",\"caption\":\"DYPALL Network\"},\"sameAs\":[\"https:\/\/dypall.com\"],\"url\":\"https:\/\/dypall.com\/fr\/author\/dypall\/\"}]}<\/script>\n<!-- \/ Yoast SEO plugin. -->","yoast_head_json":{"title":"Conclusions from the Symposium 'Youth Policy Responses to the Contemporary Challenges Faced by Young People\u2019 (12-14 June, Prague) - DYPALL Network","robots":{"index":"index","follow":"follow","max-snippet":"max-snippet:-1","max-image-preview":"max-image-preview:large","max-video-preview":"max-video-preview:-1"},"canonical":"https:\/\/dypall.com\/fr\/activity\/conclusions-from-the-symposium-youth-policy-responses-to-the-contemporary-challenges-faced-by-young-people-12-14-june-prague\/","og_locale":"fr_FR","og_type":"article","og_title":"Conclusions from the Symposium 'Youth Policy Responses to the Contemporary Challenges Faced by Young People\u2019 (12-14 June, Prague) - DYPALL Network","og_description":"Elena Ceban, from the Center for Intercultural Dialogue in Macedonia, and a member of DYPALL Network shared the conclusions from the Sy mposium &#8216;Youth Policy Responses to the Contemporary Challenges Faced by Young People\u2019 held in Prague, from 12 to 14 June 2017: The Symposium that was held between 12-14 of June in the framework&hellip; Poursuivre la lecture Conclusions from the Symposium &#8216;Youth Policy Responses to the Contemporary Challenges Faced by Young People\u2019 (12-14 June, Prague)","og_url":"https:\/\/dypall.com\/fr\/activity\/conclusions-from-the-symposium-youth-policy-responses-to-the-contemporary-challenges-faced-by-young-people-12-14-june-prague\/","og_site_name":"DYPALL Network","article_published_time":"2017-06-22T18:18:43+00:00","author":"DYPALL Network","twitter_card":"summary_large_image","twitter_misc":{"Written by":"DYPALL Network","Est. reading time":"2 minutes"},"schema":{"@context":"https:\/\/schema.org","@graph":[{"@type":"WebPage","@id":"https:\/\/dypall.com\/activity\/conclusions-from-the-symposium-youth-policy-responses-to-the-contemporary-challenges-faced-by-young-people-12-14-june-prague\/","url":"https:\/\/dypall.com\/activity\/conclusions-from-the-symposium-youth-policy-responses-to-the-contemporary-challenges-faced-by-young-people-12-14-june-prague\/","name":"Conclusions from the Symposium 'Youth Policy Responses to the Contemporary Challenges Faced by Young People\u2019 (12-14 June, Prague) - DYPALL Network","isPartOf":{"@id":"https:\/\/dypall.com\/#website"},"primaryImageOfPage":{"@id":"https:\/\/dypall.com\/activity\/conclusions-from-the-symposium-youth-policy-responses-to-the-contemporary-challenges-faced-by-young-people-12-14-june-prague\/#primaryimage"},"image":{"@id":"https:\/\/dypall.com\/activity\/conclusions-from-the-symposium-youth-policy-responses-to-the-contemporary-challenges-faced-by-young-people-12-14-june-prague\/#primaryimage"},"thumbnailUrl":"","datePublished":"2017-06-22T18:18:43+00:00","dateModified":"2017-06-22T18:18:43+00:00","author":{"@id":"https:\/\/dypall.com\/#\/schema\/person\/f92e08aa15c8ba711a9d153129f03377"},"breadcrumb":{"@id":"https:\/\/dypall.com\/activity\/conclusions-from-the-symposium-youth-policy-responses-to-the-contemporary-challenges-faced-by-young-people-12-14-june-prague\/#breadcrumb"},"inLanguage":"fr-FR","potentialAction":[{"@type":"ReadAction","target":["https:\/\/dypall.com\/activity\/conclusions-from-the-symposium-youth-policy-responses-to-the-contemporary-challenges-faced-by-young-people-12-14-june-prague\/"]}]},{"@type":"ImageObject","inLanguage":"fr-FR","@id":"https:\/\/dypall.com\/activity\/conclusions-from-the-symposium-youth-policy-responses-to-the-contemporary-challenges-faced-by-young-people-12-14-june-prague\/#primaryimage","url":"","contentUrl":""},{"@type":"BreadcrumbList","@id":"https:\/\/dypall.com\/activity\/conclusions-from-the-symposium-youth-policy-responses-to-the-contemporary-challenges-faced-by-young-people-12-14-june-prague\/#breadcrumb","itemListElement":[{"@type":"ListItem","position":1,"name":"Home","item":"https:\/\/dypall.com\/"},{"@type":"ListItem","position":2,"name":"Conclusions from the Symposium &#8216;Youth Policy Responses to the Contemporary Challenges Faced by Young People\u2019 (12-14 June, Prague)"}]},{"@type":"WebSite","@id":"https:\/\/dypall.com\/#website","url":"https:\/\/dypall.com\/","name":"DYPALL Network","description":"We are a European network of civil society organisations, municipalities and research institutions dedicated to improving democracy through youth participation.","potentialAction":[{"@type":"SearchAction","target":{"@type":"EntryPoint","urlTemplate":"https:\/\/dypall.com\/?s={search_term_string}"},"query-input":"required name=search_term_string"}],"inLanguage":"fr-FR"},{"@type":"Person","@id":"https:\/\/dypall.com\/#\/schema\/person\/f92e08aa15c8ba711a9d153129f03377","name":"DYPALL Network","image":{"@type":"ImageObject","inLanguage":"fr-FR","@id":"https:\/\/dypall.com\/#\/schema\/person\/image\/","url":"https:\/\/secure.gravatar.com\/avatar\/9c39e299279800c6d69c5e02cf613e7bab060889f373052a03d7ac399e8f0d3c?s=96&d=mm&r=g","contentUrl":"https:\/\/secure.gravatar.com\/avatar\/9c39e299279800c6d69c5e02cf613e7bab060889f373052a03d7ac399e8f0d3c?s=96&d=mm&r=g","caption":"DYPALL Network"},"sameAs":["https:\/\/dypall.com"],"url":"https:\/\/dypall.com\/fr\/author\/dypall\/"}]}},"jetpack_featured_media_url":"","jetpack_sharing_enabled":true,"_links":{"self":[{"href":"https:\/\/dypall.com\/fr\/wp-json\/wp\/v2\/posts\/2149","targetHints":{"allow":["GET"]}}],"collection":[{"href":"https:\/\/dypall.com\/fr\/wp-json\/wp\/v2\/posts"}],"about":[{"href":"https:\/\/dypall.com\/fr\/wp-json\/wp\/v2\/types\/post"}],"author":[{"embeddable":true,"href":"https:\/\/dypall.com\/fr\/wp-json\/wp\/v2\/users\/1"}],"replies":[{"embeddable":true,"href":"https:\/\/dypall.com\/fr\/wp-json\/wp\/v2\/comments?post=2149"}],"version-history":[{"count":0,"href":"https:\/\/dypall.com\/fr\/wp-json\/wp\/v2\/posts\/2149\/revisions"}],"wp:featuredmedia":[{"embeddable":true,"href":"https:\/\/dypall.com\/fr\/wp-json\/"}],"wp:attachment":[{"href":"https:\/\/dypall.com\/fr\/wp-json\/wp\/v2\/media?parent=2149"}],"wp:term":[{"taxonomy":"category","embeddable":true,"href":"https:\/\/dypall.com\/fr\/wp-json\/wp\/v2\/categories?post=2149"},{"taxonomy":"post_tag","embeddable":true,"href":"https:\/\/dypall.com\/fr\/wp-json\/wp\/v2\/tags?post=2149"}],"curies":[{"name":"wp","href":"https:\/\/api.w.org\/{rel}","templated":true}]}}