{"id":2086,"date":"2017-05-30T12:51:42","date_gmt":"2017-05-30T10:51:42","guid":{"rendered":"http:\/\/dypall.com\/?p=2086"},"modified":"2017-05-30T12:51:42","modified_gmt":"2017-05-30T10:51:42","slug":"europe-goes-local-academia-de-desenvolvimento-juvenil-youth-development-academy","status":"publish","type":"post","link":"https:\/\/dypall.com\/fr\/activity\/europe-goes-local-academia-de-desenvolvimento-juvenil-youth-development-academy\/","title":{"rendered":"L'Europe devient locale  \u2047  Academia de Desenvolvimento Juvenil (Acad\u00e9mie pour le d\u00e9veloppement de la jeunesse)"},"content":{"rendered":"<p>Europe Goes Local est une coop\u00e9ration \u00e0 long terme dans le cadre du programme Erasmus+ pour la jeunesse visant \u00e0 soutenir l\u2019animation socio-\u00e9ducative au niveau municipal. Ainsi, 21 agences nationales du programme Erasmus+ dans le secteur de la jeunesse visent, avec cette initiative, \u00e0 am\u00e9liorer la qualit\u00e9 du travail avec les jeunes, gr\u00e2ce \u00e0 une coop\u00e9ration renforc\u00e9e entre plusieurs parties int\u00e9ress\u00e9es et parties prenantes.<\/p>\n<p>Toujours en ligne avec ces objectifs, du 20 au 22 mai 2017 au Faro Youth Centre (IPDJ) dans la r\u00e9gion portugaise de l'Algarve, la deuxi\u00e8me \u00e9dition de <strong>Academia de Desenvolvimento Juvenil<\/strong> (Youth Development Academy) a \u00e9t\u00e9 lanc\u00e9e. Cet \u00e9v\u00e9nement vise \u00e0 cr\u00e9er un espace d'\u00e9change de bonnes pratiques, ainsi que le renforcement des capacit\u00e9s et la formation des animateurs de jeunesse, des dirigeants et des organisations de jeunesse.<\/p>\n<p><img loading=\"lazy\" decoding=\"async\" class=\"wp-image-2088 aligncenter\" src=\"http:\/\/dypall.com\/wp-content\/uploads\/2017\/05\/IMG_20170522_141310-300x169.jpg\" alt=\"\" width=\"327\" height=\"184\" \/><\/p>\n<p>Bruno Ant\u00f3nio, membre de l\u2019\u00e9quipe du r\u00e9seau DYPALL et repr\u00e9sentant, \u00e9tait pr\u00e9sent \u00e0 cet \u00e9v\u00e9nement en tant que formateur repr\u00e9sentant l\u2019agence nationale portugaise Erasmus+. Dans le cadre de la \u00abformation des formateurs\u00bb, les animateurs socio-\u00e9ducatifs, les agents municipaux et les repr\u00e9sentants de la jeunesse ont eu l\u2019occasion d\u2019explorer en profondeur les th\u00e8mes de l\u2019apprentissage dans le contexte de l\u2019\u00e9ducation non formelle, de la mise en place d\u2019un programme de formation des jeunes et de la dynamique de groupe. Cela a \u00e9galement \u00e9t\u00e9 l'occasion de permettre aux animateurs socio-\u00e9ducatifs des municipalit\u00e9s et des organisations de conna\u00eetre le r\u00e9seau DYPALL en tant que partenaire et soutien possible dans les projets et la cr\u00e9ation de synergies.<img loading=\"lazy\" decoding=\"async\" class=\"size-medium wp-image-2089 alignright\" src=\"http:\/\/dypall.com\/wp-content\/uploads\/2017\/05\/IMG_20170521_122253-300x169.jpg\" alt=\"\" width=\"300\" height=\"169\" \/><\/p>\n<p>De cette mani\u00e8re, il a \u00e9t\u00e9 commun\u00e9ment per\u00e7u qu\u2019apr\u00e8s cette initiative, les objectifs suivants d\u2019Europe Goes Local au niveau national ont \u00e9t\u00e9 atteints:<\/p>\n<ul>\n<li>rapprocher l\u2019agence nationale de l\u2019animation socio-\u00e9ducative au niveau local;<\/li>\n<li>Introduire l'\u00e9l\u00e9ment international\/europ\u00e9en (animation socio-\u00e9ducative internationale) dans les municipalit\u00e9s;<\/li>\n<li>cartographier les besoins de l\u2019animation socio-\u00e9ducative et de l\u2019animation socio-\u00e9ducative au niveau des municipalit\u00e9s;<\/li>\n<li>\u00c9tablir des r\u00e9seaux avec les parties prenantes (jeunes travailleurs, responsables municipaux et responsables politiques) au niveau local;<\/li>\n<li>\u00c9changer des pratiques de biens et partager des exemples de bons projets qui ont \u00e9t\u00e9 construits et mis en \u0153uvre localement;<\/li>\n<li>Sensibiliser les animateurs socio-\u00e9ducatifs \u00e0 l'agenda europ\u00e9en.<\/li>\n<\/ul>\n<p><img loading=\"lazy\" decoding=\"async\" class=\"wp-image-2090 aligncenter\" src=\"http:\/\/dypall.com\/wp-content\/uploads\/2017\/05\/IMG_20170522_101150-300x169.jpg\" alt=\"\" width=\"311\" height=\"175\" \/><\/p>","protected":false},"excerpt":{"rendered":"<p>Europe Goes Local est une coop\u00e9ration \u00e0 long terme dans le cadre du programme Erasmus+ pour la jeunesse visant \u00e0 soutenir l\u2019animation socio-\u00e9ducative au niveau municipal. Ainsi, 21 agences nationales du programme Erasmus+ dans le secteur de la jeunesse visent, avec cette initiative, \u00e0 am\u00e9liorer la qualit\u00e9 du travail avec les jeunes, gr\u00e2ce \u00e0 une coop\u00e9ration renforc\u00e9e entre plusieurs parties int\u00e9ress\u00e9es et parties prenantes. \u00c9galement en ligne avec... <a class=\"more-link\" href=\"https:\/\/dypall.com\/fr\/activity\/europe-goes-local-academia-de-desenvolvimento-juvenil-youth-development-academy\/\">Poursuivre la lecture <span class=\"screen-reader-text\">L'Europe devient locale  \u2047  Academia de Desenvolvimento Juvenil (Acad\u00e9mie pour le d\u00e9veloppement de la jeunesse)<\/span><\/a><\/p>","protected":false},"author":1,"featured_media":2087,"comment_status":"closed","ping_status":"open","sticky":false,"template":"","format":"standard","meta":{"_acf_changed":false,"_jetpack_memberships_contains_paid_content":false,"footnotes":""},"categories":[111,141],"tags":[136],"class_list":["post-2086","post","type-post","status-publish","format-standard","has-post-thumbnail","hentry","category-activity","category-training-course","tag-training-course","entry"],"acf":[],"yoast_head":"<!-- This site is optimized with the Yoast SEO plugin v22.8 - https:\/\/yoast.com\/wordpress\/plugins\/seo\/ -->\n<title>Europe Goes Local | Academia de Desenvolvimento Juvenil (Youth Development Academy) - DYPALL Network<\/title>\n<meta name=\"robots\" content=\"index, follow, max-snippet:-1, max-image-preview:large, max-video-preview:-1\" \/>\n<link rel=\"canonical\" href=\"https:\/\/dypall.com\/fr\/activity\/europe-goes-local-academia-de-desenvolvimento-juvenil-youth-development-academy\/\" \/>\n<meta property=\"og:locale\" content=\"fr_FR\" \/>\n<meta property=\"og:type\" content=\"article\" \/>\n<meta property=\"og:title\" content=\"Europe Goes Local | Academia de Desenvolvimento Juvenil (Youth Development Academy) - DYPALL Network\" \/>\n<meta property=\"og:description\" content=\"Europe Goes Local is a long-term cooperation within the Erasmus+ youth programme to support youth work at the municipal level. Thus, 21 National Agencies of the Erasmus+ programme in the youth sector aim with this initiative, to improve work quality with youth, through strengthened cooperation between several interested parties and stakeholders. Also in line with&hellip; Poursuivre la lecture Europe Goes Local | Academia de Desenvolvimento Juvenil (Youth Development Academy)\" \/>\n<meta property=\"og:url\" content=\"https:\/\/dypall.com\/fr\/activity\/europe-goes-local-academia-de-desenvolvimento-juvenil-youth-development-academy\/\" \/>\n<meta property=\"og:site_name\" content=\"DYPALL Network\" \/>\n<meta property=\"article:published_time\" content=\"2017-05-30T10:51:42+00:00\" \/>\n<meta name=\"author\" content=\"DYPALL Network\" \/>\n<meta name=\"twitter:card\" content=\"summary_large_image\" \/>\n<meta name=\"twitter:label1\" content=\"Written by\" \/>\n\t<meta name=\"twitter:data1\" content=\"DYPALL Network\" \/>\n\t<meta name=\"twitter:label2\" content=\"Est. reading time\" \/>\n\t<meta name=\"twitter:data2\" content=\"1 minute\" \/>\n<script type=\"application\/ld+json\" class=\"yoast-schema-graph\">{\"@context\":\"https:\/\/schema.org\",\"@graph\":[{\"@type\":\"WebPage\",\"@id\":\"https:\/\/dypall.com\/activity\/europe-goes-local-academia-de-desenvolvimento-juvenil-youth-development-academy\/\",\"url\":\"https:\/\/dypall.com\/activity\/europe-goes-local-academia-de-desenvolvimento-juvenil-youth-development-academy\/\",\"name\":\"Europe Goes Local | Academia de Desenvolvimento Juvenil (Youth Development Academy) - DYPALL Network\",\"isPartOf\":{\"@id\":\"https:\/\/dypall.com\/#website\"},\"primaryImageOfPage\":{\"@id\":\"https:\/\/dypall.com\/activity\/europe-goes-local-academia-de-desenvolvimento-juvenil-youth-development-academy\/#primaryimage\"},\"image\":{\"@id\":\"https:\/\/dypall.com\/activity\/europe-goes-local-academia-de-desenvolvimento-juvenil-youth-development-academy\/#primaryimage\"},\"thumbnailUrl\":\"\",\"datePublished\":\"2017-05-30T10:51:42+00:00\",\"dateModified\":\"2017-05-30T10:51:42+00:00\",\"author\":{\"@id\":\"https:\/\/dypall.com\/#\/schema\/person\/f92e08aa15c8ba711a9d153129f03377\"},\"breadcrumb\":{\"@id\":\"https:\/\/dypall.com\/activity\/europe-goes-local-academia-de-desenvolvimento-juvenil-youth-development-academy\/#breadcrumb\"},\"inLanguage\":\"fr-FR\",\"potentialAction\":[{\"@type\":\"ReadAction\",\"target\":[\"https:\/\/dypall.com\/activity\/europe-goes-local-academia-de-desenvolvimento-juvenil-youth-development-academy\/\"]}]},{\"@type\":\"ImageObject\",\"inLanguage\":\"fr-FR\",\"@id\":\"https:\/\/dypall.com\/activity\/europe-goes-local-academia-de-desenvolvimento-juvenil-youth-development-academy\/#primaryimage\",\"url\":\"\",\"contentUrl\":\"\"},{\"@type\":\"BreadcrumbList\",\"@id\":\"https:\/\/dypall.com\/activity\/europe-goes-local-academia-de-desenvolvimento-juvenil-youth-development-academy\/#breadcrumb\",\"itemListElement\":[{\"@type\":\"ListItem\",\"position\":1,\"name\":\"Home\",\"item\":\"https:\/\/dypall.com\/\"},{\"@type\":\"ListItem\",\"position\":2,\"name\":\"Europe Goes Local | Academia de Desenvolvimento Juvenil (Youth Development Academy)\"}]},{\"@type\":\"WebSite\",\"@id\":\"https:\/\/dypall.com\/#website\",\"url\":\"https:\/\/dypall.com\/\",\"name\":\"DYPALL Network\",\"description\":\"We are a European network of civil society organisations, municipalities and research institutions dedicated to improving democracy through youth participation.\",\"potentialAction\":[{\"@type\":\"SearchAction\",\"target\":{\"@type\":\"EntryPoint\",\"urlTemplate\":\"https:\/\/dypall.com\/?s={search_term_string}\"},\"query-input\":\"required name=search_term_string\"}],\"inLanguage\":\"fr-FR\"},{\"@type\":\"Person\",\"@id\":\"https:\/\/dypall.com\/#\/schema\/person\/f92e08aa15c8ba711a9d153129f03377\",\"name\":\"DYPALL Network\",\"image\":{\"@type\":\"ImageObject\",\"inLanguage\":\"fr-FR\",\"@id\":\"https:\/\/dypall.com\/#\/schema\/person\/image\/\",\"url\":\"https:\/\/secure.gravatar.com\/avatar\/9c39e299279800c6d69c5e02cf613e7bab060889f373052a03d7ac399e8f0d3c?s=96&d=mm&r=g\",\"contentUrl\":\"https:\/\/secure.gravatar.com\/avatar\/9c39e299279800c6d69c5e02cf613e7bab060889f373052a03d7ac399e8f0d3c?s=96&d=mm&r=g\",\"caption\":\"DYPALL Network\"},\"sameAs\":[\"https:\/\/dypall.com\"],\"url\":\"https:\/\/dypall.com\/fr\/author\/dypall\/\"}]}<\/script>\n<!-- \/ Yoast SEO plugin. -->","yoast_head_json":{"title":"Europe Goes Local | Academia de Desenvolvimento Juvenil (Youth Development Academy) - DYPALL Network","robots":{"index":"index","follow":"follow","max-snippet":"max-snippet:-1","max-image-preview":"max-image-preview:large","max-video-preview":"max-video-preview:-1"},"canonical":"https:\/\/dypall.com\/fr\/activity\/europe-goes-local-academia-de-desenvolvimento-juvenil-youth-development-academy\/","og_locale":"fr_FR","og_type":"article","og_title":"Europe Goes Local | Academia de Desenvolvimento Juvenil (Youth Development Academy) - DYPALL Network","og_description":"Europe Goes Local is a long-term cooperation within the Erasmus+ youth programme to support youth work at the municipal level. Thus, 21 National Agencies of the Erasmus+ programme in the youth sector aim with this initiative, to improve work quality with youth, through strengthened cooperation between several interested parties and stakeholders. Also in line with&hellip; Poursuivre la lecture Europe Goes Local | Academia de Desenvolvimento Juvenil (Youth Development Academy)","og_url":"https:\/\/dypall.com\/fr\/activity\/europe-goes-local-academia-de-desenvolvimento-juvenil-youth-development-academy\/","og_site_name":"DYPALL Network","article_published_time":"2017-05-30T10:51:42+00:00","author":"DYPALL Network","twitter_card":"summary_large_image","twitter_misc":{"Written by":"DYPALL Network","Est. reading time":"1 minute"},"schema":{"@context":"https:\/\/schema.org","@graph":[{"@type":"WebPage","@id":"https:\/\/dypall.com\/activity\/europe-goes-local-academia-de-desenvolvimento-juvenil-youth-development-academy\/","url":"https:\/\/dypall.com\/activity\/europe-goes-local-academia-de-desenvolvimento-juvenil-youth-development-academy\/","name":"Europe Goes Local | Academia de Desenvolvimento Juvenil (Youth Development Academy) - DYPALL Network","isPartOf":{"@id":"https:\/\/dypall.com\/#website"},"primaryImageOfPage":{"@id":"https:\/\/dypall.com\/activity\/europe-goes-local-academia-de-desenvolvimento-juvenil-youth-development-academy\/#primaryimage"},"image":{"@id":"https:\/\/dypall.com\/activity\/europe-goes-local-academia-de-desenvolvimento-juvenil-youth-development-academy\/#primaryimage"},"thumbnailUrl":"","datePublished":"2017-05-30T10:51:42+00:00","dateModified":"2017-05-30T10:51:42+00:00","author":{"@id":"https:\/\/dypall.com\/#\/schema\/person\/f92e08aa15c8ba711a9d153129f03377"},"breadcrumb":{"@id":"https:\/\/dypall.com\/activity\/europe-goes-local-academia-de-desenvolvimento-juvenil-youth-development-academy\/#breadcrumb"},"inLanguage":"fr-FR","potentialAction":[{"@type":"ReadAction","target":["https:\/\/dypall.com\/activity\/europe-goes-local-academia-de-desenvolvimento-juvenil-youth-development-academy\/"]}]},{"@type":"ImageObject","inLanguage":"fr-FR","@id":"https:\/\/dypall.com\/activity\/europe-goes-local-academia-de-desenvolvimento-juvenil-youth-development-academy\/#primaryimage","url":"","contentUrl":""},{"@type":"BreadcrumbList","@id":"https:\/\/dypall.com\/activity\/europe-goes-local-academia-de-desenvolvimento-juvenil-youth-development-academy\/#breadcrumb","itemListElement":[{"@type":"ListItem","position":1,"name":"Home","item":"https:\/\/dypall.com\/"},{"@type":"ListItem","position":2,"name":"Europe Goes Local | Academia de Desenvolvimento Juvenil (Youth Development Academy)"}]},{"@type":"WebSite","@id":"https:\/\/dypall.com\/#website","url":"https:\/\/dypall.com\/","name":"DYPALL Network","description":"We are a European network of civil society organisations, municipalities and research institutions dedicated to improving democracy through youth participation.","potentialAction":[{"@type":"SearchAction","target":{"@type":"EntryPoint","urlTemplate":"https:\/\/dypall.com\/?s={search_term_string}"},"query-input":"required name=search_term_string"}],"inLanguage":"fr-FR"},{"@type":"Person","@id":"https:\/\/dypall.com\/#\/schema\/person\/f92e08aa15c8ba711a9d153129f03377","name":"DYPALL Network","image":{"@type":"ImageObject","inLanguage":"fr-FR","@id":"https:\/\/dypall.com\/#\/schema\/person\/image\/","url":"https:\/\/secure.gravatar.com\/avatar\/9c39e299279800c6d69c5e02cf613e7bab060889f373052a03d7ac399e8f0d3c?s=96&d=mm&r=g","contentUrl":"https:\/\/secure.gravatar.com\/avatar\/9c39e299279800c6d69c5e02cf613e7bab060889f373052a03d7ac399e8f0d3c?s=96&d=mm&r=g","caption":"DYPALL Network"},"sameAs":["https:\/\/dypall.com"],"url":"https:\/\/dypall.com\/fr\/author\/dypall\/"}]}},"jetpack_featured_media_url":"","jetpack_sharing_enabled":true,"_links":{"self":[{"href":"https:\/\/dypall.com\/fr\/wp-json\/wp\/v2\/posts\/2086","targetHints":{"allow":["GET"]}}],"collection":[{"href":"https:\/\/dypall.com\/fr\/wp-json\/wp\/v2\/posts"}],"about":[{"href":"https:\/\/dypall.com\/fr\/wp-json\/wp\/v2\/types\/post"}],"author":[{"embeddable":true,"href":"https:\/\/dypall.com\/fr\/wp-json\/wp\/v2\/users\/1"}],"replies":[{"embeddable":true,"href":"https:\/\/dypall.com\/fr\/wp-json\/wp\/v2\/comments?post=2086"}],"version-history":[{"count":0,"href":"https:\/\/dypall.com\/fr\/wp-json\/wp\/v2\/posts\/2086\/revisions"}],"wp:featuredmedia":[{"embeddable":true,"href":"https:\/\/dypall.com\/fr\/wp-json\/"}],"wp:attachment":[{"href":"https:\/\/dypall.com\/fr\/wp-json\/wp\/v2\/media?parent=2086"}],"wp:term":[{"taxonomy":"category","embeddable":true,"href":"https:\/\/dypall.com\/fr\/wp-json\/wp\/v2\/categories?post=2086"},{"taxonomy":"post_tag","embeddable":true,"href":"https:\/\/dypall.com\/fr\/wp-json\/wp\/v2\/tags?post=2086"}],"curies":[{"name":"wp","href":"https:\/\/api.w.org\/{rel}","templated":true}]}}