{"id":1409,"date":"2016-11-16T10:36:19","date_gmt":"2016-11-16T09:36:19","guid":{"rendered":"http:\/\/dypall.com\/?p=1409"},"modified":"2016-11-16T10:36:19","modified_gmt":"2016-11-16T09:36:19","slug":"international-training-course-young-migrant-voices-a-training-course-for-boosting-participation-of-young-migrants-in-decision-making-processes-at-local-level","status":"publish","type":"post","link":"https:\/\/dypall.com\/fr\/activity\/international-training-course-young-migrant-voices-a-training-course-for-boosting-participation-of-young-migrants-in-decision-making-processes-at-local-level\/","title":{"rendered":"Commence aujourd\u2019hui le cours de formation \u00abYoung Migrant Voices\u00bb (Voix des jeunes migrants)"},"content":{"rendered":"<p style=\"padding-left: 30px;\">Il commence aujourd'hui le <strong>Cours de formation international \u00abYoung Migrant Voices: un cours de formation visant \u00e0 renforcer la participation des jeunes migrants aux processus d\u00e9cisionnels au niveau local\u00bb<\/strong>. L\u2019initiative, organis\u00e9e par ADYNE Pays-Bas en partenariat avec le r\u00e9seau DYPALL (D\u00e9velopper la participation des jeunes au niveau local) et cofinanc\u00e9e par le programme Erasmus + de l\u2019Union europ\u00e9enne, est accueillie au \u00abOleander groepsaccommodatie\u00bb \u00e0 Odiliapeel du 15 au 21 novembre.<\/p>\n<p>La formation, r\u00e9alis\u00e9e dans le cadre des activit\u00e9s de renforcement des capacit\u00e9s du r\u00e9seau DYPALL, apporte aux Pays-Bas <strong>30 participants, repr\u00e9sentant des organisations de la soci\u00e9t\u00e9 civile, des animateurs socio-\u00e9ducatifs, des animateurs socio-\u00e9ducatifs et des repr\u00e9sentants des autorit\u00e9s locales pour partager, d\u00e9battre et pr\u00e9senter leurs points de vue et leur compr\u00e9hension sur la participation des jeunes aux processus d\u00e9cisionnels aux niveaux local, national et europ\u00e9en. 11 pays seront repr\u00e9sent\u00e9s, \u00e0 savoir l'Autriche, la Gr\u00e8ce, l'Italie, la Lettonie, l'ancienne R\u00e9publique yougoslave de Mac\u00e9doine, les Pays-Bas, la Pologne, le Portugal, la Roumanie, la Su\u00e8de et la Turquie.<\/strong><\/p>\n<p>Cette activit\u00e9 est un espace permettant aux participants de repenser leurs interventions li\u00e9es aux jeunes migrants et \u00e0 la participation des jeunes au niveau local en r\u00e9pondant \u00e0 des questions telles que: la mani\u00e8re dont les institutions peuvent mieux r\u00e9pondre aux besoins des jeunes; la mani\u00e8re dont ils peuvent mieux fa\u00e7onner leurs initiatives afin de leur offrir une r\u00e9elle possibilit\u00e9 de devenir des acteurs et de prendre des d\u00e9cisions, encourageant ainsi concr\u00e8tement leur participation; quel soutien devrait provenir de la soci\u00e9t\u00e9 civile et des animateurs socio-\u00e9ducatifs pour soutenir les deux parties. Sur la base des principes de l\u2019\u00e9ducation non formelle, la formation vise \u00e0 renforcer les comp\u00e9tences et \u00e0 partager les pratiques des animateurs socio-\u00e9ducatifs locaux afin d\u2019atteindre plus efficacement les jeunes marginalis\u00e9s et de pr\u00e9venir leur radicalisation violente.<\/p>\n<p>Des mises \u00e0 jour sur la formation sont publi\u00e9es quotidiennement sur la page Facebook <a href=\"https:\/\/www.facebook.com\/dypallnetwork\">https:\/\/www.facebook.com\/dypallnetwork<\/a><\/p>\n<p>Pour plus d'informations:<br \/>\n\u2013 Silvia Pieretto \u2013 R\u00e9seau DYPALL, chef de projet: training@dypall.com<\/p>","protected":false},"excerpt":{"rendered":"<p>Il commence aujourd\u2019hui le cours de formation international intitul\u00e9 \u00abYoung Migrant Voices: un cours de formation visant \u00e0 renforcer la participation des jeunes migrants aux processus d\u00e9cisionnels au niveau local\u00bb. L'initiative, organis\u00e9e par ADYNE Pays-Bas en partenariat avec le r\u00e9seau DYPALL (D\u00e9velopper la participation des jeunes au niveau local), et cofinanc\u00e9e par le programme Erasmus + de l'Union europ\u00e9enne, est... <a class=\"more-link\" href=\"https:\/\/dypall.com\/fr\/activity\/international-training-course-young-migrant-voices-a-training-course-for-boosting-participation-of-young-migrants-in-decision-making-processes-at-local-level\/\">Poursuivre la lecture <span class=\"screen-reader-text\">Commence aujourd\u2019hui le cours de formation \u00abYoung Migrant Voices\u00bb (Voix des jeunes migrants)<\/span><\/a><\/p>","protected":false},"author":2,"featured_media":1413,"comment_status":"closed","ping_status":"open","sticky":false,"template":"","format":"standard","meta":{"_acf_changed":false,"_jetpack_memberships_contains_paid_content":false,"footnotes":""},"categories":[111,141],"tags":[136],"class_list":["post-1409","post","type-post","status-publish","format-standard","has-post-thumbnail","hentry","category-activity","category-training-course","tag-training-course","entry"],"acf":[],"yoast_head":"<!-- This site is optimized with the Yoast SEO plugin v22.8 - https:\/\/yoast.com\/wordpress\/plugins\/seo\/ -->\n<title>Starts today the training course \u201cYoung Migrant Voices&quot; - DYPALL Network<\/title>\n<meta name=\"robots\" content=\"index, follow, max-snippet:-1, max-image-preview:large, max-video-preview:-1\" \/>\n<link rel=\"canonical\" href=\"https:\/\/dypall.com\/fr\/activity\/international-training-course-young-migrant-voices-a-training-course-for-boosting-participation-of-young-migrants-in-decision-making-processes-at-local-level\/\" \/>\n<meta property=\"og:locale\" content=\"fr_FR\" \/>\n<meta property=\"og:type\" content=\"article\" \/>\n<meta property=\"og:title\" content=\"Starts today the training course \u201cYoung Migrant Voices&quot; - DYPALL Network\" \/>\n<meta property=\"og:description\" content=\"It starts today the international training course \u201cYoung Migrant Voices: a training course for boosting participation of young migrants in decision-making processes at local level\u201d. The initiative, organized by ADYNE Netherlands in partnership with DYPALL Network (Developing Youth Participation at Local Level), and co-funded by the Erasmus + Programme of the European Union, is\u00a0hosted is&hellip; Poursuivre la lecture Starts today the training course \u201cYoung Migrant Voices&#8221;\" \/>\n<meta property=\"og:url\" content=\"https:\/\/dypall.com\/fr\/activity\/international-training-course-young-migrant-voices-a-training-course-for-boosting-participation-of-young-migrants-in-decision-making-processes-at-local-level\/\" \/>\n<meta property=\"og:site_name\" content=\"DYPALL Network\" \/>\n<meta property=\"article:published_time\" content=\"2016-11-16T09:36:19+00:00\" \/>\n<meta name=\"author\" content=\"dypall\" \/>\n<meta name=\"twitter:card\" content=\"summary_large_image\" \/>\n<meta name=\"twitter:label1\" content=\"Written by\" \/>\n\t<meta name=\"twitter:data1\" content=\"dypall\" \/>\n\t<meta name=\"twitter:label2\" content=\"Est. reading time\" \/>\n\t<meta name=\"twitter:data2\" content=\"1 minute\" \/>\n<script type=\"application\/ld+json\" class=\"yoast-schema-graph\">{\"@context\":\"https:\/\/schema.org\",\"@graph\":[{\"@type\":\"WebPage\",\"@id\":\"https:\/\/dypall.com\/activity\/international-training-course-young-migrant-voices-a-training-course-for-boosting-participation-of-young-migrants-in-decision-making-processes-at-local-level\/\",\"url\":\"https:\/\/dypall.com\/activity\/international-training-course-young-migrant-voices-a-training-course-for-boosting-participation-of-young-migrants-in-decision-making-processes-at-local-level\/\",\"name\":\"Starts today the training course \u201cYoung Migrant Voices\\\" - DYPALL Network\",\"isPartOf\":{\"@id\":\"https:\/\/dypall.com\/#website\"},\"primaryImageOfPage\":{\"@id\":\"https:\/\/dypall.com\/activity\/international-training-course-young-migrant-voices-a-training-course-for-boosting-participation-of-young-migrants-in-decision-making-processes-at-local-level\/#primaryimage\"},\"image\":{\"@id\":\"https:\/\/dypall.com\/activity\/international-training-course-young-migrant-voices-a-training-course-for-boosting-participation-of-young-migrants-in-decision-making-processes-at-local-level\/#primaryimage\"},\"thumbnailUrl\":\"\",\"datePublished\":\"2016-11-16T09:36:19+00:00\",\"dateModified\":\"2016-11-16T09:36:19+00:00\",\"author\":{\"@id\":\"https:\/\/dypall.com\/#\/schema\/person\/206350efe851997fcdedef75d118766b\"},\"breadcrumb\":{\"@id\":\"https:\/\/dypall.com\/activity\/international-training-course-young-migrant-voices-a-training-course-for-boosting-participation-of-young-migrants-in-decision-making-processes-at-local-level\/#breadcrumb\"},\"inLanguage\":\"fr-FR\",\"potentialAction\":[{\"@type\":\"ReadAction\",\"target\":[\"https:\/\/dypall.com\/activity\/international-training-course-young-migrant-voices-a-training-course-for-boosting-participation-of-young-migrants-in-decision-making-processes-at-local-level\/\"]}]},{\"@type\":\"ImageObject\",\"inLanguage\":\"fr-FR\",\"@id\":\"https:\/\/dypall.com\/activity\/international-training-course-young-migrant-voices-a-training-course-for-boosting-participation-of-young-migrants-in-decision-making-processes-at-local-level\/#primaryimage\",\"url\":\"\",\"contentUrl\":\"\"},{\"@type\":\"BreadcrumbList\",\"@id\":\"https:\/\/dypall.com\/activity\/international-training-course-young-migrant-voices-a-training-course-for-boosting-participation-of-young-migrants-in-decision-making-processes-at-local-level\/#breadcrumb\",\"itemListElement\":[{\"@type\":\"ListItem\",\"position\":1,\"name\":\"Home\",\"item\":\"https:\/\/dypall.com\/\"},{\"@type\":\"ListItem\",\"position\":2,\"name\":\"Starts today the training course \u201cYoung Migrant Voices&#8221;\"}]},{\"@type\":\"WebSite\",\"@id\":\"https:\/\/dypall.com\/#website\",\"url\":\"https:\/\/dypall.com\/\",\"name\":\"DYPALL Network\",\"description\":\"We are a European network of civil society organisations, municipalities and research institutions dedicated to improving democracy through youth participation.\",\"potentialAction\":[{\"@type\":\"SearchAction\",\"target\":{\"@type\":\"EntryPoint\",\"urlTemplate\":\"https:\/\/dypall.com\/?s={search_term_string}\"},\"query-input\":\"required name=search_term_string\"}],\"inLanguage\":\"fr-FR\"},{\"@type\":\"Person\",\"@id\":\"https:\/\/dypall.com\/#\/schema\/person\/206350efe851997fcdedef75d118766b\",\"name\":\"dypall\",\"image\":{\"@type\":\"ImageObject\",\"inLanguage\":\"fr-FR\",\"@id\":\"https:\/\/dypall.com\/#\/schema\/person\/image\/\",\"url\":\"https:\/\/secure.gravatar.com\/avatar\/14e8d3d8841cd0bdf69915120bcf9fcfac1567f1dc7035664907322ac47efe29?s=96&d=mm&r=g\",\"contentUrl\":\"https:\/\/secure.gravatar.com\/avatar\/14e8d3d8841cd0bdf69915120bcf9fcfac1567f1dc7035664907322ac47efe29?s=96&d=mm&r=g\",\"caption\":\"dypall\"},\"url\":\"https:\/\/dypall.com\/fr\/author\/dypall_info\/\"}]}<\/script>\n<!-- \/ Yoast SEO plugin. -->","yoast_head_json":{"title":"Starts today the training course \u201cYoung Migrant Voices\" - DYPALL Network","robots":{"index":"index","follow":"follow","max-snippet":"max-snippet:-1","max-image-preview":"max-image-preview:large","max-video-preview":"max-video-preview:-1"},"canonical":"https:\/\/dypall.com\/fr\/activity\/international-training-course-young-migrant-voices-a-training-course-for-boosting-participation-of-young-migrants-in-decision-making-processes-at-local-level\/","og_locale":"fr_FR","og_type":"article","og_title":"Starts today the training course \u201cYoung Migrant Voices\" - DYPALL Network","og_description":"It starts today the international training course \u201cYoung Migrant Voices: a training course for boosting participation of young migrants in decision-making processes at local level\u201d. The initiative, organized by ADYNE Netherlands in partnership with DYPALL Network (Developing Youth Participation at Local Level), and co-funded by the Erasmus + Programme of the European Union, is\u00a0hosted is&hellip; Poursuivre la lecture Starts today the training course \u201cYoung Migrant Voices&#8221;","og_url":"https:\/\/dypall.com\/fr\/activity\/international-training-course-young-migrant-voices-a-training-course-for-boosting-participation-of-young-migrants-in-decision-making-processes-at-local-level\/","og_site_name":"DYPALL Network","article_published_time":"2016-11-16T09:36:19+00:00","author":"dypall","twitter_card":"summary_large_image","twitter_misc":{"Written by":"dypall","Est. reading time":"1 minute"},"schema":{"@context":"https:\/\/schema.org","@graph":[{"@type":"WebPage","@id":"https:\/\/dypall.com\/activity\/international-training-course-young-migrant-voices-a-training-course-for-boosting-participation-of-young-migrants-in-decision-making-processes-at-local-level\/","url":"https:\/\/dypall.com\/activity\/international-training-course-young-migrant-voices-a-training-course-for-boosting-participation-of-young-migrants-in-decision-making-processes-at-local-level\/","name":"Starts today the training course \u201cYoung Migrant Voices\" - DYPALL Network","isPartOf":{"@id":"https:\/\/dypall.com\/#website"},"primaryImageOfPage":{"@id":"https:\/\/dypall.com\/activity\/international-training-course-young-migrant-voices-a-training-course-for-boosting-participation-of-young-migrants-in-decision-making-processes-at-local-level\/#primaryimage"},"image":{"@id":"https:\/\/dypall.com\/activity\/international-training-course-young-migrant-voices-a-training-course-for-boosting-participation-of-young-migrants-in-decision-making-processes-at-local-level\/#primaryimage"},"thumbnailUrl":"","datePublished":"2016-11-16T09:36:19+00:00","dateModified":"2016-11-16T09:36:19+00:00","author":{"@id":"https:\/\/dypall.com\/#\/schema\/person\/206350efe851997fcdedef75d118766b"},"breadcrumb":{"@id":"https:\/\/dypall.com\/activity\/international-training-course-young-migrant-voices-a-training-course-for-boosting-participation-of-young-migrants-in-decision-making-processes-at-local-level\/#breadcrumb"},"inLanguage":"fr-FR","potentialAction":[{"@type":"ReadAction","target":["https:\/\/dypall.com\/activity\/international-training-course-young-migrant-voices-a-training-course-for-boosting-participation-of-young-migrants-in-decision-making-processes-at-local-level\/"]}]},{"@type":"ImageObject","inLanguage":"fr-FR","@id":"https:\/\/dypall.com\/activity\/international-training-course-young-migrant-voices-a-training-course-for-boosting-participation-of-young-migrants-in-decision-making-processes-at-local-level\/#primaryimage","url":"","contentUrl":""},{"@type":"BreadcrumbList","@id":"https:\/\/dypall.com\/activity\/international-training-course-young-migrant-voices-a-training-course-for-boosting-participation-of-young-migrants-in-decision-making-processes-at-local-level\/#breadcrumb","itemListElement":[{"@type":"ListItem","position":1,"name":"Home","item":"https:\/\/dypall.com\/"},{"@type":"ListItem","position":2,"name":"Starts today the training course \u201cYoung Migrant Voices&#8221;"}]},{"@type":"WebSite","@id":"https:\/\/dypall.com\/#website","url":"https:\/\/dypall.com\/","name":"DYPALL Network","description":"We are a European network of civil society organisations, municipalities and research institutions dedicated to improving democracy through youth participation.","potentialAction":[{"@type":"SearchAction","target":{"@type":"EntryPoint","urlTemplate":"https:\/\/dypall.com\/?s={search_term_string}"},"query-input":"required name=search_term_string"}],"inLanguage":"fr-FR"},{"@type":"Person","@id":"https:\/\/dypall.com\/#\/schema\/person\/206350efe851997fcdedef75d118766b","name":"dypall","image":{"@type":"ImageObject","inLanguage":"fr-FR","@id":"https:\/\/dypall.com\/#\/schema\/person\/image\/","url":"https:\/\/secure.gravatar.com\/avatar\/14e8d3d8841cd0bdf69915120bcf9fcfac1567f1dc7035664907322ac47efe29?s=96&d=mm&r=g","contentUrl":"https:\/\/secure.gravatar.com\/avatar\/14e8d3d8841cd0bdf69915120bcf9fcfac1567f1dc7035664907322ac47efe29?s=96&d=mm&r=g","caption":"dypall"},"url":"https:\/\/dypall.com\/fr\/author\/dypall_info\/"}]}},"jetpack_featured_media_url":"","jetpack_sharing_enabled":true,"_links":{"self":[{"href":"https:\/\/dypall.com\/fr\/wp-json\/wp\/v2\/posts\/1409","targetHints":{"allow":["GET"]}}],"collection":[{"href":"https:\/\/dypall.com\/fr\/wp-json\/wp\/v2\/posts"}],"about":[{"href":"https:\/\/dypall.com\/fr\/wp-json\/wp\/v2\/types\/post"}],"author":[{"embeddable":true,"href":"https:\/\/dypall.com\/fr\/wp-json\/wp\/v2\/users\/2"}],"replies":[{"embeddable":true,"href":"https:\/\/dypall.com\/fr\/wp-json\/wp\/v2\/comments?post=1409"}],"version-history":[{"count":0,"href":"https:\/\/dypall.com\/fr\/wp-json\/wp\/v2\/posts\/1409\/revisions"}],"wp:featuredmedia":[{"embeddable":true,"href":"https:\/\/dypall.com\/fr\/wp-json\/"}],"wp:attachment":[{"href":"https:\/\/dypall.com\/fr\/wp-json\/wp\/v2\/media?parent=1409"}],"wp:term":[{"taxonomy":"category","embeddable":true,"href":"https:\/\/dypall.com\/fr\/wp-json\/wp\/v2\/categories?post=1409"},{"taxonomy":"post_tag","embeddable":true,"href":"https:\/\/dypall.com\/fr\/wp-json\/wp\/v2\/tags?post=1409"}],"curies":[{"name":"wp","href":"https:\/\/api.w.org\/{rel}","templated":true}]}}