{"id":7875,"date":"2024-10-16T15:22:22","date_gmt":"2024-10-16T15:22:22","guid":{"rendered":"https:\/\/dypall.com\/?p=7875"},"modified":"2024-10-21T16:21:50","modified_gmt":"2024-10-21T16:21:50","slug":"dypall-steering-group-member-bilal-ata-aktas-interviews-interim-prime-minister-of-bangladesh-muhammad-yunus","status":"publish","type":"post","link":"https:\/\/dypall.com\/fi\/interview\/dypall-steering-group-member-bilal-ata-aktas-interviews-interim-prime-minister-of-bangladesh-muhammad-yunus\/","title":{"rendered":"DYPALL-ohjausryhm\u00e4n j\u00e4sen Bilal Ata Aktas haastattelee Bangladeshin v\u00e4liaikaista p\u00e4\u00e4ministeri\u00e4 Muhammad Yunusta"},"content":{"rendered":"<p>Bilal Ata Aktas, DYPALL-verkoston ohjausryhm\u00e4n j\u00e4sen, verkoston ohjauksesta ja hallinnosta vastaava p\u00e4\u00e4elin ja verkoston p\u00e4\u00e4koordinaattori <a href=\"https:\/\/ku.mondediplo.com\/\"><em>Le Monde -diplomaatti<\/em> kurd\u00ee<\/a> Tuolloin h\u00e4nell\u00e4 oli \u00e4skett\u00e4in tilaisuus haastatella vuoden 2006 Nobelin rauhanpalkinnon saajaa ja Bangladeshin v\u00e4liaikaista p\u00e4\u00e4ministeri\u00e4 Muhammad Yunusia. Haastattelu tarjoaa ainutlaatuisen k\u00e4sityksen Yunuksen n\u00e4k\u00f6kulmista moniin merkitt\u00e4viin aiheisiin, kuten h\u00e4nen vision\u00e4\u00e4riseen mikroluottoj\u00e4rjestelm\u00e4\u00e4ns\u00e4, joka on muuttanut miljoonien ihmisten el\u00e4m\u00e4\u00e4 eri puolilla maailmaa, ja h\u00e4nen n\u00e4kemyksiins\u00e4 osallistavista politiikoista, joilla pyrit\u00e4\u00e4n voimaannuttamaan syrj\u00e4ytyneit\u00e4 yhteis\u00f6j\u00e4.&nbsp;<\/p>\n\n\n\n<p>Yunus pohtii my\u00f6s poliittista kantaansa, joka yll\u00e4tt\u00e4en kehittyi uudeksi ja odottamattomaksi poliittisen johtajan rooliksi, joka ohjasi Bangladeshia l\u00e4pi syv\u00e4llisen siirtym\u00e4vaiheen.&nbsp;<\/p>\n\n\n\n<p><em>\u201dKannustamme nuoria olemaan aktiivisempia ja luovempia.\u201d <\/em>&#8211; <strong>Muhammad Yunus<\/strong><\/p>\n\n\n\n<p><em>Noin kuukausi sitten sain yst\u00e4v\u00e4n kautta tarjouksen tavata Nobelin rauhanpalkinnon voittaja (2006) ja mikroluottoj\u00e4rjestelm\u00e4n perustaja Muhammad Yunus. Sanoin, ett\u00e4 voisin haastatella h\u00e4nt\u00e4. T\u00e4m\u00e4n tarjouksen tehnyt yst\u00e4v\u00e4 ei ollut tuolloin Pariisissa ja ty\u00f6skenteli Yunusin tiimiss\u00e4. Viikko t\u00e4m\u00e4n keskustelun j\u00e4lkeen, tapahtumien k\u00e4\u00e4nteess\u00e4, jota kukaan ei voinut ennustaa, Yunusista tuli Bangladeshin v\u00e4liaikainen p\u00e4\u00e4ministeri.<\/em><\/p>\n\n\n\n<p><em>Kurdiyhteis\u00f6lle Muhammad Yunus voi olla suhteellisen tuntematon nimi. H\u00e4nen 1980-luvulla perustamansa mikroluottoj\u00e4rjestelm\u00e4 on kuitenkin nostanut miljoonia ihmisi\u00e4 k\u00f6yhyydest\u00e4. Erityisesti monet naiset k\u00e4yttiv\u00e4t t\u00e4t\u00e4 mahdollisuutta hyv\u00e4kseen ja k\u00e4yttiv\u00e4t mikroluottoja pienyritysten perustamiseen. J\u00e4rjestelm\u00e4 tarjosi naisille pieni\u00e4 korottomia lainoja yritysten perustamiseen tai kaupallisten tarpeiden t\u00e4ytt\u00e4miseen.<\/em><\/p>\n\n\n\n<p><em>Yunus syntyi Bangladeshissa vuonna 1940. Suoritettuaan perus- ja keskiasteen koulutuksensa h\u00e4n meni Yhdysvaltoihin Fulbright-stipendill\u00e4. H\u00e4n suoritti tohtorintutkinnon taloustieteess\u00e4 ja aloitti ty\u00f6skentelyn akateemikkona Middle Tennessee State Universityss\u00e4. Bangladeshin itsen\u00e4isyyssodan aikana vuonna 1971 h\u00e4n tuki aktiivisesti itsen\u00e4isyysliikett\u00e4 Yhdysvalloista ja palasi maahansa sodan j\u00e4lkeen. Vastauksena vuoden 1974 n\u00e4l\u00e4nh\u00e4t\u00e4\u00e4n h\u00e4n keskittyi k\u00f6yhyyden lievitt\u00e4miseen ja perusti Grameen Bankin (mik\u00e4 tarkoittaa Village Bankia Bengalissa), mik\u00e4 merkitsi h\u00e4nen monimutkaisen poliittisen matkansa alkua.<\/em><\/p>\n\n\n\n<p><em>Ennen uutta virkaansa, joka alkoi 8. elokuuta, Bangladeshin p\u00e4\u00e4ministeri Sheikh Hasina joutui pakenemaan Intiaan 15 vuoden vallassa olon j\u00e4lkeen laajojen opiskelijamielenosoitusten vuoksi. Viimeinen oljenkorsi h\u00e4nen mielivaltaiselle, korruptoituneelle ja autoritaariselle hallinnolleen oli kiinti\u00f6j\u00e4rjestelm\u00e4n laki, joka jakoi 30% Hallituksen ty\u00f6paikoista niiden perheille, jotka taistelivat vuoden 1971 sodassa itsen\u00e4istymisest\u00e4 Pakistanista.&nbsp;<\/em><\/p>\n\n\n\n<p><em>Noin 400 ihmist\u00e4 menetti henkens\u00e4 mielenosoituksissa kolmen viikon aikana. Sheikh Hasinan l\u00e4hd\u00f6n j\u00e4lkeen Bangladeshin armeija ja nuoret aktivistit olivat yht\u00e4 mielt\u00e4 siit\u00e4, ett\u00e4 84-vuotias<\/em> <em>Muhammad Yunus toimisi Bangladeshin v\u00e4liaikaisena presidenttin\u00e4 seuraavaan vuoteen asti.<\/em> <em>Vaalit.<\/em><\/p>\n\n\n\n<p><em>H\u00e4nen puheenjohtajuuttaan pidet\u00e4\u00e4n nyt merkitt\u00e4v\u00e4n\u00e4 symbolisena voittona Bangladeshin kansalle. H\u00e4nell\u00e4 on kuitenkin edess\u00e4\u00e4n pelottava haaste johtaa jakautunutta maata ja k\u00e4sitell\u00e4<\/em> <em>laajalle levinnyt k\u00f6yhyys. Oli ilo tavata ja puhua h\u00e4nen kanssaan niin merkitt\u00e4v\u00e4ss\u00e4 ilmapiiriss\u00e4. J\u00e4rjestimme tapaamisen ja l\u00e4hdimme aikaisin aamulla. H\u00e4n oli Ranskassa Pariisin kunnan vieraana olympialaisissa (26. hein\u00e4kuuta \u2013 11. elokuuta), joissa h\u00e4nen kunniakseen nimettiin pelto. H\u00e4nen aikataulunsa oli t\u00e4ynn\u00e4, ja meill\u00e4 oli vain 15 minuuttia aikaa puhua.<\/em><\/p>\n\n\n\n<p><strong>Paljon kiitoksia, ett\u00e4 hyv\u00e4ksyitte t\u00e4m\u00e4n. Miten l\u00f6ysit Pariisin?<\/strong><\/p>\n\n\n\n<p>Min\u00e4 todella pidin siit\u00e4; Olen iloinen voidessani olla maailman p\u00e4\u00e4kaupungissa.&nbsp;<\/p>\n\n\n\n<p><strong>Sanoitte, ett\u00e4 vuoden 2024 Pariisin olympialaiset ovat t\u00e4rke\u00e4 askel osallistavissa olympialaisissa.<\/strong><\/p>\n\n\n\n<p>Kyll\u00e4, on eritt\u00e4in mukavaa n\u00e4hd\u00e4, ett\u00e4 olympialaisista on tulossa osallistavampia. Minulla oli tilaisuus keskustella n\u00e4ist\u00e4 asioista madame Hidalgon kanssa. Se n\u00e4ytt\u00e4\u00e4 olevan uusi k\u00e4\u00e4nnekohta.<\/p>\n\n\n\n<p><strong>Mutta jotkut sanovat, ett\u00e4 se on my\u00f6s monin tavoin sosiaalinen katastrofi. Rajoituksia on paljon, liput ovat kaksinkertaistuneet, monet opiskelijat on potkittu ulos asuntoloistaan, kodittomia on l\u00e4hetetty pois kaupungista jne. Onko se mielest\u00e4si my\u00f6s k\u00f6yhille?<\/strong><\/p>\n\n\n\n<p>En sanoisi, ett\u00e4 se on t\u00e4ydellinen, mutta se on hyv\u00e4 alku. Tietysti siin\u00e4 on joitakin puutteita, mutta ajatus n\u00e4iden politiikkojen sis\u00e4llytt\u00e4misest\u00e4 t\u00e4m\u00e4n mittakaavan tapahtumaan on eritt\u00e4in t\u00e4rke\u00e4. N\u00e4en, ett\u00e4 Pariisin olympialaiset ponnistelevat t\u00e4h\u00e4n suuntaan. Kun sanon t\u00e4m\u00e4n, puhun siit\u00e4, mit\u00e4 he voivat tehd\u00e4, en siit\u00e4, mit\u00e4 min\u00e4 teen. T\u00e4m\u00e4 tapahtuma on merkitt\u00e4v\u00e4 askel eteenp\u00e4in.<\/p>\n\n\n\n<p><strong>Puhutaanpa k\u00e4ynnist\u00e4m\u00e4st\u00e4si mikroluottoaloitteesta. Se on auttanut monia k\u00f6yhi\u00e4 nousemaan k\u00f6yhyydest\u00e4. Miten se on mielest\u00e4si auttanut nuoria, naisia ja muita heikommassa asemassa olevia ryhmi\u00e4?&nbsp;<\/strong><\/p>\n\n\n\n<p>Se on auttanut erityisesti n\u00e4it\u00e4 ryhmi\u00e4, koska niill\u00e4 ei ollut p\u00e4\u00e4sy\u00e4 suuriin yrityksiin rajallisten resurssien vuoksi. Olen iloinen siit\u00e4, ett\u00e4 se on antanut monille heist\u00e4 mahdollisuuden perustaa omia yrityksi\u00e4. Kannustamme heit\u00e4 olemaan aktiivisempia ja luovempia. Heill\u00e4 pit\u00e4isi olla samat mahdollisuudet kuin muillakin ik\u00e4tovereillaan, joten olen tyytyv\u00e4inen, ett\u00e4 siit\u00e4 on ollut hy\u00f6ty\u00e4. Meid\u00e4n on kuunneltava heit\u00e4 enemm\u00e4n.<\/p>\n\n\n\n<p><strong>Sinulla on my\u00f6s poliittinen tausta. Perustit puolueen vuonna 2007, joka oli<\/strong> <strong>lyhytik\u00e4inen. Harkitsetko paluuta politiikkaan?&nbsp;<\/strong><\/p>\n\n\n\n<p>Siit\u00e4 on kauan. Luvun k\u00e4sittely on p\u00e4\u00e4ttynyt, ja nyt keskityn muihin asioihin. Niin monta opiskelijaa on tapettu. Tiedotusv\u00e4lineiden olisi keskitytt\u00e4v\u00e4 t\u00e4h\u00e4n ja pohdittava oikeudenmukaisesti Bangladeshin tapahtumia.<\/p>\n\n\n\n<p><strong>Sinua pidet\u00e4\u00e4n kuitenkin edelleen poliittisena hahmona ja eritt\u00e4in vaikutusvaltaisena poliittisella alalla.&nbsp;<\/strong><\/p>\n\n\n\n<p>Kyll\u00e4, mutta se ei tarkoita, ett\u00e4 olisin poliitikko. Jos n\u00e4in olisi, kaikki olisivat poliitikkoja.<\/p>\n\n\n\n<p><strong>Teit\u00e4 syytet\u00e4\u00e4n my\u00f6s siit\u00e4, ett\u00e4 nykyinen p\u00e4\u00e4ministeri Sheikh<\/strong> <strong>Hasina, k\u00e4yt\u00e4n. Mit\u00e4 mielt\u00e4 olet heist\u00e4?<\/strong><\/p>\n\n\n\n<p>Ne kaikki pyrkiv\u00e4t sortamaan minua ja luomaan turva-alueen itselleen. Kaikki tiet\u00e4v\u00e4t, ett\u00e4 he ovat poliittisesti motivoituneita, koska h\u00e4n pelk\u00e4\u00e4 totuuden kertomista. H\u00e4n k\u00e4ytt\u00e4\u00e4 t\u00e4ll\u00e4 hetkell\u00e4 \u00e4\u00e4rimm\u00e4ist\u00e4 v\u00e4kivaltaa opiskelijoita kohtaan ja on vastuussa monien heist\u00e4 tappamisesta.<\/p>\n\n\n\n<p>By Bilal Ata Aktas, elokuu 2024 kaupungissa Pariisi<\/p>\n\n\n\n<p>T\u00e4ss\u00e4 artikkeli, joka on julkaistu<em> Le Monde -diplomaatti <\/em><em>kurd\u00ee<\/em><em>:<\/em> <a href=\"https:\/\/ku.mondediplo.com\/2024\/08\/hevpeyvina-taybet-ligel-serokwezire-bangladese-muhammad-yunus\">https:\/\/ku.mondediplo.com\/2024\/08\/hevpeyvina-taybet-ligel-serokwezire-bangladese-muhammad-yunus<\/a>&nbsp;<\/p>\n\n\n\n<figure class=\"wp-block-gallery has-nested-images columns-default is-cropped wp-block-gallery-1 is-layout-flex wp-block-gallery-is-layout-flex\">\n<figure class=\"wp-block-image size-large\"><img loading=\"lazy\" decoding=\"async\" width=\"890\" height=\"593\" data-id=\"7879\" src=\"https:\/\/dypall.com\/wp-content\/uploads\/2024\/10\/Bilal-article-02.jpg\" alt=\"\" class=\"wp-image-7879\" srcset=\"https:\/\/dypall.com\/wp-content\/uploads\/2024\/10\/Bilal-article-02.jpg 890w, https:\/\/dypall.com\/wp-content\/uploads\/2024\/10\/Bilal-article-02-768x512.jpg 768w\" sizes=\"auto, (max-width: 890px) 100vw, 890px\" \/><\/figure>\n\n\n\n<figure class=\"wp-block-image size-large\"><img loading=\"lazy\" decoding=\"async\" width=\"890\" height=\"593\" data-id=\"7878\" src=\"https:\/\/dypall.com\/wp-content\/uploads\/2024\/10\/Bilal-article-03.jpg\" alt=\"\" class=\"wp-image-7878\" srcset=\"https:\/\/dypall.com\/wp-content\/uploads\/2024\/10\/Bilal-article-03.jpg 890w, https:\/\/dypall.com\/wp-content\/uploads\/2024\/10\/Bilal-article-03-768x512.jpg 768w\" sizes=\"auto, (max-width: 890px) 100vw, 890px\" \/><\/figure>\n<\/figure>\n\n\n\n<p><\/p>\n\n\n\n<p><\/p>","protected":false},"excerpt":{"rendered":"<p>Bilal Ata Aktas, DYPALL-verkoston ohjausryhm\u00e4n j\u00e4sen, joka on verkostomme ohjauksesta ja hallinnosta vastaava p\u00e4\u00e4elin, ja tuolloin Le Monde diplomatique kurd\u00een p\u00e4\u00e4koordinaattori, sai \u00e4skett\u00e4in tilaisuuden haastatella vuoden 2006 Nobelin rauhanpalkinnon voittajaa ja Bangladeshin v\u00e4liaikaista p\u00e4\u00e4ministeri\u00e4 Muhammad Yunusta. Se... <a class=\"more-link\" href=\"https:\/\/dypall.com\/fi\/interview\/dypall-steering-group-member-bilal-ata-aktas-interviews-interim-prime-minister-of-bangladesh-muhammad-yunus\/\">Jatka lukemista <span class=\"screen-reader-text\">DYPALL-ohjausryhm\u00e4n j\u00e4sen Bilal Ata Aktas haastattelee Bangladeshin v\u00e4liaikaista p\u00e4\u00e4ministeri\u00e4 Muhammad Yunusta<\/span><\/a><\/p>","protected":false},"author":5,"featured_media":7880,"comment_status":"open","ping_status":"open","sticky":false,"template":"","format":"standard","meta":{"_acf_changed":false,"_jetpack_memberships_contains_paid_content":false,"footnotes":""},"categories":[229],"tags":[],"class_list":["post-7875","post","type-post","status-publish","format-standard","has-post-thumbnail","hentry","category-interview","entry"],"acf":[],"yoast_head":"<!-- This site is optimized with the Yoast SEO plugin v22.8 - https:\/\/yoast.com\/wordpress\/plugins\/seo\/ -->\n<title>DYPALL Steering Group member Bilal Ata Aktas interviews interim Prime Minister of Bangladesh, Muhammad Yunus - DYPALL Network<\/title>\n<meta name=\"description\" content=\"Bilal Ata Aktas, a member of the DYPALL Network Steering Group, the main body responsible for the guidance and governance of our Network, and the chief coordinator of Le Monde diplomatique kurd\u00ee back then, recently had the opportunity to interview the 2006 Nobel Peace Prize winner and interim Prime Minister of Bangladesh, Muhammad Yunus.\" \/>\n<meta name=\"robots\" content=\"index, follow, max-snippet:-1, max-image-preview:large, max-video-preview:-1\" \/>\n<link rel=\"canonical\" href=\"https:\/\/dypall.com\/fi\/interview\/dypall-steering-group-member-bilal-ata-aktas-interviews-interim-prime-minister-of-bangladesh-muhammad-yunus\/\" \/>\n<meta property=\"og:locale\" content=\"fi_FI\" \/>\n<meta property=\"og:type\" content=\"article\" \/>\n<meta property=\"og:title\" content=\"DYPALL Steering Group member Bilal Ata Aktas interviews interim Prime Minister of Bangladesh, Muhammad Yunus - DYPALL Network\" \/>\n<meta property=\"og:description\" content=\"Bilal Ata Aktas, a member of the DYPALL Network Steering Group, the main body responsible for the guidance and governance of our Network, and the chief coordinator of Le Monde diplomatique kurd\u00ee back then, recently had the opportunity to interview the 2006 Nobel Peace Prize winner and interim Prime Minister of Bangladesh, Muhammad Yunus.\" \/>\n<meta property=\"og:url\" content=\"https:\/\/dypall.com\/fi\/interview\/dypall-steering-group-member-bilal-ata-aktas-interviews-interim-prime-minister-of-bangladesh-muhammad-yunus\/\" \/>\n<meta property=\"og:site_name\" content=\"DYPALL Network\" \/>\n<meta property=\"article:published_time\" content=\"2024-10-16T15:22:22+00:00\" \/>\n<meta property=\"article:modified_time\" content=\"2024-10-21T16:21:50+00:00\" \/>\n<meta property=\"og:image\" content=\"https:\/\/dypall.com\/wp-content\/uploads\/2024\/10\/Bilal-article-01.jpg\" \/>\n\t<meta property=\"og:image:width\" content=\"890\" \/>\n\t<meta property=\"og:image:height\" content=\"593\" \/>\n\t<meta property=\"og:image:type\" content=\"image\/jpeg\" \/>\n<meta name=\"author\" content=\"DYPALL Network\" \/>\n<meta name=\"twitter:card\" content=\"summary_large_image\" \/>\n<meta name=\"twitter:label1\" content=\"Written by\" \/>\n\t<meta name=\"twitter:data1\" content=\"DYPALL Network\" \/>\n\t<meta name=\"twitter:label2\" content=\"Est. reading time\" \/>\n\t<meta name=\"twitter:data2\" content=\"6 minuuttia\" \/>\n<script type=\"application\/ld+json\" class=\"yoast-schema-graph\">{\"@context\":\"https:\/\/schema.org\",\"@graph\":[{\"@type\":\"WebPage\",\"@id\":\"https:\/\/dypall.com\/interview\/dypall-steering-group-member-bilal-ata-aktas-interviews-interim-prime-minister-of-bangladesh-muhammad-yunus\/\",\"url\":\"https:\/\/dypall.com\/interview\/dypall-steering-group-member-bilal-ata-aktas-interviews-interim-prime-minister-of-bangladesh-muhammad-yunus\/\",\"name\":\"DYPALL Steering Group member Bilal Ata Aktas interviews interim Prime Minister of Bangladesh, Muhammad Yunus - DYPALL Network\",\"isPartOf\":{\"@id\":\"https:\/\/dypall.com\/#website\"},\"primaryImageOfPage\":{\"@id\":\"https:\/\/dypall.com\/interview\/dypall-steering-group-member-bilal-ata-aktas-interviews-interim-prime-minister-of-bangladesh-muhammad-yunus\/#primaryimage\"},\"image\":{\"@id\":\"https:\/\/dypall.com\/interview\/dypall-steering-group-member-bilal-ata-aktas-interviews-interim-prime-minister-of-bangladesh-muhammad-yunus\/#primaryimage\"},\"thumbnailUrl\":\"https:\/\/dypall.com\/wp-content\/uploads\/2024\/10\/Bilal-article-01.jpg\",\"datePublished\":\"2024-10-16T15:22:22+00:00\",\"dateModified\":\"2024-10-21T16:21:50+00:00\",\"author\":{\"@id\":\"https:\/\/dypall.com\/#\/schema\/person\/e87206094ce8bcf88449b35f00e40fb1\"},\"description\":\"Bilal Ata Aktas, a member of the DYPALL Network Steering Group, the main body responsible for the guidance and governance of our Network, and the chief coordinator of Le Monde diplomatique kurd\u00ee back then, recently had the opportunity to interview the 2006 Nobel Peace Prize winner and interim Prime Minister of Bangladesh, Muhammad Yunus.\",\"breadcrumb\":{\"@id\":\"https:\/\/dypall.com\/interview\/dypall-steering-group-member-bilal-ata-aktas-interviews-interim-prime-minister-of-bangladesh-muhammad-yunus\/#breadcrumb\"},\"inLanguage\":\"fi\",\"potentialAction\":[{\"@type\":\"ReadAction\",\"target\":[\"https:\/\/dypall.com\/interview\/dypall-steering-group-member-bilal-ata-aktas-interviews-interim-prime-minister-of-bangladesh-muhammad-yunus\/\"]}]},{\"@type\":\"ImageObject\",\"inLanguage\":\"fi\",\"@id\":\"https:\/\/dypall.com\/interview\/dypall-steering-group-member-bilal-ata-aktas-interviews-interim-prime-minister-of-bangladesh-muhammad-yunus\/#primaryimage\",\"url\":\"https:\/\/dypall.com\/wp-content\/uploads\/2024\/10\/Bilal-article-01.jpg\",\"contentUrl\":\"https:\/\/dypall.com\/wp-content\/uploads\/2024\/10\/Bilal-article-01.jpg\",\"width\":890,\"height\":593},{\"@type\":\"BreadcrumbList\",\"@id\":\"https:\/\/dypall.com\/interview\/dypall-steering-group-member-bilal-ata-aktas-interviews-interim-prime-minister-of-bangladesh-muhammad-yunus\/#breadcrumb\",\"itemListElement\":[{\"@type\":\"ListItem\",\"position\":1,\"name\":\"Home\",\"item\":\"https:\/\/dypall.com\/\"},{\"@type\":\"ListItem\",\"position\":2,\"name\":\"DYPALL Steering Group member Bilal Ata Aktas interviews interim Prime Minister of Bangladesh, Muhammad Yunus\"}]},{\"@type\":\"WebSite\",\"@id\":\"https:\/\/dypall.com\/#website\",\"url\":\"https:\/\/dypall.com\/\",\"name\":\"DYPALL Network\",\"description\":\"We are a European network of civil society organisations, municipalities and research institutions dedicated to improving democracy through youth participation.\",\"potentialAction\":[{\"@type\":\"SearchAction\",\"target\":{\"@type\":\"EntryPoint\",\"urlTemplate\":\"https:\/\/dypall.com\/?s={search_term_string}\"},\"query-input\":\"required name=search_term_string\"}],\"inLanguage\":\"fi\"},{\"@type\":\"Person\",\"@id\":\"https:\/\/dypall.com\/#\/schema\/person\/e87206094ce8bcf88449b35f00e40fb1\",\"name\":\"DYPALL Network\",\"image\":{\"@type\":\"ImageObject\",\"inLanguage\":\"fi\",\"@id\":\"https:\/\/dypall.com\/#\/schema\/person\/image\/\",\"url\":\"https:\/\/secure.gravatar.com\/avatar\/1061d2d4c9b4f1a9b496774795b5deac1200dfd1d3abecb8f85cf8b580e6963b?s=96&d=mm&r=g\",\"contentUrl\":\"https:\/\/secure.gravatar.com\/avatar\/1061d2d4c9b4f1a9b496774795b5deac1200dfd1d3abecb8f85cf8b580e6963b?s=96&d=mm&r=g\",\"caption\":\"DYPALL Network\"},\"sameAs\":[\"https:\/\/dypall.com\/\"],\"url\":\"https:\/\/dypall.com\/fi\/author\/dypallonsteroids\/\"}]}<\/script>\n<!-- \/ Yoast SEO plugin. -->","yoast_head_json":{"title":"DYPALL Steering Group member Bilal Ata Aktas interviews interim Prime Minister of Bangladesh, Muhammad Yunus - DYPALL Network","description":"Bilal Ata Aktas, a member of the DYPALL Network Steering Group, the main body responsible for the guidance and governance of our Network, and the chief coordinator of Le Monde diplomatique kurd\u00ee back then, recently had the opportunity to interview the 2006 Nobel Peace Prize winner and interim Prime Minister of Bangladesh, Muhammad Yunus.","robots":{"index":"index","follow":"follow","max-snippet":"max-snippet:-1","max-image-preview":"max-image-preview:large","max-video-preview":"max-video-preview:-1"},"canonical":"https:\/\/dypall.com\/fi\/interview\/dypall-steering-group-member-bilal-ata-aktas-interviews-interim-prime-minister-of-bangladesh-muhammad-yunus\/","og_locale":"fi_FI","og_type":"article","og_title":"DYPALL Steering Group member Bilal Ata Aktas interviews interim Prime Minister of Bangladesh, Muhammad Yunus - DYPALL Network","og_description":"Bilal Ata Aktas, a member of the DYPALL Network Steering Group, the main body responsible for the guidance and governance of our Network, and the chief coordinator of Le Monde diplomatique kurd\u00ee back then, recently had the opportunity to interview the 2006 Nobel Peace Prize winner and interim Prime Minister of Bangladesh, Muhammad Yunus.","og_url":"https:\/\/dypall.com\/fi\/interview\/dypall-steering-group-member-bilal-ata-aktas-interviews-interim-prime-minister-of-bangladesh-muhammad-yunus\/","og_site_name":"DYPALL Network","article_published_time":"2024-10-16T15:22:22+00:00","article_modified_time":"2024-10-21T16:21:50+00:00","og_image":[{"width":890,"height":593,"url":"https:\/\/dypall.com\/wp-content\/uploads\/2024\/10\/Bilal-article-01.jpg","type":"image\/jpeg"}],"author":"DYPALL Network","twitter_card":"summary_large_image","twitter_misc":{"Written by":"DYPALL Network","Est. reading time":"6 minuuttia"},"schema":{"@context":"https:\/\/schema.org","@graph":[{"@type":"WebPage","@id":"https:\/\/dypall.com\/interview\/dypall-steering-group-member-bilal-ata-aktas-interviews-interim-prime-minister-of-bangladesh-muhammad-yunus\/","url":"https:\/\/dypall.com\/interview\/dypall-steering-group-member-bilal-ata-aktas-interviews-interim-prime-minister-of-bangladesh-muhammad-yunus\/","name":"DYPALL Steering Group member Bilal Ata Aktas interviews interim Prime Minister of Bangladesh, Muhammad Yunus - DYPALL Network","isPartOf":{"@id":"https:\/\/dypall.com\/#website"},"primaryImageOfPage":{"@id":"https:\/\/dypall.com\/interview\/dypall-steering-group-member-bilal-ata-aktas-interviews-interim-prime-minister-of-bangladesh-muhammad-yunus\/#primaryimage"},"image":{"@id":"https:\/\/dypall.com\/interview\/dypall-steering-group-member-bilal-ata-aktas-interviews-interim-prime-minister-of-bangladesh-muhammad-yunus\/#primaryimage"},"thumbnailUrl":"https:\/\/dypall.com\/wp-content\/uploads\/2024\/10\/Bilal-article-01.jpg","datePublished":"2024-10-16T15:22:22+00:00","dateModified":"2024-10-21T16:21:50+00:00","author":{"@id":"https:\/\/dypall.com\/#\/schema\/person\/e87206094ce8bcf88449b35f00e40fb1"},"description":"Bilal Ata Aktas, a member of the DYPALL Network Steering Group, the main body responsible for the guidance and governance of our Network, and the chief coordinator of Le Monde diplomatique kurd\u00ee back then, recently had the opportunity to interview the 2006 Nobel Peace Prize winner and interim Prime Minister of Bangladesh, Muhammad Yunus.","breadcrumb":{"@id":"https:\/\/dypall.com\/interview\/dypall-steering-group-member-bilal-ata-aktas-interviews-interim-prime-minister-of-bangladesh-muhammad-yunus\/#breadcrumb"},"inLanguage":"fi","potentialAction":[{"@type":"ReadAction","target":["https:\/\/dypall.com\/interview\/dypall-steering-group-member-bilal-ata-aktas-interviews-interim-prime-minister-of-bangladesh-muhammad-yunus\/"]}]},{"@type":"ImageObject","inLanguage":"fi","@id":"https:\/\/dypall.com\/interview\/dypall-steering-group-member-bilal-ata-aktas-interviews-interim-prime-minister-of-bangladesh-muhammad-yunus\/#primaryimage","url":"https:\/\/dypall.com\/wp-content\/uploads\/2024\/10\/Bilal-article-01.jpg","contentUrl":"https:\/\/dypall.com\/wp-content\/uploads\/2024\/10\/Bilal-article-01.jpg","width":890,"height":593},{"@type":"BreadcrumbList","@id":"https:\/\/dypall.com\/interview\/dypall-steering-group-member-bilal-ata-aktas-interviews-interim-prime-minister-of-bangladesh-muhammad-yunus\/#breadcrumb","itemListElement":[{"@type":"ListItem","position":1,"name":"Home","item":"https:\/\/dypall.com\/"},{"@type":"ListItem","position":2,"name":"DYPALL Steering Group member Bilal Ata Aktas interviews interim Prime Minister of Bangladesh, Muhammad Yunus"}]},{"@type":"WebSite","@id":"https:\/\/dypall.com\/#website","url":"https:\/\/dypall.com\/","name":"DYPALL Network","description":"We are a European network of civil society organisations, municipalities and research institutions dedicated to improving democracy through youth participation.","potentialAction":[{"@type":"SearchAction","target":{"@type":"EntryPoint","urlTemplate":"https:\/\/dypall.com\/?s={search_term_string}"},"query-input":"required name=search_term_string"}],"inLanguage":"fi"},{"@type":"Person","@id":"https:\/\/dypall.com\/#\/schema\/person\/e87206094ce8bcf88449b35f00e40fb1","name":"DYPALL Network","image":{"@type":"ImageObject","inLanguage":"fi","@id":"https:\/\/dypall.com\/#\/schema\/person\/image\/","url":"https:\/\/secure.gravatar.com\/avatar\/1061d2d4c9b4f1a9b496774795b5deac1200dfd1d3abecb8f85cf8b580e6963b?s=96&d=mm&r=g","contentUrl":"https:\/\/secure.gravatar.com\/avatar\/1061d2d4c9b4f1a9b496774795b5deac1200dfd1d3abecb8f85cf8b580e6963b?s=96&d=mm&r=g","caption":"DYPALL Network"},"sameAs":["https:\/\/dypall.com\/"],"url":"https:\/\/dypall.com\/fi\/author\/dypallonsteroids\/"}]}},"jetpack_featured_media_url":"https:\/\/dypall.com\/wp-content\/uploads\/2024\/10\/Bilal-article-01.jpg","jetpack_sharing_enabled":true,"_links":{"self":[{"href":"https:\/\/dypall.com\/fi\/wp-json\/wp\/v2\/posts\/7875","targetHints":{"allow":["GET"]}}],"collection":[{"href":"https:\/\/dypall.com\/fi\/wp-json\/wp\/v2\/posts"}],"about":[{"href":"https:\/\/dypall.com\/fi\/wp-json\/wp\/v2\/types\/post"}],"author":[{"embeddable":true,"href":"https:\/\/dypall.com\/fi\/wp-json\/wp\/v2\/users\/5"}],"replies":[{"embeddable":true,"href":"https:\/\/dypall.com\/fi\/wp-json\/wp\/v2\/comments?post=7875"}],"version-history":[{"count":5,"href":"https:\/\/dypall.com\/fi\/wp-json\/wp\/v2\/posts\/7875\/revisions"}],"predecessor-version":[{"id":7940,"href":"https:\/\/dypall.com\/fi\/wp-json\/wp\/v2\/posts\/7875\/revisions\/7940"}],"wp:featuredmedia":[{"embeddable":true,"href":"https:\/\/dypall.com\/fi\/wp-json\/wp\/v2\/media\/7880"}],"wp:attachment":[{"href":"https:\/\/dypall.com\/fi\/wp-json\/wp\/v2\/media?parent=7875"}],"wp:term":[{"taxonomy":"category","embeddable":true,"href":"https:\/\/dypall.com\/fi\/wp-json\/wp\/v2\/categories?post=7875"},{"taxonomy":"post_tag","embeddable":true,"href":"https:\/\/dypall.com\/fi\/wp-json\/wp\/v2\/tags?post=7875"}],"curies":[{"name":"wp","href":"https:\/\/api.w.org\/{rel}","templated":true}]}}