{"id":7484,"date":"2024-06-20T16:27:36","date_gmt":"2024-06-20T16:27:36","guid":{"rendered":"https:\/\/dypall.com\/?p=7484"},"modified":"2024-06-20T16:27:37","modified_gmt":"2024-06-20T16:27:37","slug":"study-visit-to-ghent-youth-policies-for-better-local-democracies","status":"publish","type":"post","link":"https:\/\/dypall.com\/fi\/activity\/study-visit-to-ghent-youth-policies-for-better-local-democracies\/","title":{"rendered":"Tutustumisvierailu Gentiin \u201dNuorisopolitiikka paikallisten demokratioiden parantamiseksi\u201d"},"content":{"rendered":"<p>DYPALL-verkoston yhteisty\u00f6ss\u00e4 Bataljongin ja Gentin kaupungin nuoriso-osaston kanssa j\u00e4rjest\u00e4m\u00e4 tutustumisvierailu Gentiin \u201dYouth policies for better local democracies\u201d j\u00e4rjestettiin 27. toukokuuta \u2013 1. kes\u00e4kuuta 2024 Gentiss\u00e4 Belgiassa.&nbsp;<\/p>\n\n\n\n<p>Toiminnan aikana osallistujat oppivat nuorten osallistumisesta <a href=\"https:\/\/stad.gent\/en\/city-governance-organisation\/city-policy\/ghent-child-and-youth-friendly-city\/ghent-european-youth-capital-2024\">Gentin<\/a>, Euroopan nuorisop\u00e4\u00e4kaupunki 2024, ja tutustui muihin eurooppalaisiin organisaatioihin, jotka toimivat nuorten osallistumisen alalla paikallistason p\u00e4\u00e4t\u00f6ksentekoprosesseissa.<\/p>\n\n\n\n<p>Tutustumisvierailun ohjelma tarjosi osallistujille mahdollisuuden oppia <a href=\"https:\/\/bataljong.be\/\">Bataljong<\/a>\u201dparhaat k\u00e4yt\u00e4nn\u00f6t. Keskittyen demokraattisten prosessien tehostamiseen Bataljong tarjoaa jatkuvaa tukea Flanderin, Belgian, paikallishallinnoille sellaisten foorumien perustamisessa ja yll\u00e4pit\u00e4misess\u00e4, joilla nuoret voivat osallistua p\u00e4\u00e4t\u00f6ksentekoon. Osallistujat tutustuivat aloitteisiin, kuten Debattle, Jonge Wegweters ja Roadmap. He olivat my\u00f6s yhteydess\u00e4 Gentin paikalliseen nuorisoneuvostoon. T\u00e4m\u00e4 neuvosto, joka koostuu 20:st\u00e4 16\u201330-vuotiaasta j\u00e4senest\u00e4, neuvoo politiikassa, j\u00e4rjest\u00e4\u00e4 vaalit ja laatii muistion nuorten painopisteist\u00e4, jotka sis\u00e4llytet\u00e4\u00e4n paikallisvaaleja koskeviin poliittisiin ohjelmiin, ja esittelee sen poliittisille puolueille.<\/p>\n\n\n\n<p>Vierailut <a href=\"https:\/\/www.larf.be\/\">LARF! - Mit\u00e4?<\/a> ja <a href=\"https:\/\/www.broei.be\/\">BROEI<\/a> antoi osallistujille mahdollisuuden tutustua nuorten osallistumista koskeviin k\u00e4yt\u00e4nt\u00f6ihin omakohtaisesti. LARF! on voittoa tavoittelematon organisaatio ja kulttuurikasvatusorganisaatio, jossa lapset ja nuoret ovat keski\u00f6ss\u00e4 alkuper\u00e4st\u00e4\u00e4n, taustastaan tai lahjakkuudestaan riippumatta, ja BROEI on luova tila, joka tukee EYC: t\u00e4 toiminnalla, jossa 25 nuorisosuuntautunutta organisaatiota hy\u00f6dynt\u00e4\u00e4 tilaa ja ohjelmaa. BROEI-laboratorio koostuu 60 ihmisest\u00e4, jotka antavat ty\u00f6pajoja toisilleen ja oppivat yhdess\u00e4.<\/p>\n\n\n\n<p>Lis\u00e4ksi osallistuminen Bataljongin j\u00e4rjest\u00e4m\u00e4\u00e4n foorumi C:n p\u00e4\u00e4t\u00f6skonferenssiin rikastutti vierailua entisest\u00e4\u00e4n hyvill\u00e4 malleilla paikallisten nuorten osallistumisesta p\u00e4\u00e4t\u00f6ksentekoon. Foorumi C korostaa paikallispolitiikan tekemist\u00e4 yhdess\u00e4 nuorten kanssa ja sit\u00e4, ett\u00e4 nuoret n\u00e4hd\u00e4\u00e4n osana ekosysteemi\u00e4. Keskeisiss\u00e4 keskusteluissa korostettiin nuorten \u00e4\u00e4nen merkityst\u00e4 p\u00e4\u00e4t\u00f6ksenteossa, tarvetta saada parempaa tietoa siit\u00e4, miten politiikka toimii, ja strategioita sek\u00e4 nuorten ett\u00e4 poliitikkojen osallistamiseksi vuoropuheluun.<\/p>\n\n\n\n<p>Tutustumisvierailu rahoitettiin Erasmus+ -ohjelmasta kansallisen JINT-toimiston kautta.<\/p>\n\n\n\n<figure class=\"wp-block-gallery has-nested-images columns-default is-cropped wp-block-gallery-1 is-layout-flex wp-block-gallery-is-layout-flex\">\n<figure class=\"wp-block-image size-large\"><img loading=\"lazy\" decoding=\"async\" width=\"2000\" height=\"1500\" data-id=\"7485\" src=\"https:\/\/dypall.com\/wp-content\/uploads\/2024\/06\/SV-Ghent_1.jpeg\" alt=\"\" class=\"wp-image-7485\" srcset=\"https:\/\/dypall.com\/wp-content\/uploads\/2024\/06\/SV-Ghent_1.jpeg 2000w, https:\/\/dypall.com\/wp-content\/uploads\/2024\/06\/SV-Ghent_1-768x576.jpeg 768w, https:\/\/dypall.com\/wp-content\/uploads\/2024\/06\/SV-Ghent_1-1536x1152.jpeg 1536w, https:\/\/dypall.com\/wp-content\/uploads\/2024\/06\/SV-Ghent_1-1568x1176.jpeg 1568w\" sizes=\"auto, (max-width: 2000px) 100vw, 2000px\" \/><\/figure>\n\n\n\n<figure class=\"wp-block-image size-large\"><img loading=\"lazy\" decoding=\"async\" width=\"1600\" height=\"1200\" data-id=\"7492\" src=\"https:\/\/dypall.com\/wp-content\/uploads\/2024\/06\/SV-Ghent-9.jpeg\" alt=\"\" class=\"wp-image-7492\" srcset=\"https:\/\/dypall.com\/wp-content\/uploads\/2024\/06\/SV-Ghent-9.jpeg 1600w, https:\/\/dypall.com\/wp-content\/uploads\/2024\/06\/SV-Ghent-9-768x576.jpeg 768w, https:\/\/dypall.com\/wp-content\/uploads\/2024\/06\/SV-Ghent-9-1536x1152.jpeg 1536w, https:\/\/dypall.com\/wp-content\/uploads\/2024\/06\/SV-Ghent-9-1568x1176.jpeg 1568w\" sizes=\"auto, (max-width: 1600px) 100vw, 1600px\" \/><\/figure>\n\n\n\n<figure class=\"wp-block-image size-large\"><img loading=\"lazy\" decoding=\"async\" width=\"1600\" height=\"1200\" data-id=\"7487\" src=\"https:\/\/dypall.com\/wp-content\/uploads\/2024\/06\/SV-Ghent-3.jpeg\" alt=\"\" class=\"wp-image-7487\" srcset=\"https:\/\/dypall.com\/wp-content\/uploads\/2024\/06\/SV-Ghent-3.jpeg 1600w, https:\/\/dypall.com\/wp-content\/uploads\/2024\/06\/SV-Ghent-3-768x576.jpeg 768w, https:\/\/dypall.com\/wp-content\/uploads\/2024\/06\/SV-Ghent-3-1536x1152.jpeg 1536w, https:\/\/dypall.com\/wp-content\/uploads\/2024\/06\/SV-Ghent-3-1568x1176.jpeg 1568w\" sizes=\"auto, (max-width: 1600px) 100vw, 1600px\" \/><\/figure>\n\n\n\n<figure class=\"wp-block-image size-large\"><img loading=\"lazy\" decoding=\"async\" width=\"1500\" height=\"2000\" data-id=\"7488\" src=\"https:\/\/dypall.com\/wp-content\/uploads\/2024\/06\/SV-Ghent-4.jpeg\" alt=\"\" class=\"wp-image-7488\" srcset=\"https:\/\/dypall.com\/wp-content\/uploads\/2024\/06\/SV-Ghent-4.jpeg 1500w, https:\/\/dypall.com\/wp-content\/uploads\/2024\/06\/SV-Ghent-4-768x1024.jpeg 768w, https:\/\/dypall.com\/wp-content\/uploads\/2024\/06\/SV-Ghent-4-1152x1536.jpeg 1152w\" sizes=\"auto, (max-width: 1500px) 100vw, 1500px\" \/><\/figure>\n\n\n\n<figure class=\"wp-block-image size-large\"><img loading=\"lazy\" decoding=\"async\" width=\"2000\" height=\"1500\" data-id=\"7490\" src=\"https:\/\/dypall.com\/wp-content\/uploads\/2024\/06\/SV-Ghent-6.jpeg\" alt=\"\" class=\"wp-image-7490\" srcset=\"https:\/\/dypall.com\/wp-content\/uploads\/2024\/06\/SV-Ghent-6.jpeg 2000w, https:\/\/dypall.com\/wp-content\/uploads\/2024\/06\/SV-Ghent-6-768x576.jpeg 768w, https:\/\/dypall.com\/wp-content\/uploads\/2024\/06\/SV-Ghent-6-1536x1152.jpeg 1536w, https:\/\/dypall.com\/wp-content\/uploads\/2024\/06\/SV-Ghent-6-1568x1176.jpeg 1568w\" sizes=\"auto, (max-width: 2000px) 100vw, 2000px\" \/><\/figure>\n\n\n\n<figure class=\"wp-block-image size-large\"><img loading=\"lazy\" decoding=\"async\" width=\"1500\" height=\"2000\" data-id=\"7491\" src=\"https:\/\/dypall.com\/wp-content\/uploads\/2024\/06\/SV-Ghent-7.jpeg\" alt=\"\" class=\"wp-image-7491\" srcset=\"https:\/\/dypall.com\/wp-content\/uploads\/2024\/06\/SV-Ghent-7.jpeg 1500w, https:\/\/dypall.com\/wp-content\/uploads\/2024\/06\/SV-Ghent-7-768x1024.jpeg 768w, https:\/\/dypall.com\/wp-content\/uploads\/2024\/06\/SV-Ghent-7-1152x1536.jpeg 1152w\" sizes=\"auto, (max-width: 1500px) 100vw, 1500px\" \/><\/figure>\n<\/figure>","protected":false},"excerpt":{"rendered":"<p>DYPALL-verkoston yhteisty\u00f6ss\u00e4 Bataljongin ja Gentin kaupungin nuoriso-osaston kanssa j\u00e4rjest\u00e4m\u00e4 tutustumisvierailu Gentiin \u201dYouth policies for better local democracies\u201d j\u00e4rjestettiin 27. toukokuuta \u2013 1. kes\u00e4kuuta 2024 Gentiss\u00e4 Belgiassa.\u00a0 Toiminnan aikana osallistujat saivat tietoa nuorten osallistumisesta Gentiss\u00e4, Euroopan nuorisop\u00e4\u00e4kaupungissa... <a class=\"more-link\" href=\"https:\/\/dypall.com\/fi\/activity\/study-visit-to-ghent-youth-policies-for-better-local-democracies\/\">Jatka lukemista <span class=\"screen-reader-text\">Tutustumisvierailu Gentiin \u201dNuorisopolitiikka paikallisten demokratioiden parantamiseksi\u201d<\/span><\/a><\/p>","protected":false},"author":1,"featured_media":7486,"comment_status":"open","ping_status":"open","sticky":false,"template":"","format":"standard","meta":{"_acf_changed":false,"_jetpack_memberships_contains_paid_content":false,"footnotes":""},"categories":[111,152],"tags":[116,129],"class_list":["post-7484","post","type-post","status-publish","format-standard","has-post-thumbnail","hentry","category-activity","category-study-visits","tag-dypall-network","tag-study-visit","entry"],"acf":[],"yoast_head":"<!-- This site is optimized with the Yoast SEO plugin v22.8 - https:\/\/yoast.com\/wordpress\/plugins\/seo\/ -->\n<title>Study visit to Ghent \u201cYouth policies for better local democracies\u201d - DYPALL Network<\/title>\n<meta name=\"description\" content=\"The Study visit to Ghent \u201cYouth policies for better local democracies\u201d, organised by DYPALL Network in cooperation with Bataljong and the Youth Department of the City of Ghent, took place from 27th May \u2013 1st June 2024 in Ghent, Belgium.\u00a0\" \/>\n<meta name=\"robots\" content=\"index, follow, max-snippet:-1, max-image-preview:large, max-video-preview:-1\" \/>\n<link rel=\"canonical\" href=\"https:\/\/dypall.com\/fi\/activity\/study-visit-to-ghent-youth-policies-for-better-local-democracies\/\" \/>\n<meta property=\"og:locale\" content=\"fi_FI\" \/>\n<meta property=\"og:type\" content=\"article\" \/>\n<meta property=\"og:title\" content=\"Study visit to Ghent \u201cYouth policies for better local democracies\u201d - DYPALL Network\" \/>\n<meta property=\"og:description\" content=\"The Study visit to Ghent \u201cYouth policies for better local democracies\u201d, organised by DYPALL Network in cooperation with Bataljong and the Youth Department of the City of Ghent, took place from 27th May \u2013 1st June 2024 in Ghent, Belgium.\u00a0\" \/>\n<meta property=\"og:url\" content=\"https:\/\/dypall.com\/fi\/activity\/study-visit-to-ghent-youth-policies-for-better-local-democracies\/\" \/>\n<meta property=\"og:site_name\" content=\"DYPALL Network\" \/>\n<meta property=\"article:published_time\" content=\"2024-06-20T16:27:36+00:00\" \/>\n<meta property=\"article:modified_time\" content=\"2024-06-20T16:27:37+00:00\" \/>\n<meta property=\"og:image\" content=\"https:\/\/dypall.com\/wp-content\/uploads\/2024\/06\/SV-Ghent-2.jpeg\" \/>\n\t<meta property=\"og:image:width\" content=\"1600\" \/>\n\t<meta property=\"og:image:height\" content=\"1200\" \/>\n\t<meta property=\"og:image:type\" content=\"image\/jpeg\" \/>\n<meta name=\"author\" content=\"DYPALL Network\" \/>\n<meta name=\"twitter:card\" content=\"summary_large_image\" \/>\n<meta name=\"twitter:label1\" content=\"Kirjoittanut\" \/>\n\t<meta name=\"twitter:data1\" content=\"DYPALL Network\" \/>\n\t<meta name=\"twitter:label2\" content=\"Arvioitu lukuaika\" \/>\n\t<meta name=\"twitter:data2\" content=\"3 minuuttia\" \/>\n<script type=\"application\/ld+json\" class=\"yoast-schema-graph\">{\"@context\":\"https:\/\/schema.org\",\"@graph\":[{\"@type\":\"WebPage\",\"@id\":\"https:\/\/dypall.com\/activity\/study-visit-to-ghent-youth-policies-for-better-local-democracies\/\",\"url\":\"https:\/\/dypall.com\/activity\/study-visit-to-ghent-youth-policies-for-better-local-democracies\/\",\"name\":\"Study visit to Ghent \u201cYouth policies for better local democracies\u201d - DYPALL Network\",\"isPartOf\":{\"@id\":\"https:\/\/dypall.com\/#website\"},\"primaryImageOfPage\":{\"@id\":\"https:\/\/dypall.com\/activity\/study-visit-to-ghent-youth-policies-for-better-local-democracies\/#primaryimage\"},\"image\":{\"@id\":\"https:\/\/dypall.com\/activity\/study-visit-to-ghent-youth-policies-for-better-local-democracies\/#primaryimage\"},\"thumbnailUrl\":\"https:\/\/dypall.com\/wp-content\/uploads\/2024\/06\/SV-Ghent-2.jpeg\",\"datePublished\":\"2024-06-20T16:27:36+00:00\",\"dateModified\":\"2024-06-20T16:27:37+00:00\",\"author\":{\"@id\":\"https:\/\/dypall.com\/#\/schema\/person\/f92e08aa15c8ba711a9d153129f03377\"},\"description\":\"The Study visit to Ghent \u201cYouth policies for better local democracies\u201d, organised by DYPALL Network in cooperation with Bataljong and the Youth Department of the City of Ghent, took place from 27th May \u2013 1st June 2024 in Ghent, Belgium.\u00a0\",\"breadcrumb\":{\"@id\":\"https:\/\/dypall.com\/activity\/study-visit-to-ghent-youth-policies-for-better-local-democracies\/#breadcrumb\"},\"inLanguage\":\"fi\",\"potentialAction\":[{\"@type\":\"ReadAction\",\"target\":[\"https:\/\/dypall.com\/activity\/study-visit-to-ghent-youth-policies-for-better-local-democracies\/\"]}]},{\"@type\":\"ImageObject\",\"inLanguage\":\"fi\",\"@id\":\"https:\/\/dypall.com\/activity\/study-visit-to-ghent-youth-policies-for-better-local-democracies\/#primaryimage\",\"url\":\"https:\/\/dypall.com\/wp-content\/uploads\/2024\/06\/SV-Ghent-2.jpeg\",\"contentUrl\":\"https:\/\/dypall.com\/wp-content\/uploads\/2024\/06\/SV-Ghent-2.jpeg\",\"width\":1600,\"height\":1200},{\"@type\":\"BreadcrumbList\",\"@id\":\"https:\/\/dypall.com\/activity\/study-visit-to-ghent-youth-policies-for-better-local-democracies\/#breadcrumb\",\"itemListElement\":[{\"@type\":\"ListItem\",\"position\":1,\"name\":\"Home\",\"item\":\"https:\/\/dypall.com\/\"},{\"@type\":\"ListItem\",\"position\":2,\"name\":\"Study visit to Ghent \u201cYouth policies for better local democracies\u201d\"}]},{\"@type\":\"WebSite\",\"@id\":\"https:\/\/dypall.com\/#website\",\"url\":\"https:\/\/dypall.com\/\",\"name\":\"DYPALL Network\",\"description\":\"We are a European network of civil society organisations, municipalities and research institutions dedicated to improving democracy through youth participation.\",\"potentialAction\":[{\"@type\":\"SearchAction\",\"target\":{\"@type\":\"EntryPoint\",\"urlTemplate\":\"https:\/\/dypall.com\/?s={search_term_string}\"},\"query-input\":\"required name=search_term_string\"}],\"inLanguage\":\"fi\"},{\"@type\":\"Person\",\"@id\":\"https:\/\/dypall.com\/#\/schema\/person\/f92e08aa15c8ba711a9d153129f03377\",\"name\":\"DYPALL Network\",\"image\":{\"@type\":\"ImageObject\",\"inLanguage\":\"fi\",\"@id\":\"https:\/\/dypall.com\/#\/schema\/person\/image\/\",\"url\":\"https:\/\/secure.gravatar.com\/avatar\/9c39e299279800c6d69c5e02cf613e7bab060889f373052a03d7ac399e8f0d3c?s=96&d=mm&r=g\",\"contentUrl\":\"https:\/\/secure.gravatar.com\/avatar\/9c39e299279800c6d69c5e02cf613e7bab060889f373052a03d7ac399e8f0d3c?s=96&d=mm&r=g\",\"caption\":\"DYPALL Network\"},\"sameAs\":[\"https:\/\/dypall.com\"],\"url\":\"https:\/\/dypall.com\/fi\/author\/dypall\/\"}]}<\/script>\n<!-- \/ Yoast SEO plugin. -->","yoast_head_json":{"title":"Study visit to Ghent \u201cYouth policies for better local democracies\u201d - DYPALL Network","description":"The Study visit to Ghent \u201cYouth policies for better local democracies\u201d, organised by DYPALL Network in cooperation with Bataljong and the Youth Department of the City of Ghent, took place from 27th May \u2013 1st June 2024 in Ghent, Belgium.\u00a0","robots":{"index":"index","follow":"follow","max-snippet":"max-snippet:-1","max-image-preview":"max-image-preview:large","max-video-preview":"max-video-preview:-1"},"canonical":"https:\/\/dypall.com\/fi\/activity\/study-visit-to-ghent-youth-policies-for-better-local-democracies\/","og_locale":"fi_FI","og_type":"article","og_title":"Study visit to Ghent \u201cYouth policies for better local democracies\u201d - DYPALL Network","og_description":"The Study visit to Ghent \u201cYouth policies for better local democracies\u201d, organised by DYPALL Network in cooperation with Bataljong and the Youth Department of the City of Ghent, took place from 27th May \u2013 1st June 2024 in Ghent, Belgium.\u00a0","og_url":"https:\/\/dypall.com\/fi\/activity\/study-visit-to-ghent-youth-policies-for-better-local-democracies\/","og_site_name":"DYPALL Network","article_published_time":"2024-06-20T16:27:36+00:00","article_modified_time":"2024-06-20T16:27:37+00:00","og_image":[{"width":1600,"height":1200,"url":"https:\/\/dypall.com\/wp-content\/uploads\/2024\/06\/SV-Ghent-2.jpeg","type":"image\/jpeg"}],"author":"DYPALL Network","twitter_card":"summary_large_image","twitter_misc":{"Kirjoittanut":"DYPALL Network","Arvioitu lukuaika":"3 minuuttia"},"schema":{"@context":"https:\/\/schema.org","@graph":[{"@type":"WebPage","@id":"https:\/\/dypall.com\/activity\/study-visit-to-ghent-youth-policies-for-better-local-democracies\/","url":"https:\/\/dypall.com\/activity\/study-visit-to-ghent-youth-policies-for-better-local-democracies\/","name":"Study visit to Ghent \u201cYouth policies for better local democracies\u201d - DYPALL Network","isPartOf":{"@id":"https:\/\/dypall.com\/#website"},"primaryImageOfPage":{"@id":"https:\/\/dypall.com\/activity\/study-visit-to-ghent-youth-policies-for-better-local-democracies\/#primaryimage"},"image":{"@id":"https:\/\/dypall.com\/activity\/study-visit-to-ghent-youth-policies-for-better-local-democracies\/#primaryimage"},"thumbnailUrl":"https:\/\/dypall.com\/wp-content\/uploads\/2024\/06\/SV-Ghent-2.jpeg","datePublished":"2024-06-20T16:27:36+00:00","dateModified":"2024-06-20T16:27:37+00:00","author":{"@id":"https:\/\/dypall.com\/#\/schema\/person\/f92e08aa15c8ba711a9d153129f03377"},"description":"The Study visit to Ghent \u201cYouth policies for better local democracies\u201d, organised by DYPALL Network in cooperation with Bataljong and the Youth Department of the City of Ghent, took place from 27th May \u2013 1st June 2024 in Ghent, Belgium.\u00a0","breadcrumb":{"@id":"https:\/\/dypall.com\/activity\/study-visit-to-ghent-youth-policies-for-better-local-democracies\/#breadcrumb"},"inLanguage":"fi","potentialAction":[{"@type":"ReadAction","target":["https:\/\/dypall.com\/activity\/study-visit-to-ghent-youth-policies-for-better-local-democracies\/"]}]},{"@type":"ImageObject","inLanguage":"fi","@id":"https:\/\/dypall.com\/activity\/study-visit-to-ghent-youth-policies-for-better-local-democracies\/#primaryimage","url":"https:\/\/dypall.com\/wp-content\/uploads\/2024\/06\/SV-Ghent-2.jpeg","contentUrl":"https:\/\/dypall.com\/wp-content\/uploads\/2024\/06\/SV-Ghent-2.jpeg","width":1600,"height":1200},{"@type":"BreadcrumbList","@id":"https:\/\/dypall.com\/activity\/study-visit-to-ghent-youth-policies-for-better-local-democracies\/#breadcrumb","itemListElement":[{"@type":"ListItem","position":1,"name":"Home","item":"https:\/\/dypall.com\/"},{"@type":"ListItem","position":2,"name":"Study visit to Ghent \u201cYouth policies for better local democracies\u201d"}]},{"@type":"WebSite","@id":"https:\/\/dypall.com\/#website","url":"https:\/\/dypall.com\/","name":"DYPALL Network","description":"We are a European network of civil society organisations, municipalities and research institutions dedicated to improving democracy through youth participation.","potentialAction":[{"@type":"SearchAction","target":{"@type":"EntryPoint","urlTemplate":"https:\/\/dypall.com\/?s={search_term_string}"},"query-input":"required name=search_term_string"}],"inLanguage":"fi"},{"@type":"Person","@id":"https:\/\/dypall.com\/#\/schema\/person\/f92e08aa15c8ba711a9d153129f03377","name":"DYPALL Network","image":{"@type":"ImageObject","inLanguage":"fi","@id":"https:\/\/dypall.com\/#\/schema\/person\/image\/","url":"https:\/\/secure.gravatar.com\/avatar\/9c39e299279800c6d69c5e02cf613e7bab060889f373052a03d7ac399e8f0d3c?s=96&d=mm&r=g","contentUrl":"https:\/\/secure.gravatar.com\/avatar\/9c39e299279800c6d69c5e02cf613e7bab060889f373052a03d7ac399e8f0d3c?s=96&d=mm&r=g","caption":"DYPALL Network"},"sameAs":["https:\/\/dypall.com"],"url":"https:\/\/dypall.com\/fi\/author\/dypall\/"}]}},"jetpack_featured_media_url":"https:\/\/dypall.com\/wp-content\/uploads\/2024\/06\/SV-Ghent-2.jpeg","jetpack_sharing_enabled":true,"_links":{"self":[{"href":"https:\/\/dypall.com\/fi\/wp-json\/wp\/v2\/posts\/7484","targetHints":{"allow":["GET"]}}],"collection":[{"href":"https:\/\/dypall.com\/fi\/wp-json\/wp\/v2\/posts"}],"about":[{"href":"https:\/\/dypall.com\/fi\/wp-json\/wp\/v2\/types\/post"}],"author":[{"embeddable":true,"href":"https:\/\/dypall.com\/fi\/wp-json\/wp\/v2\/users\/1"}],"replies":[{"embeddable":true,"href":"https:\/\/dypall.com\/fi\/wp-json\/wp\/v2\/comments?post=7484"}],"version-history":[{"count":1,"href":"https:\/\/dypall.com\/fi\/wp-json\/wp\/v2\/posts\/7484\/revisions"}],"predecessor-version":[{"id":7494,"href":"https:\/\/dypall.com\/fi\/wp-json\/wp\/v2\/posts\/7484\/revisions\/7494"}],"wp:featuredmedia":[{"embeddable":true,"href":"https:\/\/dypall.com\/fi\/wp-json\/wp\/v2\/media\/7486"}],"wp:attachment":[{"href":"https:\/\/dypall.com\/fi\/wp-json\/wp\/v2\/media?parent=7484"}],"wp:term":[{"taxonomy":"category","embeddable":true,"href":"https:\/\/dypall.com\/fi\/wp-json\/wp\/v2\/categories?post=7484"},{"taxonomy":"post_tag","embeddable":true,"href":"https:\/\/dypall.com\/fi\/wp-json\/wp\/v2\/tags?post=7484"}],"curies":[{"name":"wp","href":"https:\/\/api.w.org\/{rel}","templated":true}]}}