{"id":6365,"date":"2023-04-14T17:12:47","date_gmt":"2023-04-14T16:12:47","guid":{"rendered":"https:\/\/dypall.com\/?p=6365"},"modified":"2023-04-14T17:12:47","modified_gmt":"2023-04-14T16:12:47","slug":"call-for-participants-tale-project-became-a-change-maker-for-the-european-election","status":"publish","type":"post","link":"https:\/\/dypall.com\/fi\/activity\/call-for-participants-tale-project-became-a-change-maker-for-the-european-election\/","title":{"rendered":"[Osallistujien kutsu] TAULUKKOOHJELMA \u2013 Muuttumisesta Euroopan parlamentin vaalien suunnann\u00e4ytt\u00e4j\u00e4ksi"},"content":{"rendered":"<p><a href=\"https:\/\/dypall.com\/fi\/2023\/04\/14\/call-for-participants-tale-project-became-a-change-maker-for-the-european-election\/tale-changemakers-call-1\/#main\" rel=\"attachment wp-att-6366\"><img loading=\"lazy\" decoding=\"async\" class=\"wp-image-6366 aligncenter\" src=\"https:\/\/dypall.com\/wp-content\/uploads\/2023\/04\/TALE-changemakers-call-1.png\" alt=\"\" width=\"742\" height=\"418\" \/><\/a><\/p>\n<p>&nbsp;<\/p>\n<p><span style=\"font-weight: 400;\">Haluaisimme kutsua Teid\u00e4t osallistumaan TALE-hankkeeseen. <\/span><b>valmiuksien kehitt\u00e4misohjelma, <\/b><span style=\"font-weight: 400;\">Euroopan parlamentin yhteisrahoittama. Hankkeen tavoitteena on antaa kansalaisille mahdollisuus <\/span><b>lis\u00e4t\u00e4 \u00e4\u00e4nest\u00e4jien m\u00e4\u00e4r\u00e4\u00e4<\/b><span style=\"font-weight: 400;\">, kaventamaan \u00e4\u00e4nestysprosenttieroja EU:n eri j\u00e4senvaltioissa ja kannustamaan<\/span> <span style=\"font-weight: 400;\">He ovat aktiivisessa roolissa <\/span><b>seuraavat Euroopan parlamentin vaalit vuonna 2024<\/b><span style=\"font-weight: 400;\">.<\/span><\/p>\n<p><span style=\"font-weight: 400;\">TALE-hankkeen p\u00e4\u00e4tavoitteena on <\/span><b>kannustaa ja helpottaa Euroopan kansalaisten aktiivista osallistumista<\/b><span style=\"font-weight: 400;\"> Luodaan elinvoimainen eurooppalainen demokratia, jossa keskityt\u00e4\u00e4n erityisesti nuoriin \u00e4\u00e4nest\u00e4jiin.<\/span><\/p>\n<p>Lis\u00e4tietoja on saatavilla <a href=\"https:\/\/drive.google.com\/file\/d\/1s-jdE9wxA6VaNxVhxDBHda3VNhCRCnAg\/view\">Kutsu osallistujia.<\/a><\/p>\n<p><span style=\"font-weight: 400;\">Jos olet kiinnostunut, t\u00e4yt\u00e4 <\/span><a href=\"https:\/\/forms.gle\/9Vhaym9Eay4D9Uo46\"><span style=\"font-weight: 400;\">lomake<\/span><\/a><span style=\"font-weight: 400;\"> menness\u00e4 <\/span><b>Perjantai 26. toukokuuta 2023 <\/b><span style=\"font-weight: 400;\">(klo 23.59 Keski-Euroopan aikaa)<\/span><\/p>\n<p><strong>Tietoa toiminnasta<\/strong><\/p>\n<p><span style=\"font-weight: 400;\">Valmiuksien kehitt\u00e4mist\u00e4 koskevan verkkokoulutuksen tavoitteena on tehd\u00e4 tulevaisuudesta <\/span><b>muutoksentekij\u00e4t<\/b><span style=\"font-weight: 400;\"> lis\u00e4t\u00e4\u00e4n tietoisuutta poliittisesta aktivismista, viestint\u00e4kampanjoiden luomisesta, uutisten merkityksest\u00e4 ja aktiivisesta demokraattisesta kansalaisuudesta ja hankitaan niit\u00e4 koskevia valmiuksien kehitt\u00e4misv\u00e4lineit\u00e4. Kun sinut valitaan, saat my\u00f6s mahdollisuuden osallistua verkkokampanjoihin ja auttaa paikallisten tapahtumien j\u00e4rjest\u00e4misess\u00e4.<\/span><\/p>\n<p>Valituilla osallistujilla on mahdollisuus osallistua <b>valmiuksien kehitt\u00e4misohjelma,<\/b> T\u00e4h\u00e4n sis\u00e4ltyy kolme verkkoseminaaria, joissa keskityt\u00e4\u00e4n EU:n arvoihin, toimielimiin, EU:n parlamenttivaaleihin ja selkeiden ja avointen uutisten merkitykseen.<\/p>\n<p>Hanketta kehitt\u00e4\u00e4 yhteisty\u00f6kumppanien yhteenliittym\u00e4, jota koordinoi <span class=\"xt0psk2\">ALDA \u2013 Euroopan paikallisdemokratian yhdistys<\/span>, yhteisty\u00f6ss\u00e4 <span class=\"xt0psk2\">Ranskan johtaja<\/span> (Ranska) <span class=\"xt0psk2\">Udruga ECHO<\/span> (Kroatia), Foster Europe (It\u00e4valta), <span class=\"xt0psk2\">Vapaaehtoisty\u00f6n kehitt\u00e4misyhdistys Novo mesto<\/span> (Slovenia), UBBSLA (Bulgaria) ja DYPALL Network, Euroopan parlamentin perustama.<\/p>\n<p>&nbsp;<\/p>\n<p style=\"text-align: center;\">","protected":false},"excerpt":{"rendered":"<p>&nbsp; Pyyd\u00e4mme Teit\u00e4 osallistumaan Euroopan parlamentin osarahoittamaan TALE-hankkeen valmiuksien kehitt\u00e4misohjelmaan. Hankkeen tavoitteena on antaa kansalaisille mahdollisuus saada enemm\u00e4n \u00e4\u00e4nest\u00e4ji\u00e4 mukaan, kaventaa \u00e4\u00e4nestysprosenttieroja EU:n eri j\u00e4senvaltioissa ja kannustaa heit\u00e4 toimimaan aktiivisessa roolissa seuraavissa... <a class=\"more-link\" href=\"https:\/\/dypall.com\/fi\/activity\/call-for-participants-tale-project-became-a-change-maker-for-the-european-election\/\">Jatka lukemista <span class=\"screen-reader-text\">[Osallistujien kutsu] TAULUKKOOHJELMA \u2013 Muuttumisesta Euroopan parlamentin vaalien suunnann\u00e4ytt\u00e4j\u00e4ksi<\/span><\/a><\/p>","protected":false},"author":2,"featured_media":6366,"comment_status":"closed","ping_status":"open","sticky":false,"template":"","format":"standard","meta":{"_acf_changed":false,"_jetpack_memberships_contains_paid_content":false,"footnotes":""},"categories":[111],"tags":[],"class_list":["post-6365","post","type-post","status-publish","format-standard","has-post-thumbnail","hentry","category-activity","entry"],"acf":[],"yoast_head":"<!-- This site is optimized with the Yoast SEO plugin v22.8 - https:\/\/yoast.com\/wordpress\/plugins\/seo\/ -->\n<title>[CALL FOR PARTICIPANTS] TALE PROJECT - Became a change maker for the European election - DYPALL Network<\/title>\n<meta name=\"robots\" content=\"index, follow, max-snippet:-1, max-image-preview:large, max-video-preview:-1\" \/>\n<link rel=\"canonical\" href=\"https:\/\/dypall.com\/fi\/activity\/call-for-participants-tale-project-became-a-change-maker-for-the-european-election\/\" \/>\n<meta property=\"og:locale\" content=\"fi_FI\" \/>\n<meta property=\"og:type\" content=\"article\" \/>\n<meta property=\"og:title\" content=\"[CALL FOR PARTICIPANTS] TALE PROJECT - Became a change maker for the European election - DYPALL Network\" \/>\n<meta property=\"og:description\" content=\"&nbsp; We would like to invite you to participate in the TALE project&#8217;s capacity-building programme, co-funded by the European Parliament. The project aims to empower citizens to engage a greater number of voters, reduce the gap of voter turnout among various EU member states and encourage them to play an active role in the next&hellip; Jatka lukemista [CALL FOR PARTICIPANTS] TALE PROJECT &#8211; Became a change maker for the European election\" \/>\n<meta property=\"og:url\" content=\"https:\/\/dypall.com\/fi\/activity\/call-for-participants-tale-project-became-a-change-maker-for-the-european-election\/\" \/>\n<meta property=\"og:site_name\" content=\"DYPALL Network\" \/>\n<meta property=\"article:published_time\" content=\"2023-04-14T16:12:47+00:00\" \/>\n<meta name=\"author\" content=\"dypall\" \/>\n<meta name=\"twitter:card\" content=\"summary_large_image\" \/>\n<meta name=\"twitter:label1\" content=\"Written by\" \/>\n\t<meta name=\"twitter:data1\" content=\"dypall\" \/>\n\t<meta name=\"twitter:label2\" content=\"Est. reading time\" \/>\n\t<meta name=\"twitter:data2\" content=\"1 minuutti\" \/>\n<script type=\"application\/ld+json\" class=\"yoast-schema-graph\">{\"@context\":\"https:\/\/schema.org\",\"@graph\":[{\"@type\":\"WebPage\",\"@id\":\"https:\/\/dypall.com\/activity\/call-for-participants-tale-project-became-a-change-maker-for-the-european-election\/\",\"url\":\"https:\/\/dypall.com\/activity\/call-for-participants-tale-project-became-a-change-maker-for-the-european-election\/\",\"name\":\"[CALL FOR PARTICIPANTS] TALE PROJECT - Became a change maker for the European election - DYPALL Network\",\"isPartOf\":{\"@id\":\"https:\/\/dypall.com\/#website\"},\"primaryImageOfPage\":{\"@id\":\"https:\/\/dypall.com\/activity\/call-for-participants-tale-project-became-a-change-maker-for-the-european-election\/#primaryimage\"},\"image\":{\"@id\":\"https:\/\/dypall.com\/activity\/call-for-participants-tale-project-became-a-change-maker-for-the-european-election\/#primaryimage\"},\"thumbnailUrl\":\"\",\"datePublished\":\"2023-04-14T16:12:47+00:00\",\"dateModified\":\"2023-04-14T16:12:47+00:00\",\"author\":{\"@id\":\"https:\/\/dypall.com\/#\/schema\/person\/206350efe851997fcdedef75d118766b\"},\"breadcrumb\":{\"@id\":\"https:\/\/dypall.com\/activity\/call-for-participants-tale-project-became-a-change-maker-for-the-european-election\/#breadcrumb\"},\"inLanguage\":\"fi\",\"potentialAction\":[{\"@type\":\"ReadAction\",\"target\":[\"https:\/\/dypall.com\/activity\/call-for-participants-tale-project-became-a-change-maker-for-the-european-election\/\"]}]},{\"@type\":\"ImageObject\",\"inLanguage\":\"fi\",\"@id\":\"https:\/\/dypall.com\/activity\/call-for-participants-tale-project-became-a-change-maker-for-the-european-election\/#primaryimage\",\"url\":\"\",\"contentUrl\":\"\"},{\"@type\":\"BreadcrumbList\",\"@id\":\"https:\/\/dypall.com\/activity\/call-for-participants-tale-project-became-a-change-maker-for-the-european-election\/#breadcrumb\",\"itemListElement\":[{\"@type\":\"ListItem\",\"position\":1,\"name\":\"Home\",\"item\":\"https:\/\/dypall.com\/\"},{\"@type\":\"ListItem\",\"position\":2,\"name\":\"[CALL FOR PARTICIPANTS] TALE PROJECT &#8211; Became a change maker for the European election\"}]},{\"@type\":\"WebSite\",\"@id\":\"https:\/\/dypall.com\/#website\",\"url\":\"https:\/\/dypall.com\/\",\"name\":\"DYPALL Network\",\"description\":\"We are a European network of civil society organisations, municipalities and research institutions dedicated to improving democracy through youth participation.\",\"potentialAction\":[{\"@type\":\"SearchAction\",\"target\":{\"@type\":\"EntryPoint\",\"urlTemplate\":\"https:\/\/dypall.com\/?s={search_term_string}\"},\"query-input\":\"required name=search_term_string\"}],\"inLanguage\":\"fi\"},{\"@type\":\"Person\",\"@id\":\"https:\/\/dypall.com\/#\/schema\/person\/206350efe851997fcdedef75d118766b\",\"name\":\"dypall\",\"image\":{\"@type\":\"ImageObject\",\"inLanguage\":\"fi\",\"@id\":\"https:\/\/dypall.com\/#\/schema\/person\/image\/\",\"url\":\"https:\/\/secure.gravatar.com\/avatar\/14e8d3d8841cd0bdf69915120bcf9fcfac1567f1dc7035664907322ac47efe29?s=96&d=mm&r=g\",\"contentUrl\":\"https:\/\/secure.gravatar.com\/avatar\/14e8d3d8841cd0bdf69915120bcf9fcfac1567f1dc7035664907322ac47efe29?s=96&d=mm&r=g\",\"caption\":\"dypall\"},\"url\":\"https:\/\/dypall.com\/fi\/author\/dypall_info\/\"}]}<\/script>\n<!-- \/ Yoast SEO plugin. -->","yoast_head_json":{"title":"[CALL FOR PARTICIPANTS] TALE PROJECT - Became a change maker for the European election - DYPALL Network","robots":{"index":"index","follow":"follow","max-snippet":"max-snippet:-1","max-image-preview":"max-image-preview:large","max-video-preview":"max-video-preview:-1"},"canonical":"https:\/\/dypall.com\/fi\/activity\/call-for-participants-tale-project-became-a-change-maker-for-the-european-election\/","og_locale":"fi_FI","og_type":"article","og_title":"[CALL FOR PARTICIPANTS] TALE PROJECT - Became a change maker for the European election - DYPALL Network","og_description":"&nbsp; We would like to invite you to participate in the TALE project&#8217;s capacity-building programme, co-funded by the European Parliament. The project aims to empower citizens to engage a greater number of voters, reduce the gap of voter turnout among various EU member states and encourage them to play an active role in the next&hellip; Jatka lukemista [CALL FOR PARTICIPANTS] TALE PROJECT &#8211; Became a change maker for the European election","og_url":"https:\/\/dypall.com\/fi\/activity\/call-for-participants-tale-project-became-a-change-maker-for-the-european-election\/","og_site_name":"DYPALL Network","article_published_time":"2023-04-14T16:12:47+00:00","author":"dypall","twitter_card":"summary_large_image","twitter_misc":{"Written by":"dypall","Est. reading time":"1 minuutti"},"schema":{"@context":"https:\/\/schema.org","@graph":[{"@type":"WebPage","@id":"https:\/\/dypall.com\/activity\/call-for-participants-tale-project-became-a-change-maker-for-the-european-election\/","url":"https:\/\/dypall.com\/activity\/call-for-participants-tale-project-became-a-change-maker-for-the-european-election\/","name":"[CALL FOR PARTICIPANTS] TALE PROJECT - Became a change maker for the European election - DYPALL Network","isPartOf":{"@id":"https:\/\/dypall.com\/#website"},"primaryImageOfPage":{"@id":"https:\/\/dypall.com\/activity\/call-for-participants-tale-project-became-a-change-maker-for-the-european-election\/#primaryimage"},"image":{"@id":"https:\/\/dypall.com\/activity\/call-for-participants-tale-project-became-a-change-maker-for-the-european-election\/#primaryimage"},"thumbnailUrl":"","datePublished":"2023-04-14T16:12:47+00:00","dateModified":"2023-04-14T16:12:47+00:00","author":{"@id":"https:\/\/dypall.com\/#\/schema\/person\/206350efe851997fcdedef75d118766b"},"breadcrumb":{"@id":"https:\/\/dypall.com\/activity\/call-for-participants-tale-project-became-a-change-maker-for-the-european-election\/#breadcrumb"},"inLanguage":"fi","potentialAction":[{"@type":"ReadAction","target":["https:\/\/dypall.com\/activity\/call-for-participants-tale-project-became-a-change-maker-for-the-european-election\/"]}]},{"@type":"ImageObject","inLanguage":"fi","@id":"https:\/\/dypall.com\/activity\/call-for-participants-tale-project-became-a-change-maker-for-the-european-election\/#primaryimage","url":"","contentUrl":""},{"@type":"BreadcrumbList","@id":"https:\/\/dypall.com\/activity\/call-for-participants-tale-project-became-a-change-maker-for-the-european-election\/#breadcrumb","itemListElement":[{"@type":"ListItem","position":1,"name":"Home","item":"https:\/\/dypall.com\/"},{"@type":"ListItem","position":2,"name":"[CALL FOR PARTICIPANTS] TALE PROJECT &#8211; Became a change maker for the European election"}]},{"@type":"WebSite","@id":"https:\/\/dypall.com\/#website","url":"https:\/\/dypall.com\/","name":"DYPALL Network","description":"We are a European network of civil society organisations, municipalities and research institutions dedicated to improving democracy through youth participation.","potentialAction":[{"@type":"SearchAction","target":{"@type":"EntryPoint","urlTemplate":"https:\/\/dypall.com\/?s={search_term_string}"},"query-input":"required name=search_term_string"}],"inLanguage":"fi"},{"@type":"Person","@id":"https:\/\/dypall.com\/#\/schema\/person\/206350efe851997fcdedef75d118766b","name":"dypall","image":{"@type":"ImageObject","inLanguage":"fi","@id":"https:\/\/dypall.com\/#\/schema\/person\/image\/","url":"https:\/\/secure.gravatar.com\/avatar\/14e8d3d8841cd0bdf69915120bcf9fcfac1567f1dc7035664907322ac47efe29?s=96&d=mm&r=g","contentUrl":"https:\/\/secure.gravatar.com\/avatar\/14e8d3d8841cd0bdf69915120bcf9fcfac1567f1dc7035664907322ac47efe29?s=96&d=mm&r=g","caption":"dypall"},"url":"https:\/\/dypall.com\/fi\/author\/dypall_info\/"}]}},"jetpack_featured_media_url":"","jetpack_sharing_enabled":true,"_links":{"self":[{"href":"https:\/\/dypall.com\/fi\/wp-json\/wp\/v2\/posts\/6365","targetHints":{"allow":["GET"]}}],"collection":[{"href":"https:\/\/dypall.com\/fi\/wp-json\/wp\/v2\/posts"}],"about":[{"href":"https:\/\/dypall.com\/fi\/wp-json\/wp\/v2\/types\/post"}],"author":[{"embeddable":true,"href":"https:\/\/dypall.com\/fi\/wp-json\/wp\/v2\/users\/2"}],"replies":[{"embeddable":true,"href":"https:\/\/dypall.com\/fi\/wp-json\/wp\/v2\/comments?post=6365"}],"version-history":[{"count":0,"href":"https:\/\/dypall.com\/fi\/wp-json\/wp\/v2\/posts\/6365\/revisions"}],"wp:featuredmedia":[{"embeddable":true,"href":"https:\/\/dypall.com\/fi\/wp-json\/"}],"wp:attachment":[{"href":"https:\/\/dypall.com\/fi\/wp-json\/wp\/v2\/media?parent=6365"}],"wp:term":[{"taxonomy":"category","embeddable":true,"href":"https:\/\/dypall.com\/fi\/wp-json\/wp\/v2\/categories?post=6365"},{"taxonomy":"post_tag","embeddable":true,"href":"https:\/\/dypall.com\/fi\/wp-json\/wp\/v2\/tags?post=6365"}],"curies":[{"name":"wp","href":"https:\/\/api.w.org\/{rel}","templated":true}]}}