{"id":5942,"date":"2022-09-26T14:35:44","date_gmt":"2022-09-26T13:35:44","guid":{"rendered":"https:\/\/dypall.com\/?p=5942"},"modified":"2022-09-26T14:35:44","modified_gmt":"2022-09-26T13:35:44","slug":"report-from-the-study-session-climbing-the-ladder-capaciting-youth-leaders-to-facilitate-youth-participation-in-the-decision-making-processes-at-a-local-level","status":"publish","type":"post","link":"https:\/\/dypall.com\/fi\/study-visits\/report-from-the-study-session-climbing-the-ladder-capaciting-youth-leaders-to-facilitate-youth-participation-in-the-decision-making-processes-at-a-local-level\/","title":{"rendered":"STUDY SESSION KERTOMUS \u201dLaajuuden rajoittaminen \u2013 Nuorille johtajille mahdollisuus osallistua p\u00e4\u00e4t\u00f6ksentekoprosessiin paikallisella tasolla\u201d"},"content":{"rendered":"<p><span style=\"font-weight: 400;\">Opintojakso <\/span><b>\u201d<\/b><b><i>Tikkaiden kiipe\u00e4minen \u2013 nuorten johtajien vahvistaminen, jotta helpotetaan nuorten osallistumista p\u00e4\u00e4t\u00f6ksentekoprosessiin paikallistasolla<\/i><\/b><b>\u201d<\/b><span style=\"font-weight: 400;\">\u00a0 J\u00e4rjest\u00e4j\u00e4: <\/span><b>DYPALL-verkko<\/b><span style=\"font-weight: 400;\"> ja <\/span><a href=\"https:\/\/aer.eu\/\"><b>Euroopan alueiden liitto<\/b><\/a><span style=\"font-weight: 400;\"> (<\/span><b>AER<\/b><span style=\"font-weight: 400;\">), yhteisty\u00f6ss\u00e4 <\/span><a href=\"https:\/\/www.coe.int\/en\/web\/youth\"><b>Euroopan neuvoston nuoriso-osasto<\/b><\/a><span style=\"font-weight: 400;\">. Toiminta j\u00e4rjestettiin Euroopan nuorisokeskuksessa Strasbourgissa (Ranska) 24.\u201329. huhtikuuta 2022, ja siihen osallistui 25 nuorisojohtajaa 22 eri maasta.<\/span><\/p>\n<p><span style=\"font-weight: 400;\">Opintojakson tavoitteena oli tarjota oppimistila nuorten edustajien, nuorisoty\u00f6ntekij\u00f6iden, paikallisten nuorisoneuvostojen edustajien ja vastaavien osallistumisrakenteiden osallistamiseksi ja varustamiseksi k\u00e4yt\u00e4nn\u00f6n tiedoilla ja taidoilla, jotta voidaan edist\u00e4\u00e4 nuorten merkityksellist\u00e4 osallistumista paikallistasolla kaikkialla Euroopassa. Tutkimuksen aikana osallistujat pystyiv\u00e4t kertomaan covid-19-pandemian mahdollisuuksista ja uhkista nuorten osallistumisen alalla ja tarkastelemaan olemassa olevia hyvi\u00e4 k\u00e4yt\u00e4nt\u00f6j\u00e4 ja v\u00e4lineit\u00e4, joilla edistet\u00e4\u00e4n heid\u00e4n osallistumistaan paikallistasolla. <\/span><\/p>\n<p><span style=\"font-weight: 400;\">T\u00e4n\u00e4\u00e4n jaamme raportin tutkimusistunnosta <\/span><a href=\"https:\/\/u.pcloud.link\/publink\/show?code=XZwlNhVZ58B5C5FmHK0CWPwFjFELLp4br4GX\"><b>\u201d<\/b><b><i>Tikkaiden kiipe\u00e4minen \u2013 nuorten johtajien vahvistaminen, jotta helpotetaan nuorten osallistumista p\u00e4\u00e4t\u00f6ksentekoprosessiin paikallistasolla<\/i><\/b><b>\u201d<\/b><\/a><span style=\"font-weight: 400;\"> joka antaa lukijalle yleiskuvan istunnon kehityksest\u00e4 ja auttaa ymm\u00e4rt\u00e4m\u00e4\u00e4n osallistujien jakamia p\u00e4\u00e4telmi\u00e4 ja kokemuksia.<\/span><\/p>\n<p><span style=\"font-weight: 400;\">Raportissa esitell\u00e4\u00e4n istunnon eri osia, kuten<\/span><\/p>\n<ul>\n<li style=\"font-weight: 400;\" aria-level=\"1\"><span style=\"font-weight: 400;\">motivaatio, tavoitteet, ohjelma, osallistujien profiili<\/span><\/li>\n<li style=\"font-weight: 400;\" aria-level=\"1\"><span style=\"font-weight: 400;\">osallistujien odotusten muovaama oppimisprosessi<\/span><\/li>\n<li style=\"font-weight: 400;\" aria-level=\"1\"><span style=\"font-weight: 400;\">sovelletut teoriat ja menetelm\u00e4t, kuten RMSOS:n covid-malli, analyysi nuorisoalan keskeisist\u00e4 rooleista, nuorten osallistumisen tikkaat ja vaikuttamissykli<\/span><\/li>\n<li style=\"font-weight: 400;\" aria-level=\"1\"><span style=\"font-weight: 400;\">erityistoimet tiedotusstrategian, verkostoitumisen ja mahdollisten jatkotoimien kehitt\u00e4miseksi<\/span><\/li>\n<li style=\"font-weight: 400;\" aria-level=\"1\"><span style=\"font-weight: 400;\">lopullinen arviointi, jossa otetaan huomioon osallistujien n\u00e4kemykset ja istunnon tulokset.<\/span><\/li>\n<\/ul>\n<p>&nbsp;<\/p>\n<p><a href=\"https:\/\/dypall.com\/fi\/2022\/09\/26\/report-from-the-study-session-climbing-the-ladder-capaciting-youth-leaders-to-facilitate-youth-participation-in-the-decision-making-processes-at-a-local-level\/c2ce093d-8e2e-443e-8164-a3e3013c47f8\/#main\" rel=\"attachment wp-att-5943\"><img loading=\"lazy\" decoding=\"async\" class=\"alignnone size-full wp-image-5943\" src=\"https:\/\/dypall.com\/wp-content\/uploads\/2022\/09\/c2ce093d-8e2e-443e-8164-a3e3013c47f8.jpeg\" alt=\"\" width=\"1600\" height=\"1066\" \/><\/a><\/p>","protected":false},"excerpt":{"rendered":"<p>DYPALL-verkosto ja Euroopan alueiden liitto (AER) j\u00e4rjestiv\u00e4t yhteisty\u00f6ss\u00e4 Euroopan neuvoston nuoriso-osaston kanssa opintoseminaarin \u201dClimbing the tider \u2013 Capacitating youth leaders to facilitate youth participation in the decision-making process at the local level\u201d. Tapahtuma j\u00e4rjestettiin Euroopan nuorisokeskuksessa Strasbourgissa. <a class=\"more-link\" href=\"https:\/\/dypall.com\/fi\/study-visits\/report-from-the-study-session-climbing-the-ladder-capaciting-youth-leaders-to-facilitate-youth-participation-in-the-decision-making-processes-at-a-local-level\/\">Jatka lukemista <span class=\"screen-reader-text\">STUDY SESSION KERTOMUS \u201dLaajuuden rajoittaminen \u2013 Nuorille johtajille mahdollisuus osallistua p\u00e4\u00e4t\u00f6ksentekoprosessiin paikallisella tasolla\u201d<\/span><\/a><\/p>","protected":false},"author":2,"featured_media":5953,"comment_status":"closed","ping_status":"open","sticky":false,"template":"","format":"standard","meta":{"_acf_changed":false,"_jetpack_memberships_contains_paid_content":false,"footnotes":""},"categories":[152],"tags":[],"class_list":["post-5942","post","type-post","status-publish","format-standard","has-post-thumbnail","hentry","category-study-visits","entry"],"acf":[],"yoast_head":"<!-- This site is optimized with the Yoast SEO plugin v22.8 - https:\/\/yoast.com\/wordpress\/plugins\/seo\/ -->\n<title>REPORT FROM THE STUDY SESSION \u201cCLIMBING THE LADDER \u2013 CAPACITING YOUTH LEADERS TO FACILITATE YOUTH PARTICIPATION IN THE DECISION-MAKING PROCESSES AT A LOCAL LEVEL\u201d - DYPALL Network<\/title>\n<meta name=\"robots\" content=\"index, follow, max-snippet:-1, max-image-preview:large, max-video-preview:-1\" \/>\n<link rel=\"canonical\" href=\"https:\/\/dypall.com\/fi\/study-visits\/report-from-the-study-session-climbing-the-ladder-capaciting-youth-leaders-to-facilitate-youth-participation-in-the-decision-making-processes-at-a-local-level\/\" \/>\n<meta property=\"og:locale\" content=\"fi_FI\" \/>\n<meta property=\"og:type\" content=\"article\" \/>\n<meta property=\"og:title\" content=\"REPORT FROM THE STUDY SESSION \u201cCLIMBING THE LADDER \u2013 CAPACITING YOUTH LEADERS TO FACILITATE YOUTH PARTICIPATION IN THE DECISION-MAKING PROCESSES AT A LOCAL LEVEL\u201d - DYPALL Network\" \/>\n<meta property=\"og:description\" content=\"Study session \u201cClimbing the ladder \u2013 Capacitating youth leaders to facilitate youth participation in the decision-making process at the local level\u201d\u00a0 was organised by DYPALL Network and the Assembly of European Regions (AER), in cooperation with the Youth Department of the Council of Europe. The activity took place in the European Youth Centre in Strasbourg&hellip; Jatka lukemista REPORT FROM THE STUDY SESSION \u201cCLIMBING THE LADDER \u2013 CAPACITING YOUTH LEADERS TO FACILITATE YOUTH PARTICIPATION IN THE DECISION-MAKING PROCESSES AT A LOCAL LEVEL\u201d\" \/>\n<meta property=\"og:url\" content=\"https:\/\/dypall.com\/fi\/study-visits\/report-from-the-study-session-climbing-the-ladder-capaciting-youth-leaders-to-facilitate-youth-participation-in-the-decision-making-processes-at-a-local-level\/\" \/>\n<meta property=\"og:site_name\" content=\"DYPALL Network\" \/>\n<meta property=\"article:published_time\" content=\"2022-09-26T13:35:44+00:00\" \/>\n<meta name=\"author\" content=\"dypall\" \/>\n<meta name=\"twitter:card\" content=\"summary_large_image\" \/>\n<meta name=\"twitter:label1\" content=\"Written by\" \/>\n\t<meta name=\"twitter:data1\" content=\"dypall\" \/>\n\t<meta name=\"twitter:label2\" content=\"Est. reading time\" \/>\n\t<meta name=\"twitter:data2\" content=\"1 minuutti\" \/>\n<script type=\"application\/ld+json\" class=\"yoast-schema-graph\">{\"@context\":\"https:\/\/schema.org\",\"@graph\":[{\"@type\":\"WebPage\",\"@id\":\"https:\/\/dypall.com\/study-visits\/report-from-the-study-session-climbing-the-ladder-capaciting-youth-leaders-to-facilitate-youth-participation-in-the-decision-making-processes-at-a-local-level\/\",\"url\":\"https:\/\/dypall.com\/study-visits\/report-from-the-study-session-climbing-the-ladder-capaciting-youth-leaders-to-facilitate-youth-participation-in-the-decision-making-processes-at-a-local-level\/\",\"name\":\"REPORT FROM THE STUDY SESSION \u201cCLIMBING THE LADDER \u2013 CAPACITING YOUTH LEADERS TO FACILITATE YOUTH PARTICIPATION IN THE DECISION-MAKING PROCESSES AT A LOCAL LEVEL\u201d - DYPALL Network\",\"isPartOf\":{\"@id\":\"https:\/\/dypall.com\/#website\"},\"primaryImageOfPage\":{\"@id\":\"https:\/\/dypall.com\/study-visits\/report-from-the-study-session-climbing-the-ladder-capaciting-youth-leaders-to-facilitate-youth-participation-in-the-decision-making-processes-at-a-local-level\/#primaryimage\"},\"image\":{\"@id\":\"https:\/\/dypall.com\/study-visits\/report-from-the-study-session-climbing-the-ladder-capaciting-youth-leaders-to-facilitate-youth-participation-in-the-decision-making-processes-at-a-local-level\/#primaryimage\"},\"thumbnailUrl\":\"\",\"datePublished\":\"2022-09-26T13:35:44+00:00\",\"dateModified\":\"2022-09-26T13:35:44+00:00\",\"author\":{\"@id\":\"https:\/\/dypall.com\/#\/schema\/person\/206350efe851997fcdedef75d118766b\"},\"breadcrumb\":{\"@id\":\"https:\/\/dypall.com\/study-visits\/report-from-the-study-session-climbing-the-ladder-capaciting-youth-leaders-to-facilitate-youth-participation-in-the-decision-making-processes-at-a-local-level\/#breadcrumb\"},\"inLanguage\":\"fi\",\"potentialAction\":[{\"@type\":\"ReadAction\",\"target\":[\"https:\/\/dypall.com\/study-visits\/report-from-the-study-session-climbing-the-ladder-capaciting-youth-leaders-to-facilitate-youth-participation-in-the-decision-making-processes-at-a-local-level\/\"]}]},{\"@type\":\"ImageObject\",\"inLanguage\":\"fi\",\"@id\":\"https:\/\/dypall.com\/study-visits\/report-from-the-study-session-climbing-the-ladder-capaciting-youth-leaders-to-facilitate-youth-participation-in-the-decision-making-processes-at-a-local-level\/#primaryimage\",\"url\":\"\",\"contentUrl\":\"\"},{\"@type\":\"BreadcrumbList\",\"@id\":\"https:\/\/dypall.com\/study-visits\/report-from-the-study-session-climbing-the-ladder-capaciting-youth-leaders-to-facilitate-youth-participation-in-the-decision-making-processes-at-a-local-level\/#breadcrumb\",\"itemListElement\":[{\"@type\":\"ListItem\",\"position\":1,\"name\":\"Home\",\"item\":\"https:\/\/dypall.com\/\"},{\"@type\":\"ListItem\",\"position\":2,\"name\":\"REPORT FROM THE STUDY SESSION \u201cCLIMBING THE LADDER \u2013 CAPACITING YOUTH LEADERS TO FACILITATE YOUTH PARTICIPATION IN THE DECISION-MAKING PROCESSES AT A LOCAL LEVEL\u201d\"}]},{\"@type\":\"WebSite\",\"@id\":\"https:\/\/dypall.com\/#website\",\"url\":\"https:\/\/dypall.com\/\",\"name\":\"DYPALL Network\",\"description\":\"We are a European network of civil society organisations, municipalities and research institutions dedicated to improving democracy through youth participation.\",\"potentialAction\":[{\"@type\":\"SearchAction\",\"target\":{\"@type\":\"EntryPoint\",\"urlTemplate\":\"https:\/\/dypall.com\/?s={search_term_string}\"},\"query-input\":\"required name=search_term_string\"}],\"inLanguage\":\"fi\"},{\"@type\":\"Person\",\"@id\":\"https:\/\/dypall.com\/#\/schema\/person\/206350efe851997fcdedef75d118766b\",\"name\":\"dypall\",\"image\":{\"@type\":\"ImageObject\",\"inLanguage\":\"fi\",\"@id\":\"https:\/\/dypall.com\/#\/schema\/person\/image\/\",\"url\":\"https:\/\/secure.gravatar.com\/avatar\/14e8d3d8841cd0bdf69915120bcf9fcfac1567f1dc7035664907322ac47efe29?s=96&d=mm&r=g\",\"contentUrl\":\"https:\/\/secure.gravatar.com\/avatar\/14e8d3d8841cd0bdf69915120bcf9fcfac1567f1dc7035664907322ac47efe29?s=96&d=mm&r=g\",\"caption\":\"dypall\"},\"url\":\"https:\/\/dypall.com\/fi\/author\/dypall_info\/\"}]}<\/script>\n<!-- \/ Yoast SEO plugin. -->","yoast_head_json":{"title":"REPORT FROM THE STUDY SESSION \u201cCLIMBING THE LADDER \u2013 CAPACITING YOUTH LEADERS TO FACILITATE YOUTH PARTICIPATION IN THE DECISION-MAKING PROCESSES AT A LOCAL LEVEL\u201d - DYPALL Network","robots":{"index":"index","follow":"follow","max-snippet":"max-snippet:-1","max-image-preview":"max-image-preview:large","max-video-preview":"max-video-preview:-1"},"canonical":"https:\/\/dypall.com\/fi\/study-visits\/report-from-the-study-session-climbing-the-ladder-capaciting-youth-leaders-to-facilitate-youth-participation-in-the-decision-making-processes-at-a-local-level\/","og_locale":"fi_FI","og_type":"article","og_title":"REPORT FROM THE STUDY SESSION \u201cCLIMBING THE LADDER \u2013 CAPACITING YOUTH LEADERS TO FACILITATE YOUTH PARTICIPATION IN THE DECISION-MAKING PROCESSES AT A LOCAL LEVEL\u201d - DYPALL Network","og_description":"Study session \u201cClimbing the ladder \u2013 Capacitating youth leaders to facilitate youth participation in the decision-making process at the local level\u201d\u00a0 was organised by DYPALL Network and the Assembly of European Regions (AER), in cooperation with the Youth Department of the Council of Europe. The activity took place in the European Youth Centre in Strasbourg&hellip; Jatka lukemista REPORT FROM THE STUDY SESSION \u201cCLIMBING THE LADDER \u2013 CAPACITING YOUTH LEADERS TO FACILITATE YOUTH PARTICIPATION IN THE DECISION-MAKING PROCESSES AT A LOCAL LEVEL\u201d","og_url":"https:\/\/dypall.com\/fi\/study-visits\/report-from-the-study-session-climbing-the-ladder-capaciting-youth-leaders-to-facilitate-youth-participation-in-the-decision-making-processes-at-a-local-level\/","og_site_name":"DYPALL Network","article_published_time":"2022-09-26T13:35:44+00:00","author":"dypall","twitter_card":"summary_large_image","twitter_misc":{"Written by":"dypall","Est. reading time":"1 minuutti"},"schema":{"@context":"https:\/\/schema.org","@graph":[{"@type":"WebPage","@id":"https:\/\/dypall.com\/study-visits\/report-from-the-study-session-climbing-the-ladder-capaciting-youth-leaders-to-facilitate-youth-participation-in-the-decision-making-processes-at-a-local-level\/","url":"https:\/\/dypall.com\/study-visits\/report-from-the-study-session-climbing-the-ladder-capaciting-youth-leaders-to-facilitate-youth-participation-in-the-decision-making-processes-at-a-local-level\/","name":"REPORT FROM THE STUDY SESSION \u201cCLIMBING THE LADDER \u2013 CAPACITING YOUTH LEADERS TO FACILITATE YOUTH PARTICIPATION IN THE DECISION-MAKING PROCESSES AT A LOCAL LEVEL\u201d - DYPALL Network","isPartOf":{"@id":"https:\/\/dypall.com\/#website"},"primaryImageOfPage":{"@id":"https:\/\/dypall.com\/study-visits\/report-from-the-study-session-climbing-the-ladder-capaciting-youth-leaders-to-facilitate-youth-participation-in-the-decision-making-processes-at-a-local-level\/#primaryimage"},"image":{"@id":"https:\/\/dypall.com\/study-visits\/report-from-the-study-session-climbing-the-ladder-capaciting-youth-leaders-to-facilitate-youth-participation-in-the-decision-making-processes-at-a-local-level\/#primaryimage"},"thumbnailUrl":"","datePublished":"2022-09-26T13:35:44+00:00","dateModified":"2022-09-26T13:35:44+00:00","author":{"@id":"https:\/\/dypall.com\/#\/schema\/person\/206350efe851997fcdedef75d118766b"},"breadcrumb":{"@id":"https:\/\/dypall.com\/study-visits\/report-from-the-study-session-climbing-the-ladder-capaciting-youth-leaders-to-facilitate-youth-participation-in-the-decision-making-processes-at-a-local-level\/#breadcrumb"},"inLanguage":"fi","potentialAction":[{"@type":"ReadAction","target":["https:\/\/dypall.com\/study-visits\/report-from-the-study-session-climbing-the-ladder-capaciting-youth-leaders-to-facilitate-youth-participation-in-the-decision-making-processes-at-a-local-level\/"]}]},{"@type":"ImageObject","inLanguage":"fi","@id":"https:\/\/dypall.com\/study-visits\/report-from-the-study-session-climbing-the-ladder-capaciting-youth-leaders-to-facilitate-youth-participation-in-the-decision-making-processes-at-a-local-level\/#primaryimage","url":"","contentUrl":""},{"@type":"BreadcrumbList","@id":"https:\/\/dypall.com\/study-visits\/report-from-the-study-session-climbing-the-ladder-capaciting-youth-leaders-to-facilitate-youth-participation-in-the-decision-making-processes-at-a-local-level\/#breadcrumb","itemListElement":[{"@type":"ListItem","position":1,"name":"Home","item":"https:\/\/dypall.com\/"},{"@type":"ListItem","position":2,"name":"REPORT FROM THE STUDY SESSION \u201cCLIMBING THE LADDER \u2013 CAPACITING YOUTH LEADERS TO FACILITATE YOUTH PARTICIPATION IN THE DECISION-MAKING PROCESSES AT A LOCAL LEVEL\u201d"}]},{"@type":"WebSite","@id":"https:\/\/dypall.com\/#website","url":"https:\/\/dypall.com\/","name":"DYPALL Network","description":"We are a European network of civil society organisations, municipalities and research institutions dedicated to improving democracy through youth participation.","potentialAction":[{"@type":"SearchAction","target":{"@type":"EntryPoint","urlTemplate":"https:\/\/dypall.com\/?s={search_term_string}"},"query-input":"required name=search_term_string"}],"inLanguage":"fi"},{"@type":"Person","@id":"https:\/\/dypall.com\/#\/schema\/person\/206350efe851997fcdedef75d118766b","name":"dypall","image":{"@type":"ImageObject","inLanguage":"fi","@id":"https:\/\/dypall.com\/#\/schema\/person\/image\/","url":"https:\/\/secure.gravatar.com\/avatar\/14e8d3d8841cd0bdf69915120bcf9fcfac1567f1dc7035664907322ac47efe29?s=96&d=mm&r=g","contentUrl":"https:\/\/secure.gravatar.com\/avatar\/14e8d3d8841cd0bdf69915120bcf9fcfac1567f1dc7035664907322ac47efe29?s=96&d=mm&r=g","caption":"dypall"},"url":"https:\/\/dypall.com\/fi\/author\/dypall_info\/"}]}},"jetpack_featured_media_url":"","jetpack_sharing_enabled":true,"_links":{"self":[{"href":"https:\/\/dypall.com\/fi\/wp-json\/wp\/v2\/posts\/5942","targetHints":{"allow":["GET"]}}],"collection":[{"href":"https:\/\/dypall.com\/fi\/wp-json\/wp\/v2\/posts"}],"about":[{"href":"https:\/\/dypall.com\/fi\/wp-json\/wp\/v2\/types\/post"}],"author":[{"embeddable":true,"href":"https:\/\/dypall.com\/fi\/wp-json\/wp\/v2\/users\/2"}],"replies":[{"embeddable":true,"href":"https:\/\/dypall.com\/fi\/wp-json\/wp\/v2\/comments?post=5942"}],"version-history":[{"count":0,"href":"https:\/\/dypall.com\/fi\/wp-json\/wp\/v2\/posts\/5942\/revisions"}],"wp:featuredmedia":[{"embeddable":true,"href":"https:\/\/dypall.com\/fi\/wp-json\/"}],"wp:attachment":[{"href":"https:\/\/dypall.com\/fi\/wp-json\/wp\/v2\/media?parent=5942"}],"wp:term":[{"taxonomy":"category","embeddable":true,"href":"https:\/\/dypall.com\/fi\/wp-json\/wp\/v2\/categories?post=5942"},{"taxonomy":"post_tag","embeddable":true,"href":"https:\/\/dypall.com\/fi\/wp-json\/wp\/v2\/tags?post=5942"}],"curies":[{"name":"wp","href":"https:\/\/api.w.org\/{rel}","templated":true}]}}