{"id":5757,"date":"2022-08-09T14:59:30","date_gmt":"2022-08-09T13:59:30","guid":{"rendered":"https:\/\/dypall.com\/?p=5757"},"modified":"2022-08-09T14:59:30","modified_gmt":"2022-08-09T13:59:30","slug":"regenerate-innovative-social-impact-volunteering-project-lttas-in-spain-and-portugal","status":"publish","type":"post","link":"https:\/\/dypall.com\/fi\/activity\/regenerate-innovative-social-impact-volunteering-project-lttas-in-spain-and-portugal\/","title":{"rendered":"\u201dREGENERATE &amp; INNOVATIVE: SOCIAL IMPACT VOLUNTEERING\u201d -hanke \u2013 LTTA-sopimukset Espanjassa ja Portugalissa"},"content":{"rendered":"<p><span style=\"font-weight: 400;\">Hein\u00e4kuun aikana kaksi <\/span><b>Pitk\u00e4n aikav\u00e4lin sopimukset <\/b><b>\u2013 Oppimis-, opetus- ja koulutustoiminta<\/b><span style=\"font-weight: 400;\"> tapahtui <strong>&#8220;<\/strong><b><em><strong>R<\/strong>egenerate &amp; Innovatiivinen: Yhteiskunnallinen vaikuttavuus Vapaaehtoisty\u00f6<\/em> <em>(<\/em><\/b><\/span><em><b>RI<\/b><\/em><b><em>SIV) <\/em>\u201d pr<\/b><b>oject<\/b><span style=\"font-weight: 400;\">. Molemmat tapahtumat <\/span><span style=\"font-weight: 400;\">Se perustui ep\u00e4virallisiin koulutusmenetelmiin, ja siin\u00e4 pyrittiin tasapainottamaan itsereflektion hetki\u00e4, ryhm\u00e4toimintaa, kokemusten jakamista ja perustavanlaatuisia teoreettisia k\u00e4sitteit\u00e4.<\/span><\/p>\n<p><span style=\"font-weight: 400;\">Viidennen ja seitsem\u00e4nnen p\u00e4iv\u00e4n v\u00e4lisen\u00e4 aikana 12 nuorisoty\u00f6ntekij\u00e4\u00e4 oli yhdess\u00e4 <\/span><b>Logro\u00f1o<\/b><span style=\"font-weight: 400;\">, <\/span><b>Espanja<\/b><span style=\"font-weight: 400;\">, osoitteeseen:\u00a0<\/span><\/p>\n<ul>\n<li><span style=\"font-weight: 400;\">ymm\u00e4rt\u00e4\u00e4 k\u00e4sitteen <\/span><b>SIP<\/b><span style=\"font-weight: 400;\"> &#8211; <\/span><b>Yhteiskunnallisia vaikutuksia koskeva hanke<\/b><span style=\"font-weight: 400;\"> ja yhteistuotantoon perustuva l\u00e4hestymistapa;<\/span><\/li>\n<li><span style=\"font-weight: 400;\">pohdittava strategisen t\u00e4yt\u00e4nt\u00f6\u00f6npanosuunnitelman helpottamisprosessia, fasilitaattorin roolia sek\u00e4 osaamista, joka h\u00e4nell\u00e4 on oltava tai jota h\u00e4nen on kehitett\u00e4v\u00e4; <\/span><\/li>\n<li><span style=\"font-weight: 400;\">oppimaan, miten nuorten osallistumista ja voimaannuttamista voidaan edist\u00e4\u00e4.<\/span><\/li>\n<\/ul>\n<p><span style=\"font-weight: 400;\">24:nnest\u00e4 28:nneksi 18 nuorta, joita seurasi 6 tiiminjohtajaa kustakin kumppaniorganisaatiosta, kokoontuivat <\/span><b>Ovar<\/b><span style=\"font-weight: 400;\">, <\/span><b>Portugali<\/b><span style=\"font-weight: 400;\">. Toiminnan tavoitteena oli:<\/span><\/p>\n<ul>\n<li><span style=\"font-weight: 400;\">helpottaa ja tukea johtajuutta koskevan ajattelutavan kehitt\u00e4mist\u00e4;<\/span><\/li>\n<li><span style=\"font-weight: 400;\">ymm\u00e4rt\u00e4\u00e4 nuorisojohtajan roolia ja sit\u00e4, miten vertaisverkkoa voidaan helpottaa <\/span><span style=\"font-weight: 400;\">yhteisty\u00f6;<\/span><\/li>\n<li><span style=\"font-weight: 400;\">saada tarvittavat k\u00e4yt\u00e4nn\u00f6n tiedot ja taidot strategisten t\u00e4yt\u00e4nt\u00f6\u00f6npanosuunnitelmien t\u00e4yt\u00e4nt\u00f6\u00f6npanosta;<\/span><\/li>\n<li><span style=\"font-weight: 400;\">tarjota ohjausta ja resursseja nuoriso-ohjaajien \u201dsormilla\u201d <\/span><span style=\"font-weight: 400;\">tukea muita nuoria ik\u00e4tovereina itsen\u00e4isin\u00e4, kehitt\u00e4\u00e4 keskin\u00e4ist\u00e4 <\/span><span style=\"font-weight: 400;\">tukea ja vahvistaa mekanismeja.<\/span><\/li>\n<\/ul>\n<p><span style=\"font-weight: 400;\">Molemmissa hetkiss\u00e4, <\/span><em><b>TPM \u2013 Kansainv\u00e4liset hankekokoukset<\/b><\/em><span style=\"font-weight: 400;\"> j\u00e4rjestettiin seuraavien vaiheiden valmistelemiseksi ja palautteen ker\u00e4\u00e4miseksi ryhmilt\u00e4 IO \u2013 Intellectual Outputs 2 ja 3.<\/span><\/p>\n<p><span style=\"font-weight: 400;\">Kuuden organisaation yhteenliittym\u00e4 toteuttaa <strong>RISIV<\/strong> hanke:<\/span> <a href=\"http:\/\/eurocircle.fr\/\"><span style=\"font-weight: 400;\">Eurocircle \u2013 Europe Direct<\/span><\/a><span style=\"font-weight: 400;\"> (Ranska) <a href=\"https:\/\/www.rinova.co.uk\/?fbclid=IwAR14E9Byv6AGNeV0qDdGUnqaHuVFdgzwaFsrDU50mGNieDeVS84-86r6Vio\">Rinova Lontoo<\/a> (Yhdistynyt kuningaskunta) <\/span><a href=\"https:\/\/www.neo-sapiens.com\/?fbclid=IwAR0jceOGxOUw5FzhJqn1B7T372sv5qM3lCk4VPUfaADmhbdmvjEli_sSqME\"><span style=\"font-weight: 400;\">Neo<\/span><span style=\"font-weight: 400;\"> Sapiens<\/span><\/a><span style=\"font-weight: 400;\"> (Espanja)<\/span> <a href=\"https:\/\/www.uncrcpc.org.cy\/?fbclid=IwAR0e028b1F3-F9R9eA6yjsv7EXb8Qu2vW8pj_sVZmDaQwGrRURICVkkh3-c\"><span style=\"font-weight: 400;\">Hope For Children CRC Policy Center<\/span><\/a><span style=\"font-weight: 400;\"> (Kypros) <a href=\"https:\/\/www.ciofs-fp.org\/en\/homepage_eng-2\/\">Ciofs-Fp<\/a> (Italia) ja DYPALL Network <\/span><b>Erasmus+ -ohjelman avaintoimen 2 innovointi<\/b><span style=\"font-weight: 400;\">.<\/span><\/p>\n<p><a href=\"https:\/\/dypall.com\/fi\/2022\/08\/09\/regenerate-innovative-social-impact-volunteering-project-lttas-in-spain-and-portugal\/img_0301-1\/#main\" rel=\"attachment wp-att-5773\"><img loading=\"lazy\" decoding=\"async\" class=\"alignleft size-full wp-image-5773\" src=\"https:\/\/dypall.com\/wp-content\/uploads\/2022\/08\/IMG_0301-1.jpeg\" alt=\"\" width=\"1280\" height=\"698\" \/><\/a> <a href=\"https:\/\/dypall.com\/fi\/2022\/08\/09\/regenerate-innovative-social-impact-volunteering-project-lttas-in-spain-and-portugal\/img_0427-1-2-1\/#main\" rel=\"attachment wp-att-5771\"><img loading=\"lazy\" decoding=\"async\" class=\"alignleft size-full wp-image-5771\" src=\"https:\/\/dypall.com\/wp-content\/uploads\/2022\/08\/IMG_0427.1-2-1.jpeg\" alt=\"\" width=\"1280\" height=\"960\" \/><\/a> <a href=\"https:\/\/dypall.com\/fi\/2022\/08\/09\/regenerate-innovative-social-impact-volunteering-project-lttas-in-spain-and-portugal\/whatsapp-image-2022-07-08-at-12-27-51\/#main\" rel=\"attachment wp-att-5762\"><img loading=\"lazy\" decoding=\"async\" class=\"alignleft size-full wp-image-5762\" src=\"https:\/\/dypall.com\/wp-content\/uploads\/2022\/08\/WhatsApp-Image-2022-07-08-at-12.27.51.jpeg\" alt=\"\" width=\"2048\" height=\"1536\" \/><\/a> <a href=\"https:\/\/dypall.com\/fi\/2022\/08\/09\/regenerate-innovative-social-impact-volunteering-project-lttas-in-spain-and-portugal\/296652322_6511483105533719_7524262371227393808_n\/#main\" rel=\"attachment wp-att-5767\"><img loading=\"lazy\" decoding=\"async\" class=\"alignleft size-full wp-image-5767\" src=\"https:\/\/dypall.com\/wp-content\/uploads\/2022\/08\/296652322_6511483105533719_7524262371227393808_n.jpeg\" alt=\"\" width=\"2048\" height=\"1536\" \/><\/a> <a href=\"https:\/\/dypall.com\/fi\/2022\/08\/09\/regenerate-innovative-social-impact-volunteering-project-lttas-in-spain-and-portugal\/whatsapp-image-2022-07-29-at-15-29-12-2\/#main\" rel=\"attachment wp-att-5775\"><img loading=\"lazy\" decoding=\"async\" class=\"alignleft size-full wp-image-5775\" src=\"https:\/\/dypall.com\/wp-content\/uploads\/2022\/08\/WhatsApp-Image-2022-07-29-at-15.29.12-2.jpeg\" alt=\"\" width=\"2048\" height=\"1536\" \/><\/a> <a href=\"https:\/\/dypall.com\/fi\/2022\/08\/09\/regenerate-innovative-social-impact-volunteering-project-lttas-in-spain-and-portugal\/whatsapp-image-2022-07-29-at-15-29-10\/#main\" rel=\"attachment wp-att-5764\"><img loading=\"lazy\" decoding=\"async\" class=\"alignleft size-full wp-image-5764\" src=\"https:\/\/dypall.com\/wp-content\/uploads\/2022\/08\/WhatsApp-Image-2022-07-29-at-15.29.10.jpeg\" alt=\"\" width=\"2048\" height=\"1536\" \/><\/a><\/p>\n<p>&nbsp;<\/p>\n<p>&nbsp;<\/p>","protected":false},"excerpt":{"rendered":"<p>Hein\u00e4kuun aikana j\u00e4rjestettiin kaksi LTTA:ta \u2013 oppimis-, opetus- ja koulutustoimintaa \u201dRegenerate &amp; Innovative: Social Impact Volunteering (RISIV) -hanke. Molemmat tapahtumat toteutettiin ep\u00e4virallisten koulutusmenetelmien pohjalta ja niiss\u00e4 pyrittiin tasapainottamaan itsereflektion hetki\u00e4, ryhm\u00e4toimintaa, kokemusten jakamista ja perustavanlaatuisia teoreettisia k\u00e4sitteit\u00e4. Viidennen ja seitsem\u00e4nnen v\u00e4lill\u00e4 12 nuorisoty\u00f6ntekij\u00e4\u00e4... <a class=\"more-link\" href=\"https:\/\/dypall.com\/fi\/activity\/regenerate-innovative-social-impact-volunteering-project-lttas-in-spain-and-portugal\/\">Jatka lukemista <span class=\"screen-reader-text\">\u201dREGENERATE &amp; INNOVATIVE: SOCIAL IMPACT VOLUNTEERING\u201d -hanke \u2013 LTTA-sopimukset Espanjassa ja Portugalissa<\/span><\/a><\/p>","protected":false},"author":2,"featured_media":5763,"comment_status":"closed","ping_status":"open","sticky":false,"template":"","format":"standard","meta":{"_acf_changed":false,"_jetpack_memberships_contains_paid_content":false,"footnotes":""},"categories":[111,141],"tags":[],"class_list":["post-5757","post","type-post","status-publish","format-standard","has-post-thumbnail","hentry","category-activity","category-training-course","entry"],"acf":[],"yoast_head":"<!-- This site is optimized with the Yoast SEO plugin v22.8 - https:\/\/yoast.com\/wordpress\/plugins\/seo\/ -->\n<title>\u201cREGENERATE &amp; INNOVATIVE: SOCIAL IMPACT VOLUNTEERING\u201d project - LTTAs in Spain and Portugal - DYPALL Network<\/title>\n<meta name=\"robots\" content=\"index, follow, max-snippet:-1, max-image-preview:large, max-video-preview:-1\" \/>\n<link rel=\"canonical\" href=\"https:\/\/dypall.com\/fi\/activity\/regenerate-innovative-social-impact-volunteering-project-lttas-in-spain-and-portugal\/\" \/>\n<meta property=\"og:locale\" content=\"fi_FI\" \/>\n<meta property=\"og:type\" content=\"article\" \/>\n<meta property=\"og:title\" content=\"\u201cREGENERATE &amp; INNOVATIVE: SOCIAL IMPACT VOLUNTEERING\u201d project - LTTAs in Spain and Portugal - DYPALL Network\" \/>\n<meta property=\"og:description\" content=\"During July, two LTTAs &#8211;\u00a0 Learning, Teaching, Training Activities took place within the &#8220;Regenerate &amp; Innovative: Social Impact Volunteering (RISIV) &#8221; project. Both events were conducted based on non-formal education methods and sought to balance moments of self-reflection, group activities, the sharing of experience, and fundamental theoretical notions. Between 5th and 7th, 12 youth workers&hellip; Jatka lukemista \u201cREGENERATE &#038; INNOVATIVE: SOCIAL IMPACT VOLUNTEERING\u201d project &#8211; LTTAs in Spain and Portugal\" \/>\n<meta property=\"og:url\" content=\"https:\/\/dypall.com\/fi\/activity\/regenerate-innovative-social-impact-volunteering-project-lttas-in-spain-and-portugal\/\" \/>\n<meta property=\"og:site_name\" content=\"DYPALL Network\" \/>\n<meta property=\"article:published_time\" content=\"2022-08-09T13:59:30+00:00\" \/>\n<meta name=\"author\" content=\"dypall\" \/>\n<meta name=\"twitter:card\" content=\"summary_large_image\" \/>\n<meta name=\"twitter:label1\" content=\"Written by\" \/>\n\t<meta name=\"twitter:data1\" content=\"dypall\" \/>\n\t<meta name=\"twitter:label2\" content=\"Est. reading time\" \/>\n\t<meta name=\"twitter:data2\" content=\"1 minuutti\" \/>\n<script type=\"application\/ld+json\" class=\"yoast-schema-graph\">{\"@context\":\"https:\/\/schema.org\",\"@graph\":[{\"@type\":\"WebPage\",\"@id\":\"https:\/\/dypall.com\/activity\/regenerate-innovative-social-impact-volunteering-project-lttas-in-spain-and-portugal\/\",\"url\":\"https:\/\/dypall.com\/activity\/regenerate-innovative-social-impact-volunteering-project-lttas-in-spain-and-portugal\/\",\"name\":\"\u201cREGENERATE & INNOVATIVE: SOCIAL IMPACT VOLUNTEERING\u201d project - LTTAs in Spain and Portugal - DYPALL Network\",\"isPartOf\":{\"@id\":\"https:\/\/dypall.com\/#website\"},\"primaryImageOfPage\":{\"@id\":\"https:\/\/dypall.com\/activity\/regenerate-innovative-social-impact-volunteering-project-lttas-in-spain-and-portugal\/#primaryimage\"},\"image\":{\"@id\":\"https:\/\/dypall.com\/activity\/regenerate-innovative-social-impact-volunteering-project-lttas-in-spain-and-portugal\/#primaryimage\"},\"thumbnailUrl\":\"\",\"datePublished\":\"2022-08-09T13:59:30+00:00\",\"dateModified\":\"2022-08-09T13:59:30+00:00\",\"author\":{\"@id\":\"https:\/\/dypall.com\/#\/schema\/person\/206350efe851997fcdedef75d118766b\"},\"breadcrumb\":{\"@id\":\"https:\/\/dypall.com\/activity\/regenerate-innovative-social-impact-volunteering-project-lttas-in-spain-and-portugal\/#breadcrumb\"},\"inLanguage\":\"fi\",\"potentialAction\":[{\"@type\":\"ReadAction\",\"target\":[\"https:\/\/dypall.com\/activity\/regenerate-innovative-social-impact-volunteering-project-lttas-in-spain-and-portugal\/\"]}]},{\"@type\":\"ImageObject\",\"inLanguage\":\"fi\",\"@id\":\"https:\/\/dypall.com\/activity\/regenerate-innovative-social-impact-volunteering-project-lttas-in-spain-and-portugal\/#primaryimage\",\"url\":\"\",\"contentUrl\":\"\"},{\"@type\":\"BreadcrumbList\",\"@id\":\"https:\/\/dypall.com\/activity\/regenerate-innovative-social-impact-volunteering-project-lttas-in-spain-and-portugal\/#breadcrumb\",\"itemListElement\":[{\"@type\":\"ListItem\",\"position\":1,\"name\":\"Home\",\"item\":\"https:\/\/dypall.com\/\"},{\"@type\":\"ListItem\",\"position\":2,\"name\":\"\u201cREGENERATE &#038; INNOVATIVE: SOCIAL IMPACT VOLUNTEERING\u201d project &#8211; LTTAs in Spain and Portugal\"}]},{\"@type\":\"WebSite\",\"@id\":\"https:\/\/dypall.com\/#website\",\"url\":\"https:\/\/dypall.com\/\",\"name\":\"DYPALL Network\",\"description\":\"We are a European network of civil society organisations, municipalities and research institutions dedicated to improving democracy through youth participation.\",\"potentialAction\":[{\"@type\":\"SearchAction\",\"target\":{\"@type\":\"EntryPoint\",\"urlTemplate\":\"https:\/\/dypall.com\/?s={search_term_string}\"},\"query-input\":\"required name=search_term_string\"}],\"inLanguage\":\"fi\"},{\"@type\":\"Person\",\"@id\":\"https:\/\/dypall.com\/#\/schema\/person\/206350efe851997fcdedef75d118766b\",\"name\":\"dypall\",\"image\":{\"@type\":\"ImageObject\",\"inLanguage\":\"fi\",\"@id\":\"https:\/\/dypall.com\/#\/schema\/person\/image\/\",\"url\":\"https:\/\/secure.gravatar.com\/avatar\/14e8d3d8841cd0bdf69915120bcf9fcfac1567f1dc7035664907322ac47efe29?s=96&d=mm&r=g\",\"contentUrl\":\"https:\/\/secure.gravatar.com\/avatar\/14e8d3d8841cd0bdf69915120bcf9fcfac1567f1dc7035664907322ac47efe29?s=96&d=mm&r=g\",\"caption\":\"dypall\"},\"url\":\"https:\/\/dypall.com\/fi\/author\/dypall_info\/\"}]}<\/script>\n<!-- \/ Yoast SEO plugin. -->","yoast_head_json":{"title":"\u201cREGENERATE & INNOVATIVE: SOCIAL IMPACT VOLUNTEERING\u201d project - LTTAs in Spain and Portugal - DYPALL Network","robots":{"index":"index","follow":"follow","max-snippet":"max-snippet:-1","max-image-preview":"max-image-preview:large","max-video-preview":"max-video-preview:-1"},"canonical":"https:\/\/dypall.com\/fi\/activity\/regenerate-innovative-social-impact-volunteering-project-lttas-in-spain-and-portugal\/","og_locale":"fi_FI","og_type":"article","og_title":"\u201cREGENERATE & INNOVATIVE: SOCIAL IMPACT VOLUNTEERING\u201d project - LTTAs in Spain and Portugal - DYPALL Network","og_description":"During July, two LTTAs &#8211;\u00a0 Learning, Teaching, Training Activities took place within the &#8220;Regenerate &amp; Innovative: Social Impact Volunteering (RISIV) &#8221; project. Both events were conducted based on non-formal education methods and sought to balance moments of self-reflection, group activities, the sharing of experience, and fundamental theoretical notions. Between 5th and 7th, 12 youth workers&hellip; Jatka lukemista \u201cREGENERATE &#038; INNOVATIVE: SOCIAL IMPACT VOLUNTEERING\u201d project &#8211; LTTAs in Spain and Portugal","og_url":"https:\/\/dypall.com\/fi\/activity\/regenerate-innovative-social-impact-volunteering-project-lttas-in-spain-and-portugal\/","og_site_name":"DYPALL Network","article_published_time":"2022-08-09T13:59:30+00:00","author":"dypall","twitter_card":"summary_large_image","twitter_misc":{"Written by":"dypall","Est. reading time":"1 minuutti"},"schema":{"@context":"https:\/\/schema.org","@graph":[{"@type":"WebPage","@id":"https:\/\/dypall.com\/activity\/regenerate-innovative-social-impact-volunteering-project-lttas-in-spain-and-portugal\/","url":"https:\/\/dypall.com\/activity\/regenerate-innovative-social-impact-volunteering-project-lttas-in-spain-and-portugal\/","name":"\u201cREGENERATE & INNOVATIVE: SOCIAL IMPACT VOLUNTEERING\u201d project - LTTAs in Spain and Portugal - DYPALL Network","isPartOf":{"@id":"https:\/\/dypall.com\/#website"},"primaryImageOfPage":{"@id":"https:\/\/dypall.com\/activity\/regenerate-innovative-social-impact-volunteering-project-lttas-in-spain-and-portugal\/#primaryimage"},"image":{"@id":"https:\/\/dypall.com\/activity\/regenerate-innovative-social-impact-volunteering-project-lttas-in-spain-and-portugal\/#primaryimage"},"thumbnailUrl":"","datePublished":"2022-08-09T13:59:30+00:00","dateModified":"2022-08-09T13:59:30+00:00","author":{"@id":"https:\/\/dypall.com\/#\/schema\/person\/206350efe851997fcdedef75d118766b"},"breadcrumb":{"@id":"https:\/\/dypall.com\/activity\/regenerate-innovative-social-impact-volunteering-project-lttas-in-spain-and-portugal\/#breadcrumb"},"inLanguage":"fi","potentialAction":[{"@type":"ReadAction","target":["https:\/\/dypall.com\/activity\/regenerate-innovative-social-impact-volunteering-project-lttas-in-spain-and-portugal\/"]}]},{"@type":"ImageObject","inLanguage":"fi","@id":"https:\/\/dypall.com\/activity\/regenerate-innovative-social-impact-volunteering-project-lttas-in-spain-and-portugal\/#primaryimage","url":"","contentUrl":""},{"@type":"BreadcrumbList","@id":"https:\/\/dypall.com\/activity\/regenerate-innovative-social-impact-volunteering-project-lttas-in-spain-and-portugal\/#breadcrumb","itemListElement":[{"@type":"ListItem","position":1,"name":"Home","item":"https:\/\/dypall.com\/"},{"@type":"ListItem","position":2,"name":"\u201cREGENERATE &#038; INNOVATIVE: SOCIAL IMPACT VOLUNTEERING\u201d project &#8211; LTTAs in Spain and Portugal"}]},{"@type":"WebSite","@id":"https:\/\/dypall.com\/#website","url":"https:\/\/dypall.com\/","name":"DYPALL Network","description":"We are a European network of civil society organisations, municipalities and research institutions dedicated to improving democracy through youth participation.","potentialAction":[{"@type":"SearchAction","target":{"@type":"EntryPoint","urlTemplate":"https:\/\/dypall.com\/?s={search_term_string}"},"query-input":"required name=search_term_string"}],"inLanguage":"fi"},{"@type":"Person","@id":"https:\/\/dypall.com\/#\/schema\/person\/206350efe851997fcdedef75d118766b","name":"dypall","image":{"@type":"ImageObject","inLanguage":"fi","@id":"https:\/\/dypall.com\/#\/schema\/person\/image\/","url":"https:\/\/secure.gravatar.com\/avatar\/14e8d3d8841cd0bdf69915120bcf9fcfac1567f1dc7035664907322ac47efe29?s=96&d=mm&r=g","contentUrl":"https:\/\/secure.gravatar.com\/avatar\/14e8d3d8841cd0bdf69915120bcf9fcfac1567f1dc7035664907322ac47efe29?s=96&d=mm&r=g","caption":"dypall"},"url":"https:\/\/dypall.com\/fi\/author\/dypall_info\/"}]}},"jetpack_featured_media_url":"","jetpack_sharing_enabled":true,"_links":{"self":[{"href":"https:\/\/dypall.com\/fi\/wp-json\/wp\/v2\/posts\/5757","targetHints":{"allow":["GET"]}}],"collection":[{"href":"https:\/\/dypall.com\/fi\/wp-json\/wp\/v2\/posts"}],"about":[{"href":"https:\/\/dypall.com\/fi\/wp-json\/wp\/v2\/types\/post"}],"author":[{"embeddable":true,"href":"https:\/\/dypall.com\/fi\/wp-json\/wp\/v2\/users\/2"}],"replies":[{"embeddable":true,"href":"https:\/\/dypall.com\/fi\/wp-json\/wp\/v2\/comments?post=5757"}],"version-history":[{"count":0,"href":"https:\/\/dypall.com\/fi\/wp-json\/wp\/v2\/posts\/5757\/revisions"}],"wp:featuredmedia":[{"embeddable":true,"href":"https:\/\/dypall.com\/fi\/wp-json\/"}],"wp:attachment":[{"href":"https:\/\/dypall.com\/fi\/wp-json\/wp\/v2\/media?parent=5757"}],"wp:term":[{"taxonomy":"category","embeddable":true,"href":"https:\/\/dypall.com\/fi\/wp-json\/wp\/v2\/categories?post=5757"},{"taxonomy":"post_tag","embeddable":true,"href":"https:\/\/dypall.com\/fi\/wp-json\/wp\/v2\/tags?post=5757"}],"curies":[{"name":"wp","href":"https:\/\/api.w.org\/{rel}","templated":true}]}}