{"id":5608,"date":"2022-06-22T16:36:23","date_gmt":"2022-06-22T15:36:23","guid":{"rendered":"https:\/\/dypall.com\/?p=5608"},"modified":"2022-06-22T16:36:23","modified_gmt":"2022-06-22T15:36:23","slug":"online-conference-migrant-children-and-communities-in-transforming-europe","status":"publish","type":"post","link":"https:\/\/dypall.com\/fi\/activity\/online-conference-migrant-children-and-communities-in-transforming-europe\/","title":{"rendered":"Verkkokonferenssi \u201dMaahanmuuttajalapset ja -yhteis\u00f6t Euroopan muutoksessa\u201d"},"content":{"rendered":"<p>DYPALL Network j\u00e4rjesti 22. kes\u00e4kuuta verkkokonferenssin \u201d <span class=\"fontstyle0\">Migrant Children and Communities in a Transforming Europe\u201d, joka oli hankkeen lopullinen kansainv\u00e4linen levitystoimi samalla nimell\u00e4 (lyhenne: MiCreate).\u00a0<\/span><\/p>\n<p>Vaikka hankkeen yhteydess\u00e4 ei alun perin suunniteltu kansainv\u00e4list\u00e4 verkkolevitystapahtumaa, DYPALL-verkosto tiesi maahanmuuttajalasten osallistamisen t\u00e4rkeyden ja ehdotti, ett\u00e4 kansainv\u00e4liselle yhteis\u00f6lle eri puolilta maailmaa tarjottaisiin tilaisuus osallistua ja saada tietoa hankkeen tuloksista. Yli 900 rekister\u00f6itymist\u00e4 48 maasta eri puolilta maailmaa ja yli 260 osallistujaa huippuhetkin\u00e4 vahvistivat, ett\u00e4 verkossa tapahtuva levitt\u00e4minen voi tuoda suurta lis\u00e4arvoa tavanomaiseen henkil\u00f6kohtaiseen levitt\u00e4misstrategiaan.<\/p>\n<p>Konferenssin avasi Ant\u00f3nio Palma <a href=\"https:\/\/www.taipa-desenvolvimento.pt\/\">TAIPA Odemira,<\/a> joka esitteli j\u00e4rjest\u00f6ns\u00e4 ty\u00f6t\u00e4 maahanmuuttajalasten parissa sek\u00e4 Odemiran kouluissa Portugalissa ilmenevi\u00e4 haasteita ja mahdollisuuksia. T\u00e4m\u00e4n j\u00e4lkeen Vincent Catot muuttoliike- ja sis\u00e4asioiden p\u00e4\u00e4osaston laillisten v\u00e4ylien ja kotouttamisen yksik\u00f6st\u00e4 esitteli kotouttamista ja osallisuutta koskevan EU:n toimintasuunnitelman. T\u00e4m\u00e4 johdanto antoi hyv\u00e4n taustan MiCreate-projektin akateemisen koordinaattorin Mateja Sedmakin my\u00f6hemm\u00e4lle johdannolle ja keskeisille projektituloksille.<\/p>\n<p>My\u00f6hemmin osallistujat voisivat valita k\u00e4yt\u00e4nn\u00f6llisempien rinnakkaisten ty\u00f6pajojen v\u00e4lill\u00e4:<\/p>\n<ul>\n<li><span class=\"fontstyle0\">TY\u00d6PAIKKA opettajille, jonka aikana Nektaria Palaiologou ja Victoria Prekate jakoivat hyvi\u00e4 k\u00e4yt\u00e4nt\u00f6j\u00e4<span class=\"fontstyle2\"> pakolaiskoulutuksessa: Skaramagasin pakolaisleirin tapaus, ja osallistujat voisivat oppia <a href=\"https:\/\/www.micreate.eu\/index.php\/integration-lab\/\">Opettajille tarkoitettu k\u00e4sikirja: Monikulttuurisissa kouluissa el\u00e4minen<\/a>, joka on yksi hankkeen t\u00e4rkeimmist\u00e4 ja k\u00e4yt\u00e4nn\u00f6llisimmist\u00e4 tuloksista. Se koostuu kymmenist\u00e4 hyvist\u00e4 k\u00e4yt\u00e4nn\u00f6ist\u00e4 eri aloilla, jotka liittyv\u00e4t maahanmuuttajalasten osallistamiseen kouluymp\u00e4rist\u00f6ihin, ja k\u00e4yt\u00e4nn\u00f6n digitaalisista v\u00e4lineist\u00e4, jotka helpottavat n\u00e4it\u00e4 prosesseja.<\/span><\/span><\/li>\n<li>WORKSHOP FOR STAKEHOLDERS, jonka aikana jaoimme <a href=\"https:\/\/www.micreate.eu\/index.php\/policy-lab\/\">keskeiset poliittiset suositukset, joilla edistet\u00e4\u00e4n maahanmuuttajalasten lapsikeskeist\u00e4 kotoutumista kouluihin.<\/a><span class=\"fontstyle0\"> My\u00f6hemmin, dr <\/span><span class=\"fontstyle2\">Adam Bulandra (Puola) ja Ieva Johansson (Latvia) kertoivat kokemuksistaan Ukrainan konfliktin vaikutuksista maansa kouluopetukseen sek\u00e4 paikallisista ja kansallisista strategioista kriisin arvioimiseksi.<\/span><\/li>\n<\/ul>\n<p><span class=\"fontstyle0\">MiCreate-hankkeen yleisen\u00e4 tavoitteena oli edist\u00e4\u00e4 erilaisten maahanmuuttajalasten ryhmien osallisuutta omaksumalla lapsikeskeinen l\u00e4hestymistapa maahanmuuttajalasten kotouttamiseen koulutuksen ja politiikan tasolla. Tutkimushanke perustui tarpeeseen tarkastella uudelleen nykyisi\u00e4 kotouttamispolitiikkoja, ja sen tavoitteena oli tarkastella kattavasti maahanmuuttajalasten nykyisi\u00e4 kotouttamisprosesseja heid\u00e4n vaikutusmahdollisuuksiensa lis\u00e4\u00e4miseksi. MiCREATE-tutkimusryhm\u00e4 on tehnyt tutkimusty\u00f6t\u00e4 \u00e4skett\u00e4in saapuneiden pitk\u00e4aikaisten maahanmuuttajalasten ja paikallisten lasten kanssa Sloveniassa, Tanskassa, Espanjassa, Yhdistyneess\u00e4 kuningaskunnassa, It\u00e4vallassa ja Puolassa. Syyskuusta 2019 syyskuuhun 2021 kest\u00e4neess\u00e4 monimenetelm\u00e4tutkimuksessa oli mukana yli 6 000 lasta. <\/span><span class=\"fontstyle0\">Erityisesti nyt opettajilla ja poliittisilla p\u00e4\u00e4tt\u00e4jill\u00e4 on merkitt\u00e4vi\u00e4 haasteita maahanmuuttajalasten integroimisessa paikallisyhteis\u00f6ihin ja kouluihin tehokkaiden materiaalien ja laadukkaan tiedon puutteen vuoksi. Tiede- ja tutkimuskeskus Koperin (Slovenia) johtaman hankekonsortion j\u00e4senen\u00e4 DYPALL Network vastasi levitt\u00e4mistoimien toteuttamisesta Portugalissa, Latviassa, Pohjois-Makedoniassa ja Alankomaissa.<\/span><\/p>\n<p>Lue lis\u00e4\u00e4 hankkeesta ja sen tuloksista <a href=\"http:\/\/micreate.eu\">t\u00e4ll\u00e4 verkkosivustolla<\/a> tai alla oleva video.<\/p>\n<p><iframe loading=\"lazy\" title=\"MiCREATE-esitys\" width=\"750\" height=\"422\" src=\"https:\/\/www.youtube.com\/embed\/b_K0Pj7gh8w?feature=oembed\" frameborder=\"0\" allow=\"accelerometer; autoplay; clipboard-write; encrypted-media; gyroscope; picture-in-picture; web-share\" referrerpolicy=\"strict-origin-when-cross-origin\" allowfullscreen><\/iframe><\/p>\n<p><a href=\"https:\/\/dypall.com\/fi\/2022\/06\/27\/online-conference-migrant-children-and-communities-in-transforming-europe\/2-23\/#main\" rel=\"attachment wp-att-5609\"><img loading=\"lazy\" decoding=\"async\" class=\"alignleft size-large wp-image-5609\" src=\"https:\/\/dypall.com\/wp-content\/uploads\/2022\/06\/2-1-1024x576.jpeg\" alt=\"\" width=\"1024\" height=\"576\" \/><\/a> <a href=\"https:\/\/dypall.com\/fi\/2022\/06\/27\/online-conference-migrant-children-and-communities-in-transforming-europe\/3-19\/#main\" rel=\"attachment wp-att-5610\"><img loading=\"lazy\" decoding=\"async\" class=\"alignleft size-large wp-image-5610\" src=\"https:\/\/dypall.com\/wp-content\/uploads\/2022\/06\/3-1-1024x576.jpeg\" alt=\"\" width=\"1024\" height=\"576\" \/><\/a> <a href=\"https:\/\/dypall.com\/fi\/2022\/06\/27\/online-conference-migrant-children-and-communities-in-transforming-europe\/3-20\/#main\" rel=\"attachment wp-att-5611\"><img loading=\"lazy\" decoding=\"async\" class=\"alignleft size-large wp-image-5611\" src=\"https:\/\/dypall.com\/wp-content\/uploads\/2022\/06\/3-1024x576.png\" alt=\"\" width=\"1024\" height=\"576\" \/><\/a> <a href=\"https:\/\/dypall.com\/fi\/2022\/06\/27\/online-conference-migrant-children-and-communities-in-transforming-europe\/whatsapp-image-2022-06-24-at-15-10-59\/#main\" rel=\"attachment wp-att-5612\"><img loading=\"lazy\" decoding=\"async\" class=\"alignleft size-large wp-image-5612\" src=\"https:\/\/dypall.com\/wp-content\/uploads\/2022\/06\/WhatsApp-Image-2022-06-24-at-15.10.59-1024x576.jpeg\" alt=\"\" width=\"1024\" height=\"576\" \/><\/a><\/p>","protected":false},"excerpt":{"rendered":"<p>DYPALL-verkosto j\u00e4rjesti 22. kes\u00e4kuuta verkkokonferenssin \u201dMigrant Children and Communities in a Transforming Europe\u201d, joka oli hankkeen lopullinen kansainv\u00e4linen levitystoimi samalla nimell\u00e4 (lyhenne: MiCreate).\u00a0 Vaikka kansainv\u00e4list\u00e4 online-levitystapahtumaa ei alun perin suunniteltu osana hanketta, tiet\u00e4en, ett\u00e4... <a class=\"more-link\" href=\"https:\/\/dypall.com\/fi\/activity\/online-conference-migrant-children-and-communities-in-transforming-europe\/\">Jatka lukemista <span class=\"screen-reader-text\">Verkkokonferenssi \u201dMaahanmuuttajalapset ja -yhteis\u00f6t Euroopan muutoksessa\u201d<\/span><\/a><\/p>","protected":false},"author":2,"featured_media":5614,"comment_status":"closed","ping_status":"open","sticky":false,"template":"","format":"standard","meta":{"_acf_changed":false,"_jetpack_memberships_contains_paid_content":false,"footnotes":""},"categories":[111,112],"tags":[],"class_list":["post-5608","post","type-post","status-publish","format-standard","has-post-thumbnail","hentry","category-activity","category-conference","entry"],"acf":[],"yoast_head":"<!-- This site is optimized with the Yoast SEO plugin v22.8 - https:\/\/yoast.com\/wordpress\/plugins\/seo\/ -->\n<title>Online conference &quot;Migrant Children and Communities in Transforming Europe&quot; - DYPALL Network<\/title>\n<meta name=\"robots\" content=\"index, follow, max-snippet:-1, max-image-preview:large, max-video-preview:-1\" \/>\n<link rel=\"canonical\" href=\"https:\/\/dypall.com\/fi\/activity\/online-conference-migrant-children-and-communities-in-transforming-europe\/\" \/>\n<meta property=\"og:locale\" content=\"fi_FI\" \/>\n<meta property=\"og:type\" content=\"article\" \/>\n<meta property=\"og:title\" content=\"Online conference &quot;Migrant Children and Communities in Transforming Europe&quot; - DYPALL Network\" \/>\n<meta property=\"og:description\" content=\"On the 22nd of June, DYPALL Network hosted an online conference &#8221; Migrant Children and Communities in a Transforming Europe,&#8221; which was the final international dissemination activity of the project under the same title (acronym: MiCreate).\u00a0 Although an online international dissemination event was not initially planned as part of the project, knowing the importance of&hellip; Jatka lukemista Online conference &#8220;Migrant Children and Communities in Transforming Europe&#8221;\" \/>\n<meta property=\"og:url\" content=\"https:\/\/dypall.com\/fi\/activity\/online-conference-migrant-children-and-communities-in-transforming-europe\/\" \/>\n<meta property=\"og:site_name\" content=\"DYPALL Network\" \/>\n<meta property=\"article:published_time\" content=\"2022-06-22T15:36:23+00:00\" \/>\n<meta name=\"author\" content=\"dypall\" \/>\n<meta name=\"twitter:card\" content=\"summary_large_image\" \/>\n<meta name=\"twitter:label1\" content=\"Written by\" \/>\n\t<meta name=\"twitter:data1\" content=\"dypall\" \/>\n\t<meta name=\"twitter:label2\" content=\"Est. reading time\" \/>\n\t<meta name=\"twitter:data2\" content=\"3 minuuttia\" \/>\n<script type=\"application\/ld+json\" class=\"yoast-schema-graph\">{\"@context\":\"https:\/\/schema.org\",\"@graph\":[{\"@type\":\"WebPage\",\"@id\":\"https:\/\/dypall.com\/activity\/online-conference-migrant-children-and-communities-in-transforming-europe\/\",\"url\":\"https:\/\/dypall.com\/activity\/online-conference-migrant-children-and-communities-in-transforming-europe\/\",\"name\":\"Online conference \\\"Migrant Children and Communities in Transforming Europe\\\" - DYPALL Network\",\"isPartOf\":{\"@id\":\"https:\/\/dypall.com\/#website\"},\"primaryImageOfPage\":{\"@id\":\"https:\/\/dypall.com\/activity\/online-conference-migrant-children-and-communities-in-transforming-europe\/#primaryimage\"},\"image\":{\"@id\":\"https:\/\/dypall.com\/activity\/online-conference-migrant-children-and-communities-in-transforming-europe\/#primaryimage\"},\"thumbnailUrl\":\"\",\"datePublished\":\"2022-06-22T15:36:23+00:00\",\"dateModified\":\"2022-06-22T15:36:23+00:00\",\"author\":{\"@id\":\"https:\/\/dypall.com\/#\/schema\/person\/206350efe851997fcdedef75d118766b\"},\"breadcrumb\":{\"@id\":\"https:\/\/dypall.com\/activity\/online-conference-migrant-children-and-communities-in-transforming-europe\/#breadcrumb\"},\"inLanguage\":\"fi\",\"potentialAction\":[{\"@type\":\"ReadAction\",\"target\":[\"https:\/\/dypall.com\/activity\/online-conference-migrant-children-and-communities-in-transforming-europe\/\"]}]},{\"@type\":\"ImageObject\",\"inLanguage\":\"fi\",\"@id\":\"https:\/\/dypall.com\/activity\/online-conference-migrant-children-and-communities-in-transforming-europe\/#primaryimage\",\"url\":\"\",\"contentUrl\":\"\"},{\"@type\":\"BreadcrumbList\",\"@id\":\"https:\/\/dypall.com\/activity\/online-conference-migrant-children-and-communities-in-transforming-europe\/#breadcrumb\",\"itemListElement\":[{\"@type\":\"ListItem\",\"position\":1,\"name\":\"Home\",\"item\":\"https:\/\/dypall.com\/\"},{\"@type\":\"ListItem\",\"position\":2,\"name\":\"Online conference &#8220;Migrant Children and Communities in Transforming Europe&#8221;\"}]},{\"@type\":\"WebSite\",\"@id\":\"https:\/\/dypall.com\/#website\",\"url\":\"https:\/\/dypall.com\/\",\"name\":\"DYPALL Network\",\"description\":\"We are a European network of civil society organisations, municipalities and research institutions dedicated to improving democracy through youth participation.\",\"potentialAction\":[{\"@type\":\"SearchAction\",\"target\":{\"@type\":\"EntryPoint\",\"urlTemplate\":\"https:\/\/dypall.com\/?s={search_term_string}\"},\"query-input\":\"required name=search_term_string\"}],\"inLanguage\":\"fi\"},{\"@type\":\"Person\",\"@id\":\"https:\/\/dypall.com\/#\/schema\/person\/206350efe851997fcdedef75d118766b\",\"name\":\"dypall\",\"image\":{\"@type\":\"ImageObject\",\"inLanguage\":\"fi\",\"@id\":\"https:\/\/dypall.com\/#\/schema\/person\/image\/\",\"url\":\"https:\/\/secure.gravatar.com\/avatar\/14e8d3d8841cd0bdf69915120bcf9fcfac1567f1dc7035664907322ac47efe29?s=96&d=mm&r=g\",\"contentUrl\":\"https:\/\/secure.gravatar.com\/avatar\/14e8d3d8841cd0bdf69915120bcf9fcfac1567f1dc7035664907322ac47efe29?s=96&d=mm&r=g\",\"caption\":\"dypall\"},\"url\":\"https:\/\/dypall.com\/fi\/author\/dypall_info\/\"}]}<\/script>\n<!-- \/ Yoast SEO plugin. -->","yoast_head_json":{"title":"Online conference \"Migrant Children and Communities in Transforming Europe\" - DYPALL Network","robots":{"index":"index","follow":"follow","max-snippet":"max-snippet:-1","max-image-preview":"max-image-preview:large","max-video-preview":"max-video-preview:-1"},"canonical":"https:\/\/dypall.com\/fi\/activity\/online-conference-migrant-children-and-communities-in-transforming-europe\/","og_locale":"fi_FI","og_type":"article","og_title":"Online conference \"Migrant Children and Communities in Transforming Europe\" - DYPALL Network","og_description":"On the 22nd of June, DYPALL Network hosted an online conference &#8221; Migrant Children and Communities in a Transforming Europe,&#8221; which was the final international dissemination activity of the project under the same title (acronym: MiCreate).\u00a0 Although an online international dissemination event was not initially planned as part of the project, knowing the importance of&hellip; Jatka lukemista Online conference &#8220;Migrant Children and Communities in Transforming Europe&#8221;","og_url":"https:\/\/dypall.com\/fi\/activity\/online-conference-migrant-children-and-communities-in-transforming-europe\/","og_site_name":"DYPALL Network","article_published_time":"2022-06-22T15:36:23+00:00","author":"dypall","twitter_card":"summary_large_image","twitter_misc":{"Written by":"dypall","Est. reading time":"3 minuuttia"},"schema":{"@context":"https:\/\/schema.org","@graph":[{"@type":"WebPage","@id":"https:\/\/dypall.com\/activity\/online-conference-migrant-children-and-communities-in-transforming-europe\/","url":"https:\/\/dypall.com\/activity\/online-conference-migrant-children-and-communities-in-transforming-europe\/","name":"Online conference \"Migrant Children and Communities in Transforming Europe\" - DYPALL Network","isPartOf":{"@id":"https:\/\/dypall.com\/#website"},"primaryImageOfPage":{"@id":"https:\/\/dypall.com\/activity\/online-conference-migrant-children-and-communities-in-transforming-europe\/#primaryimage"},"image":{"@id":"https:\/\/dypall.com\/activity\/online-conference-migrant-children-and-communities-in-transforming-europe\/#primaryimage"},"thumbnailUrl":"","datePublished":"2022-06-22T15:36:23+00:00","dateModified":"2022-06-22T15:36:23+00:00","author":{"@id":"https:\/\/dypall.com\/#\/schema\/person\/206350efe851997fcdedef75d118766b"},"breadcrumb":{"@id":"https:\/\/dypall.com\/activity\/online-conference-migrant-children-and-communities-in-transforming-europe\/#breadcrumb"},"inLanguage":"fi","potentialAction":[{"@type":"ReadAction","target":["https:\/\/dypall.com\/activity\/online-conference-migrant-children-and-communities-in-transforming-europe\/"]}]},{"@type":"ImageObject","inLanguage":"fi","@id":"https:\/\/dypall.com\/activity\/online-conference-migrant-children-and-communities-in-transforming-europe\/#primaryimage","url":"","contentUrl":""},{"@type":"BreadcrumbList","@id":"https:\/\/dypall.com\/activity\/online-conference-migrant-children-and-communities-in-transforming-europe\/#breadcrumb","itemListElement":[{"@type":"ListItem","position":1,"name":"Home","item":"https:\/\/dypall.com\/"},{"@type":"ListItem","position":2,"name":"Online conference &#8220;Migrant Children and Communities in Transforming Europe&#8221;"}]},{"@type":"WebSite","@id":"https:\/\/dypall.com\/#website","url":"https:\/\/dypall.com\/","name":"DYPALL Network","description":"We are a European network of civil society organisations, municipalities and research institutions dedicated to improving democracy through youth participation.","potentialAction":[{"@type":"SearchAction","target":{"@type":"EntryPoint","urlTemplate":"https:\/\/dypall.com\/?s={search_term_string}"},"query-input":"required name=search_term_string"}],"inLanguage":"fi"},{"@type":"Person","@id":"https:\/\/dypall.com\/#\/schema\/person\/206350efe851997fcdedef75d118766b","name":"dypall","image":{"@type":"ImageObject","inLanguage":"fi","@id":"https:\/\/dypall.com\/#\/schema\/person\/image\/","url":"https:\/\/secure.gravatar.com\/avatar\/14e8d3d8841cd0bdf69915120bcf9fcfac1567f1dc7035664907322ac47efe29?s=96&d=mm&r=g","contentUrl":"https:\/\/secure.gravatar.com\/avatar\/14e8d3d8841cd0bdf69915120bcf9fcfac1567f1dc7035664907322ac47efe29?s=96&d=mm&r=g","caption":"dypall"},"url":"https:\/\/dypall.com\/fi\/author\/dypall_info\/"}]}},"jetpack_featured_media_url":"","jetpack_sharing_enabled":true,"_links":{"self":[{"href":"https:\/\/dypall.com\/fi\/wp-json\/wp\/v2\/posts\/5608","targetHints":{"allow":["GET"]}}],"collection":[{"href":"https:\/\/dypall.com\/fi\/wp-json\/wp\/v2\/posts"}],"about":[{"href":"https:\/\/dypall.com\/fi\/wp-json\/wp\/v2\/types\/post"}],"author":[{"embeddable":true,"href":"https:\/\/dypall.com\/fi\/wp-json\/wp\/v2\/users\/2"}],"replies":[{"embeddable":true,"href":"https:\/\/dypall.com\/fi\/wp-json\/wp\/v2\/comments?post=5608"}],"version-history":[{"count":0,"href":"https:\/\/dypall.com\/fi\/wp-json\/wp\/v2\/posts\/5608\/revisions"}],"wp:featuredmedia":[{"embeddable":true,"href":"https:\/\/dypall.com\/fi\/wp-json\/"}],"wp:attachment":[{"href":"https:\/\/dypall.com\/fi\/wp-json\/wp\/v2\/media?parent=5608"}],"wp:term":[{"taxonomy":"category","embeddable":true,"href":"https:\/\/dypall.com\/fi\/wp-json\/wp\/v2\/categories?post=5608"},{"taxonomy":"post_tag","embeddable":true,"href":"https:\/\/dypall.com\/fi\/wp-json\/wp\/v2\/tags?post=5608"}],"curies":[{"name":"wp","href":"https:\/\/api.w.org\/{rel}","templated":true}]}}