{"id":5573,"date":"2022-06-23T14:35:08","date_gmt":"2022-06-23T13:35:08","guid":{"rendered":"https:\/\/dypall.com\/?p=5573"},"modified":"2022-06-23T14:35:08","modified_gmt":"2022-06-23T13:35:08","slug":"register-to-the-conference-local-youth-councils-at-international-scale-on-the-6-7-july-2022-1030-1400-brussels-time","status":"publish","type":"post","link":"https:\/\/dypall.com\/fi\/activity\/register-to-the-conference-local-youth-councils-at-international-scale-on-the-6-7-july-2022-1030-1400-brussels-time\/","title":{"rendered":"Ilmoittaudu konferenssiin \u201dLOCAL YOUTH COUNCILS AT INTERNATIONAL SCALE\u201d 6.\u20137. hein\u00e4kuuta 2022 (klo 10.30\u201314.00 Brysselin aikaa)."},"content":{"rendered":"<p>Tule mukaan konferenssiin \u201d<span class=\"JsGRdQ\"><strong>Paikalliset nuorisoneuvostot kansainv\u00e4lisell\u00e4 tasolla<\/strong>\u201d<strong> hein\u00e4kuuta 2022 (klo 10.30\u201314.00 Brysselin aikaa)<\/strong>.<\/span><\/p>\n<p>Konferenssi on t\u00e4ydellinen paikka <span class=\"JsGRdQ\">paikallisten nuorisoneuvostojen laatua koskevien kokemusten ja n\u00e4kemysten kansainv\u00e4linen vaihto laajalla, kansainv\u00e4lisell\u00e4 ja mannertenv\u00e4lisell\u00e4 tasolla. Se kokoaa yhteen nuorisoalan eri sidosryhmi\u00e4, kuten kansalaisj\u00e4rjest\u00f6j\u00e4, kuntien edustajia, tutkijoita, nuorisoty\u00f6ntekij\u00f6it\u00e4 ja nuoriso-ohjaajia, keskustelemaan nuorten osallistumisen merkityksest\u00e4 paikallistasolla osallistuvissa maissa ja maanosissa. Konferenssin osallistujilla on mahdollisuus keskustella ja jakaa ideoita, kokemuksia ja parhaita k\u00e4yt\u00e4nt\u00f6j\u00e4 nuorten osallistamiseksi p\u00e4\u00e4t\u00f6ksentekoprosesseihin ja siten antaa heille \u00e4\u00e4ni ja aktiivinen rooli paikallisyhteis\u00f6iss\u00e4\u00e4n.<\/span><\/p>\n<p class=\"_04xlpA direction-ltr align-justify para-style-body\"><span class=\"JsGRdQ\">Konferenssi on my\u00f6s Euroopan unionin rahoittaman kaksivuotisen LOCAL YOUTH COUNCILS AT INTERNATIONAL SCALE -hankkeen k\u00e4ynnistyshetki. Hanke tarjoaa runsaasti j\u00e4nnitt\u00e4vi\u00e4 kokemuksia, koulutusta ja tuloksia, joita ei ole viel\u00e4 saavutettu.<\/span><\/p>\n<p><strong>Koko esityslista:<\/strong> <a href=\"http:\/\/tiny.cc\/lycisconfagenda\">http:\/\/tiny.cc\/lycisconfagenda<\/a><\/p>\n<p class=\"_04xlpA direction-ltr align-justify para-style-body\"><span class=\"JsGRdQ\">Kutsumme l\u00e4mpim\u00e4sti kaikki osallistujat, jotka ovat kiinnostuneita vaihtamaan kokemuksia paikallisesta nuorisoneuvostosta kansainv\u00e4lisell\u00e4 ja mannertenv\u00e4lisell\u00e4 tasolla, erityisesti:<\/span><\/p>\n<ul>\n<li><span class=\"JsGRdQ\">nuoret ja paikallisten nuorisoneuvostojen tai vastaavien rakenteiden j\u00e4senet<\/span><\/li>\n<li><span class=\"JsGRdQ\">nuorisoty\u00f6ntekij\u00e4t nuorten osallistumisen alalla<\/span><\/li>\n<li><span class=\"JsGRdQ\">p\u00e4\u00e4tt\u00e4j\u00e4t, nuorten osallistumisesta vastaavat kunnan virkamiehet<\/span><\/li>\n<li><span class=\"JsGRdQ\">paikallisten nuorisoneuvostojen alan tutkijat<\/span><\/li>\n<li><span class=\"JsGRdQ\">kansalaisj\u00e4rjest\u00f6jen ja instituutioiden edustajat, jotka ovat kiinnostuneita uusista v\u00e4lineist\u00e4 ja perusteluista paikallisista nuorisoneuvostoista k\u00e4yt\u00e4v\u00e4\u00e4 keskustelua varten<\/span> <span class=\"JsGRdQ\">omassa maassaan<\/span><\/li>\n<\/ul>\n<p class=\"_04xlpA direction-ltr align-justify para-style-body\"><span class=\"JsGRdQ\"><strong>Rekister\u00f6idy t\u00e4st\u00e4<\/strong>: <\/span><a class=\"JsGRdQ\" draggable=\"false\" href=\"http:\/\/tiny.cc\/lycisconfregistration\" target=\"_blank\" rel=\"noopener\">http:\/\/tiny.cc\/lycisconfregistration<\/a><\/p>\n<p>Kaikki osallistujat saavat osallistumistodistuksen.<\/p>\n<p>Osallistuminen molempiin aktiviteettip\u00e4iviin ei ole pakollista.<\/p>","protected":false},"excerpt":{"rendered":"<p>Tule mukaan konferenssiin \u201dLOCAL YOUTH COUNCILS AT INTERNATIONAL SCALE\u201d 6.\u20137. hein\u00e4kuuta 2022 (klo 10.30\u201314.00 Brysselin aikaa). Konferenssi on t\u00e4ydellinen tila kokemusten ja n\u00e4kemysten kansainv\u00e4liselle vaihdolle paikallisten nuorisoneuvostojen laadusta laajalla, kansainv\u00e4lisell\u00e4 ja mannertenv\u00e4lisell\u00e4 tasolla. Se kokoaa yhteen nuorison eri sidosryhmi\u00e4... <a class=\"more-link\" href=\"https:\/\/dypall.com\/fi\/activity\/register-to-the-conference-local-youth-councils-at-international-scale-on-the-6-7-july-2022-1030-1400-brussels-time\/\">Jatka lukemista <span class=\"screen-reader-text\">Ilmoittaudu konferenssiin \u201dLOCAL YOUTH COUNCILS AT INTERNATIONAL SCALE\u201d 6.\u20137. hein\u00e4kuuta 2022 (klo 10.30\u201314.00 Brysselin aikaa).<\/span><\/a><\/p>","protected":false},"author":1,"featured_media":5574,"comment_status":"closed","ping_status":"open","sticky":false,"template":"","format":"standard","meta":{"_acf_changed":false,"_jetpack_memberships_contains_paid_content":false,"footnotes":""},"categories":[111,112],"tags":[],"class_list":["post-5573","post","type-post","status-publish","format-standard","has-post-thumbnail","hentry","category-activity","category-conference","entry"],"acf":[],"yoast_head":"<!-- This site is optimized with the Yoast SEO plugin v22.8 - https:\/\/yoast.com\/wordpress\/plugins\/seo\/ -->\n<title>Register to the conference &quot;LOCAL YOUTH COUNCILS AT INTERNATIONAL SCALE&quot; on the 6-7 July 2022 (10:30-14:00 Brussels time). - DYPALL Network<\/title>\n<meta name=\"robots\" content=\"index, follow, max-snippet:-1, max-image-preview:large, max-video-preview:-1\" \/>\n<link rel=\"canonical\" href=\"https:\/\/dypall.com\/fi\/activity\/register-to-the-conference-local-youth-councils-at-international-scale-on-the-6-7-july-2022-1030-1400-brussels-time\/\" \/>\n<meta property=\"og:locale\" content=\"fi_FI\" \/>\n<meta property=\"og:type\" content=\"article\" \/>\n<meta property=\"og:title\" content=\"Register to the conference &quot;LOCAL YOUTH COUNCILS AT INTERNATIONAL SCALE&quot; on the 6-7 July 2022 (10:30-14:00 Brussels time). - DYPALL Network\" \/>\n<meta property=\"og:description\" content=\"Join us for the conference &#8220;LOCAL YOUTH COUNCILS AT INTERNATIONAL SCALE&#8221; on the 6-7 July 2022 (10:30-14:00 Brussels time). The conference is a perfect space for the international exchange of experiences and perspectives on the quality of local youth councils at a broad, international and intercontinental level. It brings together various stakeholders in the youth&hellip; Jatka lukemista Register to the conference &#8220;LOCAL YOUTH COUNCILS AT INTERNATIONAL SCALE&#8221; on the 6-7 July 2022 (10:30-14:00 Brussels time).\" \/>\n<meta property=\"og:url\" content=\"https:\/\/dypall.com\/fi\/activity\/register-to-the-conference-local-youth-councils-at-international-scale-on-the-6-7-july-2022-1030-1400-brussels-time\/\" \/>\n<meta property=\"og:site_name\" content=\"DYPALL Network\" \/>\n<meta property=\"article:published_time\" content=\"2022-06-23T13:35:08+00:00\" \/>\n<meta name=\"author\" content=\"DYPALL Network\" \/>\n<meta name=\"twitter:card\" content=\"summary_large_image\" \/>\n<meta name=\"twitter:label1\" content=\"Written by\" \/>\n\t<meta name=\"twitter:data1\" content=\"DYPALL Network\" \/>\n\t<meta name=\"twitter:label2\" content=\"Est. reading time\" \/>\n\t<meta name=\"twitter:data2\" content=\"1 minuutti\" \/>\n<script type=\"application\/ld+json\" class=\"yoast-schema-graph\">{\"@context\":\"https:\/\/schema.org\",\"@graph\":[{\"@type\":\"WebPage\",\"@id\":\"https:\/\/dypall.com\/activity\/register-to-the-conference-local-youth-councils-at-international-scale-on-the-6-7-july-2022-1030-1400-brussels-time\/\",\"url\":\"https:\/\/dypall.com\/activity\/register-to-the-conference-local-youth-councils-at-international-scale-on-the-6-7-july-2022-1030-1400-brussels-time\/\",\"name\":\"Register to the conference \\\"LOCAL YOUTH COUNCILS AT INTERNATIONAL SCALE\\\" on the 6-7 July 2022 (10:30-14:00 Brussels time). - DYPALL Network\",\"isPartOf\":{\"@id\":\"https:\/\/dypall.com\/#website\"},\"primaryImageOfPage\":{\"@id\":\"https:\/\/dypall.com\/activity\/register-to-the-conference-local-youth-councils-at-international-scale-on-the-6-7-july-2022-1030-1400-brussels-time\/#primaryimage\"},\"image\":{\"@id\":\"https:\/\/dypall.com\/activity\/register-to-the-conference-local-youth-councils-at-international-scale-on-the-6-7-july-2022-1030-1400-brussels-time\/#primaryimage\"},\"thumbnailUrl\":\"\",\"datePublished\":\"2022-06-23T13:35:08+00:00\",\"dateModified\":\"2022-06-23T13:35:08+00:00\",\"author\":{\"@id\":\"https:\/\/dypall.com\/#\/schema\/person\/f92e08aa15c8ba711a9d153129f03377\"},\"breadcrumb\":{\"@id\":\"https:\/\/dypall.com\/activity\/register-to-the-conference-local-youth-councils-at-international-scale-on-the-6-7-july-2022-1030-1400-brussels-time\/#breadcrumb\"},\"inLanguage\":\"fi\",\"potentialAction\":[{\"@type\":\"ReadAction\",\"target\":[\"https:\/\/dypall.com\/activity\/register-to-the-conference-local-youth-councils-at-international-scale-on-the-6-7-july-2022-1030-1400-brussels-time\/\"]}]},{\"@type\":\"ImageObject\",\"inLanguage\":\"fi\",\"@id\":\"https:\/\/dypall.com\/activity\/register-to-the-conference-local-youth-councils-at-international-scale-on-the-6-7-july-2022-1030-1400-brussels-time\/#primaryimage\",\"url\":\"\",\"contentUrl\":\"\"},{\"@type\":\"BreadcrumbList\",\"@id\":\"https:\/\/dypall.com\/activity\/register-to-the-conference-local-youth-councils-at-international-scale-on-the-6-7-july-2022-1030-1400-brussels-time\/#breadcrumb\",\"itemListElement\":[{\"@type\":\"ListItem\",\"position\":1,\"name\":\"Home\",\"item\":\"https:\/\/dypall.com\/\"},{\"@type\":\"ListItem\",\"position\":2,\"name\":\"Register to the conference &#8220;LOCAL YOUTH COUNCILS AT INTERNATIONAL SCALE&#8221; on the 6-7 July 2022 (10:30-14:00 Brussels time).\"}]},{\"@type\":\"WebSite\",\"@id\":\"https:\/\/dypall.com\/#website\",\"url\":\"https:\/\/dypall.com\/\",\"name\":\"DYPALL Network\",\"description\":\"We are a European network of civil society organisations, municipalities and research institutions dedicated to improving democracy through youth participation.\",\"potentialAction\":[{\"@type\":\"SearchAction\",\"target\":{\"@type\":\"EntryPoint\",\"urlTemplate\":\"https:\/\/dypall.com\/?s={search_term_string}\"},\"query-input\":\"required name=search_term_string\"}],\"inLanguage\":\"fi\"},{\"@type\":\"Person\",\"@id\":\"https:\/\/dypall.com\/#\/schema\/person\/f92e08aa15c8ba711a9d153129f03377\",\"name\":\"DYPALL Network\",\"image\":{\"@type\":\"ImageObject\",\"inLanguage\":\"fi\",\"@id\":\"https:\/\/dypall.com\/#\/schema\/person\/image\/\",\"url\":\"https:\/\/secure.gravatar.com\/avatar\/9c39e299279800c6d69c5e02cf613e7bab060889f373052a03d7ac399e8f0d3c?s=96&d=mm&r=g\",\"contentUrl\":\"https:\/\/secure.gravatar.com\/avatar\/9c39e299279800c6d69c5e02cf613e7bab060889f373052a03d7ac399e8f0d3c?s=96&d=mm&r=g\",\"caption\":\"DYPALL Network\"},\"sameAs\":[\"https:\/\/dypall.com\"],\"url\":\"https:\/\/dypall.com\/fi\/author\/dypall\/\"}]}<\/script>\n<!-- \/ Yoast SEO plugin. -->","yoast_head_json":{"title":"Register to the conference \"LOCAL YOUTH COUNCILS AT INTERNATIONAL SCALE\" on the 6-7 July 2022 (10:30-14:00 Brussels time). - DYPALL Network","robots":{"index":"index","follow":"follow","max-snippet":"max-snippet:-1","max-image-preview":"max-image-preview:large","max-video-preview":"max-video-preview:-1"},"canonical":"https:\/\/dypall.com\/fi\/activity\/register-to-the-conference-local-youth-councils-at-international-scale-on-the-6-7-july-2022-1030-1400-brussels-time\/","og_locale":"fi_FI","og_type":"article","og_title":"Register to the conference \"LOCAL YOUTH COUNCILS AT INTERNATIONAL SCALE\" on the 6-7 July 2022 (10:30-14:00 Brussels time). - DYPALL Network","og_description":"Join us for the conference &#8220;LOCAL YOUTH COUNCILS AT INTERNATIONAL SCALE&#8221; on the 6-7 July 2022 (10:30-14:00 Brussels time). The conference is a perfect space for the international exchange of experiences and perspectives on the quality of local youth councils at a broad, international and intercontinental level. It brings together various stakeholders in the youth&hellip; Jatka lukemista Register to the conference &#8220;LOCAL YOUTH COUNCILS AT INTERNATIONAL SCALE&#8221; on the 6-7 July 2022 (10:30-14:00 Brussels time).","og_url":"https:\/\/dypall.com\/fi\/activity\/register-to-the-conference-local-youth-councils-at-international-scale-on-the-6-7-july-2022-1030-1400-brussels-time\/","og_site_name":"DYPALL Network","article_published_time":"2022-06-23T13:35:08+00:00","author":"DYPALL Network","twitter_card":"summary_large_image","twitter_misc":{"Written by":"DYPALL Network","Est. reading time":"1 minuutti"},"schema":{"@context":"https:\/\/schema.org","@graph":[{"@type":"WebPage","@id":"https:\/\/dypall.com\/activity\/register-to-the-conference-local-youth-councils-at-international-scale-on-the-6-7-july-2022-1030-1400-brussels-time\/","url":"https:\/\/dypall.com\/activity\/register-to-the-conference-local-youth-councils-at-international-scale-on-the-6-7-july-2022-1030-1400-brussels-time\/","name":"Register to the conference \"LOCAL YOUTH COUNCILS AT INTERNATIONAL SCALE\" on the 6-7 July 2022 (10:30-14:00 Brussels time). - DYPALL Network","isPartOf":{"@id":"https:\/\/dypall.com\/#website"},"primaryImageOfPage":{"@id":"https:\/\/dypall.com\/activity\/register-to-the-conference-local-youth-councils-at-international-scale-on-the-6-7-july-2022-1030-1400-brussels-time\/#primaryimage"},"image":{"@id":"https:\/\/dypall.com\/activity\/register-to-the-conference-local-youth-councils-at-international-scale-on-the-6-7-july-2022-1030-1400-brussels-time\/#primaryimage"},"thumbnailUrl":"","datePublished":"2022-06-23T13:35:08+00:00","dateModified":"2022-06-23T13:35:08+00:00","author":{"@id":"https:\/\/dypall.com\/#\/schema\/person\/f92e08aa15c8ba711a9d153129f03377"},"breadcrumb":{"@id":"https:\/\/dypall.com\/activity\/register-to-the-conference-local-youth-councils-at-international-scale-on-the-6-7-july-2022-1030-1400-brussels-time\/#breadcrumb"},"inLanguage":"fi","potentialAction":[{"@type":"ReadAction","target":["https:\/\/dypall.com\/activity\/register-to-the-conference-local-youth-councils-at-international-scale-on-the-6-7-july-2022-1030-1400-brussels-time\/"]}]},{"@type":"ImageObject","inLanguage":"fi","@id":"https:\/\/dypall.com\/activity\/register-to-the-conference-local-youth-councils-at-international-scale-on-the-6-7-july-2022-1030-1400-brussels-time\/#primaryimage","url":"","contentUrl":""},{"@type":"BreadcrumbList","@id":"https:\/\/dypall.com\/activity\/register-to-the-conference-local-youth-councils-at-international-scale-on-the-6-7-july-2022-1030-1400-brussels-time\/#breadcrumb","itemListElement":[{"@type":"ListItem","position":1,"name":"Home","item":"https:\/\/dypall.com\/"},{"@type":"ListItem","position":2,"name":"Register to the conference &#8220;LOCAL YOUTH COUNCILS AT INTERNATIONAL SCALE&#8221; on the 6-7 July 2022 (10:30-14:00 Brussels time)."}]},{"@type":"WebSite","@id":"https:\/\/dypall.com\/#website","url":"https:\/\/dypall.com\/","name":"DYPALL Network","description":"We are a European network of civil society organisations, municipalities and research institutions dedicated to improving democracy through youth participation.","potentialAction":[{"@type":"SearchAction","target":{"@type":"EntryPoint","urlTemplate":"https:\/\/dypall.com\/?s={search_term_string}"},"query-input":"required name=search_term_string"}],"inLanguage":"fi"},{"@type":"Person","@id":"https:\/\/dypall.com\/#\/schema\/person\/f92e08aa15c8ba711a9d153129f03377","name":"DYPALL Network","image":{"@type":"ImageObject","inLanguage":"fi","@id":"https:\/\/dypall.com\/#\/schema\/person\/image\/","url":"https:\/\/secure.gravatar.com\/avatar\/9c39e299279800c6d69c5e02cf613e7bab060889f373052a03d7ac399e8f0d3c?s=96&d=mm&r=g","contentUrl":"https:\/\/secure.gravatar.com\/avatar\/9c39e299279800c6d69c5e02cf613e7bab060889f373052a03d7ac399e8f0d3c?s=96&d=mm&r=g","caption":"DYPALL Network"},"sameAs":["https:\/\/dypall.com"],"url":"https:\/\/dypall.com\/fi\/author\/dypall\/"}]}},"jetpack_featured_media_url":"","jetpack_sharing_enabled":true,"_links":{"self":[{"href":"https:\/\/dypall.com\/fi\/wp-json\/wp\/v2\/posts\/5573","targetHints":{"allow":["GET"]}}],"collection":[{"href":"https:\/\/dypall.com\/fi\/wp-json\/wp\/v2\/posts"}],"about":[{"href":"https:\/\/dypall.com\/fi\/wp-json\/wp\/v2\/types\/post"}],"author":[{"embeddable":true,"href":"https:\/\/dypall.com\/fi\/wp-json\/wp\/v2\/users\/1"}],"replies":[{"embeddable":true,"href":"https:\/\/dypall.com\/fi\/wp-json\/wp\/v2\/comments?post=5573"}],"version-history":[{"count":0,"href":"https:\/\/dypall.com\/fi\/wp-json\/wp\/v2\/posts\/5573\/revisions"}],"wp:featuredmedia":[{"embeddable":true,"href":"https:\/\/dypall.com\/fi\/wp-json\/"}],"wp:attachment":[{"href":"https:\/\/dypall.com\/fi\/wp-json\/wp\/v2\/media?parent=5573"}],"wp:term":[{"taxonomy":"category","embeddable":true,"href":"https:\/\/dypall.com\/fi\/wp-json\/wp\/v2\/categories?post=5573"},{"taxonomy":"post_tag","embeddable":true,"href":"https:\/\/dypall.com\/fi\/wp-json\/wp\/v2\/tags?post=5573"}],"curies":[{"name":"wp","href":"https:\/\/api.w.org\/{rel}","templated":true}]}}