{"id":5564,"date":"2019-06-04T14:22:54","date_gmt":"2019-06-04T12:22:54","guid":{"rendered":"http:\/\/dypall.com\/?p=3725"},"modified":"2019-06-04T14:22:54","modified_gmt":"2019-06-04T12:22:54","slug":"study-visit-local-youth-policies-on-social-entrepreneurship-2","status":"publish","type":"post","link":"https:\/\/dypall.com\/fi\/activity\/study-visit-local-youth-policies-on-social-entrepreneurship-2\/","title":{"rendered":"Tutustumisvierailu \u201dSosiaalista yritt\u00e4jyytt\u00e4 koskevat paikalliset nuorisopolitiikat\u201d"},"content":{"rendered":"<p>Tutustumisvierailu \u201dYhteiskunnallista yritt\u00e4jyytt\u00e4 koskevat paikalliset nuorisopolitiikat\u201d j\u00e4rjestettiin Lissabonissa 27:st\u00e4<sup>th<\/sup> Toukokuu \u2013 1<sup>st<\/sup> Kes\u00e4kuu. Vierailu kokosi yhteen 27 kunnan virkamiest\u00e4 ja nuorisoty\u00f6ntekij\u00e4\u00e4 Bulgariasta, Kroatiasta, Portugalista, Suomesta, Italiasta, Latviasta, Romaniasta, Turkista, Yhdistyneest\u00e4 kuningaskunnasta ja Alankomaista vierailemaan ja tutkimaan nuorten yhteiskunnallisen yritt\u00e4jyyden k\u00e4yt\u00e4nt\u00f6j\u00e4 ja malleja sek\u00e4 sosiaalista yritt\u00e4jyytt\u00e4 koskevia paikallisia nuorisopolitiikkoja keskittyen erityisesti maahanmuuttajataustaisten nuorten osallistamiseen.<\/p>\n<p>Tutustumisvierailun aikana osallistujat pystyiv\u00e4t n\u00e4kem\u00e4\u00e4n erilaisia nuorten yhteiskunnallisen yritt\u00e4jyyden k\u00e4yt\u00e4nt\u00f6j\u00e4 ja malleja sek\u00e4 mekanismeja ja rakenteita, jotka tukevat t\u00e4llaisia k\u00e4yt\u00e4nt\u00f6j\u00e4, sek\u00e4 siirt\u00e4m\u00e4\u00e4n t\u00e4m\u00e4n kokemuksen omaan paikalliseen todellisuuteensa.<\/p>\n<p>Hankkeen tavoitteena oli auttaa nuorisoty\u00f6ntekij\u00f6it\u00e4 ymm\u00e4rt\u00e4m\u00e4\u00e4n paremmin, miten voidaan tukea yhteis\u00f6taloutta edist\u00e4vien sosiaalisten startup-yritysten perustamista ja uusien ty\u00f6llistymismahdollisuuksien luomista maahanmuuttajanuorille askeleena kohti sosiaalista osallisuutta ja kotoutumista.<\/p>\n<p>28. p\u00e4iv\u00e4n\u00e4<sup>th<\/sup> Toukokuussa aamup\u00e4iv\u00e4 kului vierailun esittelyyn, sen tavoitteisiin ja ohjelman yksityiskohtiin sek\u00e4 siihen, ett\u00e4 osallistujat tutustuivat toisiinsa ja iltap\u00e4iv\u00e4\u00e4n sosiaalisen yritt\u00e4jyyden keskeisten k\u00e4sitteiden ja sosiaalisen yritt\u00e4jyyden paikallisten nuorisopolitiikkojen hyvien k\u00e4yt\u00e4nt\u00f6jen jakamisen kanssa. Ilta ker\u00e4si osallistujia kulttuurienv\u00e4liseen iltaan.<\/p>\n<p>Vierailun kolmas p\u00e4iv\u00e4 j\u00e4rjestettiin Cascaisissa, ja siin\u00e4 otettiin yhteytt\u00e4 kunnan nuoriso-osastoon ja sen nuorten osallistumista koskeviin hankkeisiin sek\u00e4 DNA Cascais -yhdistykseen. Iltap\u00e4iv\u00e4 vietettiin ulkona Torren naapurustossa, jossa osallistujilla oli mahdollisuus tutustua \u201dTake it\u201d -hankkeeseen ja saada lis\u00e4tietoja ty\u00f6llisyysosastosta.<\/p>\n<p>30 p\u00e4iv\u00e4n aikana<sup>th<\/sup> Toukokuussa tutustumisvierailu kiersi Lissabonin keskustan ymp\u00e4rill\u00e4. Aamulla Lissabonin kuntaan tehtiin vierailu, jossa otettiin yhteytt\u00e4 ComNetNEET-hankkeeseen, jonka tavoitteena on edist\u00e4\u00e4 nuorten ty\u00f6llisyytt\u00e4 ja ehk\u00e4ist\u00e4 nuorten sosiaalista syrj\u00e4ytymist\u00e4. Vierailun iltap\u00e4iv\u00e4 oli TecLabsissa, joka on Lissabonin yliopiston tiedekunnan uusi sosiaalinen l\u00e4hestymistapa yritt\u00e4jyyteen.<\/p>\n<p>Vierailun viimeinen p\u00e4iv\u00e4 oli paikallisten strategioiden ja toimintasuunnitelmien kehitt\u00e4minen sek\u00e4 seurantamahdollisuuksien tutkiminen ja arviointi ja p\u00e4\u00e4t\u00f6kseen saattaminen.<\/p>\n<p>Hanke koostuu kahdesta opintok\u00e4ynnist\u00e4, joista ensimm\u00e4inen tehd\u00e4\u00e4n Portugaliin (toukokuu 2019) ja toinen Alankomaihin (lokakuu 2019). Hanketta tuetaan Erasmus+ -ohjelmasta.<\/p>\n<p><img loading=\"lazy\" decoding=\"async\" class=\"aligncenter size-full wp-image-3726\" src=\"http:\/\/dypall.com\/wp-content\/uploads\/2019\/06\/DSC0014_edited.jpg\" alt=\"\" width=\"968\" height=\"648\" \/><\/p>\n<p><img loading=\"lazy\" decoding=\"async\" class=\"aligncenter size-large wp-image-3727\" src=\"http:\/\/dypall.com\/wp-content\/uploads\/2019\/06\/DSC0015.jpg\" alt=\"\" width=\"960\" height=\"643\" \/><\/p>\n<p><img loading=\"lazy\" decoding=\"async\" class=\"aligncenter size-large wp-image-3728\" src=\"http:\/\/dypall.com\/wp-content\/uploads\/2019\/06\/Cascais-2-1024x575.jpg\" alt=\"\" width=\"960\" height=\"539\" \/><\/p>\n<p><img loading=\"lazy\" decoding=\"async\" class=\"aligncenter size-large wp-image-3729\" src=\"http:\/\/dypall.com\/wp-content\/uploads\/2019\/06\/conversating-1024x575.jpg\" alt=\"\" width=\"960\" height=\"539\" \/><\/p>\n<p><img loading=\"lazy\" decoding=\"async\" class=\"aligncenter size-large wp-image-3730\" src=\"http:\/\/dypall.com\/wp-content\/uploads\/2019\/06\/group-1_edited.jpg\" alt=\"\" width=\"960\" height=\"540\" \/><\/p>\n<p><img loading=\"lazy\" decoding=\"async\" class=\"aligncenter size-large wp-image-3731\" src=\"http:\/\/dypall.com\/wp-content\/uploads\/2019\/06\/Reflect-1-1024x575.jpg\" alt=\"\" width=\"960\" height=\"539\" \/><\/p>\n<p><img loading=\"lazy\" decoding=\"async\" class=\"aligncenter size-large wp-image-3732\" src=\"http:\/\/dypall.com\/wp-content\/uploads\/2019\/06\/techlab-1-1024x575.jpg\" alt=\"\" width=\"960\" height=\"539\" \/><\/p>\n<p><img loading=\"lazy\" decoding=\"async\" class=\"aligncenter size-large wp-image-3733\" src=\"http:\/\/dypall.com\/wp-content\/uploads\/2019\/06\/WhatsApp-Image-2019-05-30-at-11.43.14.jpeg\" alt=\"\" width=\"960\" height=\"720\" \/><\/p>","protected":false},"excerpt":{"rendered":"<p>Tutustumisvierailu \u201dPaikalliset nuorisopolitiikat yhteiskunnallisen yritt\u00e4jyyden alalla\u201d j\u00e4rjestettiin Lissabonissa 27. toukokuuta \u2013 1. kes\u00e4kuuta. Vierailu kokosi yhteen 27 kunnan virkamiest\u00e4 ja nuorisoty\u00f6ntekij\u00e4\u00e4 Bulgariasta, Kroatiasta, Portugalista, Suomesta, Italiasta, Latviasta, Romaniasta, Turkista, Yhdistyneest\u00e4 kuningaskunnasta ja Alankomaista vierailemaan ja tutkimaan nuorten yhteiskunnallisen yritt\u00e4jyyden ja paikallisen nuorisopolitiikan k\u00e4yt\u00e4nt\u00f6j\u00e4 ja malleja. <a class=\"more-link\" href=\"https:\/\/dypall.com\/fi\/activity\/study-visit-local-youth-policies-on-social-entrepreneurship-2\/\">Jatka lukemista <span class=\"screen-reader-text\">Tutustumisvierailu \u201dSosiaalista yritt\u00e4jyytt\u00e4 koskevat paikalliset nuorisopolitiikat\u201d<\/span><\/a><\/p>","protected":false},"author":1,"featured_media":3726,"comment_status":"closed","ping_status":"open","sticky":false,"template":"","format":"standard","meta":{"_acf_changed":false,"_jetpack_memberships_contains_paid_content":false,"footnotes":""},"categories":[111,152],"tags":[129],"class_list":["post-5564","post","type-post","status-publish","format-standard","has-post-thumbnail","hentry","category-activity","category-study-visits","tag-study-visit","entry"],"acf":[],"yoast_head":"<!-- This site is optimized with the Yoast SEO plugin v22.8 - https:\/\/yoast.com\/wordpress\/plugins\/seo\/ -->\n<title>Study visit \u201cLocal youth policies on social entrepreneurship\u201d - DYPALL Network<\/title>\n<meta name=\"robots\" content=\"index, follow, max-snippet:-1, max-image-preview:large, max-video-preview:-1\" \/>\n<link rel=\"canonical\" href=\"https:\/\/dypall.com\/fi\/activity\/study-visit-local-youth-policies-on-social-entrepreneurship-2\/\" \/>\n<meta property=\"og:locale\" content=\"fi_FI\" \/>\n<meta property=\"og:type\" content=\"article\" \/>\n<meta property=\"og:title\" content=\"Study visit \u201cLocal youth policies on social entrepreneurship\u201d - DYPALL Network\" \/>\n<meta property=\"og:description\" content=\"The study visit \u201cLocal youth policies on social entrepreneurship\u201d took place in Lisbon, from 27th May- 1st June. This visit brought together 27 municipality officers and youth workers from Bulgaria, Croatia, Portugal, Finland, Italy, Latvia, Romania, Turkey, UK and Netherlands to visit and explore practices and models of youth social entrepreneurship and local youth policies&hellip; Jatka lukemista Study visit \u201cLocal youth policies on social entrepreneurship\u201d\" \/>\n<meta property=\"og:url\" content=\"https:\/\/dypall.com\/fi\/activity\/study-visit-local-youth-policies-on-social-entrepreneurship-2\/\" \/>\n<meta property=\"og:site_name\" content=\"DYPALL Network\" \/>\n<meta property=\"article:published_time\" content=\"2019-06-04T12:22:54+00:00\" \/>\n<meta name=\"author\" content=\"DYPALL Network\" \/>\n<meta name=\"twitter:card\" content=\"summary_large_image\" \/>\n<meta name=\"twitter:label1\" content=\"Written by\" \/>\n\t<meta name=\"twitter:data1\" content=\"DYPALL Network\" \/>\n\t<meta name=\"twitter:label2\" content=\"Est. reading time\" \/>\n\t<meta name=\"twitter:data2\" content=\"2 minuuttia\" \/>\n<script type=\"application\/ld+json\" class=\"yoast-schema-graph\">{\"@context\":\"https:\/\/schema.org\",\"@graph\":[{\"@type\":\"WebPage\",\"@id\":\"https:\/\/dypall.com\/activity\/study-visit-local-youth-policies-on-social-entrepreneurship-2\/\",\"url\":\"https:\/\/dypall.com\/activity\/study-visit-local-youth-policies-on-social-entrepreneurship-2\/\",\"name\":\"Study visit \u201cLocal youth policies on social entrepreneurship\u201d - DYPALL Network\",\"isPartOf\":{\"@id\":\"https:\/\/dypall.com\/#website\"},\"primaryImageOfPage\":{\"@id\":\"https:\/\/dypall.com\/activity\/study-visit-local-youth-policies-on-social-entrepreneurship-2\/#primaryimage\"},\"image\":{\"@id\":\"https:\/\/dypall.com\/activity\/study-visit-local-youth-policies-on-social-entrepreneurship-2\/#primaryimage\"},\"thumbnailUrl\":\"\",\"datePublished\":\"2019-06-04T12:22:54+00:00\",\"dateModified\":\"2019-06-04T12:22:54+00:00\",\"author\":{\"@id\":\"https:\/\/dypall.com\/#\/schema\/person\/f92e08aa15c8ba711a9d153129f03377\"},\"breadcrumb\":{\"@id\":\"https:\/\/dypall.com\/activity\/study-visit-local-youth-policies-on-social-entrepreneurship-2\/#breadcrumb\"},\"inLanguage\":\"fi\",\"potentialAction\":[{\"@type\":\"ReadAction\",\"target\":[\"https:\/\/dypall.com\/activity\/study-visit-local-youth-policies-on-social-entrepreneurship-2\/\"]}]},{\"@type\":\"ImageObject\",\"inLanguage\":\"fi\",\"@id\":\"https:\/\/dypall.com\/activity\/study-visit-local-youth-policies-on-social-entrepreneurship-2\/#primaryimage\",\"url\":\"\",\"contentUrl\":\"\"},{\"@type\":\"BreadcrumbList\",\"@id\":\"https:\/\/dypall.com\/activity\/study-visit-local-youth-policies-on-social-entrepreneurship-2\/#breadcrumb\",\"itemListElement\":[{\"@type\":\"ListItem\",\"position\":1,\"name\":\"Home\",\"item\":\"https:\/\/dypall.com\/\"},{\"@type\":\"ListItem\",\"position\":2,\"name\":\"Study visit \u201cLocal youth policies on social entrepreneurship\u201d\"}]},{\"@type\":\"WebSite\",\"@id\":\"https:\/\/dypall.com\/#website\",\"url\":\"https:\/\/dypall.com\/\",\"name\":\"DYPALL Network\",\"description\":\"We are a European network of civil society organisations, municipalities and research institutions dedicated to improving democracy through youth participation.\",\"potentialAction\":[{\"@type\":\"SearchAction\",\"target\":{\"@type\":\"EntryPoint\",\"urlTemplate\":\"https:\/\/dypall.com\/?s={search_term_string}\"},\"query-input\":\"required name=search_term_string\"}],\"inLanguage\":\"fi\"},{\"@type\":\"Person\",\"@id\":\"https:\/\/dypall.com\/#\/schema\/person\/f92e08aa15c8ba711a9d153129f03377\",\"name\":\"DYPALL Network\",\"image\":{\"@type\":\"ImageObject\",\"inLanguage\":\"fi\",\"@id\":\"https:\/\/dypall.com\/#\/schema\/person\/image\/\",\"url\":\"https:\/\/secure.gravatar.com\/avatar\/9c39e299279800c6d69c5e02cf613e7bab060889f373052a03d7ac399e8f0d3c?s=96&d=mm&r=g\",\"contentUrl\":\"https:\/\/secure.gravatar.com\/avatar\/9c39e299279800c6d69c5e02cf613e7bab060889f373052a03d7ac399e8f0d3c?s=96&d=mm&r=g\",\"caption\":\"DYPALL Network\"},\"sameAs\":[\"https:\/\/dypall.com\"],\"url\":\"https:\/\/dypall.com\/fi\/author\/dypall\/\"}]}<\/script>\n<!-- \/ Yoast SEO plugin. -->","yoast_head_json":{"title":"Study visit \u201cLocal youth policies on social entrepreneurship\u201d - DYPALL Network","robots":{"index":"index","follow":"follow","max-snippet":"max-snippet:-1","max-image-preview":"max-image-preview:large","max-video-preview":"max-video-preview:-1"},"canonical":"https:\/\/dypall.com\/fi\/activity\/study-visit-local-youth-policies-on-social-entrepreneurship-2\/","og_locale":"fi_FI","og_type":"article","og_title":"Study visit \u201cLocal youth policies on social entrepreneurship\u201d - DYPALL Network","og_description":"The study visit \u201cLocal youth policies on social entrepreneurship\u201d took place in Lisbon, from 27th May- 1st June. This visit brought together 27 municipality officers and youth workers from Bulgaria, Croatia, Portugal, Finland, Italy, Latvia, Romania, Turkey, UK and Netherlands to visit and explore practices and models of youth social entrepreneurship and local youth policies&hellip; Jatka lukemista Study visit \u201cLocal youth policies on social entrepreneurship\u201d","og_url":"https:\/\/dypall.com\/fi\/activity\/study-visit-local-youth-policies-on-social-entrepreneurship-2\/","og_site_name":"DYPALL Network","article_published_time":"2019-06-04T12:22:54+00:00","author":"DYPALL Network","twitter_card":"summary_large_image","twitter_misc":{"Written by":"DYPALL Network","Est. reading time":"2 minuuttia"},"schema":{"@context":"https:\/\/schema.org","@graph":[{"@type":"WebPage","@id":"https:\/\/dypall.com\/activity\/study-visit-local-youth-policies-on-social-entrepreneurship-2\/","url":"https:\/\/dypall.com\/activity\/study-visit-local-youth-policies-on-social-entrepreneurship-2\/","name":"Study visit \u201cLocal youth policies on social entrepreneurship\u201d - DYPALL Network","isPartOf":{"@id":"https:\/\/dypall.com\/#website"},"primaryImageOfPage":{"@id":"https:\/\/dypall.com\/activity\/study-visit-local-youth-policies-on-social-entrepreneurship-2\/#primaryimage"},"image":{"@id":"https:\/\/dypall.com\/activity\/study-visit-local-youth-policies-on-social-entrepreneurship-2\/#primaryimage"},"thumbnailUrl":"","datePublished":"2019-06-04T12:22:54+00:00","dateModified":"2019-06-04T12:22:54+00:00","author":{"@id":"https:\/\/dypall.com\/#\/schema\/person\/f92e08aa15c8ba711a9d153129f03377"},"breadcrumb":{"@id":"https:\/\/dypall.com\/activity\/study-visit-local-youth-policies-on-social-entrepreneurship-2\/#breadcrumb"},"inLanguage":"fi","potentialAction":[{"@type":"ReadAction","target":["https:\/\/dypall.com\/activity\/study-visit-local-youth-policies-on-social-entrepreneurship-2\/"]}]},{"@type":"ImageObject","inLanguage":"fi","@id":"https:\/\/dypall.com\/activity\/study-visit-local-youth-policies-on-social-entrepreneurship-2\/#primaryimage","url":"","contentUrl":""},{"@type":"BreadcrumbList","@id":"https:\/\/dypall.com\/activity\/study-visit-local-youth-policies-on-social-entrepreneurship-2\/#breadcrumb","itemListElement":[{"@type":"ListItem","position":1,"name":"Home","item":"https:\/\/dypall.com\/"},{"@type":"ListItem","position":2,"name":"Study visit \u201cLocal youth policies on social entrepreneurship\u201d"}]},{"@type":"WebSite","@id":"https:\/\/dypall.com\/#website","url":"https:\/\/dypall.com\/","name":"DYPALL Network","description":"We are a European network of civil society organisations, municipalities and research institutions dedicated to improving democracy through youth participation.","potentialAction":[{"@type":"SearchAction","target":{"@type":"EntryPoint","urlTemplate":"https:\/\/dypall.com\/?s={search_term_string}"},"query-input":"required name=search_term_string"}],"inLanguage":"fi"},{"@type":"Person","@id":"https:\/\/dypall.com\/#\/schema\/person\/f92e08aa15c8ba711a9d153129f03377","name":"DYPALL Network","image":{"@type":"ImageObject","inLanguage":"fi","@id":"https:\/\/dypall.com\/#\/schema\/person\/image\/","url":"https:\/\/secure.gravatar.com\/avatar\/9c39e299279800c6d69c5e02cf613e7bab060889f373052a03d7ac399e8f0d3c?s=96&d=mm&r=g","contentUrl":"https:\/\/secure.gravatar.com\/avatar\/9c39e299279800c6d69c5e02cf613e7bab060889f373052a03d7ac399e8f0d3c?s=96&d=mm&r=g","caption":"DYPALL Network"},"sameAs":["https:\/\/dypall.com"],"url":"https:\/\/dypall.com\/fi\/author\/dypall\/"}]}},"jetpack_featured_media_url":"","jetpack_sharing_enabled":true,"_links":{"self":[{"href":"https:\/\/dypall.com\/fi\/wp-json\/wp\/v2\/posts\/5564","targetHints":{"allow":["GET"]}}],"collection":[{"href":"https:\/\/dypall.com\/fi\/wp-json\/wp\/v2\/posts"}],"about":[{"href":"https:\/\/dypall.com\/fi\/wp-json\/wp\/v2\/types\/post"}],"author":[{"embeddable":true,"href":"https:\/\/dypall.com\/fi\/wp-json\/wp\/v2\/users\/1"}],"replies":[{"embeddable":true,"href":"https:\/\/dypall.com\/fi\/wp-json\/wp\/v2\/comments?post=5564"}],"version-history":[{"count":0,"href":"https:\/\/dypall.com\/fi\/wp-json\/wp\/v2\/posts\/5564\/revisions"}],"wp:featuredmedia":[{"embeddable":true,"href":"https:\/\/dypall.com\/fi\/wp-json\/"}],"wp:attachment":[{"href":"https:\/\/dypall.com\/fi\/wp-json\/wp\/v2\/media?parent=5564"}],"wp:term":[{"taxonomy":"category","embeddable":true,"href":"https:\/\/dypall.com\/fi\/wp-json\/wp\/v2\/categories?post=5564"},{"taxonomy":"post_tag","embeddable":true,"href":"https:\/\/dypall.com\/fi\/wp-json\/wp\/v2\/tags?post=5564"}],"curies":[{"name":"wp","href":"https:\/\/api.w.org\/{rel}","templated":true}]}}